{"id":66593,"date":"2026-03-19T10:23:34","date_gmt":"2026-03-19T08:23:34","guid":{"rendered":"https:\/\/www.greenpeace.org\/croatia\/?p=66593"},"modified":"2026-03-19T12:21:08","modified_gmt":"2026-03-19T10:21:08","slug":"greenpeace-preuredio-sjediste-eu-a-u-trumpov-toranj","status":"publish","type":"post","link":"https:\/\/www.greenpeace.org\/croatia\/greenpeace-preuredio-sjediste-eu-a-u-trumpov-toranj\/","title":{"rendered":"Greenpeace preuredio sjedi\u0161te EU-a u Trumpov toranj"},"content":{"rendered":"\n<h2 class=\"wp-block-heading\">EU se mora oduprijeti Trumpovoj politici kaosa i okrutnosti<br><\/h2>\n\n<p>Bruxelles, 19. o\u017eujka 2026. <\/p>\n\n<p><br>Aktivisti belgijskog Greenpeacea projicirali su zlatnu fasadu uz natpis \u201cTRUMPOV TORANJ\u201d na sjedi\u0161te Europske komisije u Bruxellesu, pretvoriv\u0161i je tako u svojevrsnu repliku Trumpovih nebodera, uz poruku Greenpeacea vodstvu EU-a koje se danas sastaje da prestanu popu\u0161tati njegovim zahtjevima. Prosvjed aktivista koji dolaze iz niza zemalja EU, uklju\u010duju\u0107i Hrvatsku, bio je protiv daljnje ovisnosti EU o nafti i plinu iz ameri\u010dkog uvoza, uklanjanja mehanizama za\u0161tite okoli\u0161a, javnog zdravlja i privatnosti te manjka bilo kakvog otpora ameri\u010dkom kr\u0161enju me\u0111unarodnog prava.<br><\/p>\n\n<figure class=\"wp-block-image size-large\"><img loading=\"lazy\" decoding=\"async\" width=\"1024\" height=\"769\" src=\"https:\/\/www.greenpeace.org\/static\/planet4-croatia-stateless\/2026\/03\/adf3fee8-greenpeace_tim-dirven-1-1024x769.jpg\" alt=\"\" class=\"wp-image-66594\" srcset=\"https:\/\/www.greenpeace.org\/static\/planet4-croatia-stateless\/2026\/03\/adf3fee8-greenpeace_tim-dirven-1-1024x769.jpg 1024w, https:\/\/www.greenpeace.org\/static\/planet4-croatia-stateless\/2026\/03\/adf3fee8-greenpeace_tim-dirven-1-300x225.jpg 300w, https:\/\/www.greenpeace.org\/static\/planet4-croatia-stateless\/2026\/03\/adf3fee8-greenpeace_tim-dirven-1-768x577.jpg 768w, https:\/\/www.greenpeace.org\/static\/planet4-croatia-stateless\/2026\/03\/adf3fee8-greenpeace_tim-dirven-1-453x340.jpg 453w, https:\/\/www.greenpeace.org\/static\/planet4-croatia-stateless\/2026\/03\/adf3fee8-greenpeace_tim-dirven-1.jpg 1200w\" sizes=\"auto, (max-width: 1024px) 100vw, 1024px\" \/><figcaption><div class=\"credit icon-left\"> \u00a9 Tim Dirven \/ Greenpeace<\/div><\/figcaption><\/figure>\n\n<p><strong>Greenpeaceova voditeljica kampanje Ariadna Rodrigo<\/strong> rekla je sljede\u0107e: <em>\u201cTrump \u017eeli zavladati Europom, a europski politi\u010dari mu zasad u tome podilaze, pa smo im odlu\u010dili pomo\u0107i u preure\u0111enju. Trump se ruga me\u0111unarodnom pravu, a umjesto da mu se odupru, \u010delnici EU-a ugro\u017eavaju za\u0161titu na\u0161eg zdravlja i okoli\u0161a, vezuju\u0107i Europu za ameri\u010dku naftu i plin ne bi li udovoljili njemu i njegovim prijateljima milijarderima. Kad politi\u010dari EU ka\u017eu da \u017eele \u201epojednostaviti pravila radi ja\u010danja konkurentnosti\u201c to zna\u010di da kane omogu\u0107iti kompanijama kori\u0161tenje jo\u0161 vi\u0161e otrovnih kemikalija u na\u0161oj odje\u0107i i hrani, a tehnolo\u0161kim kartelima dopustiti da naru\u0161avaju na\u0161u privatnost. Potpuni prelazak na obnovljivu energiju i ekolo\u0161ku poljoprivredu rije\u0161io bi nas ovisnosti o nafti i oslobodio Trumpova klin\u010da kao i po\u0161tedio na\u0161e d\u017eepove tro\u0161kova geopoliti\u010dkih previranja. EU se mora oduprijeti Trumpovoj politici kaosa i okrutnosti i po\u010deti braniti obi\u010dne ljude, a ne korporacije i superbogata\u0161e.\u201d<\/em><br><\/p>\n\n<p>Danas \u0107e 27 \u010delnika EU-a raspravljati o vlastitom odgovoru na napad SAD-a i Izraela na Iran i posljedi\u010dno pove\u0107anje cijena energenata, o ratu koji jo\u0161 traje u Ukrajini, o narednom prora\u010dunu te o vlastitim poku\u0161ajima dereguliranja za\u0161tite okoli\u0161a, javnog zdravlja i digitalne privatnosti u EU.<\/p>\n\n<p><br>Vlada SAD-a i korporacijski lobisti priti\u0161\u0107u Europsku uniju da ukine pojedine mehanizme za\u0161tite okoli\u0161a i dru\u0161tva, poput Uredbe protiv deforestacije, Uredbe o metanu i digitalnog poreza.<\/p>\n\n<p><br>\u010celnici EU-a dosad su uglavnom oklijevali sna\u017eno osuditi nedavne prijetnje i napade Predsjednika Trumpa na Venezuelu, Kubu i Iran. Greenpeace poziva sve vlade da podr\u017ee me\u0111unarodno pravo i za\u0161tite civile a od EU-a da zatra\u017ei hitan prekid vojnih sukoba i blokade humanitarne pomo\u0107i.<\/p>\n\n<p><\/p>\n\n<h4 class=\"wp-block-heading\">Trgovinski sporazum EU-a i SAD-a<\/h4>\n\n<p><br>U sklopu predlo\u017eenog sporazuma o smanjenju carina na trgovinu robom izme\u0111u EU-a i SAD-a, predsjednica Europske komisije Ursula von der Leyen obe\u0107ala je da \u0107e EU do kraja 2028. uvoziti ameri\u010dke energente, uglavnom naftu i plin, u vrijednosti od 750 milijardi dolara. Do 2025. SAD je ve\u0107 izvozio 27% plina u EU, a taj bi se udio mogao pove\u0107ati na 40% do 2030.<\/p>\n\n<p><br>Odbor za trgovinu Europskog parlamenta trebao bi izglasati odobrenje sporazuma, nakon \u010dega bi potonji bio proslije\u0111en a glasanje Parlamentu, mogu\u0107e na sjednici 25. i 26. o\u017eujka. Greenpeace upozorava da ovisnost EU o uvozu fosilnih goriva, osim \u0161to ubrzava klimatsku krizu, omogu\u0107ava autoritarnim vladama da utje\u010du na EU, europska ku\u0107anstva izla\u017ee riziku od nestabilnih cijena. Greenpeace poziva zastupnike Europskog parlamenta da odbace trgovinski sporazum izme\u0111u EU i SAD-a.<\/p>\n\n<p><\/p>\n","protected":false},"excerpt":{"rendered":"<p>Aktivisti belgijskog Greenpeacea projicirali su zlatnu fasadu uz natpis \u201cTRUMPOV TORANJ\u201d na sjedi\u0161te Europske komisije u Bruxellesu,  pretvoriv\u0161i je tako u svojevrsnu repliku Trumpovih nebodera, uz poruku Greenpeacea vodstvu EU-a koje se danas sastaje da prestanu popu\u0161tati njegovim zahtjevima.<\/p>\n","protected":false},"author":26,"featured_media":66594,"comment_status":"open","ping_status":"open","sticky":false,"template":"","format":"standard","meta":{"ep_exclude_from_search":false,"p4_og_title":"","p4_og_description":"","p4_og_image":"","p4_og_image_id":"","p4_seo_canonical_url":"","p4_campaign_name":"","p4_local_project":"","p4_basket_name":"","p4_department":"","footnotes":""},"categories":[29,1],"tags":[],"p4-page-type":[14],"class_list":["post-66593","post","type-post","status-publish","format-standard","has-post-thumbnail","hentry","category-klima-i-energija","category-uncategorized","p4-page-type-pr"],"_links":{"self":[{"href":"https:\/\/www.greenpeace.org\/croatia\/wp-json\/wp\/v2\/posts\/66593","targetHints":{"allow":["GET"]}}],"collection":[{"href":"https:\/\/www.greenpeace.org\/croatia\/wp-json\/wp\/v2\/posts"}],"about":[{"href":"https:\/\/www.greenpeace.org\/croatia\/wp-json\/wp\/v2\/types\/post"}],"author":[{"embeddable":true,"href":"https:\/\/www.greenpeace.org\/croatia\/wp-json\/wp\/v2\/users\/26"}],"replies":[{"embeddable":true,"href":"https:\/\/www.greenpeace.org\/croatia\/wp-json\/wp\/v2\/comments?post=66593"}],"version-history":[{"count":3,"href":"https:\/\/www.greenpeace.org\/croatia\/wp-json\/wp\/v2\/posts\/66593\/revisions"}],"predecessor-version":[{"id":66597,"href":"https:\/\/www.greenpeace.org\/croatia\/wp-json\/wp\/v2\/posts\/66593\/revisions\/66597"}],"wp:featuredmedia":[{"embeddable":true,"href":"https:\/\/www.greenpeace.org\/croatia\/wp-json\/wp\/v2\/media\/66594"}],"wp:attachment":[{"href":"https:\/\/www.greenpeace.org\/croatia\/wp-json\/wp\/v2\/media?parent=66593"}],"wp:term":[{"taxonomy":"category","embeddable":true,"href":"https:\/\/www.greenpeace.org\/croatia\/wp-json\/wp\/v2\/categories?post=66593"},{"taxonomy":"post_tag","embeddable":true,"href":"https:\/\/www.greenpeace.org\/croatia\/wp-json\/wp\/v2\/tags?post=66593"},{"taxonomy":"p4-page-type","embeddable":true,"href":"https:\/\/www.greenpeace.org\/croatia\/wp-json\/wp\/v2\/p4-page-type?post=66593"}],"curies":[{"name":"wp","href":"https:\/\/api.w.org\/{rel}","templated":true}]}}