{"id":682,"date":"2013-04-15T00:00:00","date_gmt":"2013-04-14T23:00:00","guid":{"rendered":"https:\/\/master.k8s.p4.greenpeace.org\/croatia\/press\/682\/greenpeace-hvala-hrvatska\/"},"modified":"2023-12-20T13:28:55","modified_gmt":"2023-12-20T11:28:55","slug":"greenpeace-hvala-hrvatska","status":"publish","type":"post","link":"https:\/\/www.greenpeace.org\/croatia\/greenpeace-hvala-hrvatska\/","title":{"rendered":"Greenpeace: Hvala, Hrvatska!"},"content":{"rendered":"<h3 class=\"leader\">Nakon tri puna dana Arctic Sunrise \u0107e sutra napustiti Hrvatsku i nastaviti svoju plovidbu prema Kopru u Sloveniji. Tijekom svog boravka u Rijeci brod je posjetilo vi\u0161e od 2500 gra\u0111ana.<\/h3>\n<div>\n<p><img loading=\"lazy\" decoding=\"async\" class=\"size-full wp-image-1139\" src=\"https:\/\/www.greenpeace.org\/static\/planet4-croatia-stateless\/2019\/04\/22bd6919-gp032ck.jpg\" alt=\"Arctic Sunrise in the Amazon off Manaus. \u00a9 Markus Mauthe \/ Greenpeace\" width=\"1200\" height=\"803\" srcset=\"https:\/\/www.greenpeace.org\/static\/planet4-croatia-stateless\/2019\/04\/22bd6919-gp032ck.jpg 1200w, https:\/\/www.greenpeace.org\/static\/planet4-croatia-stateless\/2019\/04\/22bd6919-gp032ck-300x201.jpg 300w, https:\/\/www.greenpeace.org\/static\/planet4-croatia-stateless\/2019\/04\/22bd6919-gp032ck-768x514.jpg 768w, https:\/\/www.greenpeace.org\/static\/planet4-croatia-stateless\/2019\/04\/22bd6919-gp032ck-1024x685.jpg 1024w, https:\/\/www.greenpeace.org\/static\/planet4-croatia-stateless\/2019\/04\/22bd6919-gp032ck-508x340.jpg 508w\" sizes=\"auto, (max-width: 1200px) 100vw, 1200px\" \/><\/p>\n<\/div>\n<div>\n<p><em>\u201eGra\u0111ani su bili izuzetno zainteresirani za na\u0161 brod i \u017eeljeli su saznati o odr\u017eivom ribarstvu. Naravno, vrlo smo sretni zbog toga. Tako\u0111er nam je drago \u0161to su se poznate li\u010dnosti, poput Duje Draganje, Olivera Dragojevi\u0107a i drugih, potpisale na na\u0161e brodi\u0107e od papira u znak potpore odr\u017eivom ribarstvu. Ovakav odaziv javnosti daje mi nadu da \u0107e ovaj put reforma europske Zajedni\u010dke ribarske politike kona\u010dno biti vi\u0161e od papirnate izmjene bez stvarnih promjena na bolje,<\/em>\u201c komentira <strong>Zoran Tomi\u0107, predstavnik Greenpeacea za Hrvatsku.<\/strong><\/p>\n<p>Jutros je na Arctic Sunriseu odr\u017ean okrugli stol uz sudjelovanje predstavnika ribara, pomo\u0107nika ministra poljoprivrede Mira Ku\u010di\u0107a, pomo\u0107nika ministra za\u0161tite okoli\u0161a i prirode Nenada Strizrepa, saborskog zastupnika Petra Baranovi\u0107a, ravnatelja hrvatskih nacionalnih parkova i parkova prirode, te predstavnika udruga Eko Kvarner i Sunce, na temu uloge zona bez ribolova u postizanju odr\u017eivog ribarstva.<\/p>\n<p>Nakon rasprave, Greenpeaceove brodove od papira, u znak potpore kampanji, potpisao je i <strong>g. Miro Ku\u010di\u0107, pomo\u0107nik ministra poljoprivrede<\/strong>, koji je na svom brodi\u0107u ispisao poruku: <em>\u201eNekad sam bio crven iznutra a zelen izvana. Danas sam zelen iznutra, a crven izvana od srama \u0161to smo u\u010dinili od planeta\u201c.<\/em><\/p>\n<\/div>\n","protected":false},"excerpt":{"rendered":"<div>\n\tRijeka, 15.04.2013 \u2013 Nakon tri puna dana Arctic Sunrise \u0107e sutra napustiti Hrvatsku i nastaviti svoju plovidbu prema Kopru u Sloveniji. Tijekom svog boravka u Rijeci brod je posjetilo vi\u0161e od 2500 gra\u0111ana.\n<\/div>\n","protected":false},"author":1,"featured_media":683,"comment_status":"open","ping_status":"open","sticky":false,"template":"","format":"standard","meta":{"ep_exclude_from_search":false,"p4_og_title":"","p4_og_description":"","p4_og_image":"","p4_og_image_id":"","p4_seo_canonical_url":"","p4_campaign_name":"","p4_local_project":"","p4_basket_name":"","p4_department":"","footnotes":""},"categories":[29],"tags":[],"p4-page-type":[14],"class_list":["post-682","post","type-post","status-publish","format-standard","has-post-thumbnail","hentry","category-klima-i-energija","p4-page-type-pr"],"_links":{"self":[{"href":"https:\/\/www.greenpeace.org\/croatia\/wp-json\/wp\/v2\/posts\/682","targetHints":{"allow":["GET"]}}],"collection":[{"href":"https:\/\/www.greenpeace.org\/croatia\/wp-json\/wp\/v2\/posts"}],"about":[{"href":"https:\/\/www.greenpeace.org\/croatia\/wp-json\/wp\/v2\/types\/post"}],"author":[{"embeddable":true,"href":"https:\/\/www.greenpeace.org\/croatia\/wp-json\/wp\/v2\/users\/1"}],"replies":[{"embeddable":true,"href":"https:\/\/www.greenpeace.org\/croatia\/wp-json\/wp\/v2\/comments?post=682"}],"version-history":[{"count":5,"href":"https:\/\/www.greenpeace.org\/croatia\/wp-json\/wp\/v2\/posts\/682\/revisions"}],"predecessor-version":[{"id":3447,"href":"https:\/\/www.greenpeace.org\/croatia\/wp-json\/wp\/v2\/posts\/682\/revisions\/3447"}],"wp:featuredmedia":[{"embeddable":true,"href":"https:\/\/www.greenpeace.org\/croatia\/wp-json\/wp\/v2\/media\/683"}],"wp:attachment":[{"href":"https:\/\/www.greenpeace.org\/croatia\/wp-json\/wp\/v2\/media?parent=682"}],"wp:term":[{"taxonomy":"category","embeddable":true,"href":"https:\/\/www.greenpeace.org\/croatia\/wp-json\/wp\/v2\/categories?post=682"},{"taxonomy":"post_tag","embeddable":true,"href":"https:\/\/www.greenpeace.org\/croatia\/wp-json\/wp\/v2\/tags?post=682"},{"taxonomy":"p4-page-type","embeddable":true,"href":"https:\/\/www.greenpeace.org\/croatia\/wp-json\/wp\/v2\/p4-page-type?post=682"}],"curies":[{"name":"wp","href":"https:\/\/api.w.org\/{rel}","templated":true}]}}