{"id":900,"date":"2019-01-31T00:00:00","date_gmt":"2019-01-30T23:00:00","guid":{"rendered":"https:\/\/master.k8s.p4.greenpeace.org\/croatia\/press\/900\/lagane-plasticne-vrecice-treba-zabraniti\/"},"modified":"2023-12-20T16:12:53","modified_gmt":"2023-12-20T14:12:53","slug":"lagane-plasticne-vrecice-treba-zabraniti","status":"publish","type":"post","link":"https:\/\/www.greenpeace.org\/croatia\/lagane-plasticne-vrecice-treba-zabraniti\/","title":{"rendered":"Lagane plasti\u010dne vre\u0107ice treba zabraniti!"},"content":{"rendered":"<h3 class=\"leader\">Punih mjesec dana nakon stupanja na snagu, obavezna naplata laganih plasti\u010dnih vre\u0107ica za no\u0161enje (15 do 50 mikrona) mahom se ne provodi. Greenpeace je tijekom sije\u010dnja obi\u0161ao niz prodajnih mjesta i utvrdio da se vre\u0107ice i dalje dijele besplatno, uz visok stupanj neupu\u0107enosti u ovu zakonsku obavezu, kako me\u0111u trgovcima tako i me\u0111u gra\u0111anima.<\/h3>\n<div><\/div>\n<div>\n<div id=\"attachment_1050\" style=\"width: 3114px\" class=\"wp-caption alignnone\"><img loading=\"lazy\" decoding=\"async\" aria-describedby=\"caption-attachment-1050\" class=\"size-full wp-image-1050\" src=\"https:\/\/www.greenpeace.org\/static\/planet4-croatia-stateless\/2019\/01\/d59a3955-tr\u017enica-dolac-26.1.2019.-marina-kelava-za-greenpeace-1.jpg\" alt=\"\" width=\"3104\" height=\"2332\" srcset=\"https:\/\/www.greenpeace.org\/static\/planet4-croatia-stateless\/2019\/01\/d59a3955-tr\u017enica-dolac-26.1.2019.-marina-kelava-za-greenpeace-1.jpg 3104w, https:\/\/www.greenpeace.org\/static\/planet4-croatia-stateless\/2019\/01\/d59a3955-tr\u017enica-dolac-26.1.2019.-marina-kelava-za-greenpeace-1-300x225.jpg 300w, https:\/\/www.greenpeace.org\/static\/planet4-croatia-stateless\/2019\/01\/d59a3955-tr\u017enica-dolac-26.1.2019.-marina-kelava-za-greenpeace-1-768x577.jpg 768w, https:\/\/www.greenpeace.org\/static\/planet4-croatia-stateless\/2019\/01\/d59a3955-tr\u017enica-dolac-26.1.2019.-marina-kelava-za-greenpeace-1-1024x769.jpg 1024w, https:\/\/www.greenpeace.org\/static\/planet4-croatia-stateless\/2019\/01\/d59a3955-tr\u017enica-dolac-26.1.2019.-marina-kelava-za-greenpeace-1-1818x1366.jpg 1818w, https:\/\/www.greenpeace.org\/static\/planet4-croatia-stateless\/2019\/01\/d59a3955-tr\u017enica-dolac-26.1.2019.-marina-kelava-za-greenpeace-1-453x340.jpg 453w\" sizes=\"auto, (max-width: 3104px) 100vw, 3104px\" \/><p id=\"caption-attachment-1050\" class=\"wp-caption-text\">Tr\u017enica Dolac u Zagrebu, 26.1.2019.<\/p><\/div>\n<\/div>\n<div>\n<p>Sami <em>Pravilnik o izmjenama i dopunama pravilnika o ambala\u017ei i otpadnoj ambala\u017ei <\/em>[1] \u00a0najve\u0107im je dijelom stupio na snagu jo\u0161 u prosincu 2017., uklju\u010duju\u0107i obavezu Fonda za za\u0161titu okoli\u0161a i energetsku u\u010dinkovitost da provede kampanju informiranja javnosti i podizanja svijesti o negativnom utjecaju prekomjerne potro\u0161nje plasti\u010dnih vre\u0107ica za no\u0161enje na okoli\u0161. Bilo je dakle prilike \u010ditavih godinu dana da se trgovce i gra\u0111ane pripremi na uredbu o naplati.<\/p>\n<p>\u201cNa\u017ealost, Fond prvi nije ispo\u0161tovao zakonsku obavezu da tijekom protekle 2018. godine provede informativnu kampanju. Da su to napravili na vrijeme, danas bi sigurno bila bolja situacija i oko provedbe. Ovako imamo nered, neznanje i kr\u0161enje zakona. Vre\u0107ice su i dalje mahom besplatne, a besplatne vre\u0107ice skupo nas ko\u0161taju\u201d, izjavila je Petra Andri\u0107, voditeljica kampanje u hrvatskom Greenpeaceu.<\/p>\n<p>Greenpeace je 15. sije\u010dnja 2019. poslao dopis i direktoru FZOEU g. Dubravku Pono\u0161u i ministru Tomislavu \u0106ori\u0107u tra\u017ee\u0107i o\u010ditovanje, ali do danas ni na jedan nije stigao odgovor.<\/p>\n<p>\u201cOva vrsta plasti\u010dnih vre\u0107ica za no\u0161enje jedan je od najgorih oblika jednokratne plastike. Zbog lo\u0161e kvalitete kratko se koriste, zbog niske cijene dijele se nekontrolirano, u okoli\u0161u ostavljaju nepopravljivu \u0161tetu, a zapravo ih je najlak\u0161e zamijeniti alternativama. Bojimo se da se ovakvim neozbiljnim i neodgovornim pristupom ne\u0107e posti\u0107i drasti\u010dno smanjenje potro\u0161nje vre\u0107ica, \u0161to je prijeko potrebno s obzirom na alarmantne posljedice plastike na okoli\u0161. Stoga u Greenpeaceu dr\u017eimo da \u0107e jedino zabrana laganih vre\u0107ica za no\u0161enje bitno popraviti situaciju\u201d, poja\u0161njava Andri\u0107.<\/p>\n<hr \/>\n<p>Bilje\u0161ke:<\/p>\n<p>[1] Pravilnik o izmjenama i dopunama <a href=\"https:\/\/narodne-novine.nn.hr\/clanci\/sluzbeni\/2015_08_88_1735.html\">Pravilnik<\/a>a o ambala\u017ei i otpadnoj ambala\u017ei \u2013 <a href=\"https:\/\/narodne-novine.nn.hr\/clanci\/sluzbeni\/2017_11_116_2685.html\">link<\/a><\/p>\n<p align=\"center\"><strong>\u010clanak 5.<\/strong><\/p>\n<p>Iza \u010dlanka 14. dodaju se naslov iznad \u010dlanka i \u010dlanak 14.a koji glase:<\/p>\n<p align=\"center\">\u00bbSmanjenje potro\u0161nje plasti\u010dnih vre\u0107ica za no\u0161enje<\/p>\n<p align=\"center\"><strong>\u010clanak 14.a<\/strong><\/p>\n<p>(1) Prodavatelj mora sve lagane plasti\u010dne vre\u0107ice za no\u0161enje naplatiti potro\u0161a\u010du na prodajnom mjestu robe ili proizvoda.<\/p>\n<p>(2) Prodavatelj je obvezan na mjestima na kojima besplatno daje vrlo lagane plasti\u010dne vre\u0107ice za no\u0161enje istaknuti vidljivu obavijest potro\u0161a\u010dima o \u0161tedljivom i racionalnom kori\u0161tenju ovih vre\u0107ica oznakom sadr\u017eaja \u00bbVRE\u0106ICE KORISTITE \u0160TEDLJIVO\u00ab.\u00ab.<\/p>\n<\/div>\n","protected":false},"excerpt":{"rendered":"<div>\n\tPunih mjesec dana nakon stupanja na snagu, obavezna naplata laganih plasti\u010dnih vre\u0107ica za no\u0161enje (15 do 50 mikrona) mahom se ne provodi. Greenpeace je tijekom sije\u010dnja obi\u0161ao niz prodajnih mjesta i utvrdio da se vre\u0107ice i dalje dijele besplatno, uz visok stupanj neupu\u0107enosti u ovu zakonsku obavezu, kako me\u0111u trgovcima tako i me\u0111u gra\u0111anima.\n<\/div>\n","protected":false},"author":1,"featured_media":1050,"comment_status":"open","ping_status":"open","sticky":false,"template":"","format":"standard","meta":{"ep_exclude_from_search":false,"p4_og_title":"","p4_og_description":"","p4_og_image":"","p4_og_image_id":"","p4_seo_canonical_url":"","p4_campaign_name":"","p4_local_project":"","p4_basket_name":"","p4_department":"","footnotes":""},"categories":[31],"tags":[22,26],"p4-page-type":[14],"class_list":["post-900","post","type-post","status-publish","format-standard","has-post-thumbnail","hentry","category-ne-plastici","tag-jednokratnaplastika","tag-necuvrecu","p4-page-type-pr"],"_links":{"self":[{"href":"https:\/\/www.greenpeace.org\/croatia\/wp-json\/wp\/v2\/posts\/900","targetHints":{"allow":["GET"]}}],"collection":[{"href":"https:\/\/www.greenpeace.org\/croatia\/wp-json\/wp\/v2\/posts"}],"about":[{"href":"https:\/\/www.greenpeace.org\/croatia\/wp-json\/wp\/v2\/types\/post"}],"author":[{"embeddable":true,"href":"https:\/\/www.greenpeace.org\/croatia\/wp-json\/wp\/v2\/users\/1"}],"replies":[{"embeddable":true,"href":"https:\/\/www.greenpeace.org\/croatia\/wp-json\/wp\/v2\/comments?post=900"}],"version-history":[{"count":4,"href":"https:\/\/www.greenpeace.org\/croatia\/wp-json\/wp\/v2\/posts\/900\/revisions"}],"predecessor-version":[{"id":3482,"href":"https:\/\/www.greenpeace.org\/croatia\/wp-json\/wp\/v2\/posts\/900\/revisions\/3482"}],"wp:featuredmedia":[{"embeddable":true,"href":"https:\/\/www.greenpeace.org\/croatia\/wp-json\/wp\/v2\/media\/1050"}],"wp:attachment":[{"href":"https:\/\/www.greenpeace.org\/croatia\/wp-json\/wp\/v2\/media?parent=900"}],"wp:term":[{"taxonomy":"category","embeddable":true,"href":"https:\/\/www.greenpeace.org\/croatia\/wp-json\/wp\/v2\/categories?post=900"},{"taxonomy":"post_tag","embeddable":true,"href":"https:\/\/www.greenpeace.org\/croatia\/wp-json\/wp\/v2\/tags?post=900"},{"taxonomy":"p4-page-type","embeddable":true,"href":"https:\/\/www.greenpeace.org\/croatia\/wp-json\/wp\/v2\/p4-page-type?post=900"}],"curies":[{"name":"wp","href":"https:\/\/api.w.org\/{rel}","templated":true}]}}