{"id":912,"date":"2017-05-24T00:00:00","date_gmt":"2017-05-23T23:00:00","guid":{"rendered":"https:\/\/master.k8s.p4.greenpeace.org\/croatia\/press\/912\/plastika-pretvara-jadran-u-odlagaliste-otpada\/"},"modified":"2023-10-05T15:30:28","modified_gmt":"2023-10-05T13:30:28","slug":"plastika-pretvara-jadran-u-odlagaliste-otpada","status":"publish","type":"post","link":"https:\/\/www.greenpeace.org\/croatia\/plastika-pretvara-jadran-u-odlagaliste-otpada\/","title":{"rendered":"Plastika pretvara Jadran u odlagali\u0161te otpada!"},"content":{"rendered":"<h3 class=\"leader\">Zagreb, 24.05.2017. \u2013 Postavljanjem \u0161estmetarske instalacije \u201ePlasti\u010dni val\u201d na Trgu kralja Tomislava u Zagrebu Greenpeace u Hrvatskoj danas je predstavio europsku kampanju protiv plastike za jednokratnu upotrebu te pozvao gra\u0111ane da se fotografiraju s valom i potpi\u0161u peticiju \u201cSpasimo Mediteran od najezde plastike\u201d naslovljenu na Ministarstvo za\u0161tite okoli\u0161a i energetike.<\/h3>\n<div>\n<p><img loading=\"lazy\" decoding=\"async\" src=\"https:\/\/www.greenpeace.org\/static\/planet4-croatia-stateless\/2019\/04\/ef0952bf-ef0952bf-greenpeace-plasticni-val-3.jpg\" alt=\"\" width=\"652\" height=\"396\" \/><\/p>\n<p>\u201ePlasti\u010dni val\u201c, instalacija\u00a0 duga 6, a visoka 4,5 metara inspirirana je fotografijom surfera nad kojim se di\u017ee val s plasti\u010dnim otpadom.\u00a0 Nedavno je izlo\u017eena i u \u0160panjolskoj, a simboli\u010dno predstavlja sve ve\u0107e one\u010di\u0161\u0107enje na\u0161ih mora i oceana plastikom. Cilj kampanje, koja se osim u Hrvatskoj provodi i u \u0160panjolskoj, Gr\u010dkoj, Italiji i Bugarskoj, jest utjecati na raspravu u tijelima Europske unije o izmjenama Direktiva o otpadu i novoj Strategiji o plastici.<\/p>\n<p>Nitko od predstavnika relevantnih ministarstava i saborskih odbora nije se odazvao pozivu da prisustvuje doga\u0111aju.<\/p>\n<p>\u201eHrvatska, na\u017ealost, trenutno nema ministra za\u0161tite okoli\u0161a, koji bi zajedno s drugim ministrima odlu\u010divao o novim europskim propisima. Ju\u010der je Vije\u0107e EU bitno smanjilo predlo\u017eene ciljeve za recikliranje plastike. U narednom razdoblju, dok traje tzv. trijalog s Komisijom i Europskim parlamentom, pozivamo Hrvatsku vladu da se zauzme za \u0161to stro\u017ee mjere smanjenja plasti\u010dnog zaga\u0111enja, jer to duguje na\u0161em Jadranu i na\u0161im gra\u0111anima!\u201c, izjavio je Zoran Tomi\u0107, voditelj Greenpeacea u Hrvatskoj.<\/p>\n<p><img loading=\"lazy\" decoding=\"async\" src=\"https:\/\/www.greenpeace.org\/static\/planet4-croatia-stateless\/2019\/04\/29fd2289-29fd2289-elementary-shool-students-joined.jpg\" alt=\"\" width=\"656\" height=\"330\" \/><\/p>\n<p>Akciji su se pridru\u017eili u\u010denici O\u0160 Ljudevita Gaja iz Kutine<\/p>\n<p>Sve vi\u0161e proizvodimo plastiku za jednokratnu upotrebu, koja nam je uglavnom nepotrebna, a recikliranje nije dovoljno kao rje\u0161enje problema. U Hrvatskoj se reciklira tek 16% otpada, dok je europski prosjek 43%. Ve\u0107ina plastike koja zavr\u0161i u oceanima i morima dolazi s kopna, \u010dak 80%, a treba joj stotine godina da se razgradi. Ova najezda plastike ubrzano pretvara na\u0161a mora u najve\u0107a odlagali\u0161ta otpada na svijetu, ugro\u017eava morske \u017eivotinje te dospijeva u hranidbeni lanac, zato \u0161to se plastika u moru usitnjava te prelazi u mikroplastiku.\u00a0 U Sredozemnom moru plasti\u010dni ostaci prona\u0111eni su u malim ribama, morskim pticama, kornja\u010dama te \u017eelucima ulje\u0161ura. Znanstvenici procjenjuju da se u Mediteranu ve\u0107 sad nalazi 1455 tona plastike te ga uspore\u0111uju s tzv. \u201eoceanskim vrtlozima\u201d plastike.<\/p>\n<p><img loading=\"lazy\" decoding=\"async\" src=\"https:\/\/www.greenpeace.org\/static\/planet4-croatia-stateless\/2019\/04\/f082b687-f082b687-greenpeace-plasticni-val-1.jpg\" alt=\"\" width=\"651\" height=\"407\" \/><\/p>\n<p>\u201eVrijeme je da tome stanemo na kraj! Ovom kampanjom \u017eelimo za\u0161tititi Jadran i Mediteran, a to se mo\u017ee posti\u0107i dono\u0161enjem zakona koji \u0107e eliminirati plastiku za jednokratnu upotrebu, mijenjanjem navika svih nas i pro\u0161irenom odgovorno\u0161\u0107u proizvo\u0111a\u010da. Pozivamo gra\u0111ane da potpi\u0161u <a href=\"https:\/\/www.greenpeace.org\/croatia\/hr\/Postani-aktivan\/Spasimo-Mediteran\/\">peticiju<\/a> i da koriste vre\u0107ice za kupnju za vi\u0161ekratnu upotrebu \u2013 tako \u0107e na lak i jednostavan na\u010din pridonijeti velikoj promjeni!\u201d, pojasnila je Mihaela Bogelji\u0107, voditeljica kampanje.<\/p>\n<\/div>\n","protected":false},"excerpt":{"rendered":"<div>\n\tZagreb, 24.05.2017. \u2013  Postavljanjem \u0161estmetarske instalacije \u201ePlasti\u010dni val\u201d na Trgu kralja Tomislava u Zagrebu Greenpeace u Hrvatskoj danas je predstavio europsku kampanju protiv plastike za jednokratnu upotrebu te pozvao gra\u0111ane da se fotografiraju s valom i potpi\u0161u peticiju \u201cSpasimo Mediteran od najezde plastike\u201d naslovljenu na Ministarstvo za\u0161tite okoli\u0161a i energetike.\n<\/div>\n","protected":false},"author":1,"featured_media":913,"comment_status":"open","ping_status":"open","sticky":false,"template":"","format":"standard","meta":{"ep_exclude_from_search":false,"p4_og_title":"","p4_og_description":"","p4_og_image":"","p4_og_image_id":"","p4_seo_canonical_url":"","p4_campaign_name":"","p4_local_project":"","p4_basket_name":"","p4_department":"","footnotes":""},"categories":[31],"tags":[22,25],"p4-page-type":[14],"class_list":["post-912","post","type-post","status-publish","format-standard","has-post-thumbnail","hentry","category-ne-plastici","tag-jednokratnaplastika","tag-jadranbezplastike","p4-page-type-pr"],"_links":{"self":[{"href":"https:\/\/www.greenpeace.org\/croatia\/wp-json\/wp\/v2\/posts\/912","targetHints":{"allow":["GET"]}}],"collection":[{"href":"https:\/\/www.greenpeace.org\/croatia\/wp-json\/wp\/v2\/posts"}],"about":[{"href":"https:\/\/www.greenpeace.org\/croatia\/wp-json\/wp\/v2\/types\/post"}],"author":[{"embeddable":true,"href":"https:\/\/www.greenpeace.org\/croatia\/wp-json\/wp\/v2\/users\/1"}],"replies":[{"embeddable":true,"href":"https:\/\/www.greenpeace.org\/croatia\/wp-json\/wp\/v2\/comments?post=912"}],"version-history":[{"count":2,"href":"https:\/\/www.greenpeace.org\/croatia\/wp-json\/wp\/v2\/posts\/912\/revisions"}],"predecessor-version":[{"id":3335,"href":"https:\/\/www.greenpeace.org\/croatia\/wp-json\/wp\/v2\/posts\/912\/revisions\/3335"}],"wp:featuredmedia":[{"embeddable":true,"href":"https:\/\/www.greenpeace.org\/croatia\/wp-json\/wp\/v2\/media\/913"}],"wp:attachment":[{"href":"https:\/\/www.greenpeace.org\/croatia\/wp-json\/wp\/v2\/media?parent=912"}],"wp:term":[{"taxonomy":"category","embeddable":true,"href":"https:\/\/www.greenpeace.org\/croatia\/wp-json\/wp\/v2\/categories?post=912"},{"taxonomy":"post_tag","embeddable":true,"href":"https:\/\/www.greenpeace.org\/croatia\/wp-json\/wp\/v2\/tags?post=912"},{"taxonomy":"p4-page-type","embeddable":true,"href":"https:\/\/www.greenpeace.org\/croatia\/wp-json\/wp\/v2\/p4-page-type?post=912"}],"curies":[{"name":"wp","href":"https:\/\/api.w.org\/{rel}","templated":true}]}}