{"id":946,"date":"2016-09-20T00:00:00","date_gmt":"2016-09-19T23:00:00","guid":{"rendered":"https:\/\/master.k8s.p4.greenpeace.org\/croatia\/press\/946\/pismo-veleposlaniku-ruske-federacije\/"},"modified":"2023-10-05T15:23:26","modified_gmt":"2023-10-05T13:23:26","slug":"pismo-veleposlaniku-ruske-federacije","status":"publish","type":"post","link":"https:\/\/www.greenpeace.org\/croatia\/pismo-veleposlaniku-ruske-federacije\/","title":{"rendered":"Pismo veleposlaniku Ruske Federacije"},"content":{"rendered":"<h2>Predmet: Napad na vatrogasnu ekspediciju Greenpeacea u Krasnodarskom kraju u Rusiji<\/h2>\n<p class=\"leader\">Od 5. do 13. rujna 2016. Greenpeaceova vatrogasna ekspedicija nalazila se u Primorsko-ahtarskom podru\u010dju u Krasnodarskom kraju. Ekspedicija je organizirana u suradnji s lokalnom udrugom \u2018Environmental Watch on North Caucasus\u2019 i \u010dinilo ju je \u0161esnaestoro ljudi iz dobrovoljnih vatrogasnih dru\u0161tava iz raznih krajeva Rusije. O njihovom radu razgovaralo se s dr\u017eavnim odsjekom vatrogastva, odjelom Ministarstva izvanrednih stanja za Krasnodarski kraj te s lokalnim vlastima, pri \u010demu nije bilo nikakvih problema.<\/p>\n<div>\n<p>Me\u0111utim, u no\u0107i 9. rujna 2016. skupina fizi\u010dki uvje\u017ebanih maskiranih mu\u0161karaca, opremljenih pi\u0161toljima, no\u017eevima i pendrecima, izvr\u0161ila je napad na Greenpeaceov kamp na primorsko-ahtarskom podru\u010dju Krasnodarskog kraja. Dvojica dobrovoljnih vatrogasaca te\u0161ko su pretu\u010dena, drugima se je prijetilo oru\u017ejem, vatrogasna oprema, vozila i \u0161atori ozbiljno su o\u0161te\u0107eni, a dio vrijednih predmeta ukraden je. Sude\u0107i po onome \u0161to su napada\u010di izvikivali, njihovi postupci mogu\u0107e su bili motivirani ideolo\u0161kom, politi\u010dkom ili nacionalnom mr\u017enjom odnosno sukobom.<\/p>\n<p>Cijelo pismo veleposlaniku Ruske Federacije prona\u0111ite <a title=\"Pismo veleposlaniku Ruske Federacije\" href=\"https:\/\/www.greenpeace.org\/static\/planet4-croatia-stateless\/2019\/04\/d2dd083d-d2dd083d-dopis-veleposlaniku-ruske-federacije.pdf\" target=\"_blank\" rel=\"noopener noreferrer\">ovdje<\/a>.<\/p>\n<p><img loading=\"lazy\" decoding=\"async\" src=\"https:\/\/www.greenpeace.org\/static\/planet4-croatia-stateless\/2019\/04\/32e0a4c4-32e0a4c4-img_6673.jpg\" alt=\"\" width=\"600\" height=\"400\" \/><\/p>\n<p><img loading=\"lazy\" decoding=\"async\" src=\"https:\/\/www.greenpeace.org\/static\/planet4-croatia-stateless\/2019\/04\/18f1cea2-18f1cea2-img_6676.jpg\" alt=\"\" width=\"600\" height=\"400\" \/><\/p>\n<\/div>\n","protected":false},"excerpt":{"rendered":"<div>\n\tOd 5. do 13. rujna 2016. Greenpeaceova vatrogasna ekspedicija nalazila se u Primorsko-ahtarskom podru\u010dju u Krasnodarskom kraju. Ekspedicija je organizirana u suradnji s lokalnom udrugom \u2018Environmental Watch on North Caucasus\u2019 i \u010dinilo ju je \u0161esnaestoro ljudi iz dobrovoljnih vatrogasnih dru\u0161tava iz raznih krajeva Rusije. O njihovom radu razgovaralo se s dr\u017eavnim odsjekom vatrogastva, odjelom Ministarstva izvanrednih stanja za Krasnodarski kraj te s lokalnim vlastima, pri \u010demu nije bilo nikakvih problema.\n<\/div>\n","protected":false},"author":1,"featured_media":947,"comment_status":"open","ping_status":"open","sticky":false,"template":"","format":"standard","meta":{"ep_exclude_from_search":false,"p4_og_title":"","p4_og_description":"","p4_og_image":"","p4_og_image_id":"","p4_seo_canonical_url":"","p4_campaign_name":"","p4_local_project":"","p4_basket_name":"","p4_department":"","footnotes":""},"categories":[29],"tags":[24],"p4-page-type":[46],"class_list":["post-946","post","type-post","status-publish","format-standard","has-post-thumbnail","hentry","category-klima-i-energija","tag-klimatskepromjene","p4-page-type-vijest"],"_links":{"self":[{"href":"https:\/\/www.greenpeace.org\/croatia\/wp-json\/wp\/v2\/posts\/946","targetHints":{"allow":["GET"]}}],"collection":[{"href":"https:\/\/www.greenpeace.org\/croatia\/wp-json\/wp\/v2\/posts"}],"about":[{"href":"https:\/\/www.greenpeace.org\/croatia\/wp-json\/wp\/v2\/types\/post"}],"author":[{"embeddable":true,"href":"https:\/\/www.greenpeace.org\/croatia\/wp-json\/wp\/v2\/users\/1"}],"replies":[{"embeddable":true,"href":"https:\/\/www.greenpeace.org\/croatia\/wp-json\/wp\/v2\/comments?post=946"}],"version-history":[{"count":3,"href":"https:\/\/www.greenpeace.org\/croatia\/wp-json\/wp\/v2\/posts\/946\/revisions"}],"predecessor-version":[{"id":3329,"href":"https:\/\/www.greenpeace.org\/croatia\/wp-json\/wp\/v2\/posts\/946\/revisions\/3329"}],"wp:featuredmedia":[{"embeddable":true,"href":"https:\/\/www.greenpeace.org\/croatia\/wp-json\/wp\/v2\/media\/947"}],"wp:attachment":[{"href":"https:\/\/www.greenpeace.org\/croatia\/wp-json\/wp\/v2\/media?parent=946"}],"wp:term":[{"taxonomy":"category","embeddable":true,"href":"https:\/\/www.greenpeace.org\/croatia\/wp-json\/wp\/v2\/categories?post=946"},{"taxonomy":"post_tag","embeddable":true,"href":"https:\/\/www.greenpeace.org\/croatia\/wp-json\/wp\/v2\/tags?post=946"},{"taxonomy":"p4-page-type","embeddable":true,"href":"https:\/\/www.greenpeace.org\/croatia\/wp-json\/wp\/v2\/p4-page-type?post=946"}],"curies":[{"name":"wp","href":"https:\/\/api.w.org\/{rel}","templated":true}]}}