{"id":951,"date":"2017-11-21T00:00:00","date_gmt":"2017-11-20T23:00:00","guid":{"rendered":"https:\/\/master.k8s.p4.greenpeace.org\/croatia\/press\/951\/nedostaje-nam-pravo-vodstvo-u-borbi-protiv-klimatskih-promjena\/"},"modified":"2023-12-20T14:39:16","modified_gmt":"2023-12-20T12:39:16","slug":"nedostaje-nam-pravo-vodstvo-u-borbi-protiv-klimatskih-promjena","status":"publish","type":"post","link":"https:\/\/www.greenpeace.org\/croatia\/nedostaje-nam-pravo-vodstvo-u-borbi-protiv-klimatskih-promjena\/","title":{"rendered":"Nedostaje nam pravo vodstvo u borbi protiv klimatskih promjena"},"content":{"rendered":"<p class=\"leader\">Svijet i bez Trumpa napreduje u borbi protiv klimatskih promjena \u2013 premda nedovoljno brzo i odlu\u010dno.<\/p>\n<div><img loading=\"lazy\" decoding=\"async\" src=\"https:\/\/www.greenpeace.org\/static\/planet4-croatia-stateless\/2019\/04\/f42583af-f42583af-bla-bla-bla.jpg\" alt=\"\" width=\"600\" height=\"399\" \/><\/p>\n<p>Zavr\u0161ila je jo\u0161 jedna runda klimatskih pregovora. Ba\u0161 kao i prethodne godine, predsjednik Trump nije uspio zaustaviti globalne rasprave o klimi. Naprotiv, njegova najava izlaska iz Pari\u0161kog sporazuma samo je dovela do jo\u0161 glasnijih i ja\u010dih zahtjeva za vodstvo u borbi protiv klimatskih promjena, od Sjedinjenih Ameri\u010dkih Dr\u017eava do Bonna. Civilno dru\u0161tvo, gradovi, guverneri i neke tvrtke pokazali su pravo lice Amerike i poru\u010dili da ne podr\u017eavaju Trumpa i njegovu nazadnu politiku kori\u0161tenja fosilnih goriva. Amerikanci su jo\u0161 u igri \u2013 i oni di\u017eu svoj glas za akciju protiv klimatskih promjena.<\/p>\n<p>Vidjeli smo i neke pozitivne najave ovih dana; stvoren je <a href=\"http:\/\/www.dw.com\/en\/cop23-canada-and-uk-launch-anti-coal-alliance-in-bonn\/a-41412516\">novi savez<\/a> koji \u0107e se boriti za postupan prestanak kori\u0161tenja ugljena \u2013 Rotterdam kao najve\u0107a europska luka za prijevoz ugljena postupno \u0107e ukidati prijevoz ovog energenta kako bi se dostigli ciljevi Pari\u0161kog sporazuma. \u00a0Nacije Razvojnog foruma pacifi\u010dkih otoka potpisale su <a href=\"http:\/\/sdg.iisd.org\/news\/pacific-island-leaders-sign-lofoten-declaration\/\">Lofotensku deklaraciju<\/a> koja poziva na pravedan prelazak s ugljena na obnovljive izvore energije. Jedan od <a href=\"https:\/\/www.bloomberg.com\/news\/articles\/2017-11-16\/norway-s-1-trillion-wealth-fund-wants-out-of-oil-and-gas-stocks\">najbogatijih fondova na svijetu<\/a> najavio je odustajanje od investicija u naftu i plin. No, sve u svemu, bilo je puno pri\u010de, a malo akcije. Njema\u010dka kancelarka Merkel osramotila se na globalnom nivou jer nije najavila postupno ukidanje kori\u0161tenja ugljena; francuski predsjednik Macron je odgodio postupno zatvaranje nuklearnih elektrani, \u0161to \u0107e uvelike usporiti <a href=\"https:\/\/www.euractiv.com\/section\/energy\/news\/france-backtracks-on-nuclear-phase-out-pledge\/\">francusku energetsku revoluciju<\/a>. U Kini su se tako\u0111er ove godine pove\u0107ale <a href=\"https:\/\/www.nytimes.com\/interactive\/2017\/11\/13\/climate\/co2-emissions-rising-again.html\">emisije<\/a> nakon tri godine manjeg kori\u0161tenja ugljena (iako bi to moglo biti samo <a href=\"https:\/\/www.nytimes.com\/interactive\/2017\/11\/13\/climate\/co2-emissions-rising-again.html\">privremeno odstupanje<\/a>).<\/p>\n<p><img loading=\"lazy\" decoding=\"async\" src=\"https:\/\/www.greenpeace.org\/static\/planet4-croatia-stateless\/2019\/04\/d0b513b1-d0b513b1-merkel.jpg\" alt=\"\" width=\"600\" height=\"400\" \/><\/p>\n<p>U godini u kojoj smo do\u017eivjeli vi\u0161e razornih posljedica klimatskih promjena nego ikad prije, ovo jednostavno nije dovoljno. Konferencijom je predsjedavao Fiji \u2013 \u0161to je bio prvi put da pacifi\u010dka oto\u010dna zemlja vodi takav doga\u0111aj o klimi. Zemlje Tihog oceana posebno su pogo\u0111ene razornim utjecajem klimatskih promjena \u2013 \u00a0a ovaj sastanak im nije dao podr\u0161ku i nadu koju zaslu\u017euju. Posljednja dva tjedna posebno sam bio ponosan na na\u0161e volonterke s Fijija, Alisi Nacewu i Samu Kuridrani, gledaju\u0107i kako razgovaraju s ljudima o klimatskim promjenama te o ovim pregovorima. Pozivam vas da pogledate njihove <a href=\"https:\/\/www.youtube.com\/channel\/UCZjXwY2QD2rl621nMJdrwQw\">Kava Chats<\/a>. Borimo se za domove ljudi poput Alisi i Samu.<\/p>\n<p>Ne\u0107emo pobijediti u borbi protiv pogubnih klimatskih promjena ukoliko se ne udru\u017eimo u razli\u010ditim sektorima i pokretima. Ovaj tjedan organizirali smo zajedni\u010dki doga\u0111aj s <a href=\"https:\/\/twitter.com\/ituc\/status\/930739414099222529\">Me\u0111unarodnom sindikalnom konfederacijom<\/a> gdje smo raspravljali kako ostvariti pravednu tranziciju \u2013 koja \u0107e biti na dobrobit ljudi i planeta. U suradnji s nacionalnim organizacijama \u00a0za ljudska prava okupili smo aktiviste iz sredina pogo\u0111enih klimatskim promjenama. Nadamo se da \u0107e slijediti primjer filipinske Komisije za ljudska prava koja istra\u017euje utjecaj na ljudska prava 47 proizvo\u0111a\u010da ugljena, uklju\u010duju\u0107i<a href=\"https:\/\/www.greenpeace.org\/archive-international\/en\/press\/releases\/2017\/Filipino-typhoon-survivors-demand-climate-action-on-Haiyan-anniversary\/\"> ExxonMobil, Shell, BP, Chevron i Total<\/a>.<\/p>\n<p>Ohrabruje \u0161to se pokre\u0107e val tu\u017ebi protiv one\u010di\u0161\u0107iva\u010da. Ovaj tjedan njema\u010dki sud je prihvatio <a href=\"https:\/\/www.theguardian.com\/world\/2017\/nov\/14\/peruvian-farmer-sues-german-energy-giant-rwe-climate-change\">tu\u017ebu peruanskog poljoprivrednika <\/a>protiv energetskog giganta RWE. On tvrdi da RWE mora sudjelovati u tro\u0161kovima za\u0161tite njegovog rodnog grada Huaraza od opasnosti poplave nabujalog gle\u010derskog jezera zbog otopljenog leda i snijega. A na\u0161i kolege iz pravnog tima u Norve\u0161koj tu\u017ee vladu zbog novih naftnih bu\u0161otina na Arktiku, koje potkopavaju Pari\u0161ki sporazum, ali i sam <a href=\"https:\/\/uk.reuters.com\/article\/us-climatechange-accord-lawsuit\/seeking-to-slow-climate-change-lawsuits-look-to-the-constitution-idUKKBN1DD1C7\">norve\u0161ki ustav<\/a>. Pridru\u017eite i svoj glas borbi protiv bu\u0161enja Arktika <a href=\"http:\/\/www.savethearctic.org\/peoplevsarcticoil\/\">ovdje<\/a>.<br \/>\nPobrinut \u0107emo se da svi zaga\u0111iva\u010di odgovaraju za svoje postupke. Provodit \u0107emo \u0161to br\u017ee akcije protiv klimatskih promjena kako bismo sprije\u010dili jo\u0161 ve\u0107u devastaciju. Svijet napreduje u ovoj borbi, ali u utrci smo s vremenom. Vlade i korporacije moraju djelovati mnogo br\u017ee od ovoga \u0161to smo posljednja dva tjedna gledali u Bonnu.<\/p>\n<\/div>\n<div>\n<hr \/>\n<p><em>Daniel Mittler je direktor politi\u010dkog odjela u Greenpeace Internationalu<br \/>\n<\/em><br \/>\n<em><img loading=\"lazy\" decoding=\"async\" src=\"https:\/\/www.greenpeace.org\/static\/planet4-croatia-stateless\/2019\/04\/f529f196-f529f196-gp0str9x5_web_size_with_credit_line-1.jpg\" alt=\"\" width=\"533\" height=\"800\" \/><\/em><\/p>\n<\/div>\n","protected":false},"excerpt":{"rendered":"<div>\n\tSvijet i bez Trumpa napreduje u borbi protiv klimatskih promjena \u2013 premda nedovoljno brzo i odlu\u010dno.\n<\/div>\n","protected":false},"author":1,"featured_media":952,"comment_status":"open","ping_status":"open","sticky":false,"template":"","format":"standard","meta":{"ep_exclude_from_search":false,"p4_og_title":"","p4_og_description":"","p4_og_image":"","p4_og_image_id":"","p4_seo_canonical_url":"","p4_campaign_name":"","p4_local_project":"","p4_basket_name":"","p4_department":"","footnotes":""},"categories":[29],"tags":[23,24,27],"p4-page-type":[16],"class_list":["post-951","post","type-post","status-publish","format-standard","has-post-thumbnail","hentry","category-klima-i-energija","tag-obnovljiviizvori","tag-klimatskepromjene","tag-fosilnagoriva","p4-page-type-blog"],"_links":{"self":[{"href":"https:\/\/www.greenpeace.org\/croatia\/wp-json\/wp\/v2\/posts\/951","targetHints":{"allow":["GET"]}}],"collection":[{"href":"https:\/\/www.greenpeace.org\/croatia\/wp-json\/wp\/v2\/posts"}],"about":[{"href":"https:\/\/www.greenpeace.org\/croatia\/wp-json\/wp\/v2\/types\/post"}],"author":[{"embeddable":true,"href":"https:\/\/www.greenpeace.org\/croatia\/wp-json\/wp\/v2\/users\/1"}],"replies":[{"embeddable":true,"href":"https:\/\/www.greenpeace.org\/croatia\/wp-json\/wp\/v2\/comments?post=951"}],"version-history":[{"count":4,"href":"https:\/\/www.greenpeace.org\/croatia\/wp-json\/wp\/v2\/posts\/951\/revisions"}],"predecessor-version":[{"id":3465,"href":"https:\/\/www.greenpeace.org\/croatia\/wp-json\/wp\/v2\/posts\/951\/revisions\/3465"}],"wp:featuredmedia":[{"embeddable":true,"href":"https:\/\/www.greenpeace.org\/croatia\/wp-json\/wp\/v2\/media\/952"}],"wp:attachment":[{"href":"https:\/\/www.greenpeace.org\/croatia\/wp-json\/wp\/v2\/media?parent=951"}],"wp:term":[{"taxonomy":"category","embeddable":true,"href":"https:\/\/www.greenpeace.org\/croatia\/wp-json\/wp\/v2\/categories?post=951"},{"taxonomy":"post_tag","embeddable":true,"href":"https:\/\/www.greenpeace.org\/croatia\/wp-json\/wp\/v2\/tags?post=951"},{"taxonomy":"p4-page-type","embeddable":true,"href":"https:\/\/www.greenpeace.org\/croatia\/wp-json\/wp\/v2\/p4-page-type?post=951"}],"curies":[{"name":"wp","href":"https:\/\/api.w.org\/{rel}","templated":true}]}}