{"id":956,"date":"2015-12-10T00:00:00","date_gmt":"2015-12-09T23:00:00","guid":{"rendered":"https:\/\/master.k8s.p4.greenpeace.org\/croatia\/press\/956\/otvoreno-pismo-europskoj-komisiji-i-parlamentu-te-ministrima-zastite-okolisa-jadranskih-drzava\/"},"modified":"2019-11-06T10:23:00","modified_gmt":"2019-11-06T08:23:00","slug":"otvoreno-pismo-europskoj-komisiji-i-parlamentu-te-ministrima-zastite-okolisa-jadranskih-drzava","status":"publish","type":"post","link":"https:\/\/www.greenpeace.org\/croatia\/otvoreno-pismo-europskoj-komisiji-i-parlamentu-te-ministrima-zastite-okolisa-jadranskih-drzava\/","title":{"rendered":"Otvoreno pismo Europskoj komisiji i Parlamentu te ministrima za\u0161tite okoli\u0161a jadranskih dr\u017eava"},"content":{"rendered":"<div class=\"leader\">\n<p><em>Koristimo ovaj presudni trenutak, kada se na UN-ovoj Konferenciji o klimatskim promjenama u Parizu odlu\u010duje o budu\u0107nosti planeta, da od vas zatra\u017eimo podr\u0161ku u borbi protiv nastojanja za pretvaranjem Jadranskog mora u istra\u017eiva\u010dko polje plina i nafte.<\/em><\/p>\n<p>&nbsp;<\/p>\n<\/div>\n<p><img loading=\"lazy\" decoding=\"async\" class=\"size-full wp-image-1160\" src=\"https:\/\/www.greenpeace.org\/static\/planet4-croatia-stateless\/2019\/04\/d490e870-gp02zd4.jpg\" alt=\"Oil Rig in Brent Oil Field in North Sea. \u00a9 Karsten Smid \/ Greenpeace\" width=\"1200\" height=\"768\" srcset=\"https:\/\/www.greenpeace.org\/static\/planet4-croatia-stateless\/2019\/04\/d490e870-gp02zd4.jpg 1200w, https:\/\/www.greenpeace.org\/static\/planet4-croatia-stateless\/2019\/04\/d490e870-gp02zd4-300x192.jpg 300w, https:\/\/www.greenpeace.org\/static\/planet4-croatia-stateless\/2019\/04\/d490e870-gp02zd4-768x492.jpg 768w, https:\/\/www.greenpeace.org\/static\/planet4-croatia-stateless\/2019\/04\/d490e870-gp02zd4-1024x655.jpg 1024w, https:\/\/www.greenpeace.org\/static\/planet4-croatia-stateless\/2019\/04\/d490e870-gp02zd4-510x326.jpg 510w\" sizes=\"auto, (max-width: 1200px) 100vw, 1200px\" \/><\/p>\n<div>\n<p>Po\u0161tovani,<\/p>\n<p>Kao mre\u017ea okoli\u0161nih organizacija i inicijativa iz Albanije, Crne Gore, Bosne i Hercegovine, Hrvatske, Slovenije i Italije, ovim otvorenim pismom \u017eelimo usmjeriti va\u0161u pozornost na planove za istra\u017eivanje i eksploataciju ugljikovodika u tom malom, zatvorenom i izrazito osjetljivom moru.<\/p>\n<p>Koristimo ovaj presudni trenutak, kada se na UN-ovoj Konferenciji o klimatskim promjenama u Parizu odlu\u010duje o budu\u0107nosti planeta, da od vas zatra\u017eimo podr\u0161ku u borbi protiv nastojanja za pretvaranjem Jadranskog mora u istra\u017eiva\u010dko polje plina i nafte.<\/p>\n<p>Odluke nacionalnih vlada Italije, Hrvatske, Crne Gore i Albanije za pokretanjem intenzivnog istra\u017eivanja i eksploatacije ugljikovodika u Jadranu je kratkovidna i anakrona i ne uzima u obzir globalna nastojanja da se preusmjeravanjem na obnovljive izvore energije prevlada ovisnost o fosilnim gorivima. Ulaganja u obnovljive izvore energije, dokazano je, poti\u010du istra\u017eivanja, inovacije, novo zapo\u0161ljavanje i odr\u017eivost.<\/p>\n<p>Osim toga, poticanjem istra\u017eivanja i eksploatacije ugljikovodika ugro\u017eavaju se druge gospodarske aktivnosti koje se temelje i razvijaju na morskim resursima, poput turizma i ribarstva, koje dr\u017eimo istinskim izvorom bogatstva na\u0161e regije. Turizam i ribarstvo su osnova odr\u017eive ekonomije kojoj je potrebna va\u0161a podr\u0161ka.<\/p>\n<p>Jadransko je more va\u017ean i izuzetno osjetljiv ekosustav koji treba \u0161tititi i unapre\u0111ivati. Me\u0111utim, ve\u0107 danas imamo 53 koncesije za istra\u017eivanje plina i nafte na talijanskoj i hrvatskoj strani Jadrana, koje se sastoje od 145 odobalnih platformi s preko 400 bu\u0161otina. Ovim brojkama potrebno je pridodati 72 podru\u010dja u kojima vlade planiraju zapo\u010deti s istra\u017eivanjem i eksploatacijom ugljikovodika, a koja se prote\u017eu na 100 tisu\u0107a kvadratnih kilometara.<\/p>\n<p class=\"HTMLPreformatted\">Sli\u010dno tome, razli\u010diti na\u010dini na koje mnoge jadranske zemlje poku\u0161avaju reaktivirati i zapo\u010deti vi\u0161estruke aktivnosti istra\u017eivanja ili poticanja proizvodnje ugljikovodika ne uzimaju u obzir \u2013 ili su u nekim slu\u010dajevima o\u010dito suprotstavljeni \u2013 na\u010delima zacrtanim u nekim od najva\u017enijih europskih direktiva kao \u0161to su Direktiva o sigurnosti odobalnih naftnih i plinskih djelatnosti na moru (2013\/30\/EU), Okvirna <em>direktiva o<\/em> pomorskoj strategiji (2008\/56\/EU) ili Direktiva o uspostavi okvira za prostorno planiranje morskog podru\u010dja (2014 \/89\/EU).<\/p>\n<p>Direktiva o sigurnosti odobalnih naftnih i plinskih djelatnosti na moru (2013\/30\/EU) fokusira se na ja\u010danje uvjeta okoli\u0161ne sigurnosti kada je rije\u010d o djelatnostima u sektoru ugljikovodika. Iako direktiva proizlazi iz nekih od referentnih na\u010dela, uklju\u010duju\u0107i i ono prema kojem velike nesre\u0107e povezane s crpljenjem ugjikovodika na moru mogu imati ozbiljne i nepovratne posljedice na morski i obalni okoli\u0161, ona podsje\u0107a na va\u017enost procjene u\u010dinaka ovih djelatnosti u ranim fazama istra\u017eivanja. Zato ova direktiva predvi\u0111a niz procjena i provjera koje se moraju provesti tijekom faza izdavanja dozvola i provo\u0111enja djelatnosti u sektoru ugljikovodika, kao i sigurnosne mjere za postoje\u0107e aktivnosti, pa i one prekograni\u010dne prirode, ako bi posljedice mogle utjecati na vi\u0161e zemalja, kao \u0161to je to slu\u010daj Jadranskog mora.<\/p>\n<p>Okvirna <em>direktiva o<\/em> pomorskoj strategiji (2008\/56\/EU) nastoji posti\u0107i dobro stanje morskog okoli\u0161a najkasnije do 2020. odnosno \u201cstanje okoli\u0161a u morskim vodama u kojem su oceani i mora o\u010duvani, ekolo\u0161ki raznoliki i dinami\u010dni, te su \u010disti, zdravi i produktivni u svojim prirodnim uvjetima, a kori\u0161tenje morskoga okoli\u0161a na odr\u017eivoj je razini, \u010dime se \u010duva potencijal za kori\u0161tenje i aktivnosti sada\u0161njih i budu\u0107ih generacija\u201d. Nadalje, Okvirna direktiva tako\u0111er predvi\u0111a procjenu kumulativnih u\u010dinaka svih aktivnosti za integralno upravljanje obalnim podru\u010djima.<\/p>\n<p>Direktiva o uspostavi okvira za prostorno planiranje morskog podru\u010dja (2014 \/89\/EU) odnosi se na proces u kojem nadle\u017ena tijela relevantne dr\u017eave \u010dlanice analiziraju i organiziraju ljudske aktivnosti u morskim podru\u010djima radi ostvarivanja ekolo\u0161kih, gospodarskih i socijalnih ciljeva. Ova direktiva nagla\u0161ava va\u017enost ve\u0107e prekograni\u010dne suradnje i uklju\u010divanje \u201cdionika u upravljanje pomorskim aktivnostima na transparentan na\u010din.\u201d<\/p>\n<p class=\"HTMLPreformatted\">U svjetlu svega dosad napisanog, a u interesu gra\u0111ana koje predstavljate, molimo vas da postanete promotori konkretnih akcija za za\u0161titu Jadranskog mora, i izvan teritorijalnih granica va\u0161ih dr\u017eava, te da se obve\u017eete na:<\/p>\n<p>\u2013 Zaustavljanje crpljenja nafte, kao i svih povezanih tra\u017eenja i istra\u017eivanja mineralnih le\u017ei\u0161ta u Jadranskom moru i odabir druga\u010dijeg gospodarskog, socijalnog i okoli\u0161nog modela razvoja;<\/p>\n<p>\u2013 Na to da \u0107ete u svim slu\u010dajevima zatra\u017eiti pokretanje postupka prekograni\u010dne procjene utjecaja na okoli\u0161, koji uklju\u010duje sve obalne zemlje, kako bi se procijenili kumulativni u\u010dinci aktivnosti tra\u017eenja, istra\u017eivanja i eksploatacije ugljikovodika. Postupak je do dana\u0161njeg dana pokrenula isklju\u010divo Hrvatska;<\/p>\n<p>\u2013 Promicanje gospodarstva koje nije ovisno o eksploataciji ugljikovodika i promicanje odr\u017eive, djelotvorne i obnovljive energetske budu\u0107nosti, koja otvara perspektivu za nove industrijske sektore sa zna\u010dajnim pozitivnim u\u010dincima na zapo\u0161ljavanje, kao i za okoli\u0161;<\/p>\n<p>\u2013 Za\u0161titu iznimno bogate bioraznolikosti Jadranskog mora i o\u017eivljavanje gospodarstva povezanog s odr\u017eivim ribarstvom koje izbjegava eksploataciju vrsta pogo\u0111enih padom brojnosti populacija te promociju novog koncepta turizma povezanog s morem, koji u odr\u017eivosti okoli\u0161a pronalazi svoj ponos i snagu.<\/p>\n<p class=\"HTMLPreformatted1\">U svjetlu Konferencije o klimatskim promjenama u Parizu, koja je u tijeku, na kojoj vlade iz cijeloga svijeta kreiraju viziju o napu\u0161tanju upotrebe fosilnih goriva i prihva\u0107aju obnovljivu energetsku budu\u0107nost, pozivamo vas da u okviru va\u0161ih nadle\u017enosti poduzmete radnje za za\u0161titu Jadranskog mora, njegovih ekosustava i ljudi \u010dija svakodnevna egzistencija ovisi o Jadranu zaustavljanjem aktivnosti istra\u017eivanja i eksploatacije nafte i plina.<\/p>\n<p class=\"HTMLPreformatted1\">S po\u0161tovanjem,<\/p>\n<p class=\"HTMLPreformatted1\">Platformu Jedan Jadran \u010dine: hrvatska platforma S.O.S. za Jadran (Zelena akcija\/Friends of the Earth Croatia, Sunce, Zelena Istra , \u017dmergo, BIOM, Greenpeace i WWF Adria),\u00a0 Legambiente (IT), Focus (SLO), WWF\/INCA (AL), Centar za \u017eivotnu sredinu (BiH), Green Home (MN), MedCEM (MN)<\/p>\n<p class=\"Default\" align=\"right\"><strong>UPU\u0106ENO<\/strong><\/p>\n<p class=\"Default\" align=\"right\"><strong>Europskoj komisiji<\/strong><\/p>\n<p class=\"Default\" align=\"right\">Predsjednik Jean-Claude Juncker<\/p>\n<p class=\"Default\" align=\"right\">Prvi potpredsjednik Frans <em>Timmermans<\/em><\/p>\n<p class=\"Default\" align=\"right\"><em>Povjerenik za okoli\u0161, pomorstvo i ribarstvo Karmenu Vella<\/em><\/p>\n<p class=\"Default\" align=\"right\"><em><strong>Europskom parlamentu<\/strong><\/em><\/p>\n<p class=\"Default\" align=\"right\">Predsjednik Martin Schulz<\/p>\n<p class=\"Default\" align=\"right\">Odbor za okoli\u0161 javno zdravlje i sigurnost hrane<\/p>\n<p class=\"Default\" align=\"right\">Predsjednik Giovanni La Via<\/p>\n<p align=\"right\"><strong>Republici Italiji<\/strong><\/p>\n<p align=\"right\">Ministarstvo okoli\u0161a i za\u0161tite teritorija i mora<\/p>\n<p align=\"right\">Ministar Gianluca Galletti<\/p>\n<p align=\"right\"><strong style=\"text-align: left;\">Republici Albaniji<\/strong><\/p>\n<p align=\"right\"><em>Ministarstvo za\u0161tite okoli\u0161a<\/em><\/p>\n<p align=\"right\">Ministar Lefter Koka<\/p>\n<p align=\"right\"><strong>Republici Sloveniji<\/strong><\/p>\n<p align=\"right\"><em>Ministarstvo<\/em> za za\u0161titu <em>okoli\u0161a i prostornog ure\u0111enja<\/em><\/p>\n<p align=\"right\">\u00a0\u00a0 Ministrica Irena Majcen<\/p>\n<p align=\"right\"><strong>Bosni i Hercegovini<\/strong><\/p>\n<p align=\"right\">Vlada Republike Srpske, Ministarstvo za prostorno ure\u0111enje, gra\u0111evinarstvo i ekologiju<\/p>\n<p align=\"right\">Ministrica Srebrenka Goli\u0107<\/p>\n<p align=\"right\">Vlada Federacije Bosne i Hercegovine, Ministarstvo okoli\u0161a i turizma<\/p>\n<p align=\"right\">Ministrica Edita \u0110apo<\/p>\n<p align=\"right\">Ministarstvo vanjske trgovine i ekonomskih odnosa<\/p>\n<p align=\"right\">Ministar Mirko \u0160arovi\u0107<\/p>\n<p align=\"right\"><strong>Republici Hrvatskoj<\/strong><\/p>\n<p align=\"right\">Ministarstvo za\u0161tite okoli\u0161a i prirode<\/p>\n<p align=\"right\">Ministar Mihael Zmajlovi\u0107<\/p>\n<p align=\"right\"><strong>Republici Crnoj Gori<\/strong><\/p>\n<p align=\"right\">Ministarstvo odr\u017eivog razvoja i turizma<\/p>\n<p align=\"right\">Ministar Branimir Gvozdenovi\u0107<\/p>\n<\/div>\n","protected":false},"excerpt":{"rendered":"<div>\n\tKoristimo ovaj presudni trenutak, kada se na UN-ovoj Konferenciji o klimatskim promjenama u Parizu odlu\u010duje o budu\u0107nosti planeta, da od vas zatra\u017eimo podr\u0161ku u borbi protiv nastojanja za pretvaranjem Jadranskog mora u istra\u017eiva\u010dko polje plina i nafte.<\/p>\n<\/div>\n","protected":false},"author":1,"featured_media":1160,"comment_status":"open","ping_status":"open","sticky":false,"template":"","format":"standard","meta":{"ep_exclude_from_search":false,"p4_og_title":"","p4_og_description":"","p4_og_image":"","p4_og_image_id":"","p4_seo_canonical_url":"","p4_campaign_name":"","p4_local_project":"","p4_basket_name":"","p4_department":"","footnotes":""},"categories":[29],"tags":[27],"p4-page-type":[46],"class_list":["post-956","post","type-post","status-publish","format-standard","has-post-thumbnail","hentry","category-klima-i-energija","tag-fosilnagoriva","p4-page-type-vijest"],"_links":{"self":[{"href":"https:\/\/www.greenpeace.org\/croatia\/wp-json\/wp\/v2\/posts\/956","targetHints":{"allow":["GET"]}}],"collection":[{"href":"https:\/\/www.greenpeace.org\/croatia\/wp-json\/wp\/v2\/posts"}],"about":[{"href":"https:\/\/www.greenpeace.org\/croatia\/wp-json\/wp\/v2\/types\/post"}],"author":[{"embeddable":true,"href":"https:\/\/www.greenpeace.org\/croatia\/wp-json\/wp\/v2\/users\/1"}],"replies":[{"embeddable":true,"href":"https:\/\/www.greenpeace.org\/croatia\/wp-json\/wp\/v2\/comments?post=956"}],"version-history":[{"count":4,"href":"https:\/\/www.greenpeace.org\/croatia\/wp-json\/wp\/v2\/posts\/956\/revisions"}],"predecessor-version":[{"id":1452,"href":"https:\/\/www.greenpeace.org\/croatia\/wp-json\/wp\/v2\/posts\/956\/revisions\/1452"}],"wp:featuredmedia":[{"embeddable":true,"href":"https:\/\/www.greenpeace.org\/croatia\/wp-json\/wp\/v2\/media\/1160"}],"wp:attachment":[{"href":"https:\/\/www.greenpeace.org\/croatia\/wp-json\/wp\/v2\/media?parent=956"}],"wp:term":[{"taxonomy":"category","embeddable":true,"href":"https:\/\/www.greenpeace.org\/croatia\/wp-json\/wp\/v2\/categories?post=956"},{"taxonomy":"post_tag","embeddable":true,"href":"https:\/\/www.greenpeace.org\/croatia\/wp-json\/wp\/v2\/tags?post=956"},{"taxonomy":"p4-page-type","embeddable":true,"href":"https:\/\/www.greenpeace.org\/croatia\/wp-json\/wp\/v2\/p4-page-type?post=956"}],"curies":[{"name":"wp","href":"https:\/\/api.w.org\/{rel}","templated":true}]}}