{"id":976,"date":"2018-07-30T00:00:00","date_gmt":"2018-07-29T23:00:00","guid":{"rendered":"https:\/\/master.k8s.p4.greenpeace.org\/croatia\/press\/976\/plastika-koju-vidimo-na-plazama-samo-je-5-oneciscenja-mora\/"},"modified":"2023-12-20T16:31:12","modified_gmt":"2023-12-20T14:31:12","slug":"plastika-koju-vidimo-na-plazama-samo-je-5-oneciscenja-mora","status":"publish","type":"post","link":"https:\/\/www.greenpeace.org\/croatia\/plastika-koju-vidimo-na-plazama-samo-je-5-oneciscenja-mora\/","title":{"rendered":"Plastika koju vidimo na pla\u017eama samo je 5% one\u010di\u0161\u0107enja mora"},"content":{"rendered":"<h3 class=\"leader\">Predstavnici Greenpeacea pridru\u017eili su se ovoga vikenda akciji \u010di\u0161\u0107enja uvale Tarej, u organizaciji udruge TERRA HUB, uz potporu Grada Cresa i inicijative Zero Waste Croatia. Od velike koli\u010dine prikupljenog plasti\u010dnog otpada simboli\u010dno su predstavili instalaciju dupina koji je omiljeni stanovnik cresko-lo\u0161injskog akvatorija, a ugro\u017een je rastu\u0107om koli\u010dinom plastike u moru. U gradu Cresu organizirane su edukativne radionice za djecu, a prolaznici su se mogli informirati, izra\u010dunati vlastiti plasti\u010dni otisak i potpisati peticiju protiv plastike za jednokratnu upotrebu.<\/h3>\n<div>\n<p><img loading=\"lazy\" decoding=\"async\" src=\"https:\/\/www.greenpeace.org\/static\/planet4-croatia-stateless\/2019\/04\/a77f5c9d-a77f5c9d-greenpeace-tomi-bandera-ani\u0107-1.jpg\" alt=\"\" width=\"600\" height=\"450\" \/><\/p>\n<p>\u0160okantne studije procjenjuju da u mora i oceane ulazi do <a href=\"https:\/\/www.greenpeace.org\/croatia\/hr\/Kutak_za_medije\/_publikacije\/Sredozemlje-zatrpano-plastikom-\/\">12,7 milijuna tona plastike<\/a>, odnosno jedan kamion plastike svake minute, a da bi se do 2050. godine 12 milijardi tona plasti\u010dnog otpada moglo na\u0107i u okoli\u0161u.<\/p>\n<p><img loading=\"lazy\" decoding=\"async\" src=\"https:\/\/www.greenpeace.org\/static\/planet4-croatia-stateless\/2019\/04\/bc5f4db7-bc5f4db7-greenpeace-hrvoje-\u0160imi\u0107-3.jpg\" alt=\"\" width=\"600\" height=\"400\" \/><\/p>\n<p>\u201eMi smo u samo dva dana na jednoj pla\u017ei na Cresu prikupili 3 velika kontejnera plasti\u010dnog otpada. Zamislite onda koliko se prikupi na Jadranu godi\u0161nje, a koliko tek na svim pla\u017eama svijeta. Na\u017ealost, istra\u017eivanja pokazuju da 94% plastike koja dospijeva u mora i oceane potone na dno. Tek 1% pluta na povr\u0161ini, a ono \u0161to vidimo na pla\u017eama i uvalama samo je 5% plastike koja je zavr\u0161ila u morima i oceanima,\u201c poru\u010dila je Petra Andri\u0107, voditeljica kampanje u Greenpeaceu.<\/p>\n<p>Znanstvenici su dokumentirali \u010dak 700 morskih vrsta pogo\u0111enih najezdom plastike. \u010cak 9 od 10 ptica koje \u017eive uz more, 1 od 3 morske kornja\u010de i vi\u0161e od polovice jedinki kitova i dupina unijelo je plastiku u probavni sustav.<\/p>\n<p><img loading=\"lazy\" decoding=\"async\" src=\"https:\/\/www.greenpeace.org\/static\/planet4-croatia-stateless\/2019\/04\/cbf4c778-cbf4c778-greenpeace-2.jpg\" alt=\"A bottle nose dolphin swims off the starboard side of the Greenpeace ship, MY Arctic Sunrise, in the waters in the Gulf of Mexico, Sept. 13, 2010. Greenpeace, partnered with teams of independent scientists, has been investigating the environmental effects of the oil spill and toxic dispersants used to break up the four million barrels of crude oil spilled in the worst environmental disaster in United States history. Photo by Mannie Garcia\/Greenpeace\" width=\"600\" height=\"373\" \/><\/p>\n<p>Svima omiljeni morski sisavac \u2013 dupin, tako\u0111er trpi posljedice one\u010di\u0161\u0107enja mora. \u201eJednom kad dospije u okoli\u0161, plastika se raspada na sitne dijelove koje \u017eivotinje zamjene za hranu, progutaju ih i zbog toga \u010desto obolijevaju i ugibaju. Na creskoj pla\u017ei prona\u0111ene su velike koli\u010dine mikroplastike koju je gotovo nemogu\u0107e ukloniti. Potrebno je hitno zaustaviti dotok plastike u mora, a plastiku za jednokratnu upotrebu vi\u0161e jednostavno ne smijemo koristiti\u201c, apelira Andri\u0107. Kako bi naglasili odgovornost korporacija, volonteri su prikupljeni otpad razvrstali prema robnim markama.<\/p>\n<p><img loading=\"lazy\" decoding=\"async\" src=\"https:\/\/www.greenpeace.org\/static\/planet4-croatia-stateless\/2019\/04\/3b24c336-3b24c336-greenpeace-petra-andri\u0107-11.jpg\" alt=\"\" width=\"600\" height=\"400\" \/><\/p>\n<p>Ispred udruge TERRA HUB, edukativne radionice za djecu odr\u017eao je Marko Capek, poznat po tome \u0161to ve\u0107 vi\u0161e od godinu dana<a href=\"https:\/\/www.jutarnji.hr\/vijesti\/hrvatska\/varazdinac-vec-365-dana-zivi-bez-plastike-ne-koristim-vrecice-sa-staklenkama-idem-po-hranu-u-rinfuzi-a-zbog-ambalaze-izradujem-i-svoju-kozmetiku\/7394250\/\"> \u017eivi bez kori\u0161tenja plastike<\/a>. \u201cOva akcija je dio ve\u0107e pri\u010de pod nazivom Izazov: Ne\u0107emo plasti\u010dni Jadran \u2013 Cres u akciji. Jedan od \u010destih uzroka pretjerane konzumacije i kori\u0161tenja plastike je neinformiranost i neznanje koliko je plastika veliki problem za okoli\u0161. Ovom akcijom, kroz edukaciju i radionice, \u017eelimo potaknuti promjenu \u017eivotnih navika jer na\u0161 dom nije samo na\u0161 stan ili ku\u0107a, nego sve \u0161to nas okru\u017euje. Do kraja godine na Cresu \u0107e udruga TERRA HUB provesti edukaciju djece u \u0161koli Fran Petri\u0107 te odr\u017eati edukativne radionice ugostiteljima, trgovcima i iznajmljiva\u010dima. Sve u svrhu smanjenja konzumacije plastike na otoku te zamjene lo\u0161ih oblika plastike ekolo\u0161ki prihvatljivim i kompostabilnim rje\u0161enjima. Pozivamo sve zainteresirane da prihvate izazov pronala\u017eenja rje\u0161enja i da se uklju\u010de u <a href=\"http:\/\/terrahub.eu\/apc\/\">Adriatic Plastic Challenge<\/a>.<\/p>\n<p>Instalacija dupina od plasti\u010dnog otpada izvedba je <a href=\"https:\/\/www.artitude.com.hr\/\" target=\"_blank\" rel=\"noopener noreferrer\">Artitude<\/a> (Adriana Tanfara).<\/p>\n<p><img loading=\"lazy\" decoding=\"async\" src=\"https:\/\/www.greenpeace.org\/static\/planet4-croatia-stateless\/2019\/04\/e0296e38-e0296e38-greenpeace-petra-andri\u0107-12-1.jpg\" alt=\"\" width=\"600\" height=\"400\" \/><\/p>\n<p><img loading=\"lazy\" decoding=\"async\" src=\"https:\/\/www.greenpeace.org\/static\/planet4-croatia-stateless\/2019\/04\/94a54cd4-94a54cd4-greenpeace-matej-kozi\u0107.jpg\" alt=\"\" width=\"600\" height=\"400\" \/><\/p>\n<p><img loading=\"lazy\" decoding=\"async\" src=\"https:\/\/www.greenpeace.org\/static\/planet4-croatia-stateless\/2019\/04\/7cd42ac8-7cd42ac8-greenpeace-hrvoje-\u0160imi\u0107-1-1.jpg\" alt=\"\" width=\"600\" height=\"400\" \/><\/p>\n<\/div>\n","protected":false},"excerpt":{"rendered":"<div>\n\tPredstavnici Greenpeacea pridru\u017eili su se ovoga vikenda akciji \u010di\u0161\u0107enja uvale Tarej, u organizaciji udruge TERRA HUB, uz potporu Grada Cresa i inicijative Zero Waste Croatia. Od velike koli\u010dine prikupljenog plasti\u010dnog otpada simboli\u010dno su predstavili instalaciju dupina koji je omiljeni stanovnik cresko-lo\u0161injskog akvatorija, a ugro\u017een je rastu\u0107om koli\u010dinom plastike u moru. U gradu Cresu organizirane su edukativne radionice za djecu, a prolaznici su se mogli informirati, izra\u010dunati vlastiti plasti\u010dni otisak  i  potpisati peticiju protiv plastike za jednokratnu upotrebu.\n<\/div>\n","protected":false},"author":1,"featured_media":978,"comment_status":"open","ping_status":"open","sticky":false,"template":"","format":"standard","meta":{"ep_exclude_from_search":false,"p4_og_title":"","p4_og_description":"","p4_og_image":"","p4_og_image_id":"","p4_seo_canonical_url":"","p4_campaign_name":"","p4_local_project":"","p4_basket_name":"","p4_department":"","footnotes":""},"categories":[31],"tags":[22,25],"p4-page-type":[14],"class_list":["post-976","post","type-post","status-publish","format-standard","has-post-thumbnail","hentry","category-ne-plastici","tag-jednokratnaplastika","tag-jadranbezplastike","p4-page-type-pr"],"_links":{"self":[{"href":"https:\/\/www.greenpeace.org\/croatia\/wp-json\/wp\/v2\/posts\/976","targetHints":{"allow":["GET"]}}],"collection":[{"href":"https:\/\/www.greenpeace.org\/croatia\/wp-json\/wp\/v2\/posts"}],"about":[{"href":"https:\/\/www.greenpeace.org\/croatia\/wp-json\/wp\/v2\/types\/post"}],"author":[{"embeddable":true,"href":"https:\/\/www.greenpeace.org\/croatia\/wp-json\/wp\/v2\/users\/1"}],"replies":[{"embeddable":true,"href":"https:\/\/www.greenpeace.org\/croatia\/wp-json\/wp\/v2\/comments?post=976"}],"version-history":[{"count":4,"href":"https:\/\/www.greenpeace.org\/croatia\/wp-json\/wp\/v2\/posts\/976\/revisions"}],"predecessor-version":[{"id":3491,"href":"https:\/\/www.greenpeace.org\/croatia\/wp-json\/wp\/v2\/posts\/976\/revisions\/3491"}],"wp:featuredmedia":[{"embeddable":true,"href":"https:\/\/www.greenpeace.org\/croatia\/wp-json\/wp\/v2\/media\/978"}],"wp:attachment":[{"href":"https:\/\/www.greenpeace.org\/croatia\/wp-json\/wp\/v2\/media?parent=976"}],"wp:term":[{"taxonomy":"category","embeddable":true,"href":"https:\/\/www.greenpeace.org\/croatia\/wp-json\/wp\/v2\/categories?post=976"},{"taxonomy":"post_tag","embeddable":true,"href":"https:\/\/www.greenpeace.org\/croatia\/wp-json\/wp\/v2\/tags?post=976"},{"taxonomy":"p4-page-type","embeddable":true,"href":"https:\/\/www.greenpeace.org\/croatia\/wp-json\/wp\/v2\/p4-page-type?post=976"}],"curies":[{"name":"wp","href":"https:\/\/api.w.org\/{rel}","templated":true}]}}