{"id":990,"date":"2014-03-14T00:00:00","date_gmt":"2014-03-13T23:00:00","guid":{"rendered":"https:\/\/master.k8s.p4.greenpeace.org\/croatia\/press\/990\/policija-u-italiji-preuzela-temoelektranu-na-ugljen-zbog-zagadenja-i-pokrenula-istragu-protiv-odgovornih\/"},"modified":"2023-12-20T13:11:54","modified_gmt":"2023-12-20T11:11:54","slug":"policija-u-italiji-preuzela-temoelektranu-na-ugljen-zbog-zagadenja-i-pokrenula-istragu-protiv-odgovornih","status":"publish","type":"post","link":"https:\/\/www.greenpeace.org\/croatia\/policija-u-italiji-preuzela-temoelektranu-na-ugljen-zbog-zagadenja-i-pokrenula-istragu-protiv-odgovornih\/","title":{"rendered":"Policija u Italiji preuzela temoelektranu na ugljen zbog zaga\u0111enja i pokrenula istragu protiv odgovornih"},"content":{"rendered":"<h3 class=\"leader\">U utorak 11.03. policija je preuzela termoelektranu (TE) na ugljen u vlasni\u0161tvu tvrtke \u201eTirreno Power\u201c u mjestu Vado Ligure na sjeverozapadu Italije, nakon \u0161to je sud u Savoni uva\u017eio zahtjev Tu\u017eiteljstva za zatvaranje TE. Tako\u0111er, Tu\u017eiteljstvo je pokrenulo istragu protiv biv\u0161eg i sada\u0161njeg direktora TE zbog ekolo\u0161ke katastrofe i kaznenog djela sa smrtnim posljedicama.<\/h3>\n<div>\n<p>Tu\u017eiteljstvo tvrdi kako je zbog rada ove TE na ugljen u periodu izme\u0111u 2000. i 2007. do\u0161lo do 442 smrtna slu\u010daja, gotovo 2.000 slu\u010dajeva hospitalizacije odraslih zbog respiratornih i kardiovaskularnih bolesti te 450 slu\u010dajeva hospitalizacije djece zbog respiratornih bolesti i napadaja astme izme\u0111u 2005. i 2012. Utvr\u0111eno je kako rad TE nije bio uskla\u0111en s pojedinim odredbama o za\u0161titi okoli\u0161a te da je postojao manjkav sustav nadzora rada.<\/p>\n<p>Pozitivno je u ovom slu\u010daj da je sud u Italiji shvatio da zaga\u0111enje ubija ljude, da je netko odgovoran za to i da istragom treba utvrditi identitet odgovornih te ih kazniti. Uvjereni smo da \u0107emo ubudu\u0107e taj pristup sve \u010de\u0161\u0107e vidjeti u Europi.<\/p>\n<p>TE u Vado Ligure nije jedina protiv koje je pokrenut postupak pred talijanskim sudovima zbog \u0161teta po zdravlje i okoli\u0161. Na sudu u Rovigu je i Enel, talijanski energetski gigant, zbog emisija termoelektrane u mjestu Porto Tolle. Tu\u017eitelji \u2013 Dr\u017eavno odvjetni\u0161tvo, ministarstva zdravlja i okoli\u0161a zajedno s organizacijama za za\u0161titu okoli\u0161a pokrenuli su postupak zbog, kako je navedeno u tu\u017ebi, \u201cokoli\u0161ne katastrofe\u201d. Dr\u017eavno odvjetni\u0161tvo zatra\u017eilo je od nacionalnog Instituta za za\u0161titu i istra\u017eivanje okoli\u0161a (ISPRA) vje\u0161ta\u010denje \u0161teta koje je prouzrokovala termoelektrana. U sije\u010dnju 2014. objavljeni su rezultati ekspertize \u2013 procijenjeno je da je dr\u017eava pretrpjela 3,6 milijardi eura \u0161tete zbog okoli\u0161nih i zdravstvenih posljedica emisija termoelektrane te je to i iznos naknade za \u0161tetu koja se u sudskom postupku zahtijeva od Enela. Zdravstvene \u0161tete procijenjene su na 2,6 milijardi eura i odnose se na preuranjene smrti i zdravstvene pote\u0161ko\u0107e pogo\u0111enog stanovni\u0161tva, naro\u010dito djece, a preostali se iznos odnosi na \u0161tete u okoli\u0161u.<\/p>\n<p>Ovi slu\u010dajevi su va\u017ena lekcija za sve zaga\u0111iva\u010de u Hrvatskoj, a osobito za HEP i novoosnovanu tvrtku \u201eLuka Plo\u010de energija\u201c koji \u017eele graditi TE na ugljen u Plominu i u Plo\u010dama.<\/p>\n<p>Valja podsjetiti kako je Greenpeace na prolje\u0107e pro\u0161le godine objavio analizu vanjskih tro\u0161kova TE \u201ePlomin C\u201c, gdje je zaklju\u010dak bio:<br \/>\n\u2013 One\u010di\u0161\u0107enje zraka uzrokovat \u0107e preranu smrt oko 17 ljudi na godinu. Uz o\u010dekivani vijek trajanja od 40 godina \u201ePlomin C\u201c statisti\u010dki \u0107e biti odgovoran za \u010dak 680 smrtnih slu\u010dajeva.<br \/>\n\u2013\u00a0 \u201ePlomin C\u201c \u0107e svake godine u prosjeku uzrokovati 2.671 napadaj astme<br \/>\n\u2013 Ukupno se procjenjuje gubitak od 3.970 radnih dana na godinu zbog bolesti.<\/p>\n<p>Nadamo se da \u0107e na sli\u010dan na\u010din i hrvatski sudovi po\u010deti uva\u017eavati \u010dinjenicu da je zaga\u0111ivanje okoli\u0161a zlo\u010din, da odgovorni trebaju biti ka\u017enjeni te da se izgradnja planiranih \u0161tetnih projekata treba onemogu\u0107iti.<\/p>\n<\/div>\n<p><a href=\"\/croatia\/Global\/slovenia\/Priop%c4%87enje%20Vado%20Ligure.pdf\" target=\"_blank\" rel=\"noopener noreferrer\">Priop\u0107enje Vado Ligure<\/a><\/p>\n","protected":false},"excerpt":{"rendered":"<div>\n\tSvim medijima\n<\/div>\n","protected":false},"author":1,"featured_media":1194,"comment_status":"open","ping_status":"open","sticky":false,"template":"","format":"standard","meta":{"ep_exclude_from_search":false,"p4_og_title":"","p4_og_description":"","p4_og_image":"","p4_og_image_id":"","p4_seo_canonical_url":"","p4_campaign_name":"","p4_local_project":"","p4_basket_name":"","p4_department":"","footnotes":""},"categories":[29],"tags":[27],"p4-page-type":[14],"class_list":["post-990","post","type-post","status-publish","format-standard","has-post-thumbnail","hentry","category-klima-i-energija","tag-fosilnagoriva","p4-page-type-pr"],"_links":{"self":[{"href":"https:\/\/www.greenpeace.org\/croatia\/wp-json\/wp\/v2\/posts\/990","targetHints":{"allow":["GET"]}}],"collection":[{"href":"https:\/\/www.greenpeace.org\/croatia\/wp-json\/wp\/v2\/posts"}],"about":[{"href":"https:\/\/www.greenpeace.org\/croatia\/wp-json\/wp\/v2\/types\/post"}],"author":[{"embeddable":true,"href":"https:\/\/www.greenpeace.org\/croatia\/wp-json\/wp\/v2\/users\/1"}],"replies":[{"embeddable":true,"href":"https:\/\/www.greenpeace.org\/croatia\/wp-json\/wp\/v2\/comments?post=990"}],"version-history":[{"count":5,"href":"https:\/\/www.greenpeace.org\/croatia\/wp-json\/wp\/v2\/posts\/990\/revisions"}],"predecessor-version":[{"id":3439,"href":"https:\/\/www.greenpeace.org\/croatia\/wp-json\/wp\/v2\/posts\/990\/revisions\/3439"}],"wp:featuredmedia":[{"embeddable":true,"href":"https:\/\/www.greenpeace.org\/croatia\/wp-json\/wp\/v2\/media\/1194"}],"wp:attachment":[{"href":"https:\/\/www.greenpeace.org\/croatia\/wp-json\/wp\/v2\/media?parent=990"}],"wp:term":[{"taxonomy":"category","embeddable":true,"href":"https:\/\/www.greenpeace.org\/croatia\/wp-json\/wp\/v2\/categories?post=990"},{"taxonomy":"post_tag","embeddable":true,"href":"https:\/\/www.greenpeace.org\/croatia\/wp-json\/wp\/v2\/tags?post=990"},{"taxonomy":"p4-page-type","embeddable":true,"href":"https:\/\/www.greenpeace.org\/croatia\/wp-json\/wp\/v2\/p4-page-type?post=990"}],"curies":[{"name":"wp","href":"https:\/\/api.w.org\/{rel}","templated":true}]}}