{"id":10557,"date":"2020-05-11T09:57:55","date_gmt":"2020-05-11T07:57:55","guid":{"rendered":"https:\/\/www.greenpeace.org\/czech\/?p=10557"},"modified":"2021-08-26T10:41:56","modified_gmt":"2021-08-26T09:41:56","slug":"10-online-tipu-kde-se-dozvis-zajimavosti-o-prirode","status":"publish","type":"post","link":"https:\/\/www.greenpeace.org\/czech\/clanek\/10557\/10-online-tipu-kde-se-dozvis-zajimavosti-o-prirode\/","title":{"rendered":"10 online tip\u016f, kde se dozv\u00ed\u0161 zaj\u00edmavosti o p\u0159\u00edrod\u011b"},"content":{"rendered":"\n<p><strong>Ot\u00e1zka ekologie a ochrany \u017eivotn\u00edho prost\u0159ed\u00ed je v dne\u0161n\u00ed dob\u011b \u017ehav\u00fdm t\u00e9matem. V sou\u010dasn\u00e9 \u00e9\u0159e internetu je snadn\u00e9 si o dan\u00e9 problematice naj\u00edt mnoho informac\u00ed, a to b\u011bhem p\u00e1r vte\u0159in. To s sebou v\u0161ak p\u0159in\u00e1\u0161\u00ed i svou stinnou str\u00e1nku, kterou je informa\u010dn\u00ed p\u0159ehlcen\u00ed a dezinformace.&nbsp;<\/strong><\/p>\n\n<p>Nep\u0159ebern\u00e9 mno\u017estv\u00ed rozd\u00edln\u00fdch zpr\u00e1v, kter\u00e9 se na n\u00e1s val\u00ed ze v\u0161ech stran, m\u016f\u017ee b\u00fdt pro \u010dlov\u011bka matouc\u00ed a \u010dasto i demotivuj\u00edc\u00ed. Kde tedy hledat relevantn\u00ed zdroje a jak\u00e9 mo\u017enosti n\u00e1m nab\u00edz\u00ed online sv\u011bt z hlediska environment\u00e1ln\u00edho vzd\u011bl\u00e1v\u00e1n\u00ed?&nbsp;<\/p>\n\n<p>Tyto ot\u00e1zky byly d\u016fvodem, pro\u010d jsme se my, lekto\u0159i a lektorky ze vzd\u011bl\u00e1vac\u00edho programu Greenspeakers a p\u0159edev\u0161\u00edm nad\u0161enci se z\u00e1jmem o \u017eivotn\u00ed prost\u0159ed\u00ed, rozhodli sepsat tento&nbsp;\u010dl\u00e1nek, a poskytnout tak pr\u016fvodce spletitou informa\u010dn\u00ed d\u017eungl\u00ed. Vybrali jsme pro tebe zaj\u00edmav\u00e9 platformy, kde lze z\u00edskat kvalitn\u00ed informace, a to \u010dasto z\u00e1bavnou formou.&nbsp;&nbsp;<\/p>\n\n<figure class=\"wp-block-image size-large caption-style-medium caption-alignment-center\"><img loading=\"lazy\" decoding=\"async\" width=\"1024\" height=\"683\" src=\"https:\/\/www.greenpeace.org\/static\/planet4-czech-republic-stateless\/2020\/05\/67b28d2e-uvodka-1024x683.jpg\" alt=\"\" class=\"wp-image-10558\" srcset=\"https:\/\/www.greenpeace.org\/static\/planet4-czech-republic-stateless\/2020\/05\/67b28d2e-uvodka-1024x683.jpg 1024w, https:\/\/www.greenpeace.org\/static\/planet4-czech-republic-stateless\/2020\/05\/67b28d2e-uvodka-300x200.jpg 300w, https:\/\/www.greenpeace.org\/static\/planet4-czech-republic-stateless\/2020\/05\/67b28d2e-uvodka-768x512.jpg 768w, https:\/\/www.greenpeace.org\/static\/planet4-czech-republic-stateless\/2020\/05\/67b28d2e-uvodka-1536x1024.jpg 1536w, https:\/\/www.greenpeace.org\/static\/planet4-czech-republic-stateless\/2020\/05\/67b28d2e-uvodka-2048x1366.jpg 2048w, https:\/\/www.greenpeace.org\/static\/planet4-czech-republic-stateless\/2020\/05\/67b28d2e-uvodka-510x340.jpg 510w\" sizes=\"auto, (max-width: 1024px) 100vw, 1024px\" \/><figcaption>Pom\u016f\u017eeme ti proplout internetem a naj\u00edt zaj\u00edmav\u00e9 vzd\u011bl\u00e1vac\u00ed projekty. (c) PXhere.com<\/figcaption><\/figure>\n\n<p><\/p>\n\n<p>Pro u\u010ditele, u\u010ditelky, lektory a lektorky i pro jak\u00e9koli nad\u0161ence o problematiku \u017eivotn\u00edho prost\u0159ed\u00ed jsme prohledali virtu\u00e1ln\u00ed mo\u017enosti, jak na dan\u00e1 t\u00e9mata z\u00edskat informace a materi\u00e1ly. Vych\u00e1zeli jsme zejm\u00e9na z \u010desk\u00fdch zdroj\u016f a ze z\u00e1jmov\u00fdch organizac\u00ed zab\u00fdvaj\u00edc\u00edch se t\u011bmito probl\u00e9my na \u00fazem\u00ed \u010cesk\u00e9 republiky. Sna\u017eili jsme se obs\u00e1hnout co nej\u0161ir\u0161\u00ed paletu t\u011bchto probl\u00e9m\u016f, aby si ka\u017ed\u00fd mohl naj\u00edt zaj\u00edmavosti o t\u00e9matech, kter\u00e9 ho nejv\u00edce bav\u00ed &#8211; od asanace nebezpe\u010dn\u00fdch odpad\u016f p\u0159es nedostatek vody v krajin\u011b a\u017e po zm\u011bnu klimatu (tedy doslova od A do Z).&nbsp;<\/p>\n\n<h2 class=\"wp-block-heading\">Co nab\u00edz\u00ed internet<\/h2>\n\n<h4 class=\"wp-block-heading\"><strong>\u010cT edu&nbsp;<\/strong><\/h4>\n\n<p>Zn\u00e1m\u00fd projekt \u010cesk\u00e9 televize, kter\u00fd nab\u00edz\u00ed \u0161irokou \u0161k\u00e1lu eduka\u010dn\u00edch vide\u00ed na t\u00e9mata, kter\u00e1 jsou spojen\u00e1 mimo jin\u00e9 i s ekologi\u00ed. N\u00e1s nap\u0159\u00edklad zaujalo skv\u011bl\u00e9 video, kter\u00e9 ti v 15 minut\u00e1ch vysv\u011btl\u00ed z\u00e1klady <a href=\"https:\/\/edu.ceskatelevize.cz\/globalni-oteplovani-5e4424842773dc4ee4139d1b\">fungov\u00e1n\u00ed sklen\u00edkov\u00e9ho efektu<\/a>.<\/p>\n\n<h4 class=\"wp-block-heading\"><strong>Youtube kan\u00e1l Otev\u0159en\u00e1 v\u011bda\/NEZkreslen\u00e1 v\u011bda&nbsp;<\/strong><\/h4>\n\n<p>Z\u00e1bavnou formou kreslen\u00e1 videa komentovan\u00e1 Pavlem Li\u0161kou p\u0159ivod\u00ed snadno \u00fasm\u011bv na tv\u00e1\u0159i a z\u00e1rove\u0148 obohat\u00ed o nov\u00e9 v\u011bdomosti. Za vzd\u011bl\u00e1vac\u00edm cyklem NEZkreslen\u00e1 v\u011bda stoj\u00ed Akademie v\u011bd \u010cR. Pus\u0165te si <a href=\"https:\/\/www.youtube.com\/watch?v=Z5wm2Me4w-Q\">kr\u00e1tk\u00e9 video o v\u010del\u00e1ch<\/a> a jejich v\u00fdznamn\u00e9 roli v ekosyst\u00e9m, \u010di p\u0159\u00edpadn\u011b <a href=\"https:\/\/www.avcr.cz\/cs\/pro-verejnost\/vyukova-videa\/\">v\u0161echna ostatn\u00ed videa<\/a> na Nezkreslen\u00e9 v\u011bd\u011b.<\/p>\n\n<figure class=\"wp-block-embed is-type-video is-provider-youtube wp-block-embed-youtube wp-embed-aspect-16-9 wp-has-aspect-ratio\"><div class=\"wp-block-embed__wrapper\">\n<lite-youtube style=\"background-image: url('https:\/\/i.ytimg.com\/vi\/Z5wm2Me4w-Q\/hqdefault.jpg');\" videoid=\"Z5wm2Me4w-Q\" params=\"rel=0\"><\/lite-youtube>\n<\/div><\/figure>\n\n<h4 class=\"wp-block-heading\"><strong>Youtube kan\u00e1l TEDx&nbsp;<\/strong><\/h4>\n\n<p>Kan\u00e1l TEDx nab\u00edz\u00ed kr\u00e1tk\u00e9 motiva\u010dn\u00ed p\u0159edn\u00e1\u0161ky od zaj\u00edmav\u00fdch lid\u00ed nap\u0159\u00ed\u010d obory. V oblasti ochrany \u017eivotn\u00edho prost\u0159ed\u00ed nab\u00edz\u00ed jak p\u0159edn\u00e1\u0161ku od mlad\u00e9 \u0161v\u00e9dsk\u00e9 aktivistky <a href=\"https:\/\/www.youtube.com\/watch?v=EAmmUIEsN9A\">Grety Thunbergov\u00e9<\/a>, tak od odborn\u00edk\u016f v r\u016fzn\u00fdch oblastech, kter\u00e9 se tohoto probl\u00e9my t\u00fdkaj\u00ed. Tento v\u00fdukov\u00fd kan\u00e1l skv\u011ble poslou\u017e\u00ed jako tr\u00e9nink va\u0161\u00ed angli\u010dtiny. N\u00e1\u0161 tip je <a href=\"https:\/\/www.youtube.com\/watch?v=vpTHi7O66pI\">video, kter\u00e9 souvis\u00ed s klimatickou zm\u011bnou a jedn\u00edm z jejich vliv\u016f na krajinu.<\/a><\/p>\n\n<figure class=\"wp-block-embed is-type-video is-provider-youtube wp-block-embed-youtube wp-embed-aspect-16-9 wp-has-aspect-ratio\"><div class=\"wp-block-embed__wrapper\">\n<lite-youtube style=\"background-image: url('https:\/\/i.ytimg.com\/vi\/EAmmUIEsN9A\/hqdefault.jpg');\" videoid=\"EAmmUIEsN9A\" params=\"rel=0\"><\/lite-youtube>\n<\/div><\/figure>\n\n<h4 class=\"wp-block-heading\"><strong>\u010clov\u011bk v t\u00edsni<\/strong><\/h4>\n\n<p>\u010clov\u011bk v t\u00edsni<strong> <\/strong>p\u0159ipravil <a href=\"https:\/\/kurz-klimazmena.clovekvtisni.cz\/#!\/\">online kurz na t\u00e9ma klimatick\u00e9 zm\u011bny<\/a>. Kurz m\u00e1 za c\u00edl zejm\u00e9na pomoci u\u010ditel\u016fm\/lk\u00e1m p\u0159i p\u0159\u00edprav\u011b metodiky v\u00fduky tohoto v\u00fdznamn\u00e9ho environment\u00e1ln\u00edho probl\u00e9mu (nebo v\u00fdzvy) na\u0161\u00ed doby. Pro mo\u017enost \u00fa\u010dastnit se kurzu je pot\u0159ebn\u00e1 registrace pomoc\u00ed e-mailov\u00e9 adresy.<\/p>\n\n<p>Od 20. dubna b\u011b\u017e\u00ed <a href=\"https:\/\/www.clovekvtisni.cz\/zapojte-se-do-environmentalni-kampane-umeni-odpadu-i-z-vaseho-domova-6588gp\">kampa\u0148 t\u00fdkaj\u00edc\u00ed se environment\u00e1ln\u00edch dopad\u016f odpadu<\/a> a p\u0159edch\u00e1zen\u00ed jeho vzniku. V nab\u00eddce si m\u016f\u017eete vybrat ze 3 film\u016f t\u00fdkaj\u00edc\u00edch se t\u00e9to problematiky a p\u0159\u00edpadn\u011b vypracovat p\u0159ilo\u017een\u00e9 \u00falohy zab\u00fdvaj\u00edc\u00ed se t\u00edmto t\u00e9matem.<\/p>\n\n<h4 class=\"wp-block-heading\"><strong>N\u00e1rodn\u00ed parky<\/strong><\/h4>\n\n<p>N\u00e1rodn\u00ed parky <a href=\"https:\/\/www.npsumava.cz\/navstivte-sumavu\/materialy-ke-stazeni\/samoobsluzne-pracovni-listy\/\">\u0160umava<\/a>, <a href=\"https:\/\/www.npcs.cz\/evvopublikace\">\u010cesk\u00e9 \u0160v\u00fdcarsko<\/a> a <a href=\"https:\/\/www.nppodyji.cz\/sdetmidoma\">Podyj\u00ed<\/a> na sv\u00fdch str\u00e1nk\u00e1ch zve\u0159ejnily pracovn\u00ed listy t\u00fdkaj\u00edc\u00ed se&nbsp; p\u0159\u00edrody na jejich \u00fazem\u00ed. Skv\u011bl\u00fd n\u00e1stroj pro vysv\u011btlov\u00e1n\u00ed ekologick\u00fdch vztah\u016f v p\u0159\u00edrod\u011b, d\u00edky kter\u00e9mu si m\u016f\u017ee\u0161 otestovat a roz\u0161\u00ed\u0159it sv\u00e9 znalosti o na\u0161ich n\u00e1rodn\u00edch parc\u00edch.<\/p>\n\n<h4 class=\"wp-block-heading\"><strong>\u017div\u00e1 voda<\/strong><\/h4>\n\n<p>Pro z\u00e1jemce o problematiku nedostatku vody v krajin\u011b m\u016f\u017eeme jmenovat nap\u0159\u00edklad ob\u010dansk\u00e9 sdru\u017een\u00ed \u017div\u00e1 voda, na jejich\u017e <a href=\"http:\/\/zivavoda.biz\/\">webov\u00fdch str\u00e1nk\u00e1ch<\/a> si m\u016f\u017eete proj\u00edt prezentaci na t\u00e9ma \u2018Sucho kolem n\u00e1s\u2019 nebo hledat inspiraci z report\u016f \u00fasp\u011b\u0161n\u00fdch projekt\u016f n\u00e1vratu vody do krajiny.<\/p>\n\n<h4 class=\"wp-block-heading\"><strong>Mezi stromy<\/strong><\/h4>\n\n<p><a href=\"https:\/\/www.mezistromy.cz\/environmentalni-vzdelavani-pro-skoly\/prurezova-temata-ve-vyuce-skol\">Vzd\u011bl\u00e1vac\u00ed port\u00e1l<\/a>, v\u011bnuj\u00edc\u00ed se&nbsp; lesnicko-d\u0159eva\u0159sk\u00e9mu odv\u011btv\u00ed a p\u0159\u00edrod\u011b s t\u00edm spojen\u00e9. Projekt je realizov\u00e1n nadac\u00ed D\u0159evo pro \u017eivot a krom\u011b zaj\u00edmav\u00fdch \u010dl\u00e1nk\u016f v\u011bnuj\u00edc\u00edch se p\u0159\u00edmo lesu nab\u00edz\u00ed tak\u00e9 \u010dl\u00e1nky ur\u010den\u00e9 \u0161kol\u00e1k\u016fm i s mo\u017enost\u00ed vyplnit si pracovn\u00ed listy.<\/p>\n\n<h4 class=\"wp-block-heading\"><strong>Fakta o klimatu<\/strong><\/h4>\n\n<p><a href=\"https:\/\/faktaoklimatu.cz\/\">Web<\/a>, spravovan\u00fd lidmi z akademick\u00e9 a v\u011bdeck\u00e9 komunity, zpracov\u00e1v\u00e1 data o klimatu a v\u00fdvoji klimatick\u00e9 zm\u011bny do p\u0159ehledn\u00fdch graf\u016f. Pokud by n\u011bkoho zaj\u00edmala pr\u00e1v\u011b tato <a href=\"https:\/\/faktaoklimatu.cz\/#\/sekce\/emise\">p\u0159esn\u00e1 data<\/a>, <a href=\"https:\/\/faktaoklimatu.cz\/#\/sekce\/teploty\">v\u00fdvoj teploty v minulosti<\/a> nebo <a href=\"https:\/\/faktaoklimatu.cz\/#\/sekce\/budoucnost\">odhady v\u00fdvoje klimatick\u00e9 zm\u011bny v budoucnu<\/a>, je toto odkaz pr\u00e1v\u011b pro n\u011bj.<\/p>\n\n<h2 class=\"wp-block-heading\"><strong>Zaj\u00edmav\u00e9 facebookov\u00e9 skupiny<\/strong><\/h2>\n\n<h4 class=\"wp-block-heading\">Praktika na d\u00e1lku<\/h4>\n\n<p>Zam\u011b\u0159en\u00ed <a href=\"https:\/\/www.facebook.com\/praktika.nadalku\/\">t\u00e9to skupiny<\/a> je sp\u00ed\u0161e na biologii (ale mnohdy souvis\u00ed i s problematikou \u017eivotn\u00edho prost\u0159ed\u00ed), aby si mohli z\u00e1jemci vyzkou\u0161et ud\u011blat pokusy, kdy\u017e je nemohou d\u011blat ve \u0161kole v laborato\u0159i. Ke ka\u017ed\u00e9mu praktiku je tak\u00e9 mo\u017enost si st\u00e1hnou, vytisknout a vyplnit pracovn\u00ed list.<\/p>\n\n<h4 class=\"wp-block-heading\"><strong>Environment\u00e1ln\u00ed v\u00fdchova a vzd\u011bl\u00e1v\u00e1n\u00ed pro udr\u017eiteln\u00fd rozvoj<\/strong><\/h4>\n\n<p><a href=\"https:\/\/www.facebook.com\/groups\/906961889479119\/\">Facebookov\u00e1 skupina<\/a>, kter\u00e1 propojuje lidi sd\u00edlej\u00edc\u00ed sv\u00e9 poznatky a tipy jak vysv\u011btlovat jednotliv\u00e1 environment\u00e1ln\u00ed t\u00e9mata, \u010di p\u0159\u00edmo konkr\u00e9tn\u00ed programy, pracovn\u00ed listy, tipy na v\u00fdlety a videa.<\/p>\n\n<h2 class=\"wp-block-heading\">Co nab\u00edz\u00ed Greenpeace<\/h2>\n\n<p>Vzd\u011bl\u00e1v\u00e1n\u00ed se v\u011bnujeme i u n\u00e1s v organizaci. Dlouholetou tradici m\u00e1 vzd\u011bl\u00e1vac\u00ed program Greenspeakers, jeho\u017e c\u00edlem je motivovat mladou generaci k udr\u017eiteln\u00e9mu \u017eivotn\u00edmu stylu a budovat u n\u00ed aktivn\u00ed ob\u010danstv\u00ed. My, vy\u0161kolen\u00ed lekto\u0159i a lektorky, vedeme workshopy na z\u00e1kladn\u00edch a st\u0159edn\u00edch \u0161kol\u00e1ch. Nyn\u00ed jsme na\u0161e vzd\u011bl\u00e1vac\u00ed celky uzp\u016fsobili pro online (distan\u010dn\u00ed) v\u00fduku. M\u00e1\u0161 o webin\u00e1\u0159 z\u00e1jem? Napi\u0161 na e-mail <a href=\"mailto:michaela.nedvedova@greenpeace.org\">michaela.nedvedova@greenpeace.org<\/a>.&nbsp;<\/p>\n\n<p>Vybrali jsme pro tebe tak\u00e9 zaj\u00edmav\u00e9 projekty z na\u0161ich zahrani\u010dn\u00edch Greenpeace pobo\u010dek.&nbsp;<\/p>\n\n<h4 class=\"wp-block-heading\"><strong>Plastov\u00e9 monstrum z Nizozem\u00ed&nbsp;<\/strong><\/h4>\n\n<p>Holandsk\u00e1 pobo\u010dka Greenpeace vytvo\u0159ila kr\u00e1tk\u00fd n\u00e1vod, jak si doma ze vznikl\u00e9ho plastov\u00e9ho odpadu vyrobit plastov\u00e9 monstrum. Svou p\u0159\u00ed\u0161eru m\u016f\u017ee\u0161 n\u00e1sledn\u011b sd\u00edlet na soci\u00e1ln\u00edch s\u00edt\u00edch s hasthagem #plasticmonster, a pouk\u00e1zat tak na problematiku plastov\u00e9ho zne\u010di\u0161t\u011bn\u00ed. <a href=\"https:\/\/drive.google.com\/file\/d\/1R2kbvuUswzLEybO4Yihvb_wIv7r0hSv0\/view?usp=sharing\">Zde je kr\u00e1tk\u00fd manu\u00e1l.&nbsp;<\/a><\/p>\n\n<h4 class=\"wp-block-heading\"><strong>Hra o \u010dist\u00e9m ovzdu\u0161\u00ed z Ruska&nbsp;<\/strong><\/h4>\n\n<p>Kolegov\u00e9 a kolegyn\u011b z rusk\u00e9 pobo\u010dky vymysleli hru, kterou si m\u016f\u017ee\u0161 zahr\u00e1t jak doma, tak venku na zahrad\u011b. C\u00edlem je vyhr\u00e1t z\u00e1vod s co nejni\u017e\u0161\u00ed uhl\u00edkov\u00fdm \u00fa\u010dtem. St\u00e1hn\u011bte si hru v <a href=\"https:\/\/drive.google.com\/file\/d\/1V-AtZ2NCCn0nHJ-K5-Op9smt_oy_G5s_\/view?usp=sharing\" target=\"_blank\" rel=\"noreferrer noopener\">\u010de\u0161tin\u011b<\/a> nebo <a href=\"https:\/\/drive.google.com\/file\/d\/1TQGOLJsfDfmUeBgxsrQYT5YY5IrUuVlN\/view?usp=sharing\" target=\"_blank\" rel=\"noreferrer noopener\">angli\u010dtin\u011b<\/a> a nezapome\u0148te na <a href=\"https:\/\/drive.google.com\/file\/d\/1TQGOLJsfDfmUeBgxsrQYT5YY5IrUuVlN\/view?usp=sharing\" target=\"_blank\" rel=\"noreferrer noopener\">hrac\u00ed plochu<\/a>.<\/p>\n\n<h4 class=\"wp-block-heading\"><strong>Materi\u00e1ly pro u\u010ditele a u\u010ditelky o palmov\u00e9m oleji&nbsp;<\/strong><\/h4>\n\n<p>Nab\u00edz\u00edme tak\u00e9 kv\u00edz o palmov\u00e9m oleji od na\u0161\u00ed holandsk\u00e9 pobo\u010dky. K <a href=\"https:\/\/drive.google.com\/file\/d\/1H_AcF9mIdcREQOaGP9uh74RUDjrLV2Td\/view?usp=sharing\">prezentaci<\/a> pln\u00e9 skv\u011bl\u00fdch obr\u00e1zk\u016f jsou dostupn\u00e9 i dopl\u0148uj\u00edc\u00ed <a href=\"https:\/\/drive.google.com\/file\/d\/1VPsd5WeFD-OFc0glx1wBHLAznx_Y3lcN\/view?usp=sharing\">v\u00fdkladov\u00e9 materi\u00e1ly<\/a> v angli\u010dtin\u011b.&nbsp;<\/p>\n\n<h4 class=\"wp-block-heading\"><strong>Cyklus online p\u0159edn\u00e1\u0161ek&nbsp;<\/strong><\/h4>\n\n<p>V \u010cesku jsme pro v\u00e1s p\u0159ipravili cyklus online p\u0159edn\u00e1\u0161ek s odborn\u00edky a odbornicemi z r\u016fzn\u00fdch obor\u016f. P\u0159edn\u00e1\u0161ky prob\u00edhaj\u00ed v\u017edy v pond\u011bl\u00ed a \u010dtvrtek od 18:00 hodin minim\u00e1ln\u011b do konce kv\u011btna. Z\u00e1znam z ji\u017e prob\u011bhl\u00fdch online p\u0159edn\u00e1\u0161ek, jako je nap\u0159\u00edklad <em>Fakta a \u010d\u00edsla o zm\u011bn\u011b klimatu<\/em> od p\u0159edn\u00edho klimatologa a meteorologa \u010cesk\u00e9ho hydrometeorologick\u00e9 \u00fastavu Radima Tolasze, m\u016f\u017ee\u0161 shl\u00e9dnout na <a href=\"https:\/\/youtu.be\/4J1CaPThAsk\">na\u0161em Youtube<\/a> profilu. Pro v\u00edce informac\u00ed sleduj n\u00e1\u0161 <a href=\"https:\/\/www.facebook.com\/pg\/greenpeace.cz\/events\/\">facebookov\u00fd profil.<\/a>&nbsp;<\/p>\n\n<h2 class=\"wp-block-heading\">A co si odn\u00e9st?&nbsp;&nbsp;<\/h2>\n\n<p>V ka\u017ed\u00e9m v\u011bku se m\u016f\u017eeme n\u011bco nov\u00e9ho dozv\u011bd\u011bt, a proto je velice d\u016fle\u017eit\u00e9 se neust\u00e1le vzd\u011bl\u00e1vat. A\u0165 u\u017e jsi rodi\u010d, u\u010ditel, u\u010ditelka, student, studentka \u010di ekologick\u00fd nad\u0161enec. Dostupn\u00fdch zdroj\u016f informac\u00ed je nep\u0159ebern\u00e9 mno\u017estv\u00ed, a proto je d\u016fle\u017eit\u00e9 si relevantnost informac\u00ed ov\u011b\u0159ovat a \u010derpat z v\u00edce zdroj\u016f. V\u00fd\u0161e vybran\u00e9 odkazy jsou jen mal\u00fdmi rybkami v mo\u0159i informac\u00ed. Mohou b\u00fdt u\u017eite\u010dn\u00fdmi pomocn\u00edky p\u0159i studiu i zaj\u00edmavou z\u00e1bavou, kterou si m\u016f\u017eeme zkr\u00e1tit dlouh\u00e9 chv\u00edle. Pokud m\u00e1\u0161 jak\u00fdkoliv dotaz, nev\u00e1hej se na n\u00e1s obr\u00e1tit a t\u0159eba se n\u011bkdy uvid\u00edme na n\u011bjak\u00e9m workshopu \u010di p\u0159edn\u00e1\u0161ce vzd\u011bl\u00e1vac\u00edho t\u00fdmu Greenspeakers.&nbsp;<\/p>\n\n<p>A nezapom\u00ednej, u\u010den\u00ed nen\u00ed mu\u010den\u00ed, ale m\u016f\u017ee b\u00fdt i skv\u011blou z\u00e1bavou.<\/p>\n\n<p><\/p>\n","protected":false},"excerpt":{"rendered":"<p>Ot\u00e1zka ekologie a ochrany \u017eivotn\u00edho prost\u0159ed\u00ed je v dne\u0161n\u00ed dob\u011b \u017ehav\u00fdm t\u00e9matem. V sou\u010dasn\u00e9 \u00e9\u0159e internetu je snadn\u00e9 si o dan\u00e9 problematice naj\u00edt mnoho informac\u00ed, a to b\u011bhem p\u00e1r vte\u0159in.&hellip;<\/p>\n","protected":false},"author":27,"featured_media":10558,"comment_status":"open","ping_status":"closed","sticky":false,"template":"","format":"standard","meta":{"ep_exclude_from_search":false,"p4_og_title":"","p4_og_description":"","p4_og_image":"","p4_og_image_id":"","p4_seo_canonical_url":"","p4_campaign_name":"not set","p4_local_project":"not set","p4_basket_name":"not set","p4_department":"","footnotes":""},"categories":[3],"tags":[22,24,38],"p4-page-type":[16],"class_list":["post-10557","post","type-post","status-publish","format-standard","has-post-thumbnail","hentry","category-nas-svet","tag-setrimeplanetu","tag-aktivni-spolecnost","tag-skolni-vzdelavani","p4-page-type-clanek"],"_links":{"self":[{"href":"https:\/\/www.greenpeace.org\/czech\/wp-json\/wp\/v2\/posts\/10557","targetHints":{"allow":["GET"]}}],"collection":[{"href":"https:\/\/www.greenpeace.org\/czech\/wp-json\/wp\/v2\/posts"}],"about":[{"href":"https:\/\/www.greenpeace.org\/czech\/wp-json\/wp\/v2\/types\/post"}],"author":[{"embeddable":true,"href":"https:\/\/www.greenpeace.org\/czech\/wp-json\/wp\/v2\/users\/27"}],"replies":[{"embeddable":true,"href":"https:\/\/www.greenpeace.org\/czech\/wp-json\/wp\/v2\/comments?post=10557"}],"version-history":[{"count":9,"href":"https:\/\/www.greenpeace.org\/czech\/wp-json\/wp\/v2\/posts\/10557\/revisions"}],"predecessor-version":[{"id":14536,"href":"https:\/\/www.greenpeace.org\/czech\/wp-json\/wp\/v2\/posts\/10557\/revisions\/14536"}],"wp:featuredmedia":[{"embeddable":true,"href":"https:\/\/www.greenpeace.org\/czech\/wp-json\/wp\/v2\/media\/10558"}],"wp:attachment":[{"href":"https:\/\/www.greenpeace.org\/czech\/wp-json\/wp\/v2\/media?parent=10557"}],"wp:term":[{"taxonomy":"category","embeddable":true,"href":"https:\/\/www.greenpeace.org\/czech\/wp-json\/wp\/v2\/categories?post=10557"},{"taxonomy":"post_tag","embeddable":true,"href":"https:\/\/www.greenpeace.org\/czech\/wp-json\/wp\/v2\/tags?post=10557"},{"taxonomy":"p4-page-type","embeddable":true,"href":"https:\/\/www.greenpeace.org\/czech\/wp-json\/wp\/v2\/p4-page-type?post=10557"}],"curies":[{"name":"wp","href":"https:\/\/api.w.org\/{rel}","templated":true}]}}