{"id":10571,"date":"2020-05-12T23:45:30","date_gmt":"2020-05-12T21:45:30","guid":{"rendered":"https:\/\/www.greenpeace.org\/czech\/?p=10571"},"modified":"2025-07-02T08:14:03","modified_gmt":"2025-07-02T07:14:03","slug":"prednaska-michala-lehecky-z-automatu-jake-zmeny-potrebuji-mesta-v-doprave-pro-zdravou-budoucnost","status":"publish","type":"post","link":"https:\/\/www.greenpeace.org\/czech\/clanek\/10571\/prednaska-michala-lehecky-z-automatu-jake-zmeny-potrebuji-mesta-v-doprave-pro-zdravou-budoucnost\/","title":{"rendered":"P\u0159edn\u00e1\u0161ka Michala Lehe\u010dky z AutoMatu: Jak\u00e9 zm\u011bny pot\u0159ebuj\u00ed m\u011bsta v doprav\u011b pro zdravou budoucnost?"},"content":{"rendered":"\n<p>Jak reaguj\u00ed r\u016fzn\u00e1 m\u011bsta na sou\u010dasnou krizi? Jak se vyv\u00edjela doprava u n\u00e1s i  ve sv\u011bt? A jak se m\u016f\u017ee\u0161 zapojit i ty, aby na\u0161e m\u011bsta m\u011bla zdravou budoucnost: Na tyto ot\u00e1zky odpov\u00edd\u00e1 p\u0159edn\u00e1\u0161ka, kterou  p\u0159ipravil Michal Lehe\u010dka z organizace AutoMat.<\/p>\n\n<p><\/p>\n\n<figure class=\"wp-block-embed-youtube wp-block-embed is-type-video is-provider-youtube wp-embed-aspect-16-9 wp-has-aspect-ratio\"><div class=\"wp-block-embed__wrapper\">\n<lite-youtube style=\"background-image: url('https:\/\/i.ytimg.com\/vi\/Hx-MOnVoSdU\/hqdefault.jpg');\" videoid=\"Hx-MOnVoSdU\" params=\"rel=0\"><\/lite-youtube>\n<\/div><\/figure>\n","protected":false},"excerpt":{"rendered":"<p>Jak reaguj\u00ed r\u016fzn\u00e1 m\u011bsta na sou\u010dasnou krizi? Jak se vyv\u00edjela doprava u n\u00e1s i ve sv\u011bt? A jak se m\u016f\u017ee\u0161 zapojit i ty, aby na\u0161e m\u011bsta m\u011bla zdravou budoucnost? Na&hellip;<\/p>\n","protected":false},"author":27,"featured_media":10574,"comment_status":"open","ping_status":"closed","sticky":false,"template":"","format":"standard","meta":{"ep_exclude_from_search":false,"p4_og_title":"","p4_og_description":"","p4_og_image":"","p4_og_image_id":"","p4_seo_canonical_url":"","p4_campaign_name":"not set","p4_local_project":"not set","p4_basket_name":"not set","p4_department":"","footnotes":""},"categories":[3],"tags":[19,24,25],"p4-page-type":[16],"class_list":["post-10571","post","type-post","status-publish","format-standard","has-post-thumbnail","hentry","category-nas-svet","tag-ovzdusi","tag-aktivni-spolecnost","tag-konec-doby-fosilni","p4-page-type-clanek"],"_links":{"self":[{"href":"https:\/\/www.greenpeace.org\/czech\/wp-json\/wp\/v2\/posts\/10571","targetHints":{"allow":["GET"]}}],"collection":[{"href":"https:\/\/www.greenpeace.org\/czech\/wp-json\/wp\/v2\/posts"}],"about":[{"href":"https:\/\/www.greenpeace.org\/czech\/wp-json\/wp\/v2\/types\/post"}],"author":[{"embeddable":true,"href":"https:\/\/www.greenpeace.org\/czech\/wp-json\/wp\/v2\/users\/27"}],"replies":[{"embeddable":true,"href":"https:\/\/www.greenpeace.org\/czech\/wp-json\/wp\/v2\/comments?post=10571"}],"version-history":[{"count":4,"href":"https:\/\/www.greenpeace.org\/czech\/wp-json\/wp\/v2\/posts\/10571\/revisions"}],"predecessor-version":[{"id":22354,"href":"https:\/\/www.greenpeace.org\/czech\/wp-json\/wp\/v2\/posts\/10571\/revisions\/22354"}],"wp:featuredmedia":[{"embeddable":true,"href":"https:\/\/www.greenpeace.org\/czech\/wp-json\/wp\/v2\/media\/10574"}],"wp:attachment":[{"href":"https:\/\/www.greenpeace.org\/czech\/wp-json\/wp\/v2\/media?parent=10571"}],"wp:term":[{"taxonomy":"category","embeddable":true,"href":"https:\/\/www.greenpeace.org\/czech\/wp-json\/wp\/v2\/categories?post=10571"},{"taxonomy":"post_tag","embeddable":true,"href":"https:\/\/www.greenpeace.org\/czech\/wp-json\/wp\/v2\/tags?post=10571"},{"taxonomy":"p4-page-type","embeddable":true,"href":"https:\/\/www.greenpeace.org\/czech\/wp-json\/wp\/v2\/p4-page-type?post=10571"}],"curies":[{"name":"wp","href":"https:\/\/api.w.org\/{rel}","templated":true}]}}