{"id":10601,"date":"2020-05-19T13:34:35","date_gmt":"2020-05-19T11:34:35","guid":{"rendered":"https:\/\/www.greenpeace.org\/czech\/?p=10601"},"modified":"2020-05-19T15:02:14","modified_gmt":"2020-05-19T13:02:14","slug":"zalohy-na-pet-lahve-ci-brzky-konec-skladkovani-ministerstvo-zivotniho-prostredi-rika-zapomente","status":"publish","type":"post","link":"https:\/\/www.greenpeace.org\/czech\/clanek\/10601\/zalohy-na-pet-lahve-ci-brzky-konec-skladkovani-ministerstvo-zivotniho-prostredi-rika-zapomente\/","title":{"rendered":"Z\u00e1lohy na PET lahve \u010di brzk\u00fd konec skl\u00e1dkov\u00e1n\u00ed? Ministerstvo \u017eivotn\u00edho prost\u0159ed\u00ed \u0159\u00edk\u00e1: \u201eZapome\u0148te!\u201c"},"content":{"rendered":"\n<p>V\u00fdbor pro \u017eivotn\u00ed prost\u0159ed\u00ed Poslaneck\u00e9 sn\u011bmovny dokon\u010dil minul\u00fd t\u00fdden sv\u00e9 jedn\u00e1n\u00ed o odpadov\u00e9 a obalov\u00e9 legislativ\u011b. Na n\u011bm se poslanci dohadovali jak\u00e9 pozm\u011b\u0148ovac\u00ed n\u00e1vrhy v\u00fdbor podpo\u0159\u00ed a jak\u00e9 ne. To v\u0161e za \u00fa\u010dasti z\u00e1stupc\u016f ministerstva \u017eivotn\u00edho prost\u0159ed\u00ed, kter\u00e9 se sna\u017eilo opravit mnoho vlastn\u00edch chyb v p\u0159edlo\u017een\u00fdch n\u00e1vrz\u00edch z\u00e1kon\u016f prost\u0159ednictv\u00edm pozm\u011b\u0148ovac\u00edch n\u00e1vrh\u016f poslanc\u016f ANO. Z\u00e1rove\u0148 se ale ze v\u0161ech sil sna\u017eilo zamezit p\u0159ijet\u00ed pozm\u011b\u0148ovac\u00edch n\u00e1vrh\u016f, kter\u00e9 by z\u00e1kony u\u010dinili m\u00e9n\u011b bezzub\u00fdmi a skute\u010dn\u011b \u010cesko nasm\u011brovali na cestu k ob\u011bhov\u00e9mu hospod\u00e1\u0159stv\u00ed. Sledov\u00e1n\u00ed v\u00fdboru, kter\u00e9 bylo umo\u017en\u011bno on-line, bylo chv\u00edlemi skute\u010dn\u011b smutnou pod\u00edvanou. A\u017e \u010dlov\u011bka napad\u00e1, jak by asi vypadalo na\u0161e odpadov\u00e9 hospod\u00e1\u0159stv\u00ed, kdybychom nemuseli plnit c\u00edle recyklace a dal\u0161\u00ed opat\u0159en\u00ed, na kter\u00fdch se dohodla cel\u00e1 EU.<\/p>\n\n<p>&nbsp;<\/p>\n\n<figure class=\"wp-block-image size-large is-resized  caption-style-blue-overlay caption-alignment-center\"><img loading=\"lazy\" decoding=\"async\" src=\"https:\/\/www.greenpeace.org\/static\/planet4-czech-republic-stateless\/2019\/04\/eafeab2c-gp0stt272_high_res-1024x683.jpg\" alt=\"\" class=\"wp-image-3302\" width=\"1088\" height=\"726\" srcset=\"https:\/\/www.greenpeace.org\/static\/planet4-czech-republic-stateless\/2019\/04\/eafeab2c-gp0stt272_high_res-1024x683.jpg 1024w, https:\/\/www.greenpeace.org\/static\/planet4-czech-republic-stateless\/2019\/04\/eafeab2c-gp0stt272_high_res-300x200.jpg 300w, https:\/\/www.greenpeace.org\/static\/planet4-czech-republic-stateless\/2019\/04\/eafeab2c-gp0stt272_high_res-768x512.jpg 768w, https:\/\/www.greenpeace.org\/static\/planet4-czech-republic-stateless\/2019\/04\/eafeab2c-gp0stt272_high_res-2048x1366.jpg 2048w, https:\/\/www.greenpeace.org\/static\/planet4-czech-republic-stateless\/2019\/04\/eafeab2c-gp0stt272_high_res-510x340.jpg 510w\" sizes=\"auto, (max-width: 1088px) 100vw, 1088px\" \/><figcaption>Velk\u00e1 \u010d\u00e1st PET lahv\u00ed st\u00e1le kon\u010d\u00ed na skl\u00e1dk\u00e1ch.<div class=\"credit icon-left\"> \u00a9 Greenpeace<\/div><\/figcaption><\/figure>\n\n<p>P\u0159edev\u0161\u00edm opozi\u010dn\u00ed poslanci, hlavn\u011b pak pir\u00e1ti Elfmark a Balcarov\u00e1, ale i dal\u0161\u00ed, Jure\u010dka, \u010cI\u017einsk\u00fd na\u010detli velk\u00e9 mno\u017estv\u00ed pozm\u011b\u0148ovac\u00edch n\u00e1vrhu, kter\u00e9 sice z\u00e1kony v\u00fdrazn\u011b vyle\u0161ovali, ale vl\u00e1dn\u00ed v\u011bt\u0161ina je pod taktovkou M\u017dP prakticky v\u0161echny smetla ze stolu. O co nap\u0159\u00edklad \u0161lo?&nbsp;<\/p>\n\n<ul class=\"wp-block-list\"><li>Poslanci v\u00fdboru odm\u00edtli n\u00e1vrh poslanc\u016f Elfmarka (Pir\u00e1ti) a Adamov\u00e9-Pekarov\u00e9 (TOP 09), aby se u n\u00e1s recyklovalo ji\u017e v roce 2025 nejm\u00e9n\u011b 50 % hlin\u00edkov\u00fdch obal\u016f, jak po\u017eaduje sm\u011brnice EU.<\/li><li>V\u00fdbor nepodpo\u0159il dom\u00e1c\u00ed a komunitn\u00ed kompostov\u00e1n\u00ed skrze jejich zapo\u010d\u00edt\u00e1v\u00e1n\u00ed do c\u00edl\u016f t\u0159\u00edd\u011bn\u00ed, kter\u00e9 navrhovali poslanci \u010ci\u017einsk\u00fd a Jure\u010dka (KDU-\u010cSL).<\/li><li>Poslanci v\u00fdboru naopak bohu\u017eel v\u011bt\u0161inov\u011b odm\u00edtli pozitivn\u00ed n\u00e1vrh poslankyn\u011b Mark\u00e9ty Pekarov\u00e9 Adamov\u00e9 (TOP09), kter\u00fd navrhuje konec skl\u00e1dkov\u00e1n\u00ed recyklovateln\u00fdch a biologicky rozlo\u017eiteln\u00fdch odpad\u016f u\u017e od roku 2024 (oproti vl\u00e1dn\u00edmu n\u00e1vrhu, kter\u00fd jej odsouv\u00e1 a\u017e na rok 2030).<\/li><li>Z\u00e1rove\u0148 v\u00fdbor odm\u00edtl vl\u00e1dn\u00ed n\u00e1vrh na odstran\u011bn\u00ed d\u016fle\u017eit\u00e9 pojistky br\u00e1n\u00edc\u00ed dovozu zahrani\u010dn\u00edch odpad\u016f ke sp\u00e1len\u00ed v na\u0161ich spalovn\u00e1ch.<\/li><li>Poslanci odm\u00edtli n\u00e1vrh poslanc\u016f \u010ci\u017einsk\u00e9ho a Jure\u010dky (KDU-\u010cSL) na povinn\u00e9 z\u00e1lohov\u00e1n\u00ed ve\u0161ker\u00fdch PET lahv\u00ed. Odm\u00edtli n\u00e1vrhy poslance Elfmarka (Pir\u00e1ti), poslankyn\u00ed Adamov\u00e9-Pekarov\u00e9 (TOP 09) a poslankyn\u011b P\u011bn\u010d\u00edkov\u00e9 (KS\u010cM) na dobrovoln\u00e9 z\u00e1lohov\u00e1n\u00ed. Na\u0161t\u011bst\u00ed podpo\u0159ili alespo\u0148 n\u00e1vrh poslankyn\u011b Evy Fialov\u00e9 (ANO) usnad\u0148uj\u00edc\u00ed n\u00e1pojov\u00e9mu pr\u016fmyslu dobrovoln\u011b zav\u00e9st z\u00e1lohov\u00e1n\u00ed PET lahv\u00ed.<\/li><li>Poslanci v\u00fdboru odm\u00edtli n\u00e1vrh poslanc\u016f Babky (ANO), Elfmarka (Pir\u00e1ti), Adamov\u00e9-Pekarov\u00e9 (TOP09) a Chvojky (\u010cSSD), aby obchodn\u00edci varovali nakupuj\u00edc\u00ed p\u0159ed pou\u017e\u00edv\u00e1n\u00edm tenkost\u011bnn\u00fdch plastov\u00fdch s\u00e1\u010dk\u016f. Problematiku cht\u011bj\u00ed poslanci \u0159e\u0161it v dal\u0161\u00edm p\u0159ipravovan\u00e9m z\u00e1kon\u011b omezuj\u00edc\u00edm jednor\u00e1zov\u00e9 plasty.&nbsp;<\/li><\/ul>\n\n<p>\u017d\u00e1dn\u00e1 z\u00e1sadn\u00ed vylep\u0161en\u00ed polovi\u010dat\u00fdch ministersk\u00fdch novel nebyla bohu\u017eel prosazena. I kv\u016fli nep\u0159\u00edtomnosti n\u011bkter\u00fdch \u010dlen\u016f v\u00fdboru, co\u017e je p\u0159i projedn\u00e1v\u00e1n\u00ed tak v\u00fdznamn\u00e9 legislativy skand\u00e1ln\u00ed. P\u0159esto st\u00e1le existuje nad\u011bje, \u017ee povinn\u00e9 z\u00e1lohy \u010di brzk\u00fd konec skl\u00e1dkov\u00e1n\u00ed bude vr\u00e1cen do hry ve druh\u00e9m \u010dten\u00ed z\u00e1kon\u016f p\u0159\u00edmo na pl\u00e9nu poslaneck\u00e9 sn\u011bmovny.<\/p>\n","protected":false},"excerpt":{"rendered":"<p>V\u00fdbor pro \u017eivotn\u00ed prost\u0159ed\u00ed Poslaneck\u00e9 sn\u011bmovny dokon\u010dil minul\u00fd t\u00fdden sv\u00e9 jedn\u00e1n\u00ed o odpadov\u00e9 a obalov\u00e9 legislativ\u011b. Na n\u011bm se poslanci dohadovali jak\u00e9 pozm\u011b\u0148ovac\u00ed n\u00e1vrhy v\u00fdbor podpo\u0159\u00ed a jak\u00e9 ne. To&hellip;<\/p>\n","protected":false},"author":24,"featured_media":3302,"comment_status":"open","ping_status":"closed","sticky":false,"template":"","format":"standard","meta":{"ep_exclude_from_search":false,"p4_og_title":"","p4_og_description":"","p4_og_image":"","p4_og_image_id":"","p4_seo_canonical_url":"","p4_campaign_name":"not set","p4_local_project":"not set","p4_basket_name":"not set","p4_department":"","footnotes":""},"categories":[3],"tags":[21],"p4-page-type":[16],"class_list":["post-10601","post","type-post","status-publish","format-standard","has-post-thumbnail","hentry","category-nas-svet","tag-plast-je-past","p4-page-type-clanek"],"_links":{"self":[{"href":"https:\/\/www.greenpeace.org\/czech\/wp-json\/wp\/v2\/posts\/10601","targetHints":{"allow":["GET"]}}],"collection":[{"href":"https:\/\/www.greenpeace.org\/czech\/wp-json\/wp\/v2\/posts"}],"about":[{"href":"https:\/\/www.greenpeace.org\/czech\/wp-json\/wp\/v2\/types\/post"}],"author":[{"embeddable":true,"href":"https:\/\/www.greenpeace.org\/czech\/wp-json\/wp\/v2\/users\/24"}],"replies":[{"embeddable":true,"href":"https:\/\/www.greenpeace.org\/czech\/wp-json\/wp\/v2\/comments?post=10601"}],"version-history":[{"count":2,"href":"https:\/\/www.greenpeace.org\/czech\/wp-json\/wp\/v2\/posts\/10601\/revisions"}],"predecessor-version":[{"id":10604,"href":"https:\/\/www.greenpeace.org\/czech\/wp-json\/wp\/v2\/posts\/10601\/revisions\/10604"}],"wp:featuredmedia":[{"embeddable":true,"href":"https:\/\/www.greenpeace.org\/czech\/wp-json\/wp\/v2\/media\/3302"}],"wp:attachment":[{"href":"https:\/\/www.greenpeace.org\/czech\/wp-json\/wp\/v2\/media?parent=10601"}],"wp:term":[{"taxonomy":"category","embeddable":true,"href":"https:\/\/www.greenpeace.org\/czech\/wp-json\/wp\/v2\/categories?post=10601"},{"taxonomy":"post_tag","embeddable":true,"href":"https:\/\/www.greenpeace.org\/czech\/wp-json\/wp\/v2\/tags?post=10601"},{"taxonomy":"p4-page-type","embeddable":true,"href":"https:\/\/www.greenpeace.org\/czech\/wp-json\/wp\/v2\/p4-page-type?post=10601"}],"curies":[{"name":"wp","href":"https:\/\/api.w.org\/{rel}","templated":true}]}}