{"id":10799,"date":"2020-12-12T13:33:12","date_gmt":"2020-12-12T12:33:12","guid":{"rendered":"https:\/\/www.greenpeace.org\/czech\/?p=10799"},"modified":"2023-12-05T10:26:15","modified_gmt":"2023-12-05T09:26:15","slug":"novy-projekt-radost-davat-je-na-svete","status":"publish","type":"post","link":"https:\/\/www.greenpeace.org\/czech\/clanek\/10799\/novy-projekt-radost-davat-je-na-svete\/","title":{"rendered":"Nov\u00fd projekt \u201eRadost d\u00e1vat&#8220; je na sv\u011bt\u011b!"},"content":{"rendered":"\n<p>Oslav leto\u0161n\u00ed V\u00e1noce jinak a sb\u00edrej d\u00e1rky pro p\u0159\u00edrodu. Jak na to? <a href=\"https:\/\/www.radostdavat.cz\/\">Zalo\u017e si vlastn\u00ed sb\u00edrku a zapoj sv\u00e9 p\u0159\u00e1tele a bl\u00edzk\u00e9! <\/a>\u017d\u00e1dn\u00e1 zm\u011bna nep\u0159ijde sama, mus\u00edme o ni usilovat. Sv\u011bt m\u016f\u017ee b\u00fdt lep\u0161\u00edm m\u00edstem pro \u017eivot jen v p\u0159\u00edpad\u011b, \u017ee na tom budeme spole\u010dn\u011b pracovat. T\u00fdk\u00e1 se to n\u00e1s v\u0161ech, ka\u017ed\u00fd nese ur\u010ditou \u010d\u00e1st zodpov\u011bdnosti. Velkou zm\u011bnu mo\u017en\u00e1 nezp\u016fsob\u00ed jeden \u010dlov\u011bk, ale miliony jednotlivc\u016f ano.<\/p>\n\n<figure class=\"wp-block-image size-large  caption-style-medium caption-alignment-center\"><img loading=\"lazy\" decoding=\"async\" width=\"4288\" height=\"2848\" src=\"https:\/\/www.greenpeace.org\/static\/planet4-czech-republic-stateless\/0d5faa0d-jak-funguj\u00ed-d\u00e1rcovsk\u00e9-sb\u00edrky.jpg\" alt=\"\" class=\"wp-image-12517\"\/><\/figure>\n\n<p><strong>Jak funguj\u00ed d\u00e1rcovsk\u00e9 sb\u00edrky (peer to peer fundraising)?<\/strong> <\/p>\n\n<p>Tento model podpory neziskov\u00fdch organizac\u00ed a charitativn\u00edch projekt\u016f se v mnoha zem\u00edch ji\u017e velice osv\u011bd\u010dil a i v \u010cesk\u00e9 republice je tento typ podpory na vzestupu. D\u00e1rcovsk\u00e9 sb\u00edrky jsou hlavn\u011b o tob\u011b, tv\u00fdch schopnostech, talentu a komunit\u011b lid\u00ed, kterou m\u00e1\u0161 kolem sebe. RADOST D\u00c1VAT po\u010d\u00edt\u00e1 s t\u00edm, \u017ee m\u00e1\u0161 kolem sebe dal\u0161\u00ed bl\u00edzk\u00e9 lidi, kter\u00fdm z\u00e1le\u017e\u00ed na tob\u011b i na tom, co je pro tebe d\u016fle\u017eit\u00e9 a otev\u00edr\u00e1 prostor pro tvoji kreativitu, schopnosti a talent. Zkr\u00e1tka podporovat dobr\u00e9 projekty m\u016f\u017ee b\u00fdt z\u00e1bava.<\/p>\n\n<p><strong>Pro\u010d si zalo\u017eit sb\u00edrku pr\u00e1v\u011b pro Greenpeace?<\/strong><\/p>\n\n<p>Oproti jin\u00fdm neziskov\u00fdm organizac\u00edm m\u00e1me v\u00fdrazn\u011b p\u0159\u00edsn\u011bj\u0161\u00ed model financov\u00e1n\u00ed. Jsme nekompromisn\u00ed ve spolupr\u00e1ci s firmami <br>a korporacemi, politick\u00fdmi stranami, vl\u00e1dami a nadacemi s nimi spojen\u00fdmi. Nep\u0159ij\u00edm\u00e1me od nich \u017e\u00e1dn\u00e9 finance, proto\u017ee nechceme b\u00fdt loutky jejich marketingov\u00fdch rozpo\u010dt\u016f a ji\u017e 50 let jim ned\u00e1v\u00e1me \u017e\u00e1dn\u00fd prostor k tomu, aby ovliv\u0148ovali to, \u010deho chceme dos\u00e1hnout. Jejich vliv ani podporu nepot\u0159ebujeme. <strong>My m\u00e1me tebe. <\/strong>V\u00edme, \u017ee ochranu p\u0159\u00edrody jsme spolu s tebou schopni financovat jen z dar\u016f od lid\u00ed, kter\u00fdm na tom z\u00e1le\u017e\u00ed. V Greenpeace se v\u017edycky sna\u017e\u00edme projekty stav\u011bt tak,  aby se do nich mohli zapojit lid\u00e9, kte\u0159\u00ed maj\u00ed stejn\u00e9 hodnoty a c\u00edle jako my.<\/p>\n\n<div class=\"wp-block-buttons is-layout-flex wp-block-buttons-is-layout-flex\"><\/div>\n","protected":false},"excerpt":{"rendered":"<p>Oslav leto\u0161n\u00ed V\u00e1noce jinak a sb\u00edrej d\u00e1rky pro p\u0159\u00edrodu. Jak na to? Zalo\u017e si vlastn\u00ed sb\u00edrku a zapoj sv\u00e9 p\u0159\u00e1tele a bl\u00edzk\u00e9!<\/p>\n","protected":false},"author":30,"featured_media":12517,"comment_status":"open","ping_status":"closed","sticky":false,"template":"","format":"standard","meta":{"ep_exclude_from_search":false,"p4_og_title":"","p4_og_description":"","p4_og_image":"","p4_og_image_id":"","p4_seo_canonical_url":"","p4_campaign_name":"not set","p4_local_project":"not set","p4_basket_name":"not set","p4_department":"","footnotes":""},"categories":[30],"tags":[27,24],"p4-page-type":[16],"class_list":["post-10799","post","type-post","status-publish","format-standard","has-post-thumbnail","hentry","category-greenpeace","tag-podporuji-greenpeace","tag-aktivni-spolecnost","p4-page-type-clanek"],"_links":{"self":[{"href":"https:\/\/www.greenpeace.org\/czech\/wp-json\/wp\/v2\/posts\/10799","targetHints":{"allow":["GET"]}}],"collection":[{"href":"https:\/\/www.greenpeace.org\/czech\/wp-json\/wp\/v2\/posts"}],"about":[{"href":"https:\/\/www.greenpeace.org\/czech\/wp-json\/wp\/v2\/types\/post"}],"author":[{"embeddable":true,"href":"https:\/\/www.greenpeace.org\/czech\/wp-json\/wp\/v2\/users\/30"}],"replies":[{"embeddable":true,"href":"https:\/\/www.greenpeace.org\/czech\/wp-json\/wp\/v2\/comments?post=10799"}],"version-history":[{"count":19,"href":"https:\/\/www.greenpeace.org\/czech\/wp-json\/wp\/v2\/posts\/10799\/revisions"}],"predecessor-version":[{"id":18390,"href":"https:\/\/www.greenpeace.org\/czech\/wp-json\/wp\/v2\/posts\/10799\/revisions\/18390"}],"wp:featuredmedia":[{"embeddable":true,"href":"https:\/\/www.greenpeace.org\/czech\/wp-json\/wp\/v2\/media\/12517"}],"wp:attachment":[{"href":"https:\/\/www.greenpeace.org\/czech\/wp-json\/wp\/v2\/media?parent=10799"}],"wp:term":[{"taxonomy":"category","embeddable":true,"href":"https:\/\/www.greenpeace.org\/czech\/wp-json\/wp\/v2\/categories?post=10799"},{"taxonomy":"post_tag","embeddable":true,"href":"https:\/\/www.greenpeace.org\/czech\/wp-json\/wp\/v2\/tags?post=10799"},{"taxonomy":"p4-page-type","embeddable":true,"href":"https:\/\/www.greenpeace.org\/czech\/wp-json\/wp\/v2\/p4-page-type?post=10799"}],"curies":[{"name":"wp","href":"https:\/\/api.w.org\/{rel}","templated":true}]}}