{"id":10800,"date":"2020-06-04T13:41:38","date_gmt":"2020-06-04T11:41:38","guid":{"rendered":"https:\/\/www.greenpeace.org\/czech\/?p=10800"},"modified":"2021-12-01T13:31:31","modified_gmt":"2021-12-01T12:31:31","slug":"organizace-greenpeace-podala-trestni-oznameni-na-vedeni-okd-pro-podezreni-z-sireni-nakazlive-nemoci","status":"publish","type":"post","link":"https:\/\/www.greenpeace.org\/czech\/tiskova-zprava\/10800\/organizace-greenpeace-podala-trestni-oznameni-na-vedeni-okd-pro-podezreni-z-sireni-nakazlive-nemoci\/","title":{"rendered":"Organizace Greenpeace podala trestn\u00ed ozn\u00e1men\u00ed na veden\u00ed OKD pro podez\u0159en\u00ed z \u0161\u00ed\u0159en\u00ed naka\u017eliv\u00e9 nemoci"},"content":{"rendered":"\n<p><strong>Organizace Greenpeace dnes podala<a href=\"https:\/\/www.greenpeace.org\/static\/planet4-czech-republic-stateless\/2020\/06\/4ba6aa73-trestn\u00ed-ozn\u00e1men\u00ed-okd.pdf\"> trestn\u00ed ozn\u00e1men\u00ed na firmu OKD a jej\u00ed management<\/a>. Spole\u010dnost, kter\u00e1 t\u011b\u017e\u00ed \u010dern\u00e9 uhl\u00ed v Moravskoslezsk\u00e9m kraji, podle Greenpeace pochybila, kdy\u017e odm\u00edtla p\u0159eru\u0161it provoz na dole Darkov po propuknut\u00ed epidemie nemoci Covid-19 mezi horn\u00edky. Nov\u00fdm druhem koronaviru se kv\u016fli provozu dolu podle dostupn\u00fdch informac\u00ed <a href=\"https:\/\/berounsky.denik.cz\/zpravy-z-ceska\/karvina-darkov-koronavirus-nakazeni-20200603.html\">nakazilo 387 lid\u00ed, z nich\u017e bylo 253 zam\u011bstnanc\u016f a 125 rodinn\u00fdch p\u0159\u00edslu\u0161n\u00edk\u016f<\/a>. D\u016fl Darkov se tak stal bezkonkuren\u010dn\u011b nejv\u011bt\u0161\u00edm ohniskem koronaviru v \u010cesk\u00e9 republice.\u00a0<\/strong><\/p>\n\n<p>Veden\u00ed OKD se podle Greenpeace dopustilo trestn\u00e9ho \u010dinu \u0161\u00ed\u0159en\u00ed naka\u017eliv\u00e9 lidsk\u00e9 nemoci z nedbalosti, p\u0159it\u011b\u017euj\u00edc\u00edm faktorem zde nav\u00edc je, \u017ee v dob\u011b trestn\u00e9ho \u010dinu byl vyhl\u00e1\u0161en nouzov\u00fd stav. Lidem z veden\u00ed firmy <a href=\"http:\/\/zakony.centrum.cz\/trestni-zakonik\/cast-2-hlava-1-dil-3-paragraf-152\">tak m\u016f\u017ee hrozit odn\u011bt\u00ed svobody a\u017e na 3 roky<\/a>.<\/p>\n\n<p><\/p>\n\n<figure class=\"wp-block-image size-large  caption-style-blue-overlay caption-alignment-center\"><img loading=\"lazy\" decoding=\"async\" width=\"1024\" height=\"684\" src=\"https:\/\/www.greenpeace.org\/static\/planet4-czech-republic-stateless\/2020\/06\/b56719d7-2020_06_01_gp_tleskame_2400px_zewlakk-5135-1024x684.jpg\" alt=\"\" class=\"wp-image-10804\" srcset=\"https:\/\/www.greenpeace.org\/static\/planet4-czech-republic-stateless\/2020\/06\/b56719d7-2020_06_01_gp_tleskame_2400px_zewlakk-5135-1024x684.jpg 1024w, https:\/\/www.greenpeace.org\/static\/planet4-czech-republic-stateless\/2020\/06\/b56719d7-2020_06_01_gp_tleskame_2400px_zewlakk-5135-300x200.jpg 300w, https:\/\/www.greenpeace.org\/static\/planet4-czech-republic-stateless\/2020\/06\/b56719d7-2020_06_01_gp_tleskame_2400px_zewlakk-5135-768x513.jpg 768w, https:\/\/www.greenpeace.org\/static\/planet4-czech-republic-stateless\/2020\/06\/b56719d7-2020_06_01_gp_tleskame_2400px_zewlakk-5135-1536x1025.jpg 1536w, https:\/\/www.greenpeace.org\/static\/planet4-czech-republic-stateless\/2020\/06\/b56719d7-2020_06_01_gp_tleskame_2400px_zewlakk-5135-2048x1367.jpg 2048w, https:\/\/www.greenpeace.org\/static\/planet4-czech-republic-stateless\/2020\/06\/b56719d7-2020_06_01_gp_tleskame_2400px_zewlakk-5135-2046x1366.jpg 2046w, https:\/\/www.greenpeace.org\/static\/planet4-czech-republic-stateless\/2020\/06\/b56719d7-2020_06_01_gp_tleskame_2400px_zewlakk-5135-510x340.jpg 510w\" sizes=\"auto, (max-width: 1024px) 100vw, 1024px\" \/><figcaption>Greenpeace v pond\u011bl\u00ed demonstrovalo proti podpo\u0159e OKD ze st\u00e1tn\u00edho rozpo\u010dtu. (c) Greenpeace &#8211; Petr Zewlakk Vrabec<\/figcaption><\/figure>\n\n<p>Prvn\u00ed dva p\u0159\u00edpady se objevily 30. dubna, tedy b\u011bhem nouzov\u00e9ho stavu, kter\u00fd trval a\u017e do 17. kv\u011btna. Po\u010det naka\u017een\u00fdch se postupn\u011b zvy\u0161oval, p\u0159esto veden\u00ed spole\u010dnosti provoz dolu nijak neomezilo. 18. kv\u011btna za\u010dali hygienici plo\u0161n\u011b testovat zam\u011bstnance dolu a v\u00fdsledky, kter\u00e9 p\u0159i\u0161ly o dva dny pozd\u011bji, byly alarmuj\u00edc\u00ed &#8211; na koronavirus bylo pozitivn\u011b testov\u00e1no 113 lid\u00ed a 6 rodinn\u00fdch p\u0159\u00edslu\u0161n\u00edk\u016f. P\u0159esto nebyla t\u011b\u017eba omezena.&nbsp;<\/p>\n\n<p>A\u017e 25. kv\u011btna &#8211; v okam\u017eiku, kdy bylo prokazateln\u011b naka\u017eeno 212 lid\u00ed &#8211; byla podle spole\u010dnosti zastavena t\u011b\u017eba, v podzem\u00ed ale d\u00e1le prob\u00edhaly pr\u00e1ce \u00fadajn\u011b nutn\u00e9 <a href=\"https:\/\/www.okd.cz\/cs\/media\/tiskove-zpravy\/tezba-uhli-v-dole-darkov-od-patku-neprobiha\">\u201ck zachov\u00e1n\u00ed po\u017eadovan\u00e9ho bezpe\u010dn\u00e9ho stavu z pohledu b\u00e1\u0148sk\u00e9 legislativy a udr\u017een\u00ed dolu v takov\u00e9m stavu v podzem\u00ed, aby nedo\u0161lo k nen\u00e1vratn\u00fdm \u0161kod\u00e1m\u201d<\/a>. V m\u00e9di\u00edch se nicm\u00e9n\u011b pot\u00e9 objevila <a href=\"https:\/\/a2larm.cz\/2020\/05\/hornici-z-dolu-darkov-si-stezuji-ze-dal-faraji-okd-odmitlo-jejich-tvrzeni-vyvratit\/\">vyj\u00e1d\u0159en\u00ed horn\u00edk\u016f, \u017ee v dole nad\u00e1le prob\u00edhaj\u00ed ra\u017eby<\/a> (tedy vytv\u00e1\u0159en\u00ed nov\u00fdch spojovac\u00edch chodeb), co\u017e nespad\u00e1 do kategorie bezodkladn\u00fdch \u010dinnost\u00ed. Firma tyto informace odm\u00edtla komentovat.<\/p>\n\n<p><strong>Jan Rovensk\u00fd z energetick\u00e9 kampan\u011b Greenpeace \u010cR uvedl:<br><\/strong><em>\u201cD\u016fl Darkov nen\u00ed sou\u010d\u00e1st\u00ed vl\u00e1dou definovan\u00e9 kritick\u00e9 infrastruktury. Zam\u011bstnavatel byl proto povinen provoz ukon\u010dit \u010di omezit tak, aby k \u0161\u00ed\u0159en\u00ed epidemie nedoch\u00e1zelo. Heroick\u00e9 vysl\u00e1n\u00ed neozbrojen\u00fdch voj\u00e1k\u016f proti nep\u0159\u00edteli m\u00e1 mo\u017en\u00e1 m\u00edsto v n\u011bkter\u00fdch kl\u00ed\u010dov\u00fdch momentech boj\u016f na v\u00fdchodn\u00ed front\u011b za druh\u00e9 sv\u011btov\u00e9 v\u00e1lky, ale do katalogu \u010dinnost\u00ed ur\u010den\u00fdch k vytv\u00e1\u0159en\u00ed zisku soukrom\u00e9 firmy v civilizovan\u00e9 spole\u010dnosti rozhodn\u011b nepat\u0159\u00ed. Veden\u00ed OKD zlo\u010dinn\u011b ohrozilo zdrav\u00ed a \u017eivoty sv\u00fdch zam\u011bstnanc\u016f, jejich rodinn\u00fdch p\u0159\u00edslu\u0161n\u00edk\u016f i obyvatel cel\u00e9ho regionu, a m\u011blo by za to n\u00e9st odpov\u011bdnost.\u201d<\/em><\/p>\n\n<p><strong>Luk\u00e1\u0161 Hr\u00e1bek, tiskov\u00fd mluv\u010d\u00ed Greenpeace \u010cR, \u0159ekl:<\/strong><br><em>\u201cV budoucnu se m\u00e1 nejen na Karvinsku, ale v cel\u00e9 \u010cesk\u00e9 republice utlumovat t\u011b\u017eba a spalov\u00e1n\u00ed uhl\u00ed. P\u0159i \u00fastupu od uhl\u00ed ov\u0161em mus\u00ed b\u00fdt br\u00e1n z\u0159etel obzvl\u00e1\u0161\u0165 na z\u00e1jmy a pot\u0159eby horn\u00edk\u016f a dal\u0161\u00edch zam\u011bstnanc\u016f uheln\u00fdch spole\u010dnost\u00ed. Jen tak m\u016f\u017ee b\u00fdt zaji\u0161t\u011bn plynul\u00fd a spravedliv\u00fd p\u0159echod od fosiln\u00edch paliv k \u010dist\u011bj\u0161\u00ed energetice a celkov\u00e9 modernizaci pr\u016fmyslu. Postup firmy OKD v dob\u011b koronavirov\u00e9 krize ov\u0161em vyvol\u00e1v\u00e1 pochybnosti, zda je firma v\u016fbec ochotn\u00e1 br\u00e1t na horn\u00edky ohled. P\u00e1r lopatek uhl\u00ed rozhodn\u011b nestoj\u00ed za to, aby OKD ohro\u017eovalo zdrav\u00ed sv\u00fdch zam\u011bstnanc\u016f a jejich bl\u00edzk\u00fdch. Zda veden\u00ed spole\u010dnosti sv\u00fdm skand\u00e1ln\u00edm chov\u00e1n\u00edm poru\u0161ilo z\u00e1kon, bude nyn\u00ed muset pro\u0161et\u0159it policie.\u201d&nbsp;<\/em><\/p>\n\n<p>Organizace Greenpeace se horn\u00edk\u016f z OKD <a href=\"https:\/\/wayback.archive-it.org\/9650\/20191116020834\/http:\/\/p3-raw.greenpeace.org\/czech\/cz\/press\/Vlado-dej-penize-hornikum-ne-Bakalovi\/\">zastala ji\u017e v roce 2013<\/a>, kdy navrhla, aby bylo 6 miliard ze st\u00e1tn\u00edho rozpo\u010dtu ur\u010den\u00fdch na prodlu\u017eov\u00e1n\u00ed provozu ztr\u00e1tov\u00e9ho dolu Paskov rozd\u011bleno p\u0159\u00edmo jeho zam\u011bstnanc\u016fm. Ka\u017ed\u00fd z horn\u00edk\u016f m\u011bl podle tohoto n\u00e1vrhu dostat zhruba 2,4 milionu korun. (5)<\/p>\n<div class=\"EmptyMessage\">Block content is empty. Check the block&#8217;s settings or remove it.<\/div>","protected":false},"excerpt":{"rendered":"<p>Organizace Greenpeace dnes podala trestn\u00ed ozn\u00e1men\u00ed na firmu OKD a jej\u00ed management. Spole\u010dnost, kter\u00e1 t\u011b\u017e\u00ed \u010dern\u00e9 uhl\u00ed v Moravskoslezsk\u00e9m kraji, podle Greenpeace pochybila, kdy\u017e odm\u00edtla p\u0159eru\u0161it provoz na dole Darkov&hellip;<\/p>\n","protected":false},"author":27,"featured_media":10804,"comment_status":"open","ping_status":"closed","sticky":false,"template":"","format":"standard","meta":{"ep_exclude_from_search":false,"p4_og_title":"","p4_og_description":"","p4_og_image":"","p4_og_image_id":"","p4_seo_canonical_url":"","p4_campaign_name":"not set","p4_local_project":"not set","p4_basket_name":"not set","p4_department":"","footnotes":""},"categories":[4],"tags":[24,25],"p4-page-type":[14],"class_list":["post-10800","post","type-post","status-publish","format-standard","has-post-thumbnail","hentry","category-energeticka-revoluce","tag-aktivni-spolecnost","tag-konec-doby-fosilni","p4-page-type-tiskova-zprava"],"_links":{"self":[{"href":"https:\/\/www.greenpeace.org\/czech\/wp-json\/wp\/v2\/posts\/10800","targetHints":{"allow":["GET"]}}],"collection":[{"href":"https:\/\/www.greenpeace.org\/czech\/wp-json\/wp\/v2\/posts"}],"about":[{"href":"https:\/\/www.greenpeace.org\/czech\/wp-json\/wp\/v2\/types\/post"}],"author":[{"embeddable":true,"href":"https:\/\/www.greenpeace.org\/czech\/wp-json\/wp\/v2\/users\/27"}],"replies":[{"embeddable":true,"href":"https:\/\/www.greenpeace.org\/czech\/wp-json\/wp\/v2\/comments?post=10800"}],"version-history":[{"count":6,"href":"https:\/\/www.greenpeace.org\/czech\/wp-json\/wp\/v2\/posts\/10800\/revisions"}],"predecessor-version":[{"id":15534,"href":"https:\/\/www.greenpeace.org\/czech\/wp-json\/wp\/v2\/posts\/10800\/revisions\/15534"}],"wp:featuredmedia":[{"embeddable":true,"href":"https:\/\/www.greenpeace.org\/czech\/wp-json\/wp\/v2\/media\/10804"}],"wp:attachment":[{"href":"https:\/\/www.greenpeace.org\/czech\/wp-json\/wp\/v2\/media?parent=10800"}],"wp:term":[{"taxonomy":"category","embeddable":true,"href":"https:\/\/www.greenpeace.org\/czech\/wp-json\/wp\/v2\/categories?post=10800"},{"taxonomy":"post_tag","embeddable":true,"href":"https:\/\/www.greenpeace.org\/czech\/wp-json\/wp\/v2\/tags?post=10800"},{"taxonomy":"p4-page-type","embeddable":true,"href":"https:\/\/www.greenpeace.org\/czech\/wp-json\/wp\/v2\/p4-page-type?post=10800"}],"curies":[{"name":"wp","href":"https:\/\/api.w.org\/{rel}","templated":true}]}}