{"id":10892,"date":"2020-06-11T15:44:32","date_gmt":"2020-06-11T13:44:32","guid":{"rendered":"https:\/\/www.greenpeace.org\/czech\/?p=10892"},"modified":"2021-12-01T13:31:29","modified_gmt":"2021-12-01T12:31:29","slug":"jadro-jako-reseni-klimaticke-krize-podivejte-se-na-zaznam-webinare-s-energetickym-expertem","status":"publish","type":"post","link":"https:\/\/www.greenpeace.org\/czech\/clanek\/10892\/jadro-jako-reseni-klimaticke-krize-podivejte-se-na-zaznam-webinare-s-energetickym-expertem\/","title":{"rendered":"J\u00e1dro jako \u0159e\u0161en\u00ed klimatick\u00e9 krize? Pod\u00edvejte se na z\u00e1znam webin\u00e1\u0159e s energetick\u00fdm expertem"},"content":{"rendered":"\n<p>Stavba nov\u00fdch jadern\u00fdch reaktor\u016f je v \u010cesk\u00e9 republice ch\u00e1p\u00e1na jako kl\u00ed\u010dov\u00fd n\u00e1stroj p\u0159i sni\u017eov\u00e1n\u00ed emis\u00ed sklen\u00edkov\u00fdch plyn\u016f. M\u016f\u017ee to zvl\u00e1dnout?<\/p>\n\n<p>Nen\u00ed p\u0159\u00edli\u0161 pomal\u00e1 a nemohou vysok\u00e9 \u00fatraty za nov\u00e9 reaktory zablokovat efektivn\u011bj\u0161\u00ed \u0159e\u0161en\u00ed? Jak ovlivn\u00ed zm\u011bna klimatu provoz jadern\u00fdch elektr\u00e1ren? Lze pokr\u00fdt sou\u010dasn\u00e9 energetick\u00e9 pot\u0159eby p\u0159i \u00fatlumu jadern\u00e9 energetiky i fosiln\u00edch paliv?<\/p>\n\n<p>O tom a dal\u0161\u00edch p\u0159\u00edbuzn\u00fdch t\u00e9matech jsme si pov\u00eddali s Edvardem Sequensem, energetick\u00fdm konzultantem Calla &#8211; Sdru\u017een\u00ed pro z\u00e1chranu prost\u0159ed\u00ed.<\/p>\n\n<figure class=\"wp-block-embed-youtube wp-block-embed is-type-video is-provider-youtube wp-embed-aspect-16-9 wp-has-aspect-ratio\"><div class=\"wp-block-embed__wrapper\">\n<lite-youtube style=\"background-image: url('https:\/\/i.ytimg.com\/vi\/8uw223GvZPM\/hqdefault.jpg');\" videoid=\"8uw223GvZPM\" params=\"rel=0\"><\/lite-youtube>\n<\/div><\/figure>\n<div class=\"EmptyMessage\">Block content is empty. Check the block&#8217;s settings or remove it.<\/div>","protected":false},"excerpt":{"rendered":"<p>Obnova lesn\u00edch porost\u016f je alfou a omegou budouc\u00edch stabiln\u00edch, odoln\u00fdch a produk\u010dn\u00edch les\u016f s pln\u011bn\u00edm v\u0161ech mimoproduk\u010dn\u00edch funkc\u00ed. Jak ale takov\u00e9 lesy p\u011bstovat? Jak m\u00e1 vlastn\u00edk p\u0159edev\u0161\u00edm drobn\u00fdch v\u00fdm\u011br p\u0159istupovat&hellip;<\/p>\n","protected":false},"author":37,"featured_media":10895,"comment_status":"open","ping_status":"closed","sticky":false,"template":"","format":"standard","meta":{"ep_exclude_from_search":false,"p4_og_title":"","p4_og_description":"","p4_og_image":"","p4_og_image_id":"","p4_seo_canonical_url":"","p4_campaign_name":"not set","p4_local_project":"not set","p4_basket_name":"not set","p4_department":"","footnotes":""},"categories":[2,37],"tags":[20,26,36],"p4-page-type":[16],"class_list":["post-10892","post","type-post","status-publish","format-standard","has-post-thumbnail","hentry","category-priroda","category-vzdelavani","tag-zmena-klimatu","tag-obnovitelne-zdroje","tag-akademie-greenpeace","p4-page-type-clanek"],"_links":{"self":[{"href":"https:\/\/www.greenpeace.org\/czech\/wp-json\/wp\/v2\/posts\/10892","targetHints":{"allow":["GET"]}}],"collection":[{"href":"https:\/\/www.greenpeace.org\/czech\/wp-json\/wp\/v2\/posts"}],"about":[{"href":"https:\/\/www.greenpeace.org\/czech\/wp-json\/wp\/v2\/types\/post"}],"author":[{"embeddable":true,"href":"https:\/\/www.greenpeace.org\/czech\/wp-json\/wp\/v2\/users\/37"}],"replies":[{"embeddable":true,"href":"https:\/\/www.greenpeace.org\/czech\/wp-json\/wp\/v2\/comments?post=10892"}],"version-history":[{"count":4,"href":"https:\/\/www.greenpeace.org\/czech\/wp-json\/wp\/v2\/posts\/10892\/revisions"}],"predecessor-version":[{"id":15530,"href":"https:\/\/www.greenpeace.org\/czech\/wp-json\/wp\/v2\/posts\/10892\/revisions\/15530"}],"wp:featuredmedia":[{"embeddable":true,"href":"https:\/\/www.greenpeace.org\/czech\/wp-json\/wp\/v2\/media\/10895"}],"wp:attachment":[{"href":"https:\/\/www.greenpeace.org\/czech\/wp-json\/wp\/v2\/media?parent=10892"}],"wp:term":[{"taxonomy":"category","embeddable":true,"href":"https:\/\/www.greenpeace.org\/czech\/wp-json\/wp\/v2\/categories?post=10892"},{"taxonomy":"post_tag","embeddable":true,"href":"https:\/\/www.greenpeace.org\/czech\/wp-json\/wp\/v2\/tags?post=10892"},{"taxonomy":"p4-page-type","embeddable":true,"href":"https:\/\/www.greenpeace.org\/czech\/wp-json\/wp\/v2\/p4-page-type?post=10892"}],"curies":[{"name":"wp","href":"https:\/\/api.w.org\/{rel}","templated":true}]}}