{"id":10931,"date":"2020-06-16T13:00:43","date_gmt":"2020-06-16T11:00:43","guid":{"rendered":"https:\/\/www.greenpeace.org\/czech\/?p=10931"},"modified":"2025-07-02T08:13:56","modified_gmt":"2025-07-02T07:13:56","slug":"pet-kroku-ke-slow-fashion-satniku","status":"publish","type":"post","link":"https:\/\/www.greenpeace.org\/czech\/clanek\/10931\/pet-kroku-ke-slow-fashion-satniku\/","title":{"rendered":"P\u011bt krok\u016f ke \u201eslow fashion\u201c \u0161atn\u00edku"},"content":{"rendered":"\n<p>Pomal\u00e1 m\u00f3da. Uv\u011bdom\u011bl\u00e1 m\u00f3da. Zelen\u00e1 m\u00f3da. Pro n\u011bkoho mo\u017en\u00e1 l\u00e9pe \u201eskute\u010dn\u00e1\u201c m\u00f3da. Poj\u010fte s n\u00e1mi pochopit z\u00e1kladn\u00ed principy fungov\u00e1n\u00ed m\u00f3dn\u00edho sv\u011bta a vymanit se z podru\u010d\u00ed \u201efast fashion\u201c. Vysv\u011btl\u00edme v\u00e1m, jak do oble\u010den\u00ed investovat, jak poznat kvalitn\u00ed materi\u00e1ly a hodnotit ekologick\u00e9 dopady jejich produkce. Zorientujeme se v z\u00e1kladn\u00edch certifik\u00e1tech a pov\u00edme si mnoh\u00e9 i o tom, jak se oble\u010den\u00ed vyr\u00e1b\u00ed a kudy cestuje. Nau\u010d\u00edme v\u00e1s ve snadn\u00fdch p\u011bti kroc\u00edch postupn\u011b prom\u011bnit v\u00e1\u0161 \u0161atn\u00edk tak, aby byl nejen zodpov\u011bdn\u00fd a etick\u00fd, ale tak\u00e9 vyj\u00e1d\u0159en\u00edm va\u0161ich hodnot a stylu. Jak nakupovat a jak o od\u011bvy i boty n\u00e1sledn\u011b pe\u010dovat.<br><br>Webin\u00e1\u0159 vedla Eva Urbanov\u00e1, majitelka obchod\u016f NILA, propag\u00e1torka smyslupln\u00e9ho \u017eivotn\u00edho stylu, autorka blogu a podcast\u016f.<\/p>\n\n<figure class=\"wp-block-embed-youtube wp-block-embed is-type-video is-provider-youtube wp-embed-aspect-16-9 wp-has-aspect-ratio\"><div class=\"wp-block-embed__wrapper\">\n<lite-youtube style=\"background-image: url('https:\/\/i.ytimg.com\/vi\/lmU01dD-x6Q\/hqdefault.jpg');\" videoid=\"lmU01dD-x6Q\" params=\"rel=0\"><\/lite-youtube>\n<\/div><\/figure>\n","protected":false},"excerpt":{"rendered":"<p>Pomal\u00e1 m\u00f3da. Uv\u011bdom\u011bl\u00e1 m\u00f3da. Zelen\u00e1 m\u00f3da. Pro n\u011bkoho mo\u017en\u00e1 l\u00e9pe \u201eskute\u010dn\u00e1\u201c m\u00f3da. Poj\u010fte s n\u00e1mi pochopit z\u00e1kladn\u00ed principy fungov\u00e1n\u00ed m\u00f3dn\u00edho sv\u011bta a vymanit se z podru\u010d\u00ed \u201efast fashion\u201c. Vysv\u011btl\u00edme v\u00e1m,&hellip;<\/p>\n","protected":false},"author":27,"featured_media":10932,"comment_status":"open","ping_status":"closed","sticky":false,"template":"","format":"standard","meta":{"ep_exclude_from_search":false,"p4_og_title":"","p4_og_description":"","p4_og_image":"","p4_og_image_id":"","p4_seo_canonical_url":"","p4_campaign_name":"not set","p4_local_project":"not set","p4_basket_name":"not set","p4_department":"","footnotes":""},"categories":[3,37],"tags":[22,23,36],"p4-page-type":[16],"class_list":["post-10931","post","type-post","status-publish","format-standard","has-post-thumbnail","hentry","category-nas-svet","category-vzdelavani","tag-setrimeplanetu","tag-bez-chemie","tag-akademie-greenpeace","p4-page-type-clanek"],"_links":{"self":[{"href":"https:\/\/www.greenpeace.org\/czech\/wp-json\/wp\/v2\/posts\/10931","targetHints":{"allow":["GET"]}}],"collection":[{"href":"https:\/\/www.greenpeace.org\/czech\/wp-json\/wp\/v2\/posts"}],"about":[{"href":"https:\/\/www.greenpeace.org\/czech\/wp-json\/wp\/v2\/types\/post"}],"author":[{"embeddable":true,"href":"https:\/\/www.greenpeace.org\/czech\/wp-json\/wp\/v2\/users\/27"}],"replies":[{"embeddable":true,"href":"https:\/\/www.greenpeace.org\/czech\/wp-json\/wp\/v2\/comments?post=10931"}],"version-history":[{"count":4,"href":"https:\/\/www.greenpeace.org\/czech\/wp-json\/wp\/v2\/posts\/10931\/revisions"}],"predecessor-version":[{"id":22351,"href":"https:\/\/www.greenpeace.org\/czech\/wp-json\/wp\/v2\/posts\/10931\/revisions\/22351"}],"wp:featuredmedia":[{"embeddable":true,"href":"https:\/\/www.greenpeace.org\/czech\/wp-json\/wp\/v2\/media\/10932"}],"wp:attachment":[{"href":"https:\/\/www.greenpeace.org\/czech\/wp-json\/wp\/v2\/media?parent=10931"}],"wp:term":[{"taxonomy":"category","embeddable":true,"href":"https:\/\/www.greenpeace.org\/czech\/wp-json\/wp\/v2\/categories?post=10931"},{"taxonomy":"post_tag","embeddable":true,"href":"https:\/\/www.greenpeace.org\/czech\/wp-json\/wp\/v2\/tags?post=10931"},{"taxonomy":"p4-page-type","embeddable":true,"href":"https:\/\/www.greenpeace.org\/czech\/wp-json\/wp\/v2\/p4-page-type?post=10931"}],"curies":[{"name":"wp","href":"https:\/\/api.w.org\/{rel}","templated":true}]}}