{"id":10976,"date":"2020-06-30T09:36:43","date_gmt":"2020-06-30T07:36:43","guid":{"rendered":"https:\/\/www.greenpeace.org\/czech\/?p=10976"},"modified":"2025-07-02T08:13:53","modified_gmt":"2025-07-02T07:13:53","slug":"co-ohrozuje-nasi-vodu-prednaska-hydrologa-jindricha-durase","status":"publish","type":"post","link":"https:\/\/www.greenpeace.org\/czech\/clanek\/10976\/co-ohrozuje-nasi-vodu-prednaska-hydrologa-jindricha-durase\/","title":{"rendered":"Co ohro\u017euje na\u0161i vodu? P\u0159edn\u00e1\u0161ka hydrologa Jind\u0159icha Durase"},"content":{"rendered":"\n<p>Voda, sucho, povodn\u011b. T\u00e9mata, kter\u00fdm se v dne\u0161n\u00ed dob\u011b nelze nevyhnout. Ale jak je to s kvalitou vody, kter\u00e1 je v \u010desk\u00fdch \u0159ek\u00e1ch, n\u00e1dr\u017e\u00edch a studn\u00e1ch? Je hor\u0161\u00ed, nebo lep\u0161\u00ed ne\u017e v minulosti? Co ji nejv\u00edce ohro\u017euje? Kdy\u017e se postav\u00ed nov\u00e9 p\u0159ehrady, bude v nich voda skute\u010dn\u011b vhodn\u00e1 k pit\u00ed? A pro\u010d p\u0159ehrady kvetou a jsou pln\u00e9 sinic? A jak to souvis\u00ed s na\u0161\u00ed koupelnou?<\/p>\n\n<p>Odpadn\u00ed vody \u010dist\u00edme v \u010dist\u00edrn\u00e1ch odpadn\u00edch vod, ale sta\u010d\u00ed to? A co se stane, kdy\u017e zapr\u0161\u00ed a vody do \u010dist\u00edren te\u010de v\u00edce, ne\u017e je schopna vy\u010distit? A co rybn\u00edky, na\u0161e \u201erodinn\u00e9 st\u0159\u00edbro\u201c, nestaly se pro n\u00e1s u\u017e sp\u00ed\u0161e p\u0159\u00edt\u011b\u017e\u00ed?<\/p>\n\n<p>O tom n\u00e1m ve webin\u00e1\u0159i vypr\u00e1v\u011bl Jind\u0159ich Duras, hydrobiolog a specialista na kvalitu vody. Pracuje na Povod\u00ed Vltavy v odd\u011blen\u00ed pl\u00e1nov\u00e1n\u00ed v oblasti vod. Vede i p\u0159edn\u00e1\u0161ky na J\u010cU a Z\u010cU, p\u0159\u00edpadn\u011b popularizaci poznatk\u016f pro ve\u0159ejnost.<\/p>\n\n<figure class=\"wp-block-embed-youtube wp-block-embed is-type-video is-provider-youtube wp-embed-aspect-16-9 wp-has-aspect-ratio\"><div class=\"wp-block-embed__wrapper\">\n<lite-youtube style=\"background-image: url('https:\/\/i.ytimg.com\/vi\/s3d8JoEQ8Ew\/hqdefault.jpg');\" videoid=\"s3d8JoEQ8Ew\" params=\"rel=0\"><\/lite-youtube>\n<\/div><\/figure>\n<div class=\"EmptyMessage\">Block content is empty. Check the block&#8217;s settings or remove it.<\/div>","protected":false},"excerpt":{"rendered":"<p>Voda, sucho, povodn\u011b. T\u00e9mata, kter\u00fdm se v dne\u0161n\u00ed dob\u011b nelze nevyhnout. Ale jak je to s kvalitou vody, kter\u00e1 je v \u010desk\u00fdch \u0159ek\u00e1ch, n\u00e1dr\u017e\u00edch a studn\u00e1ch? Je hor\u0161\u00ed, nebo lep\u0161\u00ed&hellip;<\/p>\n","protected":false},"author":27,"featured_media":10980,"comment_status":"open","ping_status":"closed","sticky":false,"template":"","format":"standard","meta":{"ep_exclude_from_search":false,"p4_og_title":"","p4_og_description":"","p4_og_image":"","p4_og_image_id":"","p4_seo_canonical_url":"","p4_campaign_name":"not set","p4_local_project":"not set","p4_basket_name":"not set","p4_department":"","footnotes":""},"categories":[2,37],"tags":[20,36],"p4-page-type":[16],"class_list":["post-10976","post","type-post","status-publish","format-standard","has-post-thumbnail","hentry","category-priroda","category-vzdelavani","tag-zmena-klimatu","tag-akademie-greenpeace","p4-page-type-clanek"],"_links":{"self":[{"href":"https:\/\/www.greenpeace.org\/czech\/wp-json\/wp\/v2\/posts\/10976","targetHints":{"allow":["GET"]}}],"collection":[{"href":"https:\/\/www.greenpeace.org\/czech\/wp-json\/wp\/v2\/posts"}],"about":[{"href":"https:\/\/www.greenpeace.org\/czech\/wp-json\/wp\/v2\/types\/post"}],"author":[{"embeddable":true,"href":"https:\/\/www.greenpeace.org\/czech\/wp-json\/wp\/v2\/users\/27"}],"replies":[{"embeddable":true,"href":"https:\/\/www.greenpeace.org\/czech\/wp-json\/wp\/v2\/comments?post=10976"}],"version-history":[{"count":4,"href":"https:\/\/www.greenpeace.org\/czech\/wp-json\/wp\/v2\/posts\/10976\/revisions"}],"predecessor-version":[{"id":22349,"href":"https:\/\/www.greenpeace.org\/czech\/wp-json\/wp\/v2\/posts\/10976\/revisions\/22349"}],"wp:featuredmedia":[{"embeddable":true,"href":"https:\/\/www.greenpeace.org\/czech\/wp-json\/wp\/v2\/media\/10980"}],"wp:attachment":[{"href":"https:\/\/www.greenpeace.org\/czech\/wp-json\/wp\/v2\/media?parent=10976"}],"wp:term":[{"taxonomy":"category","embeddable":true,"href":"https:\/\/www.greenpeace.org\/czech\/wp-json\/wp\/v2\/categories?post=10976"},{"taxonomy":"post_tag","embeddable":true,"href":"https:\/\/www.greenpeace.org\/czech\/wp-json\/wp\/v2\/tags?post=10976"},{"taxonomy":"p4-page-type","embeddable":true,"href":"https:\/\/www.greenpeace.org\/czech\/wp-json\/wp\/v2\/p4-page-type?post=10976"}],"curies":[{"name":"wp","href":"https:\/\/api.w.org\/{rel}","templated":true}]}}