{"id":11018,"date":"2020-07-07T17:02:40","date_gmt":"2020-07-07T15:02:40","guid":{"rendered":"https:\/\/www.greenpeace.org\/czech\/?p=11018"},"modified":"2020-07-07T17:08:53","modified_gmt":"2020-07-07T15:08:53","slug":"elektrarna-chvaletice-instaluje-latkove-filtry-ktere-chytaji-rtut-presto-chce-stale-vyjimku-z-emisnich-limitu-na-8-let","status":"publish","type":"post","link":"https:\/\/www.greenpeace.org\/czech\/tiskova-zprava\/11018\/elektrarna-chvaletice-instaluje-latkove-filtry-ktere-chytaji-rtut-presto-chce-stale-vyjimku-z-emisnich-limitu-na-8-let\/","title":{"rendered":"Elektr\u00e1rna Chvaletice instaluje l\u00e1tkov\u00e9 filtry, kter\u00e9 chytaj\u00ed rtu\u0165. P\u0159esto chce st\u00e1le v\u00fdjimku z emisn\u00edch limit\u016f na 8 let"},"content":{"rendered":"\n<p><strong>Dnes prob\u011bhlo \u00fastn\u00ed jedn\u00e1n\u00ed v \u0159\u00edzen\u00ed o ud\u011blen\u00ed v\u00fdjimky z nov\u00fdch evropsk\u00fdch emisn\u00edch limit\u016f pro elektr\u00e1rnu Chvaletice na \u00fa\u0159ad\u011b Olomouck\u00e9ho kraje, kter\u00fd byl pov\u011b\u0159en rozhodov\u00e1n\u00edm pot\u00e9, co ministerstvo \u017eivotn\u00edho prost\u0159ed\u00ed <a href=\"https:\/\/www.greenpeace.org\/czech\/tiskova-zprava\/5324\/o-vyjimce-pro-chvaletice-budou-rozhodovat-urednici-v-olomouci-mzp-potvrdilo-podjatost-pardubickeho-kraje\/\">vylou\u010dilo z \u0159\u00edzen\u00ed \u00fa\u0159edn\u00edky Pardubick\u00e9ho kraje pro jejich syst\u00e9movou podjatost<\/a>. Provozovatel\u00e9 doplnili do \u017e\u00e1dosti n\u011bkter\u00e9 informace, kter\u00e9 po\u017eadovalo ministerstvo \u017eivotn\u00edho prost\u0159ed\u00ed. Nijak ale nezkr\u00e1tili dobu, po n\u00ed\u017e maj\u00ed po\u017eadovan\u00e9 v\u00fdjimky platit, ani nesn\u00ed\u017eili mno\u017estv\u00ed \u0161kodlivin, o jeho\u017e vypou\u0161t\u011bn\u00ed do ovzdu\u0161\u00ed \u017e\u00e1daj\u00ed.\u00a0<\/strong><\/p>\n\n<p>Pro rtu\u0165 i pro oxidy dus\u00edku cht\u011bj\u00ed provozovatel\u00e9 v\u00fdjimku v nejdel\u0161\u00ed mo\u017en\u00e9 lh\u016ft\u011b,<a href=\"https:\/\/www.greenpeace.org\/czech\/tiskova-zprava\/10535\/elektrarna-chvaletice-uz-skoro-mesic-stoji-presto-nyni-zada-o-vyjimku-kterou-ministerstvo-jiz-drive-odmitlo\/\"> tedy na 8 let. U rtuti \u017e\u00e1d\u00e1 o \u010dty\u0159n\u00e1sobek limitu<\/a>. A to i p\u0159esto, \u017ee v sou\u010dasn\u00e9 dob\u011b instaluj\u00ed nov\u00e9 l\u00e1tkov\u00e9 filtry, kter\u00e9 by m\u011bly mno\u017estv\u00ed vypou\u0161t\u011bn\u00e9 rtuti v\u00fdrazn\u011b sn\u00ed\u017eit. Firma Seven Energy, kter\u00e1 elektr\u00e1rnu provozuje, se dokonce na sv\u00e9m Twitteru chlubila, \u017ee <a href=\"https:\/\/twitter.com\/Sev_EnCZ\/status\/1272848672066240512\">d\u00edky l\u00e1tkov\u00fdm filtr\u016fm limity pro rtu\u0165 spln\u00ed<\/a>. Ve skute\u010dnosti se ale na \u017e\u00e1dosti o v\u00fdjimku nic nem\u011bn\u00ed. Podle navrhovan\u00e9ho harmonogramu v\u00fdjimky m\u00e1 ale optimalizace t\u011bchto filtr\u016f a p\u0159\u00edpadn\u00e1 instalace dal\u0161\u00ed podp\u016frn\u00e9 technologie trvat pr\u00e1v\u011b 8 let.\u00a0<\/p>\n\n<figure class=\"wp-block-image size-large  caption-style-blue-overlay caption-alignment-center\"><img loading=\"lazy\" decoding=\"async\" width=\"1024\" height=\"596\" src=\"https:\/\/www.greenpeace.org\/static\/planet4-czech-republic-stateless\/2019\/07\/57682f94-2019_07_01_klimakemp_utery_1920_zewlakk-1690-1024x596.jpg\" alt=\"\" class=\"wp-image-3749\" srcset=\"https:\/\/www.greenpeace.org\/static\/planet4-czech-republic-stateless\/2019\/07\/57682f94-2019_07_01_klimakemp_utery_1920_zewlakk-1690-1024x596.jpg 1024w, https:\/\/www.greenpeace.org\/static\/planet4-czech-republic-stateless\/2019\/07\/57682f94-2019_07_01_klimakemp_utery_1920_zewlakk-1690-300x175.jpg 300w, https:\/\/www.greenpeace.org\/static\/planet4-czech-republic-stateless\/2019\/07\/57682f94-2019_07_01_klimakemp_utery_1920_zewlakk-1690-768x447.jpg 768w, https:\/\/www.greenpeace.org\/static\/planet4-czech-republic-stateless\/2019\/07\/57682f94-2019_07_01_klimakemp_utery_1920_zewlakk-1690-510x297.jpg 510w, https:\/\/www.greenpeace.org\/static\/planet4-czech-republic-stateless\/2019\/07\/57682f94-2019_07_01_klimakemp_utery_1920_zewlakk-1690.jpg 1920w\" sizes=\"auto, (max-width: 1024px) 100vw, 1024px\" \/><figcaption>Elektr\u00e1rna Chvaletice<div class=\"credit icon-left\"> \u00a9 Greenpeace &#8211; Petr Zewlakk Vrabec<\/div><\/figcaption><\/figure>\n\n<p><strong>Luk\u00e1\u0161 Hr\u00e1bek z Greenpeace \u0159\u00edk\u00e1:\u00a0<\/strong><br><em>\u201cNad\u011bje, \u017ee by po instalaci nov\u00fdch l\u00e1tkov\u00fdch filtr\u016f mohla elektr\u00e1rna Chvaletice spl\u0148ovat limity a vypou\u0161t\u011bt do ovzdu\u0161\u00ed m\u00e9n\u011b toxick\u00e9 a vysoce nebezpe\u010dn\u00e9 rtuti, se na dne\u0161n\u00edm \u00fastn\u00edm jedn\u00e1n\u00ed velmi rychle rozplynula jak p\u00e1ra nad chladic\u00ed v\u011b\u017e\u00ed. Provozovatel st\u00e1le tvrd\u00ed, \u017ee pot\u0159ebuje v\u00fdjimku na nesmysln\u011b dlouh\u00fdch 8 let a ne nesmysln\u011b velk\u00e9 mno\u017estv\u00ed \u0161kodlivin &#8211; nejen rtuti, ale i oxid\u016f dus\u00edku.\u201d<\/em><\/p>\n\n<p><strong>Karel Polaneck\u00fd z Hnut\u00ed DUHA \u0159\u00edk\u00e1:\u00a0<\/strong><br><em>\u201cPou\u017e\u00edv\u00e1n\u00ed nejlep\u0161\u00edch dostupn\u00fdch technologi\u00ed u velk\u00fdch spalovac\u00edch zdroj\u016f, ke kter\u00fdm elektr\u00e1rna Chvaletice nesporn\u011b pat\u0159\u00ed, je v obecn\u00e9m z\u00e1jmu. S mo\u017enost\u00ed v\u00fdjimky nelze pracovat jako s n\u00e1strojem pro zlep\u0161en\u00ed ekonomick\u00fdch v\u00fdsledk\u016f. V\u00fdjimka na dobu, kter\u00e1 ub\u011bhne, ne\u017e dne\u0161n\u00ed prv\u0148\u00e1\u010dci dokon\u010d\u00ed z\u00e1kladn\u00ed \u0161koln\u00ed doch\u00e1zku, nen\u00ed akceptovateln\u00e1.\u201d\u00a0<\/em><\/p>\n","protected":false},"excerpt":{"rendered":"<p>Dnes prob\u011bhlo \u00fastn\u00ed jedn\u00e1n\u00ed v \u0159\u00edzen\u00ed o ud\u011blen\u00ed v\u00fdjimky z nov\u00fdch evropsk\u00fdch emisn\u00edch limit\u016f pro elektr\u00e1rnu Chvaletice na \u00fa\u0159ad\u011b Olomouck\u00e9ho kraje, kter\u00fd byl pov\u011b\u0159en rozhodov\u00e1n\u00edm pot\u00e9, co ministerstvo \u017eivotn\u00edho prost\u0159ed\u00ed&hellip;<\/p>\n","protected":false},"author":27,"featured_media":3749,"comment_status":"open","ping_status":"closed","sticky":false,"template":"","format":"standard","meta":{"ep_exclude_from_search":false,"p4_og_title":"","p4_og_description":"","p4_og_image":"","p4_og_image_id":"","p4_seo_canonical_url":"","p4_campaign_name":"not set","p4_local_project":"not set","p4_basket_name":"not set","p4_department":"","footnotes":""},"categories":[2],"tags":[],"p4-page-type":[14],"class_list":["post-11018","post","type-post","status-publish","format-standard","has-post-thumbnail","hentry","category-priroda","p4-page-type-tiskova-zprava"],"_links":{"self":[{"href":"https:\/\/www.greenpeace.org\/czech\/wp-json\/wp\/v2\/posts\/11018","targetHints":{"allow":["GET"]}}],"collection":[{"href":"https:\/\/www.greenpeace.org\/czech\/wp-json\/wp\/v2\/posts"}],"about":[{"href":"https:\/\/www.greenpeace.org\/czech\/wp-json\/wp\/v2\/types\/post"}],"author":[{"embeddable":true,"href":"https:\/\/www.greenpeace.org\/czech\/wp-json\/wp\/v2\/users\/27"}],"replies":[{"embeddable":true,"href":"https:\/\/www.greenpeace.org\/czech\/wp-json\/wp\/v2\/comments?post=11018"}],"version-history":[{"count":4,"href":"https:\/\/www.greenpeace.org\/czech\/wp-json\/wp\/v2\/posts\/11018\/revisions"}],"predecessor-version":[{"id":11022,"href":"https:\/\/www.greenpeace.org\/czech\/wp-json\/wp\/v2\/posts\/11018\/revisions\/11022"}],"wp:featuredmedia":[{"embeddable":true,"href":"https:\/\/www.greenpeace.org\/czech\/wp-json\/wp\/v2\/media\/3749"}],"wp:attachment":[{"href":"https:\/\/www.greenpeace.org\/czech\/wp-json\/wp\/v2\/media?parent=11018"}],"wp:term":[{"taxonomy":"category","embeddable":true,"href":"https:\/\/www.greenpeace.org\/czech\/wp-json\/wp\/v2\/categories?post=11018"},{"taxonomy":"post_tag","embeddable":true,"href":"https:\/\/www.greenpeace.org\/czech\/wp-json\/wp\/v2\/tags?post=11018"},{"taxonomy":"p4-page-type","embeddable":true,"href":"https:\/\/www.greenpeace.org\/czech\/wp-json\/wp\/v2\/p4-page-type?post=11018"}],"curies":[{"name":"wp","href":"https:\/\/api.w.org\/{rel}","templated":true}]}}