{"id":11106,"date":"2020-07-20T19:29:58","date_gmt":"2020-07-20T18:29:58","guid":{"rendered":"https:\/\/www.greenpeace.org\/czech\/?p=11106"},"modified":"2023-12-05T10:36:25","modified_gmt":"2023-12-05T09:36:25","slug":"greenpeace-joaquin-phoenix-jane-fonda-leonardo-dicaprio-a-dalsi-osobnosti-zadaji-politiky-o-okamzite-reseni-klimaticke-krize","status":"publish","type":"post","link":"https:\/\/www.greenpeace.org\/czech\/clanek\/11106\/greenpeace-joaquin-phoenix-jane-fonda-leonardo-dicaprio-a-dalsi-osobnosti-zadaji-politiky-o-okamzite-reseni-klimaticke-krize\/","title":{"rendered":"Greenpeace, Joaquin Phoenix, Jane Fonda, Leonardo DiCaprio a dal\u0161\u00ed osobnosti \u017e\u00e1daj\u00ed politiky o okam\u017eit\u00e9 \u0159e\u0161en\u00ed klimatick\u00e9 krize"},"content":{"rendered":"\n<p>Spolu s mnoha tis\u00edci lidmi, v\u011bdci,  a zn\u00e1m\u00fdmi osobnostmi z cel\u00e9ho sv\u011bta jsme se otev\u0159en\u00fdm dopisem obr\u00e1tili na politick\u00e9 p\u0159edstavitele. \u017dijeme v \u010dase klimatick\u00e9 krize, kter\u00e1 ohro\u017euje v\u0161e, na \u010dem n\u00e1m z\u00e1le\u017e\u00ed. \u0158e\u0161en\u00ed ale existuje a zn\u00e1me ho.  Te\u010f je \u0159ada na politic\u00edch.<\/p>\n\n<figure class=\"wp-block-image size-large  caption-style-blue-overlay caption-alignment-center\"><img loading=\"lazy\" decoding=\"async\" width=\"1024\" height=\"1006\" src=\"https:\/\/www.greenpeace.org\/static\/planet4-czech-republic-stateless\/2020\/07\/473d88f2-gp0stufcr-1024x1006.jpg\" title=\"Fourteenth Fire Drill Friday in Washington DC. \u00a9 Tim Aubry \/ Greenpeace\" alt=\"Fourteenth Fire Drill Friday in Washington DC. \u00a9 Tim Aubry \/ Greenpeace\" class=\"wp-image-11107\" srcset=\"https:\/\/www.greenpeace.org\/static\/planet4-czech-republic-stateless\/2020\/07\/473d88f2-gp0stufcr-1024x1006.jpg 1024w, https:\/\/www.greenpeace.org\/static\/planet4-czech-republic-stateless\/2020\/07\/473d88f2-gp0stufcr-300x295.jpg 300w, https:\/\/www.greenpeace.org\/static\/planet4-czech-republic-stateless\/2020\/07\/473d88f2-gp0stufcr-768x755.jpg 768w, https:\/\/www.greenpeace.org\/static\/planet4-czech-republic-stateless\/2020\/07\/473d88f2-gp0stufcr-346x340.jpg 346w, https:\/\/www.greenpeace.org\/static\/planet4-czech-republic-stateless\/2020\/07\/473d88f2-gp0stufcr.jpg 1200w\" sizes=\"auto, (max-width: 1024px) 100vw, 1024px\" \/><figcaption>Washington DC. \u00a9 Tim Aubry \/ Greenpeace<\/figcaption><\/figure>\n\n<p><strong>N\u00e1\u0161 otev\u0159en\u00fd dopis obsahuje n\u00e1sleduj\u00edc\u00ed po\u017eadavky:<\/strong><\/p>\n\n<ul class=\"wp-block-list\"><li>S&nbsp;okam\u017eitou \u00fa\u010dinnost\u00ed, zastavte ve\u0161ker\u00e9 investice do&nbsp;vyhled\u00e1v\u00e1n\u00ed a&nbsp;t\u011b\u017eby fosiln\u00edch paliv, okam\u017eit\u011b ukon\u010dete ve\u0161ker\u00e9 subvence pro fosiln\u00ed paliva a&nbsp;okam\u017eit\u011b a&nbsp;\u00fapln\u011b st\u00e1hn\u011bte z&nbsp;fosiln\u00edch paliv ve\u0161ker\u00e9 investice.<\/li><li>St\u00e1ty Evropsk\u00e9 unie se&nbsp;mus\u00ed zasadit o&nbsp;to, aby se&nbsp;ekocida stala zlo\u010dinem podle mezin\u00e1rodn\u00edho pr\u00e1va stihateln\u00fdm Mezin\u00e1rodn\u00edm trestn\u00edm tribun\u00e1lem.<\/li><li>Zahrnujte p\u0159ehledy \u00fapln\u00fdch emis\u00ed do&nbsp;v\u0161ech tabulek a&nbsp;c\u00edl\u016f, v\u010detn\u011b spot\u0159ebitelsk\u00fdch index\u016f, mezin\u00e1rodn\u00ed leteck\u00e9 a&nbsp;lodn\u00ed dopravy.<\/li><li>Po\u010d\u00ednaje dne\u0161kem&nbsp;\u2014&nbsp;zave\u010fte ka\u017edoro\u010dn\u011b aktualizovan\u00e9, z\u00e1vazn\u00e9 uhl\u00edkov\u00e9 limity, zalo\u017een\u00e9 na&nbsp;nejlep\u0161\u00edch dostupn\u00fdch v\u011bdeck\u00fdch poznatc\u00edch v&nbsp;n\u00e1vaznosti na&nbsp;sc\u00e9n\u00e1\u0159 Mezivl\u00e1dn\u00edho panelu pro klimatick\u00e9 zm\u011bny, kter\u00fd n\u00e1m d\u00e1v\u00e1 dvout\u0159etinovou nad\u011bji udr\u017eet vzestup glob\u00e1ln\u00edch teplot pod 1,5 stupn\u011bm Celsia. C\u00edle mus\u00ed zohled\u0148ovat rovn\u00e1 pr\u00e1va lid\u00ed na&nbsp;cel\u00e9m sv\u011bt\u011b, mo\u017en\u00e9 zp\u011btn\u00e9 vazby a&nbsp;zlomov\u00e9 body, kter\u00e9 by&nbsp;v&nbsp;budoucnu mohly klimatick\u00e9 zm\u011bny urychlit, a&nbsp;naopak nesm\u00ed spol\u00e9hat na&nbsp;mo\u017en\u00e1 budouc\u00ed technologick\u00e1 \u0159e\u0161en\u00ed stahuj\u00edc\u00ed emise z&nbsp;atmosf\u00e9ry.<\/li><li>Zajist\u011bte a&nbsp;chra\u0148te demokracii.<\/li><li>Klimatickou politiku formulujte tak, aby chr\u00e1nila zam\u011bstnance, zraniteln\u00e9 \u010dleny spole\u010dnosti a&nbsp;sni\u017eovala v\u0161echny formy nerovnosti: ekonomick\u00e9, rasov\u00e9 i&nbsp;genderov\u00e9.<\/li><li>P\u0159istupujte ke&nbsp;klimatick\u00e9 a&nbsp;ekologick\u00e9 t\u00edsni jako k&nbsp;nouzov\u00e9mu stavu.<\/li><\/ul>\n\n<p>Ch\u00e1peme a&nbsp;velmi dob\u0159e v\u00edme, \u017ee sv\u011bt je&nbsp;velmi slo\u017eit\u00fd a&nbsp;\u017ee to, co&nbsp;po\u017eadujeme, nen\u00ed nijak snadn\u00e9. Po\u017eadovan\u00e9 zm\u011bny, je\u017e jsou nezbytn\u00e9 k&nbsp;zachov\u00e1n\u00ed lidstva, se&nbsp;mohou jevit jako nerealistick\u00e9. Ale je&nbsp;nesoum\u011b\u0159iteln\u011b m\u00e9n\u011b realistick\u00e9 myslet si, \u017ee na\u0161e spole\u010dnost by&nbsp;p\u0159e\u017eila oteplen\u00ed, k&nbsp;n\u011bmu\u017e sm\u011b\u0159ujeme, stejn\u011b jako dal\u0161\u00ed katastrofick\u00e9 ekologick\u00e9 d\u016fsledky sou\u010dasn\u00e9 b\u011b\u017en\u00e9 praxe.<\/p>\n\n<p>Po n\u011bkolik minul\u00fdch m\u011bs\u00edc\u016f sv\u011bt sledoval s&nbsp;hr\u016fzou, jak na&nbsp;lidi po&nbsp;cel\u00e9m sv\u011bt\u011b dopadala pandemie nemoci Covid-19.<strong>&nbsp;B\u011bhem t\u00e9to trag\u00e9die jsme mohli pozorovat, jak se&nbsp;mnoz\u00ed&nbsp;\u2014&nbsp;nikoli v\u0161ichni&nbsp;\u2014&nbsp;politi\u010dt\u00ed p\u0159edstavitel\u00e9 i&nbsp;lid\u00e9 po&nbsp;cel\u00e9m sv\u011bt\u011b dok\u00e1zali vzchopit a&nbsp;pracovat pro obecn\u00e9 blaho spole\u010dnosti.<\/strong><\/p>\n\n<p>Je tak dnes ale o&nbsp;to&nbsp;z\u0159ejm\u011bj\u0161\u00ed ne\u017eli kdykoli d\u0159\u00edve, \u017ee ke&nbsp;klimatick\u00e9 krizi jsme a\u017e dosud je\u0161t\u011b ani v&nbsp;nejmen\u0161\u00edm jako k&nbsp;re\u00e1ln\u00e9 krizi nep\u0159istupovali, a&nbsp;to&nbsp;ani politici, ani m\u00e9dia, ani byznys, ani finan\u010dn\u00ed sektor. A&nbsp;\u010d\u00edm d\u00e9le budeme p\u0159edst\u00edrat, \u017ee jsme na&nbsp;spolehliv\u00e9 cest\u011b ke&nbsp;sn\u00ed\u017een\u00ed emis\u00ed a&nbsp;\u017ee \u010diny nezbytn\u00e9 k&nbsp;odvr\u00e1cen\u00ed klimatick\u00e9 katastrofy jsou uskute\u010dniteln\u00e9 v&nbsp;r\u00e1mci st\u00e1vaj\u00edc\u00edho syst\u00e9mu&nbsp;\u2014&nbsp;anebo \u017ee dokonce jsme schopni krizi vy\u0159e\u0161it, ani\u017e bychom k&nbsp;n\u00ed jako ke&nbsp;krizi v\u016fbec p\u0159istoupili \u2014, t\u00edm v\u00edce drahocenn\u00e9ho \u010dasu promarn\u00edme.<\/p>\n\n<blockquote class=\"wp-block-quote is-layout-flow wp-block-quote-is-layout-flow\"><p>Hodiny tikaj\u00ed. D\u011blat to&nbsp;nejlep\u0161\u00ed, co&nbsp;dok\u00e1\u017eete, u\u017e nesta\u010d\u00ed. Mus\u00edte za\u010d\u00edt d\u011blat to, co&nbsp;se jev\u00ed jako nemo\u017en\u00e9.<\/p><\/blockquote>\n\n<p>Je tu&nbsp;je\u0161t\u011b jedna v\u011bc, kter\u00e1 je&nbsp;dnes jasn\u011bj\u0161\u00ed ne\u017e kdy d\u0159\u00edv: klimatick\u00e9 a&nbsp;ekologick\u00e9 spravedlnosti nelze dos\u00e1hnout, budeme-li p\u0159ehl\u00ed\u017eet soci\u00e1ln\u00ed a&nbsp;rasovou nespravedlnost a&nbsp;\u00fatisk, je\u017e stoj\u00ed v&nbsp;z\u00e1kladech dne\u0161n\u00edho modern\u00edho sv\u011bta. Z\u00e1pas o&nbsp;spravedlnost a&nbsp;rovnopr\u00e1vnost je&nbsp;v\u0161eobecn\u00fd.<\/p>\n\n<p>A\u0165 u\u017e bojujeme o&nbsp;soci\u00e1ln\u00ed, rasovou, klimatickou \u010di ekologickou spravedlnost, genderovou rovnopr\u00e1vnost, za&nbsp;demokracii, lidsk\u00e1 pr\u00e1va, pr\u00e1va p\u016fvodn\u00edch n\u00e1rod\u016f, LGBTQ osob \u010di pr\u00e1va zv\u00ed\u0159at, za&nbsp;svobodu slova \u010di tisku, anebo o&nbsp;harmonick\u00fd, prosp\u00edvaj\u00edc\u00ed, funk\u010dn\u00ed planet\u00e1rn\u00ed ekosyst\u00e9m&nbsp;\u2014 a&nbsp;tud\u00ed\u017e podm\u00ednku v\u0161eho \u017eivota. Nem\u00e1me-li rovn\u00e1 pr\u00e1va, nem\u00e1me nic. Nemus\u00edme si&nbsp;volit priority a&nbsp;sv\u00e1\u0159it se&nbsp;mezi sebou, co&nbsp;\u0159e\u0161it d\u0159\u00edve, proto\u017ee v\u0161echny krize spolu \u00fazce souvis\u00ed.&nbsp;<\/p>\n\n<p><strong>Sv\u00fdm podpisem Pa\u0159\u00ed\u017esk\u00e9 dohody se&nbsp;st\u00e1ty Evropsk\u00e9 unie zav\u00e1zaly, \u017ee p\u016fjdou p\u0159\u00edkladem.<\/strong>&nbsp;Evropsk\u00e1 unie m\u00e1 hospod\u00e1\u0159skou i&nbsp;politickou s\u00edlu, aby to&nbsp;dok\u00e1zala, a&nbsp;proto je&nbsp;to i&nbsp;na\u0161e mor\u00e1ln\u00ed odpov\u011bdnost. A&nbsp;te\u010f p\u0159ich\u00e1z\u00ed \u010das, kdy mus\u00edte sv\u00e9 sliby za\u010d\u00edt opravdu plnit.<\/p>\n\n<p><strong>C\u00edl nulov\u00fdch \u00fahrnn\u00fdch emis\u00ed do&nbsp;roku 2050 pro Evropskou unii&nbsp;\u2014&nbsp;stejn\u011b jako v\u0161echny ostatn\u00ed \u0161\u0165astn\u011bj\u0161\u00ed \u010d\u00e1sti sv\u011bta&nbsp;\u2014 se&nbsp;rovn\u00e1 kapitulaci.<\/strong>&nbsp;Uveden\u00fd c\u00edl je&nbsp;zalo\u017een na&nbsp;uhl\u00edkov\u00e9m rozpo\u010dtu, kter\u00fd sk\u00fdt\u00e1 pouze pades\u00e1tiprocentn\u00ed nad\u011bji, \u017ee udr\u017e\u00edme glob\u00e1ln\u00ed oteplov\u00e1n\u00ed pod 1,5 stupn\u011bm Celsia. Je&nbsp;to tedy statisticky na&nbsp;stejn\u00e9 \u00farovni jako hodit si&nbsp;minc\u00ed, p\u0159i\u010dem\u017e v&nbsp;potaz se&nbsp;neberou r\u016fzn\u00e9 st\u011b\u017eejn\u00ed faktory, jako aspekty rovnopr\u00e1vnosti v\u0161ech obyvatel planety, mo\u017en\u00e9 body zlomu a&nbsp;zp\u011btn\u00e9 vazby, jimi\u017e rozb\u011bhnut\u00e9 zm\u011bny klimatu mohou za\u010d\u00edt urychlovat sv\u016fj vlastn\u00ed pr\u016fb\u011bh, stejn\u011b jako p\u0159idan\u00e9 glob\u00e1ln\u00ed oteplen\u00ed zp\u016fsobovan\u00e9 dal\u0161\u00edm toxick\u00fdm zne\u010di\u0161t\u011bn\u00edm ovzdu\u0161\u00ed. Jinak \u0159e\u010deno, v&nbsp;realit\u011b se&nbsp;jedn\u00e1 o&nbsp;nad\u011bji ni\u017e\u0161\u00ed ne\u017e pades\u00e1tiprocentn\u00ed.<\/p>\n\n<p>Ani vzd\u00e1len\u00e9 emisn\u00ed c\u00edle ale nebudou prakticky znamenat nic, pokud budeme nad\u00e1le ignorovat uhl\u00edkov\u00fd rozpo\u010det (tedy mno\u017estv\u00ed uhl\u00edku, kter\u00e9 je\u0161t\u011b m\u016f\u017eeme dle v\u011bdeck\u00fdch poznatk\u016f uvolnit do&nbsp;atmosf\u00e9ry&nbsp;\u2014&nbsp;pozn. p\u0159ekladatele)&nbsp;\u2014 a&nbsp;ten plat\u00ed u\u017e dnes, nikoli v&nbsp;n\u011bjak\u00e9 vzd\u00e1len\u00e9 budoucnosti.<\/p>\n\n<p><strong>Mluvit o&nbsp;investi\u010dn\u00edm programu \u201eP\u0159\u00ed\u0161t\u00ed generace Evropsk\u00e9 unie\u201c a&nbsp;p\u0159itom nad\u00e1le ignorovat klimatickou krizi a&nbsp;nep\u0159ikr\u00e1\u0161len\u00fd obraz situace, jak jej pod\u00e1vaj\u00ed v\u011bdci, je&nbsp;zradou v\u0161ech \u201ebudouc\u00edch generac\u00ed\u201c.&nbsp;<\/strong>V\u011bda n\u00e1m ne\u0159\u00edk\u00e1, co&nbsp;p\u0159esn\u011b m\u00e1me d\u011blat. Ale poskytuje n\u00e1m informace, kter\u00e9 m\u016f\u017eeme studovat a&nbsp;zva\u017eovat. Je&nbsp;na n\u00e1s, abychom si&nbsp;v\u0161e dali dohromady. Tak\u017ee v\u00e1m tady oznamujeme, \u017ee jsme sv\u016fj dom\u00e1c\u00ed \u00fakol splnili a&nbsp;nehodl\u00e1me akceptovat v\u00e1\u0161 krajn\u011b nezodpov\u011bdn\u00fd hazard. V\u00e1\u0161 nedostate\u010dn\u00fd pades\u00e1tiprocentn\u00ed pl\u00e1n je&nbsp;kapitulac\u00ed. A&nbsp;to&nbsp;pro n\u00e1s nepad\u00e1 do&nbsp;\u00favahy.<\/p>\n\n<p>Samoz\u0159ejm\u011b, \u017ee v\u00edt\u00e1me investice a&nbsp;opat\u0159en\u00ed sm\u011b\u0159uj\u00edc\u00ed k&nbsp;trval\u00e9 udr\u017eitelnosti, ale ani na&nbsp;chv\u00edli by&nbsp;v\u00e1s nem\u011blo napadnout, \u017ee to, o&nbsp;\u010dem jste dosud diskutovali, se&nbsp;by\u0165 jen p\u0159ibli\u017euje tomu, co&nbsp;bude opravdu zapot\u0159eb\u00ed. Je&nbsp;nutn\u00e9 postavit se&nbsp;hol\u00e9 pravd\u011b \u010delem. Stoj\u00edme p\u0159ed existen\u010dn\u00ed kriz\u00ed, a&nbsp;je&nbsp;to krize, ze&nbsp;kter\u00e9 se&nbsp;nevykoup\u00edme, neprostav\u00edme, ani neproinvestujeme.<\/p>\n\n<p><strong>Snaha o&nbsp;\u201eobnovu\u201c ekonomick\u00e9ho syst\u00e9mu, kter\u00fd ze&nbsp;sv\u00e9 podstaty poh\u00e1n\u00ed klimatickou krizi, aby n\u00e1m pak ze&nbsp;sv\u00fdch profit\u016f umo\u017enil financovat akce na&nbsp;z\u00e1chranu klimatu, je&nbsp;p\u0159esn\u011b tak absurdn\u00ed, jak to&nbsp;zn\u00ed.&nbsp;<\/strong>Sou\u010dasn\u00fd ekonomick\u00fd syst\u00e9m nen\u00ed \u201epok\u0159iven\u00fd\u201c&nbsp;\u2014&nbsp;jedn\u00e1 se&nbsp;o&nbsp;syst\u00e9m, kter\u00fd d\u011bl\u00e1 p\u0159esn\u011b to, co&nbsp;m\u00e1, a&nbsp;k&nbsp;\u010demu byl stvo\u0159en. Nelze ho&nbsp;\u201eopravit\u201c. Pot\u0159ebujeme nov\u00fd syst\u00e9m.<\/p>\n\n<p>Z\u00e1vod o&nbsp;zaji\u0161t\u011bn\u00ed podm\u00ednek pro udr\u017een\u00ed d\u016fstojn\u00e9ho \u017eivota na&nbsp;Zemi, jak jej dnes zn\u00e1me, mus\u00ed za\u010d\u00edt pr\u00e1v\u011b dnes. Nikoli za&nbsp;n\u011bkolik let, ale te\u010f hned. K&nbsp;tomu pat\u0159\u00ed cesta, zalo\u017een\u00e1 na&nbsp;v\u011bdeck\u00fdch poznatc\u00edch, sk\u00fdtaj\u00edc\u00ed&nbsp;co nejv\u011bt\u0161\u00ed pravd\u011bpodobnost, \u017ee glob\u00e1ln\u00ed pr\u016fm\u011brn\u00e9 teploty nevzrostou o&nbsp;v\u00edce ne\u017e 1,5 stupn\u011b Celsia.&nbsp;<strong>Mus\u00edme ihned opustit pusto\u0161en\u00ed, vyko\u0159is\u0165ov\u00e1n\u00ed a&nbsp;ni\u010den\u00ed syst\u00e9m\u016f, o&nbsp;n\u011b\u017e se&nbsp;op\u00edr\u00e1 \u017eivot na&nbsp;Zemi, a&nbsp;posunout se&nbsp;k&nbsp;pln\u011b bezuhl\u00edkov\u00e9 ekonomice, v&nbsp;jej\u00edm\u017e st\u0159edu bud st\u00e1t kvalita \u017eivota v\u0161ech lid\u00ed i&nbsp;blaho p\u0159\u00edrodn\u00edho sv\u011bta.<\/strong><\/p>\n\n<p>Pakli\u017ee by&nbsp;se v\u0161echny st\u00e1ty sv\u011bta m\u011bly dr\u017eet sv\u00fdch sou\u010dasn\u00fdch pl\u00e1n\u016f na&nbsp;sni\u017eov\u00e1n\u00ed emis\u00ed, m\u011bly bychom nam\u00ed\u0159eno ke&nbsp;katastrofick\u00e9mu n\u00e1r\u016fstu pr\u016fm\u011brn\u00e9 glob\u00e1ln\u00ed teploty o&nbsp;t\u0159i a\u017e \u010dty\u0159i stupn\u011b Celsia.&nbsp;<strong>Lid\u00e9, kte\u0159\u00ed dnes dr\u017e\u00ed moc, v&nbsp;podstat\u011b rezignovali na&nbsp;mo\u017enost, \u017ee by&nbsp;p\u0159edali budouc\u00edm generac\u00edm planetu v&nbsp;obyvateln\u00e9m stavu.&nbsp;<\/strong>A&nbsp;vzd\u00e1vaj\u00ed to&nbsp;dokonce beze snahy.<\/p>\n\n<p>Pl\u00e1novan\u00e1 t\u011b\u017eba fosiln\u00edch paliv do&nbsp;roku 2030 p\u0159esahuje o&nbsp;sto dvacet procent objem, kter\u00fd by&nbsp;byl v&nbsp;souladu s&nbsp;c\u00edlem udr\u017eet planet\u00e1rn\u00ed teplotu pod 1,5 stupn\u011bm Celsia. Takov\u00e1 \u010d\u00edsla v\u016fbec nedr\u017e\u00ed pohromad\u011b s&nbsp;politick\u00fdmi proklamacemi.<\/p>\n\n<p>Pokud nahl\u00e9dnete do&nbsp;zpr\u00e1vy IPCC&nbsp;\u2014&nbsp;Mezivl\u00e1dn\u00edho panelu pro klimatick\u00e9 zm\u011bny a&nbsp;do&nbsp;zpr\u00e1vy Programu OSN pro \u017eivotn\u00ed prost\u0159ed\u00ed Production Gap Report, anebo dokonce jen do&nbsp;toho, k&nbsp;\u010demu jste se&nbsp;zav\u00e1zali v&nbsp;Pa\u0159\u00ed\u017esk\u00e9 dohod\u011b,&nbsp;<strong>dokonce i&nbsp;d\u00edt\u011b vid\u00ed, \u017ee klimatick\u00e1 a&nbsp;ekologick\u00e1 krize nem\u016f\u017ee b\u00fdt zvl\u00e1dnuta v&nbsp;r\u00e1mci st\u00e1vaj\u00edc\u00edho syst\u00e9mu.&nbsp;&nbsp;<\/strong><\/p>\n\n<p>U\u017e to&nbsp;nen\u00ed ani n\u00e1zor, je&nbsp;to fakt, op\u0159en\u00fd o&nbsp;nejlep\u0161\u00ed sou\u010dasn\u00e9 v\u011bdeck\u00e9 poznatky. Proto\u017ee pokud m\u00e1me odvr\u00e1tit klimatickou katastrofu, mus\u00edme umo\u017enit anulov\u00e1n\u00ed kontrakt\u016f a&nbsp;vystoupen\u00ed ze&nbsp;sou\u010dasn\u00fdch obchodn\u00edch dohod a&nbsp;smluv v&nbsp;m\u011b\u0159\u00edtku, kter\u00e9 jsme si&nbsp;zat\u00edm je\u0161t\u011b ani neza\u010dali p\u0159edstavovat. Jedn\u00e1 se&nbsp;o&nbsp;\u010diny, kter\u00e9 nejsou, politicky, ekonomicky ani pr\u00e1vn\u011b mo\u017en\u00e9, v&nbsp;r\u00e1mci st\u00e1vaj\u00edc\u00edho syst\u00e9mu.<\/p>\n\n<p><strong>M\u00e1me-li udr\u017eet glob\u00e1ln\u00ed oteplov\u00e1n\u00ed pod 1,5 stupn\u011bm Celsia, p\u0159\u00ed\u0161t\u00ed m\u011bs\u00edce budou zcela z\u00e1sadn\u00ed.&nbsp;<\/strong>Hodiny tikaj\u00ed. D\u011blat to&nbsp;nejlep\u0161\u00ed, co&nbsp;dok\u00e1\u017eete, u\u017e nesta\u010d\u00ed. Mus\u00edte za\u010d\u00edt d\u011blat to, co&nbsp;se jev\u00ed jako nemo\u017en\u00e9.<\/p>\n\n<p>A jakkoli m\u00e1te mo\u017enost klimatickou krizi ignorovat, my&nbsp;\u2014&nbsp;va\u0161e d\u011bti&nbsp;\u2014&nbsp;takovou mo\u017enost nem\u00e1me. Jsme v&nbsp;situaci, kdy \u017e\u00e1dn\u00e9 m\u00edsto na&nbsp;Zemi nesk\u00fdt\u00e1 z\u00e1ruku bezpe\u010dn\u00e9 budoucnosti. To&nbsp;je a&nbsp;po&nbsp;zbytek na\u0161ich \u017eivot\u016f bude hol\u00e1 realita. \u017d\u00e1d\u00e1me v\u00e1s, abyste \u0159e\u0161ili stav klimatick\u00e9 nouze.<\/p>\n\n<ul class=\"wp-block-list\"><li>Luisa Neubauer<\/li><li>Greta Thunberg<\/li><li>Anuna de&nbsp;Wever van der Heyden<\/li><li>Ad\u00e9la\u00efde Charlier<\/li><\/ul>\n\n<p>Mezi podepsan\u00e9 pat\u0159\u00ed d\u00e1le nap\u0159\u00edkla Laurie Anderson, Margaret Attwood, Walden Bello, Juliette Binoche, Bj\u00f6rk, Leonardo DiCaprio, Russel Crowe, Jane Fonda, Maggie Gyllenhaal, Nicolas Hulot, Bill McKibben, Naomi Klein, Annie Lennox, Joaquin Phoenix, Winona LaDuke, George Monbiot, Mark Ruffalo, Vandana Shiva, Malala Yousafzai, skupina Coldplay, \u010di p\u0159edstavitel\u00e9 dakotsk\u00e9 rezervace v&nbsp;Pine Ridge.<\/p>\n\n<p>P\u0159ipojte sv\u016fj&nbsp;<a rel=\"noreferrer noopener\" href=\"https:\/\/climateemergencyeu.org\/\" target=\"_blank\">podpis k&nbsp;dopisu i&nbsp;vy<\/a>. <\/p>\n\n<p>Z&nbsp;angli\u010dtiny p\u0159elo\u017eil JAKUB PATO\u010cKA pro <a href=\"https:\/\/denikreferendum.cz\/clanek\/31446-lide-z-celeho-sveta-pisi-statnikum-reste-klimatickou-krizi?fbclid=IwAR2YoaKMDYmp8DqW1fa1zFw-FKKu2UyHtElA0Lk915DcwgE4eeP5_I-mM2Q\">Den\u00edk Referendum.<\/a><\/p>\n<div class=\"EmptyMessage\">Block content is empty. Check the block&#8217;s settings or remove it.<\/div>","protected":false},"excerpt":{"rendered":"<p>Spolu s mnoha tis\u00edci lidmi, v\u011bdci, a zn\u00e1m\u00fdmi osobnostmi z cel\u00e9ho sv\u011bta jsme se obr\u00e1tili na politick\u00e9 p\u0159edtavitele. \u017dijeme v \u010dase klimatick\u00e9 krize, kter\u00e1 ohro\u017euje v\u0161e, na \u010dem n\u00e1m z\u00e1le\u017e\u00ed.&hellip;<\/p>\n","protected":false},"author":29,"featured_media":11107,"comment_status":"open","ping_status":"closed","sticky":false,"template":"","format":"standard","meta":{"ep_exclude_from_search":false,"p4_og_title":"","p4_og_description":"","p4_og_image":"","p4_og_image_id":"","p4_seo_canonical_url":"","p4_campaign_name":"not set","p4_local_project":"not set","p4_basket_name":"not set","p4_department":"","footnotes":""},"categories":[3],"tags":[20,24],"p4-page-type":[16],"class_list":["post-11106","post","type-post","status-publish","format-standard","has-post-thumbnail","hentry","category-nas-svet","tag-zmena-klimatu","tag-aktivni-spolecnost","p4-page-type-clanek"],"_links":{"self":[{"href":"https:\/\/www.greenpeace.org\/czech\/wp-json\/wp\/v2\/posts\/11106","targetHints":{"allow":["GET"]}}],"collection":[{"href":"https:\/\/www.greenpeace.org\/czech\/wp-json\/wp\/v2\/posts"}],"about":[{"href":"https:\/\/www.greenpeace.org\/czech\/wp-json\/wp\/v2\/types\/post"}],"author":[{"embeddable":true,"href":"https:\/\/www.greenpeace.org\/czech\/wp-json\/wp\/v2\/users\/29"}],"replies":[{"embeddable":true,"href":"https:\/\/www.greenpeace.org\/czech\/wp-json\/wp\/v2\/comments?post=11106"}],"version-history":[{"count":13,"href":"https:\/\/www.greenpeace.org\/czech\/wp-json\/wp\/v2\/posts\/11106\/revisions"}],"predecessor-version":[{"id":15520,"href":"https:\/\/www.greenpeace.org\/czech\/wp-json\/wp\/v2\/posts\/11106\/revisions\/15520"}],"wp:featuredmedia":[{"embeddable":true,"href":"https:\/\/www.greenpeace.org\/czech\/wp-json\/wp\/v2\/media\/11107"}],"wp:attachment":[{"href":"https:\/\/www.greenpeace.org\/czech\/wp-json\/wp\/v2\/media?parent=11106"}],"wp:term":[{"taxonomy":"category","embeddable":true,"href":"https:\/\/www.greenpeace.org\/czech\/wp-json\/wp\/v2\/categories?post=11106"},{"taxonomy":"post_tag","embeddable":true,"href":"https:\/\/www.greenpeace.org\/czech\/wp-json\/wp\/v2\/tags?post=11106"},{"taxonomy":"p4-page-type","embeddable":true,"href":"https:\/\/www.greenpeace.org\/czech\/wp-json\/wp\/v2\/p4-page-type?post=11106"}],"curies":[{"name":"wp","href":"https:\/\/api.w.org\/{rel}","templated":true}]}}