{"id":11191,"date":"2020-07-27T11:04:19","date_gmt":"2020-07-27T10:04:19","guid":{"rendered":"https:\/\/www.greenpeace.org\/czech\/?p=11191"},"modified":"2023-12-05T10:28:57","modified_gmt":"2023-12-05T09:28:57","slug":"dul-turow-tezi-dal-ilegalne-mezinarodni-spor-resi-i-eu","status":"publish","type":"post","link":"https:\/\/www.greenpeace.org\/czech\/magazin\/11191\/dul-turow-tezi-dal-ilegalne-mezinarodni-spor-resi-i-eu\/","title":{"rendered":"D\u016fl Tur\u00f3w t\u011b\u017e\u00ed d\u00e1l ileg\u00e1ln\u011b. Mezin\u00e1rodn\u00ed spor \u0159e\u0161\u00ed i EU"},"content":{"rendered":"\n<figure class=\"wp-block-image size-large  caption-style-blue-overlay caption-alignment-center\"><img loading=\"lazy\" decoding=\"async\" width=\"1024\" height=\"683\" src=\"https:\/\/www.greenpeace.org\/static\/planet4-czech-republic-stateless\/2020\/08\/ae959e18-2019_05_26_gp_turow_zewlakk-3038-1024x683.jpg\" alt=\"\" class=\"wp-image-11269\" srcset=\"https:\/\/www.greenpeace.org\/static\/planet4-czech-republic-stateless\/2020\/08\/ae959e18-2019_05_26_gp_turow_zewlakk-3038-1024x683.jpg 1024w, https:\/\/www.greenpeace.org\/static\/planet4-czech-republic-stateless\/2020\/08\/ae959e18-2019_05_26_gp_turow_zewlakk-3038-300x200.jpg 300w, https:\/\/www.greenpeace.org\/static\/planet4-czech-republic-stateless\/2020\/08\/ae959e18-2019_05_26_gp_turow_zewlakk-3038-768x512.jpg 768w, https:\/\/www.greenpeace.org\/static\/planet4-czech-republic-stateless\/2020\/08\/ae959e18-2019_05_26_gp_turow_zewlakk-3038-1536x1025.jpg 1536w, https:\/\/www.greenpeace.org\/static\/planet4-czech-republic-stateless\/2020\/08\/ae959e18-2019_05_26_gp_turow_zewlakk-3038-510x340.jpg 510w, https:\/\/www.greenpeace.org\/static\/planet4-czech-republic-stateless\/2020\/08\/ae959e18-2019_05_26_gp_turow_zewlakk-3038.jpg 1920w\" sizes=\"auto, (max-width: 1024px) 100vw, 1024px\" \/><figcaption>D\u016fl Tur\u00f3w \u00a9 Petr Zewlakk Vrabec \/ Greenpeace<\/figcaption><\/figure>\n\n<p><strong>U\u017e 30. dubna skon\u010dilo platn\u00e9 povolen\u00ed k t\u011b\u017eb\u011b na dole Tur\u00f3w na \u010desko-polsko-n\u011bmeck\u00fdch hranic\u00edch. Na dole, kter\u00fd krade lidem na \u010desk\u00e9 stran\u011b hranice vodu, se ale t\u011b\u017e\u00ed d\u00e1l. Jak je to mo\u017en\u00e9? Polsk\u00e9 \u00fa\u0159ady obe\u0161ly n\u00e1mitky m\u00edstn\u00edch odp\u016frc\u016f dolu i \u010desk\u00e9 vl\u00e1dy, poru\u0161ily evropskou legislativu a vydaly kontroverzn\u00ed povolen\u00ed k dal\u0161\u00ed t\u011b\u017eb\u011b na 6 let. A nikdo nev\u00ed, co do povolen\u00ed napsaly, proto\u017ee nen\u00ed ve\u0159ejn\u00e9.<\/strong><\/p>\n\n<p>Tur\u00f3w ji\u017e ve sv\u00e9 sou\u010dasn\u00e9 podob\u011b ohro\u017euje nejen lidi ve sv\u00e9m bl\u00edzk\u00e9m okol\u00ed, ale doslova po cel\u00e9 Evrop\u011b. Uhl\u00ed v n\u011bm vyt\u011b\u017een\u00e9 se spaluje v nedalek\u00e9 elektr\u00e1rn\u011b stejn\u00e9ho jm\u00e9na a zplodiny z n\u00ed p\u0159isp\u00edvaj\u00ed ke klimatick\u00e9 zm\u011bn\u011b, o jej\u00edm\u017e katastrof\u00e1ln\u00edm vlivu dnes u\u017e nen\u00ed sporu. V nejbli\u017e\u0161\u00edm okol\u00ed zase m\u00edstn\u00ed nejsiln\u011bji poci\u0165uj\u00ed negativn\u00ed d\u016fsledky samotn\u00e9 t\u011b\u017eby. Hluk a zne\u010di\u0161t\u011bn\u00ed p\u0159itom nejsou to nejhor\u0161\u00ed. T\u011b\u017eba m\u00e1 vliv tak\u00e9 na podzemn\u00ed lo\u017eiska pitn\u00e9 vody a jej\u00ed roz\u0161\u00ed\u0159en\u00ed a zahlouben\u00ed by mohlo v\u00e9st k fat\u00e1ln\u00ed ztr\u00e1t\u011b, kterou ve sv\u00fdch studn\u00e1ch poc\u00edt\u00ed p\u0159edev\u0161\u00edm \u010de\u0161t\u00ed ob\u010dan\u00e9 na Hr\u00e1decku a Fr\u00fddlantsku.<\/p>\n\n<p>Pl\u00e1nem na roz\u0161\u00ed\u0159en\u00ed dolu&nbsp;Tur\u00f3w se dlouhodob\u011b zab\u00fdv\u00e1me. Na ja\u0159e lo\u0148sk\u00e9ho roku jsme spolupo\u0159\u00e1dali lidsk\u00fd \u0159et\u011bz na Trojmez\u00ed a od t\u00e9 doby se toho stalo mnoho.&nbsp;Spole\u010dn\u00fdm tlakem s Libereck\u00fdm krajem, pr\u00e1vn\u00edky z organizace Frank Bold a dot\u010den\u00fdmi obcemi na Hr\u00e1decku a Fr\u00fddlantsku se n\u00e1m postupn\u011b poda\u0159ilo prosadit, \u017ee se z dolu Tur\u00f3w stalo velk\u00e9 t\u00e9ma a \u017ee se \u010cesk\u00e1 republika ofici\u00e1ln\u011b proti roz\u0161\u00ed\u0159en\u00ed dolu postavila. Bohu\u017eel ani negativn\u00ed vyj\u00e1d\u0159en\u00ed k roz\u0161\u00ed\u0159en\u00ed dolu \u010desk\u00e9 vl\u00e1dy nep\u0159esv\u011bd\u010dilo polsk\u00e9 \u00fa\u0159ady, kter\u00e9 vydaly v procesu EIA kladn\u00e9 stanovisko a z\u00e1rove\u0148 p\u0159estaly s \u010ceskou republiku o Tur\u00f3wu komunikovat. Spolu s Libereck\u00fdm krajem a m\u00edstn\u00edmi obcemi jsme proto zorganizovali petici k Evropsk\u00e9mu parlamentu. Probl\u00e9m dolu Tur\u00f3w je toti\u017e podle n\u00e1s natolik z\u00e1va\u017en\u00fd, \u017ee do jeho \u0159e\u0161en\u00ed mus\u00ed&nbsp; vstoupit i evropsk\u00e9 instituce.<\/p>\n\n<p>Petice aktivovala ob\u010danskou spole\u010dnost v Libereck\u00e9m kraji a podepsalo ji p\u0159es 13 tis\u00edc lid\u00ed. Lok\u00e1ln\u00ed skupinu dobrovoln\u00edk\u016f Greenpeace Liberec, kter\u00e1 se postavila proti nebezpe\u010dn\u00fdm praktik\u00e1m vlastn\u00edka dolu PGE, tvo\u0159\u00ed pestr\u00fd kolektiv. Zastoupeny jsou snad v\u0161echny v\u011bkov\u00e9 kategorie, \u017eeny i mu\u017ei a nejr\u016fzn\u011bj\u0161\u00ed povol\u00e1n\u00ed od stavebn\u00edho d\u011bln\u00edka a\u017e po vysoko\u0161kolskou pedago\u017eku. Spole\u010dn\u00e9 maj\u00ed to, \u017ee j\u00edm nen\u00ed lhostejn\u00fd osud jejich krajiny i klimatick\u00e9 situace planety. Cht\u011bj\u00ed d\u00e1t najevo, \u017ee i lidem mimo velk\u00e1 centra nen\u00ed jedno, co se kolem nich s p\u0159\u00edrodou d\u011bje, a \u017ee nebudou ml\u010det k tak skand\u00e1ln\u00edmu chov\u00e1n\u00ed, jak\u00e9 p\u0159edv\u00e1d\u011bla a bohu\u017eel st\u00e1le p\u0159edv\u00e1d\u00ed spole\u010dnost PGE. Peti\u010dn\u00ed v\u00fdbor Evropsk\u00e9ho parlamentu se petic\u00ed za\u010dal zab\u00fdvat ve zrychlen\u00e9m re\u017eimu, bohu\u017eel p\u0159eru\u0161en\u00e9m koronavirovou kriz\u00ed. Dal\u0161\u00ed projedn\u00e1v\u00e1n\u00ed by m\u011blo b\u00fdt na za\u010d\u00e1tku \u010dervence.<\/p>\n\n<figure class=\"wp-block-image size-large  caption-style-blue-overlay caption-alignment-center\"><img loading=\"lazy\" decoding=\"async\" width=\"1024\" height=\"684\" src=\"https:\/\/www.greenpeace.org\/static\/planet4-czech-republic-stateless\/2020\/07\/6e6b20f0-petr-zewlakk-vrabec_greenpeace-1024x684.jpg\" alt=\"\" class=\"wp-image-11193\" srcset=\"https:\/\/www.greenpeace.org\/static\/planet4-czech-republic-stateless\/2020\/07\/6e6b20f0-petr-zewlakk-vrabec_greenpeace-1024x684.jpg 1024w, https:\/\/www.greenpeace.org\/static\/planet4-czech-republic-stateless\/2020\/07\/6e6b20f0-petr-zewlakk-vrabec_greenpeace-300x200.jpg 300w, https:\/\/www.greenpeace.org\/static\/planet4-czech-republic-stateless\/2020\/07\/6e6b20f0-petr-zewlakk-vrabec_greenpeace-768x513.jpg 768w, https:\/\/www.greenpeace.org\/static\/planet4-czech-republic-stateless\/2020\/07\/6e6b20f0-petr-zewlakk-vrabec_greenpeace-1536x1025.jpg 1536w, https:\/\/www.greenpeace.org\/static\/planet4-czech-republic-stateless\/2020\/07\/6e6b20f0-petr-zewlakk-vrabec_greenpeace-2048x1367.jpg 2048w, https:\/\/www.greenpeace.org\/static\/planet4-czech-republic-stateless\/2020\/07\/6e6b20f0-petr-zewlakk-vrabec_greenpeace-2046x1366.jpg 2046w, https:\/\/www.greenpeace.org\/static\/planet4-czech-republic-stateless\/2020\/07\/6e6b20f0-petr-zewlakk-vrabec_greenpeace-510x340.jpg 510w\" sizes=\"auto, (max-width: 1024px) 100vw, 1024px\" \/><figcaption>Ve\u0159ejn\u00e9 projedn\u00e1v\u00e1n\u00ed EIA ohledn\u011b roz\u0161\u00ed\u0159en\u00ed dolu Tur\u00f3w v polsk\u00e9 Bogatynii.<br>\u00a9 Petr Zewlakk Vrabec \/ Greenpeace<\/figcaption><\/figure>\n\n<p>Bohu\u017eel Polsko v dob\u011b koronavirov\u00e9 krize a karant\u00e9ny vydalo povolen\u00ed k t\u011b\u017eb\u011b na dal\u0161\u00edch 6 let. Toto rozhodnut\u00ed pova\u017eujeme za nez\u00e1konn\u00e9, proto\u017ee se \u0159\u00edzen\u00ed nemohla \u00fa\u010dastnit ani ve\u0159ejnost a nebyla o n\u011bm informovan\u00e1 ani \u010desk\u00e1 vl\u00e1da. D\u00edky tomu nikdo nezn\u00e1 pl\u00e1n na dal\u0161\u00edch 6 let t\u011b\u017eby. I v procesu EIA ale podle n\u00e1s do\u0161lo k poru\u0161en\u00ed evropsk\u00fdch sm\u011brnic a proto bylo pod\u00e1no k Evropsk\u00e9 komisi n\u011bkolik st\u00ed\u017enost\u00ed. Na pro\u0161et\u0159en\u00ed kauzy vyj\u00e1d\u0159il vysok\u00fd z\u00e1jem i sou\u010dasn\u00fd komisa\u0159 pro \u017eivotn\u00ed prost\u0159ed\u00ed Virginijus Sinkevi\u010dius. Vy\u0161et\u0159ov\u00e1n\u00ed Evropsk\u00e9 komise v\u0161ak m\u016f\u017ee trvat i v\u00edc jak rok a t\u011b\u017eba postupuje ka\u017ed\u00fdm dnem. Proto Greenpeace s Libereck\u00fdm krajem a m\u00edstn\u00edmi ob\u010dany po\u017eaduje, aby \u010desk\u00e1 vl\u00e1da \u017ealovala Polsko u Evropsk\u00e9ho soudn\u00edho dvora. Nyn\u00ed se \u010dek\u00e1 na anal\u00fdzu Ministerstva zahrani\u010d\u00ed k pod\u00e1n\u00ed \u017ealoby, zda \u017ealoba mo\u017en\u00e1 je, podle anal\u00fdz, kter\u00e9 jsou n\u00e1m dostupn\u00e9, je v\u0161ak na na\u0161\u00ed stran\u011b i pr\u00e1vo. Nep\u0159ijateln\u00fd postup PGE hodl\u00e1me v z\u00e1jmu m\u00edstn\u00edch obyvatel i klimatu cel\u00e9 planety rozporovat v\u0161emi mo\u017en\u00fdmi prost\u0159edky. Zavazuje n\u00e1s k tomu nejen na\u0161e p\u0159esv\u011bd\u010den\u00ed, ale i aktivita m\u00edstn\u00edch, ukazuj\u00edc\u00ed jak v\u00e1\u017en\u00fd probl\u00e9m roz\u0161i\u0159ov\u00e1n\u00ed dolu Tur\u00f3w je.<\/p>\n\n<p><strong><a href=\"https:\/\/www.greenpeace.org\/czech\/greenpeace-magazin\/\">V\u0161echny \u010dl\u00e1nky z aktu\u00e1ln\u00edho vyd\u00e1n\u00ed<\/a><\/strong><\/p>\n","protected":false},"excerpt":{"rendered":"<p>U\u017e 30. dubna skon\u010dilo platn\u00e9 povolen\u00ed k t\u011b\u017eb\u011b na dole Tur\u00f3w na \u010desko-polsko-n\u011bmeck\u00fdch hranic\u00edch. Na dole, kter\u00fd krade lidem na \u010desk\u00e9 stran\u011b hranice vodu, se ale t\u011b\u017e\u00ed d\u00e1l. Jak je&hellip;<\/p>\n","protected":false},"author":38,"featured_media":11192,"comment_status":"open","ping_status":"closed","sticky":false,"template":"","format":"standard","meta":{"ep_exclude_from_search":false,"p4_og_title":"","p4_og_description":"","p4_og_image":"","p4_og_image_id":"","p4_seo_canonical_url":"","p4_campaign_name":"not set","p4_local_project":"not set","p4_basket_name":"not set","p4_department":"","footnotes":""},"categories":[4],"tags":[],"p4-page-type":[35],"class_list":["post-11191","post","type-post","status-publish","format-standard","has-post-thumbnail","hentry","category-energeticka-revoluce","p4-page-type-magazin"],"_links":{"self":[{"href":"https:\/\/www.greenpeace.org\/czech\/wp-json\/wp\/v2\/posts\/11191","targetHints":{"allow":["GET"]}}],"collection":[{"href":"https:\/\/www.greenpeace.org\/czech\/wp-json\/wp\/v2\/posts"}],"about":[{"href":"https:\/\/www.greenpeace.org\/czech\/wp-json\/wp\/v2\/types\/post"}],"author":[{"embeddable":true,"href":"https:\/\/www.greenpeace.org\/czech\/wp-json\/wp\/v2\/users\/38"}],"replies":[{"embeddable":true,"href":"https:\/\/www.greenpeace.org\/czech\/wp-json\/wp\/v2\/comments?post=11191"}],"version-history":[{"count":4,"href":"https:\/\/www.greenpeace.org\/czech\/wp-json\/wp\/v2\/posts\/11191\/revisions"}],"predecessor-version":[{"id":11270,"href":"https:\/\/www.greenpeace.org\/czech\/wp-json\/wp\/v2\/posts\/11191\/revisions\/11270"}],"wp:featuredmedia":[{"embeddable":true,"href":"https:\/\/www.greenpeace.org\/czech\/wp-json\/wp\/v2\/media\/11192"}],"wp:attachment":[{"href":"https:\/\/www.greenpeace.org\/czech\/wp-json\/wp\/v2\/media?parent=11191"}],"wp:term":[{"taxonomy":"category","embeddable":true,"href":"https:\/\/www.greenpeace.org\/czech\/wp-json\/wp\/v2\/categories?post=11191"},{"taxonomy":"post_tag","embeddable":true,"href":"https:\/\/www.greenpeace.org\/czech\/wp-json\/wp\/v2\/tags?post=11191"},{"taxonomy":"p4-page-type","embeddable":true,"href":"https:\/\/www.greenpeace.org\/czech\/wp-json\/wp\/v2\/p4-page-type?post=11191"}],"curies":[{"name":"wp","href":"https:\/\/api.w.org\/{rel}","templated":true}]}}