{"id":11271,"date":"2020-08-03T20:46:06","date_gmt":"2020-08-03T18:46:06","guid":{"rendered":"https:\/\/www.greenpeace.org\/czech\/?p=11271"},"modified":"2020-08-04T12:34:13","modified_gmt":"2020-08-04T10:34:13","slug":"zmeny-pravidel-na-bankovnim-trhu-postihnou-i-cez-a-sev-en","status":"publish","type":"post","link":"https:\/\/www.greenpeace.org\/czech\/clanek\/11271\/zmeny-pravidel-na-bankovnim-trhu-postihnou-i-cez-a-sev-en\/","title":{"rendered":"Zm\u011bny pravidel u banky \u010cSOB postihnou i \u010cEZ a Sev.en Energy"},"content":{"rendered":"\n<p>V kv\u011btnu zve\u0159ejnila belgick\u00e1 centr\u00e1la banky KBC nov\u00e1, p\u0159\u00edsn\u011bj\u0161\u00ed pravidla t\u00fdkaj\u00edc\u00ed se p\u016fj\u010dov\u00e1n\u00ed pen\u011bz firm\u00e1m a jejich poji\u0161\u0165ov\u00e1n\u00ed v p\u0159\u00edpad\u011b, kdy v\u00fdrazn\u011b p\u0159isp\u00edvaj\u00ed ke zm\u011bn\u011b klimatu. Banka to zve\u0159ejnila ve sv\u00e9 <a href=\"https:\/\/newsroom.kbc.com\/kbc-tightens-energy-policy-and-introduces-new-policy-on-biodiversity\">tiskov\u00e9 zpr\u00e1v\u011b<\/a>. Pravidla plat\u00ed i pro v\u0161echny dce\u0159in\u00e9 spole\u010dnosti v\u010detn\u011b \u010ceskoslovensk\u00e9 obchodn\u00ed banky (\u010cSOB). Ta se v \u010de\u0161tin\u011b touto novou informac\u00ed v \u010de\u0161tin\u011b nepochlubila, i proto v\u00e1m p\u0159in\u00e1\u0161\u00edme n\u011bkter\u00e9 detaily t\u011bchto nov\u00fdch etick\u00fdch pravidel.&nbsp;<\/p>\n\n<figure class=\"wp-block-image size-large  caption-style-blue-overlay caption-alignment-center\"><img loading=\"lazy\" decoding=\"async\" width=\"1024\" height=\"683\" src=\"https:\/\/www.greenpeace.org\/static\/planet4-czech-republic-stateless\/2019\/01\/68fa330f-gp0strxsi-1024x683.jpg\" title=\"Akce p\u0159ed KBC\" alt=\"Akce p\u0159ed KBC\" class=\"wp-image-2345\" srcset=\"https:\/\/www.greenpeace.org\/static\/planet4-czech-republic-stateless\/2019\/01\/68fa330f-gp0strxsi-1024x683.jpg 1024w, https:\/\/www.greenpeace.org\/static\/planet4-czech-republic-stateless\/2019\/01\/68fa330f-gp0strxsi-300x200.jpg 300w, https:\/\/www.greenpeace.org\/static\/planet4-czech-republic-stateless\/2019\/01\/68fa330f-gp0strxsi-768x512.jpg 768w, https:\/\/www.greenpeace.org\/static\/planet4-czech-republic-stateless\/2019\/01\/68fa330f-gp0strxsi-510x340.jpg 510w, https:\/\/www.greenpeace.org\/static\/planet4-czech-republic-stateless\/2019\/01\/68fa330f-gp0strxsi.jpg 1200w\" sizes=\"auto, (max-width: 1024px) 100vw, 1024px\" \/><figcaption>Akce Greenpeace p\u0159ed bankou KBC v Bruselu.<div class=\"credit icon-left\"> \u00a9 Jean-Yves Leblon<\/div><\/figcaption><\/figure>\n\n<p>Nov\u00e1 pravidla sm\u011b\u0159uj\u00ed k tomu, \u017ee od roku 2030&nbsp; p\u0159estane banka celosv\u011btov\u011b spolupracovat (tedy poskytovat jak\u00e9koliv finan\u010dn\u00ed slu\u017eby) s firmami, kter\u00e9 maj\u00ed v portfoliu jakkoliv mal\u00fd pod\u00edl uheln\u00fdch zdroj\u016f. Od \u010dervence 2020 p\u0159estane poskytovat slu\u017eby firm\u00e1m s pod\u00edlem uhl\u00ed nad 25 % (v\u00fdrobn\u00ed kapacita elektr\u00e1ren). Jedn\u00e1 se o zp\u0159\u00edsn\u011bn\u00ed uheln\u00e9 politiky, kterou banka vyhl\u00e1sila ji\u017e v roce 2018.<\/p>\n\n<p><strong>Co to znamen\u00e1 pro firmy \u010cEZ \u010di Sev.en<\/strong><\/p>\n\n<p>V roce 2018 byla sou\u010d\u00e1st\u00ed pravidel KBC<strong> <\/strong>v\u00fdjimka pro banku \u010cSOB v \u010cR. V minulosti jsme tuto v\u00fdjimku kritizovali a nov\u00e1 pravidla ji v\u00fdrazn\u011b zkracuj\u00ed. To bude u n\u00e1s m\u00edt praktick\u00fd dopad na velk\u00e9 uheln\u00e9 firmy. V \u010cR se tato pravidla mohou t\u00fdkat nap\u0159\u00edklad spole\u010dnost\u00ed \u010cEZ, Sev.en Energy \u010di Sokolovsk\u00e1 uheln\u00e1 &#8211;&nbsp; v\u0161echny vyr\u00e1b\u00ed v\u00edce jak 25 % elekt\u0159iny z uhl\u00ed a dle ve\u0159ejn\u00fdch zdroj\u016f jsou v\u0161echny klienty \u010cSOB.&nbsp; Podle nov\u00fdch pravidel banka ji\u017e nebude financovat \u010di v\u016fbec poji\u0161\u0165ovat \u017e\u00e1dn\u00e9 nov\u00e9 uheln\u00e9 projekty \u010di klienty, kte\u0159\u00ed maj\u00ed pod\u00edl uhl\u00ed nad zm\u00edn\u011bn\u00fdch 25 %. Pro \u010cR plat\u00ed do\u010dasn\u00e1 v\u00fdjimka, \u017ee sice nov\u00e9 investice ji\u017e nebudou financov\u00e1ny a poji\u0161t\u011bn\u00ed nebude obnovov\u00e1no, ale ji\u017e existuj\u00edc\u00ed financov\u00e1n\u00ed (nap\u0159. \u00fav\u011bry) do uheln\u00e9ho sektoru mohou dob\u011bhnout nejpozd\u011bji do roku 2023 v p\u0159\u00edpad\u011b elektr\u00e1ren a dol\u016f a do roku 2030 v p\u0159\u00edpad\u011b tepl\u00e1ren.&nbsp;<\/p>\n\n<p><strong>Finan\u010dn\u00ed sektor zp\u0159\u00eds\u0148uje pravidla<\/strong><\/p>\n\n<p>V posledn\u00edch letech st\u00e1le v\u00edce a v\u00edce finan\u010dn\u00edch instituc\u00ed p\u0159ij\u00edm\u00e1 etick\u00e1 pravidla, kter\u00e1 maj\u00ed omezit podporu fosiln\u00edmu pr\u016fmyslu. <a href=\"https:\/\/www.greenpeace.org\/czech\/clanek\/2341\/klimatickou-zmenu-zacinaji-brat-vazne-i-ceske-banky\/\">O v\u00fdvoji a d\u016fvodech v bankovn\u00edm sektoru jsme psali<\/a> p\u0159ed rokem a p\u016fl a od t\u00e9 doby mnoho bank sv\u00e1 pravidla zp\u0159\u00eds\u0148uje. P\u0159ed p\u00e1r dny zve\u0159ejnila nov\u00e9 omezen\u00ed financov\u00e1n\u00ed uhl\u00ed <a href=\"https:\/\/www.db.com\/newsroom_news\/2020\/deutsche-bank-to-end-global-business-activities-in-coal-mining-by-2025-en-11650.htm\">Deutsche Bank<\/a>, p\u0159ed m\u011bs\u00edcem zp\u0159\u00edsnila politiku <a href=\"https:\/\/www.businessgreen.com\/news\/4017288\/bnp-paribas-sets-rules-coal-financing-phase\">druh\u00e1 nejv\u011bt\u0161\u00ed evropsk\u00e1 banka BNP Paribas<\/a>. Krom\u011b bank a investi\u010dn\u00edch fond\u016f nez\u016fst\u00e1vaj\u00ed pozadu ani poji\u0161tovny. V kv\u011btnu jsme psali v na\u0161em <a href=\"https:\/\/www.greenpeace.org\/czech\/clanek\/10582\/pojistovny-prestavaji-pojistovat-uhelne-firmy-allianz-muze-brzy-vyloucit-i-cez\/\">blogu<\/a>, jak poji\u0161\u0165ovny p\u0159est\u00e1vaj\u00ed poji\u0161\u0165ovat uheln\u00e9 firmy. Allianz m\u016f\u017ee brzy vylou\u010dit i \u010cEZ a podobn\u011b jako Axa u\u017e p\u0159estane nejen poji\u0161\u0165ovat uheln\u00e9 elektr\u00e1rny a doly, ale p\u0159estane i poskytovat jak\u00e9koliv pojistn\u00e9 slu\u017eby firm\u00e1m, kter\u00e9 neprok\u00e1\u017e\u00ed dostate\u010dn\u011b rychl\u00e9 sni\u017eov\u00e1n\u00ed pod\u00edlu uhl\u00ed.&nbsp;<\/p>\n\n<p>Banky, poji\u0161\u0165ovny \u010di investo\u0159i p\u0159itom na jednu stranu aplikuj\u00ed restriktivn\u00ed pravidla pro fosiln\u00ed investice a firmy, ale na druhou stranu v\u00edce podporuj\u00ed investice do obnoviteln\u00fdch zdroj\u016f a dal\u0161\u00edch ekologick\u00fdch technologi\u00ed a sektor\u016f. O tomto trendu zm\u00edn\u011bn\u00e9 fosiln\u00ed firmy samoz\u0159ejm\u011b v\u011bd\u00ed a pokud tedy budou dostate\u010dn\u011b rychle budou transformovat sv\u016fj fosiln\u00ed byznys, m\u016f\u017ee to b\u00fdt cesta, kter\u00e1 jim pom\u016f\u017ee zachovat si p\u0159\u00edze\u0148 finan\u010dn\u00edch instituci i ve\u0159ejnosti. Bohu\u017eel \u010desk\u00e9 energetick\u00e9 firmy &#8211; Sev.en Energy, EPH \u010di Sokolovsk\u00e1 uheln\u00e1 &#8211; \u017e\u00e1dn\u00fd pl\u00e1n na odchod od uhl\u00ed nemaj\u00ed. A spole\u010dnost \u010cEZ sice m\u00e1 pl\u00e1n na uhl\u00edkovou neutralitu, ale do roku 2050 a s koncem uhl\u00ed n\u011bkdy mezi 2040-50. Co\u017e je nedostate\u010dn\u00e9 nejen z pohledu boje proti zm\u011bn\u011b klimatu, ale tak\u00e9 jako realistick\u00fd v\u00fdhled do budoucna, p\u0159i znalosti v\u00fdvoje cen na trhu s energiemi.<\/p>\n","protected":false},"excerpt":{"rendered":"<p>V kv\u011btnu zve\u0159ejnila belgick\u00e1 centr\u00e1la banky KBC nov\u00e1 p\u0159\u00edsn\u011bj\u0161\u00ed pravidla t\u00fdkaj\u00edc\u00ed se p\u016fj\u010dov\u00e1n\u00ed pen\u011bz firm\u00e1m a poji\u0161\u0165ov\u00e1n\u00ed firem,kter\u00e9 v\u00fdrazn\u011b p\u0159isp\u00edvaj\u00ed ke zm\u011bn\u011b klimatu. Banka to zve\u0159ejnila ve sv\u00e9 tiskov\u00e9 zpr\u00e1v\u011b.&hellip;<\/p>\n","protected":false},"author":40,"featured_media":2345,"comment_status":"open","ping_status":"closed","sticky":false,"template":"","format":"standard","meta":{"ep_exclude_from_search":false,"p4_og_title":"Zm\u011bny pravidel na bankovn\u00edm trhu postihnou i \u010cEZ a Sev.en","p4_og_description":"<p>V kv\u011btnu zve\u0159ejnila belgick\u00e1 centr\u00e1la banky KBC nov\u00e1 p\u0159\u00edsn\u011bj\u0161\u00ed pravidla t\u00fdkaj\u00edc\u00ed se p\u016fj\u010dov\u00e1n\u00ed pen\u011bz firm\u00e1m a poji\u0161\u0165ov\u00e1n\u00ed firem,kter\u00e9 v\u00fdrazn\u011b p\u0159isp\u00edvaj\u00ed ke zm\u011bn\u011b klimatu. Banka to zve\u0159ejnila ve sv\u00e9 <a href=\"https:\/\/newsroom.kbc.com\/kbc-tightens-energy-policy-and-introduces-new-policy-on-biodiversity\">tiskov\u00e9 zpr\u00e1v\u011b<\/a>. Pravidla plat\u00ed i pro v\u0161echny dce\u0159in\u00e9 spole\u010dnosti v\u010d. \u010cSOB. \u010cSOB se v \u010de\u0161tin\u011b touto novou informac\u00ed v \u010de\u0161tin\u011b nepochlubila, i proto v\u00e1m p\u0159in\u00e1\u0161\u00edme n\u011bkter\u00e9 detaily t\u011bchto nov\u00fdch etick\u00fdch pravidel.\u00a0<\/p>","p4_og_image":"https:\/\/www.greenpeace.org\/static\/planet4-czech-republic-stateless\/2019\/01\/68fa330f-gp0strxsi.jpg","p4_og_image_id":"2345","p4_seo_canonical_url":"","p4_campaign_name":"not set","p4_local_project":"not set","p4_basket_name":"not set","p4_department":"","footnotes":""},"categories":[4],"tags":[19,25,28],"p4-page-type":[16],"class_list":["post-11271","post","type-post","status-publish","format-standard","has-post-thumbnail","hentry","category-energeticka-revoluce","tag-ovzdusi","tag-konec-doby-fosilni","tag-uspechy","p4-page-type-clanek"],"_links":{"self":[{"href":"https:\/\/www.greenpeace.org\/czech\/wp-json\/wp\/v2\/posts\/11271","targetHints":{"allow":["GET"]}}],"collection":[{"href":"https:\/\/www.greenpeace.org\/czech\/wp-json\/wp\/v2\/posts"}],"about":[{"href":"https:\/\/www.greenpeace.org\/czech\/wp-json\/wp\/v2\/types\/post"}],"author":[{"embeddable":true,"href":"https:\/\/www.greenpeace.org\/czech\/wp-json\/wp\/v2\/users\/40"}],"replies":[{"embeddable":true,"href":"https:\/\/www.greenpeace.org\/czech\/wp-json\/wp\/v2\/comments?post=11271"}],"version-history":[{"count":7,"href":"https:\/\/www.greenpeace.org\/czech\/wp-json\/wp\/v2\/posts\/11271\/revisions"}],"predecessor-version":[{"id":11298,"href":"https:\/\/www.greenpeace.org\/czech\/wp-json\/wp\/v2\/posts\/11271\/revisions\/11298"}],"wp:featuredmedia":[{"embeddable":true,"href":"https:\/\/www.greenpeace.org\/czech\/wp-json\/wp\/v2\/media\/2345"}],"wp:attachment":[{"href":"https:\/\/www.greenpeace.org\/czech\/wp-json\/wp\/v2\/media?parent=11271"}],"wp:term":[{"taxonomy":"category","embeddable":true,"href":"https:\/\/www.greenpeace.org\/czech\/wp-json\/wp\/v2\/categories?post=11271"},{"taxonomy":"post_tag","embeddable":true,"href":"https:\/\/www.greenpeace.org\/czech\/wp-json\/wp\/v2\/tags?post=11271"},{"taxonomy":"p4-page-type","embeddable":true,"href":"https:\/\/www.greenpeace.org\/czech\/wp-json\/wp\/v2\/p4-page-type?post=11271"}],"curies":[{"name":"wp","href":"https:\/\/api.w.org\/{rel}","templated":true}]}}