{"id":11303,"date":"2020-08-05T21:11:44","date_gmt":"2020-08-05T19:11:44","guid":{"rendered":"https:\/\/www.greenpeace.org\/czech\/?p=11303"},"modified":"2020-08-06T11:03:46","modified_gmt":"2020-08-06T09:03:46","slug":"zaloba-na-kontroverzni-dul-turow-je-na-spadnuti","status":"publish","type":"post","link":"https:\/\/www.greenpeace.org\/czech\/clanek\/11303\/zaloba-na-kontroverzni-dul-turow-je-na-spadnuti\/","title":{"rendered":"\u017daloba na kontroverzn\u00ed d\u016fl Tur\u00f3w je na spadnut\u00ed"},"content":{"rendered":"\n<p><strong>R\u00e1di bychom se s v\u00e1mi pod\u011blili o velk\u00e9 v\u00edt\u011bzstv\u00ed v kampani proti roz\u0161i\u0159ov\u00e1n\u00ed dolu Tur\u00f3w. Minul\u00fd t\u00fdden vl\u00e1da vysly\u0161ela \u017e\u00e1dosti Greenpeace a m\u00edstn\u00edch lid\u00ed a u\u010dinila prvn\u00ed krok k pod\u00e1n\u00ed \u017ealoby na Polsko kv\u016fli dolu Tur\u00f3w, kter\u00fd ji\u017e nyn\u00ed krade vodu lidem na Liberecku. Schv\u00e1lila toti\u017e pod\u00e1n\u00ed ofici\u00e1ln\u00edho podn\u011btu proti dolu Tur\u00f3w k Evropsk\u00e9 komisi.&nbsp;Tato st\u00ed\u017enost je posledn\u00edm krokem p\u0159ed pod\u00e1n\u00edm \u017ealoby k Soudn\u00edmu dvoru EU kv\u016fli nedodr\u017eov\u00e1n\u00ed evropsk\u00e9ho pr\u00e1va, kterou po vl\u00e1d\u011b dlouhodob\u011b po\u017eadujeme. Takov\u00fdch \u017ealob, kdy jeden st\u00e1t kv\u016fli ni\u010den\u00ed \u017eivotn\u00edho prost\u0159ed\u00ed \u017ealuje druh\u00fd, je jen velmi m\u00e1lo, tak\u017ee si dok\u00e1\u017eete p\u0159edstavit, \u017ee kdy\u017e se to povede, bude to velk\u00e1 v\u011bc.&nbsp;&nbsp;<\/strong><\/p>\n\n<p>Je to p\u0159itom velmi d\u016fle\u017eit\u00e9, nebo\u0165 t\u011b\u017eba v dole Tur\u00f3w pokra\u010duje ka\u017ed\u00fdm dnem a d\u016fl tak v\u00edce krade vodu \u010desk\u00fdm ob\u010dan\u016fm a zv\u011bt\u0161uje se i hluk a zne\u010di\u0161t\u011bn\u00ed ovzdu\u0161\u00ed na \u010desk\u00e9 stran\u011b, jak se d\u016fl zv\u011bt\u0161uje a p\u0159ibli\u017euje. Polsko p\u0159estalo s \u010ceskou republikou komunikovat a nav\u00edc povolilo ileg\u00e1ln\u011b prodlou\u017een\u00ed t\u011b\u017eby na dal\u0161\u00edch 6 let. Proces k povolen\u00ed t\u011b\u017eby toti\u017e prob\u011bhl bez \u00fa\u010dasti ve\u0159ejnosti a navzdory neexistenci rozhodnut\u00ed EIA, tedy zhodnocen\u00ed vlivu z\u00e1m\u011bru na \u017eivotn\u00ed prost\u0159ed\u00ed, kter\u00e9 existuje jen pro pl\u00e1n t\u011b\u017eby na 24 let.\u00a0<\/p>\n\n<figure class=\"wp-block-image size-large  caption-style-blue-overlay caption-alignment-center\"><img loading=\"lazy\" decoding=\"async\" width=\"1024\" height=\"683\" src=\"https:\/\/www.greenpeace.org\/static\/planet4-czech-republic-stateless\/2020\/08\/ae959e18-2019_05_26_gp_turow_zewlakk-3038-1024x683.jpg\" alt=\"\" class=\"wp-image-11269\" srcset=\"https:\/\/www.greenpeace.org\/static\/planet4-czech-republic-stateless\/2020\/08\/ae959e18-2019_05_26_gp_turow_zewlakk-3038-1024x683.jpg 1024w, https:\/\/www.greenpeace.org\/static\/planet4-czech-republic-stateless\/2020\/08\/ae959e18-2019_05_26_gp_turow_zewlakk-3038-300x200.jpg 300w, https:\/\/www.greenpeace.org\/static\/planet4-czech-republic-stateless\/2020\/08\/ae959e18-2019_05_26_gp_turow_zewlakk-3038-768x512.jpg 768w, https:\/\/www.greenpeace.org\/static\/planet4-czech-republic-stateless\/2020\/08\/ae959e18-2019_05_26_gp_turow_zewlakk-3038-1536x1025.jpg 1536w, https:\/\/www.greenpeace.org\/static\/planet4-czech-republic-stateless\/2020\/08\/ae959e18-2019_05_26_gp_turow_zewlakk-3038-510x340.jpg 510w, https:\/\/www.greenpeace.org\/static\/planet4-czech-republic-stateless\/2020\/08\/ae959e18-2019_05_26_gp_turow_zewlakk-3038.jpg 1920w\" sizes=\"auto, (max-width: 1024px) 100vw, 1024px\" \/><figcaption>D\u016fl Tur\u00f3w (c) Greenpeace &#8211; Petr Zewlakk Vrabec<\/figcaption><\/figure>\n\n<p>A co bude d\u00e1l? D\u00e1le se budeme v\u011bnovat jedn\u00e1n\u00edm Peti\u010dn\u00edho v\u00fdboru Evropsk\u00e9ho parlamentu, kter\u00fd se zab\u00fdv\u00e1 petic\u00ed proti roz\u0161i\u0159ov\u00e1n\u00ed dolu Tur\u00f3w, kterou jsme organizovali spole\u010dn\u011b s LIbereck\u00fdm krajem a m\u00edstn\u00edmi obcemi a kterou podepsalo p\u0159es 13 000 lid\u00ed. Peti\u010dn\u00ed v\u00fdbor po jedn\u00e1n\u00ed vyzval Evropskou komisi, aby kauzu dolu Tur\u00f3w \u0159e\u0161ila razantn\u011bji, a po\u017eaduje po Polsku vysv\u011btlen\u00ed situace. Tak\u00e9 budeme sledovat \u010dinnosti Evropsk\u00e9 komise, kter\u00e1 \u0159e\u0161\u00ed st\u00ed\u017enosti proti roz\u0161i\u0159ov\u00e1n\u00ed dolu Tur\u00f3w od Libereck\u00e9ho kraje a neziskov\u00fdch organizac\u00ed.&nbsp;<\/p>\n\n<p>Pl\u00e1nujeme tak\u00e9 op\u011bt spojit odp\u016frce dolu z \u010ceska, N\u011bmecka i Polska na spole\u010dn\u00e9 akci, abychom vybudovali je\u0161t\u011b siln\u011bj\u0161\u00ed protiuheln\u00e9 hnut\u00ed a mezin\u00e1rodn\u00ed odpor proti dolu byl je\u0161t\u011b v\u00edce vid\u011bt. Ji\u017e nyn\u00ed si m\u016f\u017eete rezervovat ned\u011bli 30. srpna na tuto skv\u011blou akci.<\/p>\n\n<p>V neposledn\u00ed \u0159ad\u011b samoz\u0159ejm\u011b budeme sledovat \u010deskou vl\u00e1du k tomu, aby ud\u011blala i n\u00e1sleduj\u00edc\u00ed krok a \u017ealobu na polsk\u00fd d\u016fl Tur\u00f3w skute\u010dn\u011b po \u010dty\u0159ech m\u011bs\u00edc\u00edch ofici\u00e1ln\u00ed lh\u016fty Evropsk\u00e9 komise podala.<\/p>\n","protected":false},"excerpt":{"rendered":"<p>R\u00e1di bychom se s v\u00e1mi pod\u011blili o velk\u00e9 v\u00edt\u011bzstv\u00ed v kampani proti roz\u0161i\u0159ov\u00e1n\u00ed dolu Tur\u00f3w. Minul\u00fd t\u00fdden vl\u00e1da vysly\u0161ela \u017e\u00e1dosti Greenpeace a m\u00edstn\u00edch lid\u00ed a u\u010dinila prvn\u00ed krok k pod\u00e1n\u00ed&hellip;<\/p>\n","protected":false},"author":38,"featured_media":11269,"comment_status":"open","ping_status":"closed","sticky":false,"template":"","format":"standard","meta":{"ep_exclude_from_search":false,"p4_og_title":"","p4_og_description":"","p4_og_image":"","p4_og_image_id":"","p4_seo_canonical_url":"","p4_campaign_name":"not set","p4_local_project":"not set","p4_basket_name":"not set","p4_department":"","footnotes":""},"categories":[4],"tags":[25],"p4-page-type":[16],"class_list":["post-11303","post","type-post","status-publish","format-standard","has-post-thumbnail","hentry","category-energeticka-revoluce","tag-konec-doby-fosilni","p4-page-type-clanek"],"_links":{"self":[{"href":"https:\/\/www.greenpeace.org\/czech\/wp-json\/wp\/v2\/posts\/11303","targetHints":{"allow":["GET"]}}],"collection":[{"href":"https:\/\/www.greenpeace.org\/czech\/wp-json\/wp\/v2\/posts"}],"about":[{"href":"https:\/\/www.greenpeace.org\/czech\/wp-json\/wp\/v2\/types\/post"}],"author":[{"embeddable":true,"href":"https:\/\/www.greenpeace.org\/czech\/wp-json\/wp\/v2\/users\/38"}],"replies":[{"embeddable":true,"href":"https:\/\/www.greenpeace.org\/czech\/wp-json\/wp\/v2\/comments?post=11303"}],"version-history":[{"count":3,"href":"https:\/\/www.greenpeace.org\/czech\/wp-json\/wp\/v2\/posts\/11303\/revisions"}],"predecessor-version":[{"id":11307,"href":"https:\/\/www.greenpeace.org\/czech\/wp-json\/wp\/v2\/posts\/11303\/revisions\/11307"}],"wp:featuredmedia":[{"embeddable":true,"href":"https:\/\/www.greenpeace.org\/czech\/wp-json\/wp\/v2\/media\/11269"}],"wp:attachment":[{"href":"https:\/\/www.greenpeace.org\/czech\/wp-json\/wp\/v2\/media?parent=11303"}],"wp:term":[{"taxonomy":"category","embeddable":true,"href":"https:\/\/www.greenpeace.org\/czech\/wp-json\/wp\/v2\/categories?post=11303"},{"taxonomy":"post_tag","embeddable":true,"href":"https:\/\/www.greenpeace.org\/czech\/wp-json\/wp\/v2\/tags?post=11303"},{"taxonomy":"p4-page-type","embeddable":true,"href":"https:\/\/www.greenpeace.org\/czech\/wp-json\/wp\/v2\/p4-page-type?post=11303"}],"curies":[{"name":"wp","href":"https:\/\/api.w.org\/{rel}","templated":true}]}}