{"id":11519,"date":"2020-09-08T15:30:12","date_gmt":"2020-09-08T13:30:12","guid":{"rendered":"https:\/\/www.greenpeace.org\/czech\/?p=11519"},"modified":"2020-09-08T19:04:41","modified_gmt":"2020-09-08T17:04:41","slug":"olomoucky-kraj-byl-prilis-mirny-a-udelil-elektrarne-chvaletice-vyjimku-ekologicke-organizace-se-odvolaji","status":"publish","type":"post","link":"https:\/\/www.greenpeace.org\/czech\/tiskova-zprava\/11519\/olomoucky-kraj-byl-prilis-mirny-a-udelil-elektrarne-chvaletice-vyjimku-ekologicke-organizace-se-odvolaji\/","title":{"rendered":"Olomouck\u00fd kraj byl p\u0159\u00edli\u0161 m\u00edrn\u00fd a ud\u011blil elektr\u00e1rn\u011b Chvaletice v\u00fdjimku. Ekologick\u00e9 organizace se odvolaj\u00ed"},"content":{"rendered":"\n<p><strong>\u00da\u0159edn\u00edci Olomouck\u00e9ho kraje dnes ud\u011blili elektr\u00e1rn\u011b Chvaletice v\u00fdjimku pro vypou\u0161t\u011bn\u00ed rtuti na dal\u0161\u00edch 6 let a oxid\u016f dus\u00edku na dal\u0161\u00edch 8 let. D\u00e9lka v\u00fdjimky i jej\u00ed trv\u00e1n\u00ed je stejn\u00e9 jako u p\u0159edchoz\u00edho rozhodnut\u00ed podjat\u00fdch \u00fa\u0159edn\u00edk\u016f Pardubick\u00e9ho kraje, kterou<a href=\"https:\/\/www.greenpeace.org\/czech\/tiskova-zprava\/4985\/ministerstvo-zrusilo-vyjimku-pro-elektrarnu-chvaletice-o-vypousteni-rtuti-a-oxidu-dusiku-do-ovzdusi-se-bude-rozhodovat-znovu\/\"> ministerstvo \u017eivotn\u00edho prost\u0159ed\u00ed zru\u0161ilo pro nez\u00e1konnost<\/a>. Ekologick\u00e9 organizace se proti rozhodnut\u00ed Olomouck\u00e9ho kraje odvolaj\u00ed.&nbsp;<\/strong><\/p>\n\n<p>\u00da\u0159edn\u00edci z ud\u011blen\u00e9 v\u00fdjimky odstranili nejv\u011bt\u0161\u00ed zjevn\u00e9 nez\u00e1konnosti &#8211; nap\u0159\u00edklad p\u0159\u00edli\u0161 vysok\u00fd denn\u00ed limit pro oxidy dus\u00edku. P\u0159idali tak\u00e9 povinnost p\u0159ezkoumat v\u00fdjimku po 3 letech. Nevypo\u0159\u00e1dali se ale s nejv\u011bt\u0161\u00edmi probl\u00e9my v\u00fdjimky &#8211; p\u0159\u00edli\u0161 vysok\u00fdm emisn\u00edm limitem pro rtu\u0165 i s p\u0159\u00edli\u0161 dlouhou dobou platnosti v\u00fdjimky.&nbsp;<\/p>\n\n<figure class=\"wp-block-image size-large  caption-style-blue-overlay caption-alignment-center\"><img loading=\"lazy\" decoding=\"async\" width=\"1024\" height=\"681\" src=\"https:\/\/www.greenpeace.org\/static\/planet4-czech-republic-stateless\/2019\/07\/f4173637-elektrarnachvaletice_web-1024x681.jpg\" alt=\"\" class=\"wp-image-3892\" srcset=\"https:\/\/www.greenpeace.org\/static\/planet4-czech-republic-stateless\/2019\/07\/f4173637-elektrarnachvaletice_web-1024x681.jpg 1024w, https:\/\/www.greenpeace.org\/static\/planet4-czech-republic-stateless\/2019\/07\/f4173637-elektrarnachvaletice_web-300x200.jpg 300w, https:\/\/www.greenpeace.org\/static\/planet4-czech-republic-stateless\/2019\/07\/f4173637-elektrarnachvaletice_web-768x511.jpg 768w, https:\/\/www.greenpeace.org\/static\/planet4-czech-republic-stateless\/2019\/07\/f4173637-elektrarnachvaletice_web-510x340.jpg 510w, https:\/\/www.greenpeace.org\/static\/planet4-czech-republic-stateless\/2019\/07\/f4173637-elektrarnachvaletice_web.jpg 1440w\" sizes=\"auto, (max-width: 1024px) 100vw, 1024px\" \/><figcaption>Elektr\u00e1rna Chvaletice<\/figcaption><\/figure>\n\n<p>D\u00e9lka v\u00fdjimky pro elektr\u00e1rnu pat\u0159\u00edc\u00ed do portfolia uhlobaron\u016f Pavla Tyka\u010de a Jana Dienstla, je nav\u00edc nezvykle dlouh\u00e1 i v porovn\u00e1n\u00ed s jejich konkurenc\u00ed. Nap\u0159\u00edklad firma \u010cEZ o v\u00fdjimky pro oxidy dus\u00edku <a href=\"https:\/\/www.cez.cz\/cs\/pro-media\/tiskove-zpravy\/treti-vlna-ekologizace-elektraren-probiha.-do-zlepseni-parametru-cez-investuje-odhadem-az-10-miliard-korun-81198\">ne\u017e\u00e1d\u00e1 t\u00e9m\u011b\u0159 v\u016fbec a pro rtu\u0165 \u017e\u00e1d\u00e1 u sv\u00fdch elektr\u00e1ren v\u011bt\u0161inou jen odklad o dva a\u017e \u010dty\u0159i roky<\/a>.  Neplat\u00ed tak argumentace provozovatel\u016f elektr\u00e1rny Chvaletice, \u017ee se ned\u00e1 v tak rychl\u00e9 dob\u011b na limity pro rtu\u0165 p\u0159ipravit.&nbsp;<\/p>\n\n<p><strong>Jan Rovensk\u00fd z Greenpeace \u0159\u00edk\u00e1:<\/strong><br><em>\u201cJe pozoruhodn\u00e9, \u017ee ke sn\u00ed\u017een\u00ed zne\u010di\u0161t\u011bn\u00ed, kter\u00e9 zvl\u00e1dnou elektr\u00e1rny \u010cEZ do p\u0159\u00ed\u0161t\u00edho roku, pot\u0159ebuj\u00ed provozovatel\u00e9 Tyka\u010dovy elektr\u00e1rny Chvaletice podle \u00fa\u0159edn\u00edk\u016f neuv\u011b\u0159iteln\u00fdch osm let. T\u011b\u017eko \u0159\u00edct, zda jde hlavn\u011b o lenost, snahu u\u0161et\u0159it na \u00fakor na\u0161eho zdrav\u00ed, nebo o naprostou neschopnost.\u201d<\/em><\/p>\n\n<p><strong>Laura Ot\u00fdpkov\u00e1, pr\u00e1vni\u010dka Frank Bold, \u0159\u00edk\u00e1:<\/strong>&nbsp;<br><em>\u201cOce\u0148uji korektn\u00ed p\u0159\u00edstup krajsk\u00e9ho \u00fa\u0159adu Olomouck\u00e9ho kraje, pr\u00e1v\u011b proto m\u011b ale p\u0159ekvapilo, \u017ee v\u00fdjimka nebyla zam\u00edtnuta \u010di radik\u00e1ln\u011b zp\u0159\u00edsn\u011bna. V\u00fdjimka je bohu\u017eel st\u00e1le nep\u0159im\u011b\u0159en\u011b dlouh\u00e1 a emisn\u00ed limit je nastaven p\u0159\u00edli\u0161 vysoko. To plat\u00ed obzvl\u00e1\u0161t\u011b u rtuti, kde ji\u017e M\u017dP jednou konstatovalo, \u017ee v\u00fdjimka ve v\u00fd\u0161i 357 % emisn\u00edho limitu nebyla dostate\u010dn\u011b od\u016fvodn\u011bn\u00e1.\u201d<\/em><\/p>\n\n<p><\/p>\n","protected":false},"excerpt":{"rendered":"<p>\u00da\u0159edn\u00edci Olomouck\u00e9ho kraje dnes ud\u011blili elektr\u00e1rn\u011b Chvaletice v\u00fdjimku pro vypou\u0161t\u011bn\u00ed rtuti na dal\u0161\u00edch 6 let a oxid\u016f dus\u00edku na dal\u0161\u00edch 8 let. D\u00e9lka v\u00fdjimky i jej\u00ed trv\u00e1n\u00ed je stejn\u00e9 jako&hellip;<\/p>\n","protected":false},"author":27,"featured_media":3892,"comment_status":"open","ping_status":"closed","sticky":false,"template":"","format":"standard","meta":{"ep_exclude_from_search":false,"p4_og_title":"","p4_og_description":"","p4_og_image":"","p4_og_image_id":"","p4_seo_canonical_url":"","p4_campaign_name":"not set","p4_local_project":"not set","p4_basket_name":"not set","p4_department":"","footnotes":""},"categories":[30,2],"tags":[19,25],"p4-page-type":[14],"class_list":["post-11519","post","type-post","status-publish","format-standard","has-post-thumbnail","hentry","category-greenpeace","category-priroda","tag-ovzdusi","tag-konec-doby-fosilni","p4-page-type-tiskova-zprava"],"_links":{"self":[{"href":"https:\/\/www.greenpeace.org\/czech\/wp-json\/wp\/v2\/posts\/11519","targetHints":{"allow":["GET"]}}],"collection":[{"href":"https:\/\/www.greenpeace.org\/czech\/wp-json\/wp\/v2\/posts"}],"about":[{"href":"https:\/\/www.greenpeace.org\/czech\/wp-json\/wp\/v2\/types\/post"}],"author":[{"embeddable":true,"href":"https:\/\/www.greenpeace.org\/czech\/wp-json\/wp\/v2\/users\/27"}],"replies":[{"embeddable":true,"href":"https:\/\/www.greenpeace.org\/czech\/wp-json\/wp\/v2\/comments?post=11519"}],"version-history":[{"count":4,"href":"https:\/\/www.greenpeace.org\/czech\/wp-json\/wp\/v2\/posts\/11519\/revisions"}],"predecessor-version":[{"id":11525,"href":"https:\/\/www.greenpeace.org\/czech\/wp-json\/wp\/v2\/posts\/11519\/revisions\/11525"}],"wp:featuredmedia":[{"embeddable":true,"href":"https:\/\/www.greenpeace.org\/czech\/wp-json\/wp\/v2\/media\/3892"}],"wp:attachment":[{"href":"https:\/\/www.greenpeace.org\/czech\/wp-json\/wp\/v2\/media?parent=11519"}],"wp:term":[{"taxonomy":"category","embeddable":true,"href":"https:\/\/www.greenpeace.org\/czech\/wp-json\/wp\/v2\/categories?post=11519"},{"taxonomy":"post_tag","embeddable":true,"href":"https:\/\/www.greenpeace.org\/czech\/wp-json\/wp\/v2\/tags?post=11519"},{"taxonomy":"p4-page-type","embeddable":true,"href":"https:\/\/www.greenpeace.org\/czech\/wp-json\/wp\/v2\/p4-page-type?post=11519"}],"curies":[{"name":"wp","href":"https:\/\/api.w.org\/{rel}","templated":true}]}}