{"id":11571,"date":"2020-09-11T11:21:32","date_gmt":"2020-09-11T09:21:32","guid":{"rendered":"https:\/\/www.greenpeace.org\/czech\/?p=11571"},"modified":"2021-12-01T13:31:19","modified_gmt":"2021-12-01T12:31:19","slug":"novy-klimaticky-cil-eu-pro-rok-2030-posouva-evropsky-parlament-o-krok-bliz-k-plneni-parizske-dohody","status":"publish","type":"post","link":"https:\/\/www.greenpeace.org\/czech\/tiskova-zprava\/11571\/novy-klimaticky-cil-eu-pro-rok-2030-posouva-evropsky-parlament-o-krok-bliz-k-plneni-parizske-dohody\/","title":{"rendered":"Nov\u00fd klimatick\u00fd c\u00edl EU pro rok 2030 posouv\u00e1 Evropsk\u00fd parlament o krok bl\u00ed\u017e k pln\u011bn\u00ed Pa\u0159\u00ed\u017esk\u00e9 dohody"},"content":{"rendered":"\n<p><strong>Ve \u010dtvrtek 10. z\u00e1\u0159\u00ed 2020 schv\u00e1lil v\u00fdbor Evropsk\u00e9ho parlamentu pro \u017eivotn\u00ed prost\u0159ed\u00ed n\u00e1vrh, aby Evropsk\u00e1 unie do roku 2030 sn\u00ed\u017eila emise sklen\u00edkov\u00fdch plyn\u016f o 60 % oproti roku 1990. Dosud pl\u00e1novan\u00e1 40% redukce emis\u00ed nen\u00ed dostate\u010dn\u00e1 pro spln\u011bn\u00ed c\u00edl\u016f Pa\u0159\u00ed\u017esk\u00e9 dohody. Rychlej\u0161\u00ed n\u00e1hrada fosiln\u00edch zdroj\u016f obnoviteln\u00fdmi u\u017e v p\u0159\u00ed\u0161t\u00ed dek\u00e1d\u011b je tak\u00e9 nutn\u00fdm p\u0159edpokladem toho, aby se Evropsk\u00e1 unie mohla do roku 2050 st\u00e1t klimaticky neutr\u00e1ln\u00ed, tedy dos\u00e1hnout c\u00edle, kter\u00fd \u010dlensk\u00e9 zem\u011b v\u010detn\u011b \u010cesk\u00e9 republiky schv\u00e1lily v prosinci 2019.<\/strong><\/p>\n\n<p>V\u00fdbor Evropsk\u00e9ho parlamentu pro \u017eivotn\u00ed prost\u0159ed\u00ed schv\u00e1lil nov\u00fd klimatick\u00fd c\u00edl\u00a0 v r\u00e1mci hlasov\u00e1n\u00ed o n\u00e1vrhu evropsk\u00e9ho klimatick\u00e9 z\u00e1kona. Pokud bude tento z\u00e1kon schv\u00e1len, stane se\u00a0 d\u016fle\u017eit\u00fdm pr\u00e1vn\u00edm p\u0159edpisem EU se z\u00e1sadn\u00edm v\u00fdznamem pro \u0159e\u0161en\u00ed sou\u010dasn\u00e9 klimatick\u00e9 krize a pln\u011bn\u00ed z\u00e1vazk\u016f vypl\u00fdvaj\u00edc\u00edch z Pa\u0159\u00ed\u017esk\u00e9 dohody. Z\u00e1kon z\u00e1rove\u0148 legislativn\u011b ukotv\u00ed kompatibilitu budouc\u00edch politik EU s rychlou transformac\u00ed ekonomiky nutnou pro zabr\u00e1n\u011bn\u00ed klimatick\u00e9mu rozvratu.\u00a0<\/p>\n\n<figure class=\"wp-block-image size-large  caption-style-blue-overlay caption-alignment-center\"><img loading=\"lazy\" decoding=\"async\" width=\"1024\" height=\"683\" src=\"https:\/\/www.greenpeace.org\/static\/planet4-czech-republic-stateless\/2020\/02\/88931968-gp0stud6f-1024x683.jpg\" alt=\"\" class=\"wp-image-5759\" srcset=\"https:\/\/www.greenpeace.org\/static\/planet4-czech-republic-stateless\/2020\/02\/88931968-gp0stud6f-1024x683.jpg 1024w, https:\/\/www.greenpeace.org\/static\/planet4-czech-republic-stateless\/2020\/02\/88931968-gp0stud6f-300x200.jpg 300w, https:\/\/www.greenpeace.org\/static\/planet4-czech-republic-stateless\/2020\/02\/88931968-gp0stud6f-768x512.jpg 768w, https:\/\/www.greenpeace.org\/static\/planet4-czech-republic-stateless\/2020\/02\/88931968-gp0stud6f-510x340.jpg 510w, https:\/\/www.greenpeace.org\/static\/planet4-czech-republic-stateless\/2020\/02\/88931968-gp0stud6f.jpg 1200w\" sizes=\"auto, (max-width: 1024px) 100vw, 1024px\" \/><figcaption>Akce Greenpeace za zv\u00fd\u0161en\u00ed evropsk\u00fdch klimatick\u00fdch c\u00edl\u016f v Bruselu<\/figcaption><\/figure>\n\n<p><strong>Jan Freidinger z Greenpeace \u0159ekl:\u00a0<br><\/strong><em>\u201eEuroposlanci ud\u011blali d\u016fle\u017eit\u00fd krok, aby se klimatick\u00e1 politika EU dostala do souladu s v\u011bdeck\u00fdmi doporu\u010den\u00edmi. Bohu\u017eel st\u00e1le m\u00e1me v EU politiky, jako je premi\u00e9r Babi\u0161 \u010di ministr pr\u016fmyslu Havl\u00ed\u010dek, kte\u0159\u00ed z\u00e1va\u017enost klimatick\u00e9 krize nepochopili a m\u00edsto v\u011bdeck\u00fdch doporu\u010den\u00ed vych\u00e1zej\u00ed vst\u0159\u00edc zne\u010di\u0161\u0165ovatel\u016fm a odm\u00edtaj\u00ed emise v\u00edce sni\u017eovat.\u201d<\/em><\/p>\n\n<p>Kone\u010dn\u00e9 shod\u011b na nov\u00e9m klimatick\u00e9m c\u00edli mezi v\u0161emi \u010dlensk\u00fdmi st\u00e1ty EU bude p\u0159edch\u00e1zet cel\u00e1 \u0159ada debat a schvalovac\u00edch proces\u016f. Klimatick\u00fd c\u00edl pro rok 2030 navr\u017een\u00fd v\u00fdborem Evropsk\u00e9ho parlamentu pro \u017eivotn\u00ed prost\u0159ed\u00ed nyn\u00ed mus\u00ed proj\u00edt tak\u00e9 hlasov\u00e1n\u00edm na plen\u00e1rn\u00edm zased\u00e1n\u00ed, kter\u00e9 se bude konat 5. \u0159\u00edjna. Vlastn\u00ed n\u00e1vrh klimatick\u00e9ho c\u00edle pak 16. z\u00e1\u0159\u00ed \u00fasty sv\u00e9 p\u0159edsedkyn\u011b\u00a0<strong>Ursuly von der Leyen\u00a0<\/strong>ozn\u00e1m\u00ed tak\u00e9 Evropsk\u00e1 komise, kter\u00e1 se ve sv\u00e9m rozhodnut\u00ed bude op\u00edrat tak\u00e9 o anal\u00fdzu dopad\u016f opat\u0159en\u00ed nutn\u00fdch pro navr\u017een\u00e9 sn\u00ed\u017een\u00ed emis\u00ed v dan\u00e9m \u010dasov\u00e9m r\u00e1mci.<\/p>\n\n<p><strong>Michaela Pixov\u00e1 z Klimatick\u00e9 koalice \u0159\u00edk\u00e1:\u00a0<br><\/strong><em>\u201eNed\u00e1vno byla zve\u0159ejn\u011bn\u00e1 tak\u00e9 technick\u00e1 anal\u00fdza Evropsk\u00e9 komise, kter\u00e1 hodnot\u00ed budouc\u00ed finan\u010dn\u00ed n\u00e1klady vznikl\u00e9 nedostate\u010dn\u00fdm \u0159e\u0161en\u00edm klimatick\u00e9 krize. Ty zpr\u00e1va v p\u0159\u00edpad\u011b oteplen\u00ed glob\u00e1ln\u00edho klimatu o 3\u00b0C, k nim\u017e<a href=\"https:\/\/publications.jrc.ec.europa.eu\/repository\/bitstream\/JRC120452\/pesetaiv_task_14_economic_analysis_final_report.pdf\"> i p\u0159i d\u016fsledn\u00e9m dodr\u017eov\u00e1n\u00ed st\u00e1vaj\u00edc\u00edch nedostate\u010dn\u00fdch z\u00e1vazk\u016f sm\u011b\u0159ujeme, odhaduje na 175 miliard EUR ro\u010dn\u011b<\/a>. Transformace ke klimatick\u00e9 neutralit\u011b proto p\u0159edstavuje nejen p\u0159\u00edle\u017eitost pro o\u017eiven\u00ed ekonomiky zkou\u0161en\u00e9 nyn\u011bj\u0161\u00ed pandemi\u00ed, ale vzhledem k rizik\u016fm vypl\u00fdvaj\u00edc\u00edm z\u00a0dal\u0161\u00edho udr\u017eov\u00e1n\u00ed k \u017eivotn\u00edmu prost\u0159ed\u00ed ne\u0161etrn\u00e9ho hospod\u00e1\u0159stv\u00ed se evropsk\u00fdm st\u00e1t\u016fm rozhodn\u011b vyplat\u00ed.\u201d\u00a0<\/em>\u00a0<\/p>\n\n<p><a href=\"https:\/\/www.unenvironment.org\/resources\/emissions-gap-report-2019\">Podle zpr\u00e1vy UNEP<\/a>\u00a0by udr\u017een\u00ed glob\u00e1ln\u00edho oteplen\u00ed pod \u00farovn\u00ed 1,5 \u00b0C, a tedy i zabr\u00e1n\u011bn\u00ed katastrof\u00e1ln\u00edm n\u00e1sledk\u016fm a obrovsk\u00fdm ekonomick\u00fdm ztr\u00e1t\u00e1m, vy\u017eadovalo sni\u017eov\u00e1n\u00ed emis\u00ed v\u0161emi zem\u011bmi sv\u011bta tempem 7,6 % ro\u010dn\u011b. Takov\u00e9 \u00fasil\u00ed by vy\u017eadovalo nejm\u00e9n\u011b 65 % sn\u00ed\u017een\u00ed emis\u00ed v cel\u00e9 EU do roku 2030 ve srovn\u00e1n\u00ed s \u00farovn\u00ed v roce 1990. Pr\u00e1v\u011b tento klimatick\u00fd c\u00edl prosazuj\u00ed evropsk\u00e9 ekologick\u00e9 organizace, ale tak\u00e9 \u0161v\u00e9dsk\u00e1 europoslankyn\u011b Jytte Guteland z Progresivn\u00ed aliance socialist\u016f a demokrat\u016f, kter\u00e1 v evropsk\u00e9m parlamentu debaty o klimatick\u00e9m z\u00e1konu vede. Z\u00a0t\u00e9to perspektivy je tedy i v\u010dera schv\u00e1len\u00e9 60 % sn\u00ed\u017een\u00ed emis\u00ed do roku 2030 nedostate\u010dn\u00e9.\u00a0<\/p>\n\n<p>Na v\u00fd\u0161i spole\u010dn\u00e9ho klimatick\u00e9ho c\u00edle EU pro rok 2030 se nicm\u00e9n\u011b budou muset shodnout tak\u00e9 \u010dlensk\u00e9 st\u00e1ty. P\u0159\u00ed\u0161t\u00ed zased\u00e1n\u00ed na \u00farovni premi\u00e9r\u016f se kon\u00e1 15. a 16. \u0159\u00edjna, ale je pravd\u011bpodobn\u00e9, \u017ee se debaty o zv\u00fd\u0161en\u00ed klimatick\u00fdch ambic prot\u00e1hnou a\u017e do konce tohoto roku. Lze o\u010dek\u00e1vat, \u017ee proti vy\u0161\u0161\u00edm klimatick\u00fdm ambic\u00edm EU se bude stav\u011bt p\u0159edev\u0161\u00edm \u010cesk\u00e1 republika a Polsko. M\u00edstop\u0159edseda \u010desk\u00e9 vl\u00e1dy Karel Havl\u00ed\u010dek se ji\u017e n\u011bkolikr\u00e1t <a href=\"https:\/\/euractiv.cz\/section\/klima-a-zivotni-prostredi\/news\/klima-snizi-evropa-emise-o-55-procent-bitva-o-cile-pro-rok-2030-pokracuje\/\">odm\u00edtav\u011b vyj\u00e1d\u0159il k jak\u00e9mukoliv navy\u0161ov\u00e1n\u00ed klimatick\u00fdch c\u00edl\u016f<\/a>.<\/p>\n\n<p><strong>P\u0159ehled krok\u016f vedouc\u00edch k p\u0159ijet\u00ed nov\u00e9ho klimatick\u00e9ho c\u00edle EU pro rok 2030<\/strong>:<\/p>\n\n<ul class=\"wp-block-list\"><li>10. 9. N\u00e1vrh klimatick\u00e9ho c\u00edle v\u00fdborem Evropsk\u00e9ho parlamentu pro \u017eivotn\u00ed prost\u0159ed\u00ed v r\u00e1mci hlasov\u00e1n\u00ed o evropsk\u00e9m klimatick\u00e9m z\u00e1konu<\/li><li>15. 9. N\u00e1vrh klimatick\u00e9ho c\u00edle Evropskou komis\u00ed<\/li><li>16. 9. Ofici\u00e1ln\u00ed ozn\u00e1men\u00ed klimatick\u00e9ho c\u00edle navr\u017een\u00e9ho EK v r\u00e1mci projevu o stavu Unie Ursuly von der Leyen a n\u00e1sledn\u00e9 zve\u0159ejn\u011bn\u00ed anal\u00fdzy dopad\u016f pln\u011bn\u00ed nav\u00fd\u0161en\u00e9ho c\u00edle<\/li><li>5. 10. hlasov\u00e1n\u00ed o klimatick\u00e9m c\u00edli navr\u017een\u00e9m v\u00fdborem pro \u017dP Evropsk\u00e9ho parlamentu v r\u00e1mci plen\u00e1rn\u00edho zased\u00e1n\u00ed EP<\/li><li>15.-16.10. &#8211; jedn\u00e1n\u00ed Evropsk\u00e9 rady na \u00farovni premi\u00e9r\u016f \u010dlensk\u00fdch st\u00e1t\u016f &#8211; diskuse o klimatick\u00e9m c\u00edli pro rok 2030&nbsp;<\/li><li>\u0158\u00edjen a\u017e prosinec 2020 &#8211; dal\u0161\u00ed vyjedn\u00e1v\u00e1n\u00ed mezi Radou, Evropskou komis\u00ed a Evropsk\u00fdm parlamentem<\/li><li>Prosinec 2020 &#8211; o\u010dek\u00e1van\u00e9 schv\u00e1len\u00ed nov\u00e9ho c\u00edle<\/li><\/ul>\n\n<p><\/p>\n<div class=\"EmptyMessage\">Block content is empty. Check the block&#8217;s settings or remove it.<\/div>","protected":false},"excerpt":{"rendered":"<p>Ve \u010dtvrtek 10. z\u00e1\u0159\u00ed 2020 schv\u00e1lil v\u00fdbor Evropsk\u00e9ho parlamentu pro \u017eivotn\u00ed prost\u0159ed\u00ed n\u00e1vrh, aby Evropsk\u00e1 unie do roku 2030 sn\u00ed\u017eila emise sklen\u00edkov\u00fdch plyn\u016f o 60 % oproti roku 1990. Dosud&hellip;<\/p>\n","protected":false},"author":27,"featured_media":5759,"comment_status":"open","ping_status":"closed","sticky":false,"template":"","format":"standard","meta":{"ep_exclude_from_search":false,"p4_og_title":"","p4_og_description":"","p4_og_image":"","p4_og_image_id":"","p4_seo_canonical_url":"","p4_campaign_name":"not set","p4_local_project":"not set","p4_basket_name":"not set","p4_department":"","footnotes":""},"categories":[4],"tags":[],"p4-page-type":[14],"class_list":["post-11571","post","type-post","status-publish","format-standard","has-post-thumbnail","hentry","category-energeticka-revoluce","p4-page-type-tiskova-zprava"],"_links":{"self":[{"href":"https:\/\/www.greenpeace.org\/czech\/wp-json\/wp\/v2\/posts\/11571","targetHints":{"allow":["GET"]}}],"collection":[{"href":"https:\/\/www.greenpeace.org\/czech\/wp-json\/wp\/v2\/posts"}],"about":[{"href":"https:\/\/www.greenpeace.org\/czech\/wp-json\/wp\/v2\/types\/post"}],"author":[{"embeddable":true,"href":"https:\/\/www.greenpeace.org\/czech\/wp-json\/wp\/v2\/users\/27"}],"replies":[{"embeddable":true,"href":"https:\/\/www.greenpeace.org\/czech\/wp-json\/wp\/v2\/comments?post=11571"}],"version-history":[{"count":3,"href":"https:\/\/www.greenpeace.org\/czech\/wp-json\/wp\/v2\/posts\/11571\/revisions"}],"predecessor-version":[{"id":15500,"href":"https:\/\/www.greenpeace.org\/czech\/wp-json\/wp\/v2\/posts\/11571\/revisions\/15500"}],"wp:featuredmedia":[{"embeddable":true,"href":"https:\/\/www.greenpeace.org\/czech\/wp-json\/wp\/v2\/media\/5759"}],"wp:attachment":[{"href":"https:\/\/www.greenpeace.org\/czech\/wp-json\/wp\/v2\/media?parent=11571"}],"wp:term":[{"taxonomy":"category","embeddable":true,"href":"https:\/\/www.greenpeace.org\/czech\/wp-json\/wp\/v2\/categories?post=11571"},{"taxonomy":"post_tag","embeddable":true,"href":"https:\/\/www.greenpeace.org\/czech\/wp-json\/wp\/v2\/tags?post=11571"},{"taxonomy":"p4-page-type","embeddable":true,"href":"https:\/\/www.greenpeace.org\/czech\/wp-json\/wp\/v2\/p4-page-type?post=11571"}],"curies":[{"name":"wp","href":"https:\/\/api.w.org\/{rel}","templated":true}]}}