{"id":11584,"date":"2020-09-15T18:05:48","date_gmt":"2020-09-15T16:05:48","guid":{"rendered":"https:\/\/www.greenpeace.org\/czech\/?p=11584"},"modified":"2020-09-16T14:58:32","modified_gmt":"2020-09-16T12:58:32","slug":"proc-jsme-protestovali-na-trojmezi","status":"publish","type":"post","link":"https:\/\/www.greenpeace.org\/czech\/clanek\/11584\/proc-jsme-protestovali-na-trojmezi\/","title":{"rendered":"Pro\u010d jsme protestovali na Trojmez\u00ed?"},"content":{"rendered":"\n<p>V ned\u011bli 30. srpna jsme se se\u0161li na hranici t\u0159\u00ed st\u00e1t\u016f, abychom spole\u010dn\u011b &#8211; Pol\u00e1ci, \u010ce\u0161i a N\u011bmci &#8211; vyj\u00e1d\u0159ili sv\u016fj jasn\u00fd nesouhlas s dal\u0161\u00edm roz\u0161i\u0159ov\u00e1n\u00edm polsk\u00e9ho hn\u011bdouheln\u00e9ho dolu Tur\u00f3w. Akci na Trojmez\u00ed u Hr\u00e1dku nad Nisou organizovali m\u00edstn\u00ed lid\u00e9 z Hr\u00e1decka reprezentovan\u00ed skupinou Hlavou proti Tur\u00f3wu , organizace Greenpeace \u010cesk\u00e1 republika, lok\u00e1ln\u00ed skupina Greenpeace Oberlausitz a Rozw\u00f3j TAK \u2013 Odkrywky NIE, s podporou dal\u0161\u00edch organizac\u00ed.<\/p>\n\n<p>Polsk\u00fd d\u016fl Tur\u00f3w stahuje podzemn\u00ed vodu z \u010desk\u00e9ho \u00fazem\u00ed, co\u017e ji\u017e dnes pozoruj\u00ed m\u00edstn\u00ed obyvatel\u00e9, jejich\u017e pocity nejl\u00e9pe shrnul ve sv\u00e9m projevu obyvatel obce Uheln\u00e1, Milan Starec. Mimo jin\u00e9 v n\u011bm \u0159ekl: <em>\u201cMy, kdo \u017eijeme v okol\u00ed dolu, sledujeme naprosto bezprost\u0159edn\u00ed negativn\u00ed efekt povrchov\u00e9 t\u011b\u017eby a t\u00edm je mizen\u00ed spodn\u00ed vody. Opolno-Zdr\u00f3j, n\u011bkdej\u0161\u00ed Bad Oppelsdorf, bylo obl\u00edben\u00e9 l\u00e1ze\u0148sk\u00e9 m\u011bste\u010dko s l\u00e9\u010div\u00fdmi prameny. Ty vyschly p\u0159ed des\u00edtkami let. V na\u0161\u00ed vesnici Uheln\u00e1 vyschly i 250 let star\u00e9 studny zhruba p\u0159ed dvaceti lety. Proto zde byl u\u017e p\u0159ed dlouhou dobou vytvo\u0159en hlubinn\u00fd vrt, hladina ale neust\u00e1le kles\u00e1 i v n\u011bm. Zmiz\u00ed-li voda jednoho dne \u00fapln\u011b, bude cel\u00e1 ves na suchu. Ve V\u00e1clavic\u00edch jsou n\u011bkte\u0159\u00ed lid\u00e9 v kritick\u00e9 situaci ji\u017e nyn\u00ed: \u017eivot omezuj\u00edc\u00ed \u0161et\u0159en\u00ed s ka\u017edou kapkou pitn\u00e9 vody je tu ka\u017edodenn\u00ed realitou.\u201d<\/em><\/p>\n\n<figure class=\"wp-block-image size-large  caption-style-blue-overlay caption-alignment-center\"><img loading=\"lazy\" decoding=\"async\" width=\"1024\" height=\"683\" src=\"https:\/\/www.greenpeace.org\/static\/planet4-czech-republic-stateless\/2020\/09\/b8d05f47-dsc0219_ibra_net_greenpeacecz-1024x683.jpg\" alt=\"\" class=\"wp-image-11585\" srcset=\"https:\/\/www.greenpeace.org\/static\/planet4-czech-republic-stateless\/2020\/09\/b8d05f47-dsc0219_ibra_net_greenpeacecz-1024x683.jpg 1024w, https:\/\/www.greenpeace.org\/static\/planet4-czech-republic-stateless\/2020\/09\/b8d05f47-dsc0219_ibra_net_greenpeacecz-300x200.jpg 300w, https:\/\/www.greenpeace.org\/static\/planet4-czech-republic-stateless\/2020\/09\/b8d05f47-dsc0219_ibra_net_greenpeacecz-768x512.jpg 768w, https:\/\/www.greenpeace.org\/static\/planet4-czech-republic-stateless\/2020\/09\/b8d05f47-dsc0219_ibra_net_greenpeacecz-510x340.jpg 510w, https:\/\/www.greenpeace.org\/static\/planet4-czech-republic-stateless\/2020\/09\/b8d05f47-dsc0219_ibra_net_greenpeacecz.jpg 1500w\" sizes=\"auto, (max-width: 1024px) 100vw, 1024px\" \/><figcaption>Milan Starec hovo\u0159\u00ed na protestu na Trojmez\u00ed 30.8.2020.<\/figcaption><\/figure>\n\n<p><strong>Neleg\u00e1ln\u00ed t\u011b\u017eba<\/strong><br>Sou\u010d\u00e1st\u00ed protestu byl tak\u00e9 lidsk\u00fd \u0159et\u011bz p\u0159es \u00fazem\u00ed v\u0161ech t\u0159\u00ed st\u00e1t\u016f a plavba n\u011bkolika des\u00edtek \u00fa\u010dastn\u00edk\u016f po \u0159ece Nise. Cht\u011bli jsme t\u00edm zd\u016fraznit spole\u010dn\u00e9 hled\u00e1n\u00ed \u0159e\u0161en\u00ed nap\u0159\u00ed\u010d zem\u011bmi. Nejen t\u011bmi, kter\u00fdch se t\u011b\u017eba bezprost\u0159edn\u011b t\u00fdk\u00e1, ale v\u0161ech zem\u00ed Evropsk\u00e9 unie. Spalov\u00e1n\u00ed uhl\u00ed, kter\u00e9 se vyt\u011b\u017e\u00ed v sousedn\u00ed elektr\u00e1rn\u011b Tur\u00f3w samoz\u0159ejm\u011b tak\u00e9 prohlubuje klimatickou krizi, v n\u00ed\u017e se ji\u017e nach\u00e1z\u00edme.<\/p>\n\n<p>V sou\u010dasnosti d\u016fl Tur\u00f3w t\u011b\u017e\u00ed neleg\u00e1ln\u011b, proto\u017ee povolen\u00ed k dal\u0161\u00ed \u010dinnosti na 6 let z\u00edskal v procesu uzav\u0159en\u00e9m ve\u0159ejnosti a bez zve\u0159ejn\u011bn\u00ed konkr\u00e9tn\u00edho projektu a jeho posouzen\u00ed, kter\u00fdm se polsk\u00e1 vl\u00e1da sna\u017e\u00ed obej\u00edt nutnou komunikaci s ve\u0159ejnost\u00ed na n\u00e1rodn\u00ed i na mezin\u00e1rodn\u00ed \u00farovni. Polsk\u00e9 \u00fa\u0159ady s \u010deskou stranou ji\u017e n\u011bkolik m\u011bs\u00edc\u016f nekomunikuj\u00ed.<br><br><\/p>\n\n<figure class=\"wp-block-embed-youtube wp-block-embed is-type-video is-provider-youtube wp-embed-aspect-4-3 wp-has-aspect-ratio\"><div class=\"wp-block-embed__wrapper\">\n<lite-youtube style=\"background-image: url('https:\/\/i.ytimg.com\/vi\/IpiGBgcAUao\/hqdefault.jpg');\" videoid=\"IpiGBgcAUao\" params=\"rel=0\"><\/lite-youtube>\n<\/div><\/figure>\n\n<p><strong>Spole\u010dn\u00e1 odpov\u011bdnost za budoucnost<\/strong><br>Po\u017eadavkem spole\u010dn\u00e9ho protestu byla tak\u00e9 v\u011bt\u0161\u00ed aktivita m\u00edstn\u00edch, n\u00e1rodn\u00edch i unijn\u00edch politik\u016f. A to v\u010detn\u011b Evropsk\u00e9 komise, kter\u00e1 u\u017e \u0159e\u0161\u00ed n\u011bkolik st\u00ed\u017enost\u00ed na d\u016fl Tur\u00f3w, a Evropsk\u00e9ho parlamentu, kter\u00fd se zab\u00fdv\u00e1 petic\u00ed proti roz\u0161i\u0159ov\u00e1n\u00ed dolu Tur\u00f3w, s v\u00edce jak 13 tis\u00edci podpisy. <\/p>\n\n<p>Konkr\u00e9tn\u00edm po\u017eadavkem na \u010deskou vl\u00e1du bylo pod\u00e1n\u00ed \u017ealoby na Polsko na za\u010d\u00e1tku p\u0159\u00ed\u0161t\u00edho roku, kter\u00e1 mus\u00ed chr\u00e1nit pr\u00e1va \u010desk\u00fdch ob\u010dan\u016f. Ti, kte\u0159\u00ed budou \u010delit roz\u0161i\u0159ov\u00e1n\u00ed t\u011b\u017eby jako prvn\u00ed, nebo\u0165 d\u016fl se m\u00e1 podle p\u016fvodn\u00edho projektu roz\u0161i\u0159ovat nejprve k \u010desk\u00fdm hranic\u00edm. Celkov\u011b se m\u00e1 d\u016fl zv\u011bt\u0161it a\u017e na 30 kilometr\u016f \u010dtvere\u010dn\u00edch. T\u011b\u017eba se m\u00e1 p\u0159ibl\u00ed\u017eit na 100 metr\u016f od \u010desk\u00fdch hranic, co\u017e je 1200 metr\u016f od prvn\u00edch \u010desk\u00fdch dom\u016f. Ka\u017ed\u00fdm dnem, kdy t\u011b\u017eba postupuje, se tak p\u0159\u00edm\u00fd negativn\u00ed vliv na \u010desk\u00e9 podzemn\u00ed vody zhor\u0161uje.<\/p>\n<div data-render=\"planet4-blocks\/gallery\" data-attributes=\"{&quot;attributes&quot;:{&quot;gallery_block_title&quot;:&quot;Protest proti roz\\u0161\\u00ed\\u0159en\\u00ed dolu Tur\\u00f3w&quot;,&quot;multiple_image&quot;:&quot;11613,11615,11616,11617,11618,11619,11620,11622,11623,11624,11625,11626&quot;,&quot;image_data&quot;:[{&quot;url&quot;:&quot;https:\\\/\\\/www.greenpeace.org\\\/static\\\/planet4-czech-republic-stateless\\\/2020\\\/09\\\/68a44f90-dsc0082_ibra_net_greenpeacecz.jpg&quot;,&quot;focalPoint&quot;:{&quot;x&quot;:0.5,&quot;y&quot;:0.5},&quot;id&quot;:11613},{&quot;url&quot;:&quot;https:\\\/\\\/www.greenpeace.org\\\/static\\\/planet4-czech-republic-stateless\\\/2020\\\/09\\\/23e3ff4f-dsc0116_ibra_net.jpg&quot;,&quot;focalPoint&quot;:{&quot;x&quot;:0.5,&quot;y&quot;:0.5},&quot;id&quot;:11615},{&quot;url&quot;:&quot;https:\\\/\\\/www.greenpeace.org\\\/static\\\/planet4-czech-republic-stateless\\\/2020\\\/09\\\/3052042e-dsc0124_ibra_net_greenpeacecz.jpg&quot;,&quot;focalPoint&quot;:{&quot;x&quot;:0.5,&quot;y&quot;:0.5},&quot;id&quot;:11616},{&quot;url&quot;:&quot;https:\\\/\\\/www.greenpeace.org\\\/static\\\/planet4-czech-republic-stateless\\\/2020\\\/09\\\/6b62403c-dsc0174_ibra_net.jpg&quot;,&quot;focalPoint&quot;:{&quot;x&quot;:0.5,&quot;y&quot;:0.5},&quot;id&quot;:11617},{&quot;url&quot;:&quot;https:\\\/\\\/www.greenpeace.org\\\/static\\\/planet4-czech-republic-stateless\\\/2020\\\/09\\\/964e1806-dsc0184_ibra_net.jpg&quot;,&quot;focalPoint&quot;:{&quot;x&quot;:0.5,&quot;y&quot;:0.5},&quot;id&quot;:11618},{&quot;url&quot;:&quot;https:\\\/\\\/www.greenpeace.org\\\/static\\\/planet4-czech-republic-stateless\\\/2020\\\/09\\\/86997435-dsc0376_ibra_net_greenpeacecz-1.jpg&quot;,&quot;focalPoint&quot;:{&quot;x&quot;:0.5,&quot;y&quot;:0.5},&quot;id&quot;:11619},{&quot;url&quot;:&quot;https:\\\/\\\/www.greenpeace.org\\\/static\\\/planet4-czech-republic-stateless\\\/2020\\\/09\\\/e666f181-dsc0431_ibra_net.jpg&quot;,&quot;focalPoint&quot;:{&quot;x&quot;:0.5,&quot;y&quot;:0.5},&quot;id&quot;:11620},{&quot;url&quot;:&quot;https:\\\/\\\/www.greenpeace.org\\\/static\\\/planet4-czech-republic-stateless\\\/2020\\\/09\\\/c29333da-dsc0471_ibra_net.jpg&quot;,&quot;focalPoint&quot;:{&quot;x&quot;:0.5,&quot;y&quot;:0.5},&quot;id&quot;:11622},{&quot;url&quot;:&quot;https:\\\/\\\/www.greenpeace.org\\\/static\\\/planet4-czech-republic-stateless\\\/2020\\\/09\\\/4509e0f2-dsc0564_ibra_net.jpg&quot;,&quot;focalPoint&quot;:{&quot;x&quot;:0.5,&quot;y&quot;:0.5},&quot;id&quot;:11623},{&quot;url&quot;:&quot;https:\\\/\\\/www.greenpeace.org\\\/static\\\/planet4-czech-republic-stateless\\\/2020\\\/09\\\/779fbcfe-dsc9730_ibra_net.jpg&quot;,&quot;focalPoint&quot;:{&quot;x&quot;:0.5,&quot;y&quot;:0.5},&quot;id&quot;:11624},{&quot;url&quot;:&quot;https:\\\/\\\/www.greenpeace.org\\\/static\\\/planet4-czech-republic-stateless\\\/2020\\\/09\\\/504b31c0-dsd4413_ibra_net.jpg&quot;,&quot;focalPoint&quot;:{&quot;x&quot;:0.5,&quot;y&quot;:0.5},&quot;id&quot;:11625},{&quot;url&quot;:&quot;https:\\\/\\\/www.greenpeace.org\\\/static\\\/planet4-czech-republic-stateless\\\/2020\\\/09\\\/594ba315-dsd4499_ibra_net.jpg&quot;,&quot;focalPoint&quot;:{&quot;x&quot;:0.5,&quot;y&quot;:0.5},&quot;id&quot;:11626}],&quot;gallery_block_style&quot;:0,&quot;gallery_block_description&quot;:&quot;&quot;,&quot;gallery_block_focus_points&quot;:&quot;&quot;,&quot;images&quot;:[{&quot;image_src&quot;:&quot;https:\\\/\\\/www.greenpeace.org\\\/static\\\/planet4-czech-republic-stateless\\\/2020\\\/09\\\/68a44f90-dsc0082_ibra_net_greenpeacecz.jpg&quot;,&quot;image_srcset&quot;:&quot;https:\\\/\\\/www.greenpeace.org\\\/static\\\/planet4-czech-republic-stateless\\\/2020\\\/09\\\/68a44f90-dsc0082_ibra_net_greenpeacecz.jpg 1500w, https:\\\/\\\/www.greenpeace.org\\\/static\\\/planet4-czech-republic-stateless\\\/2020\\\/09\\\/68a44f90-dsc0082_ibra_net_greenpeacecz-300x200.jpg 300w, https:\\\/\\\/www.greenpeace.org\\\/static\\\/planet4-czech-republic-stateless\\\/2020\\\/09\\\/68a44f90-dsc0082_ibra_net_greenpeacecz-1024x683.jpg 1024w, https:\\\/\\\/www.greenpeace.org\\\/static\\\/planet4-czech-republic-stateless\\\/2020\\\/09\\\/68a44f90-dsc0082_ibra_net_greenpeacecz-768x512.jpg 768w, https:\\\/\\\/www.greenpeace.org\\\/static\\\/planet4-czech-republic-stateless\\\/2020\\\/09\\\/68a44f90-dsc0082_ibra_net_greenpeacecz-510x340.jpg 510w&quot;,&quot;image_sizes&quot;:false,&quot;alt_text&quot;:&quot;&quot;,&quot;caption&quot;:&quot;&quot;,&quot;focus_image&quot;:&quot;&quot;,&quot;credits&quot;:&quot;&quot;},{&quot;image_src&quot;:&quot;https:\\\/\\\/www.greenpeace.org\\\/static\\\/planet4-czech-republic-stateless\\\/2020\\\/09\\\/23e3ff4f-dsc0116_ibra_net.jpg&quot;,&quot;image_srcset&quot;:&quot;https:\\\/\\\/www.greenpeace.org\\\/static\\\/planet4-czech-republic-stateless\\\/2020\\\/09\\\/23e3ff4f-dsc0116_ibra_net.jpg 1500w, https:\\\/\\\/www.greenpeace.org\\\/static\\\/planet4-czech-republic-stateless\\\/2020\\\/09\\\/23e3ff4f-dsc0116_ibra_net-300x200.jpg 300w, https:\\\/\\\/www.greenpeace.org\\\/static\\\/planet4-czech-republic-stateless\\\/2020\\\/09\\\/23e3ff4f-dsc0116_ibra_net-1024x683.jpg 1024w, https:\\\/\\\/www.greenpeace.org\\\/static\\\/planet4-czech-republic-stateless\\\/2020\\\/09\\\/23e3ff4f-dsc0116_ibra_net-768x512.jpg 768w, https:\\\/\\\/www.greenpeace.org\\\/static\\\/planet4-czech-republic-stateless\\\/2020\\\/09\\\/23e3ff4f-dsc0116_ibra_net-510x340.jpg 510w&quot;,&quot;image_sizes&quot;:false,&quot;alt_text&quot;:&quot;&quot;,&quot;caption&quot;:&quot;&quot;,&quot;focus_image&quot;:&quot;&quot;,&quot;credits&quot;:&quot;&quot;},{&quot;image_src&quot;:&quot;https:\\\/\\\/www.greenpeace.org\\\/static\\\/planet4-czech-republic-stateless\\\/2020\\\/09\\\/3052042e-dsc0124_ibra_net_greenpeacecz.jpg&quot;,&quot;image_srcset&quot;:&quot;https:\\\/\\\/www.greenpeace.org\\\/static\\\/planet4-czech-republic-stateless\\\/2020\\\/09\\\/3052042e-dsc0124_ibra_net_greenpeacecz.jpg 1500w, https:\\\/\\\/www.greenpeace.org\\\/static\\\/planet4-czech-republic-stateless\\\/2020\\\/09\\\/3052042e-dsc0124_ibra_net_greenpeacecz-300x200.jpg 300w, https:\\\/\\\/www.greenpeace.org\\\/static\\\/planet4-czech-republic-stateless\\\/2020\\\/09\\\/3052042e-dsc0124_ibra_net_greenpeacecz-1024x683.jpg 1024w, https:\\\/\\\/www.greenpeace.org\\\/static\\\/planet4-czech-republic-stateless\\\/2020\\\/09\\\/3052042e-dsc0124_ibra_net_greenpeacecz-768x512.jpg 768w, https:\\\/\\\/www.greenpeace.org\\\/static\\\/planet4-czech-republic-stateless\\\/2020\\\/09\\\/3052042e-dsc0124_ibra_net_greenpeacecz-510x340.jpg 510w&quot;,&quot;image_sizes&quot;:false,&quot;alt_text&quot;:&quot;&quot;,&quot;caption&quot;:&quot;&quot;,&quot;focus_image&quot;:&quot;&quot;,&quot;credits&quot;:&quot;&quot;},{&quot;image_src&quot;:&quot;https:\\\/\\\/www.greenpeace.org\\\/static\\\/planet4-czech-republic-stateless\\\/2020\\\/09\\\/6b62403c-dsc0174_ibra_net.jpg&quot;,&quot;image_srcset&quot;:&quot;https:\\\/\\\/www.greenpeace.org\\\/static\\\/planet4-czech-republic-stateless\\\/2020\\\/09\\\/6b62403c-dsc0174_ibra_net.jpg 1500w, https:\\\/\\\/www.greenpeace.org\\\/static\\\/planet4-czech-republic-stateless\\\/2020\\\/09\\\/6b62403c-dsc0174_ibra_net-300x200.jpg 300w, https:\\\/\\\/www.greenpeace.org\\\/static\\\/planet4-czech-republic-stateless\\\/2020\\\/09\\\/6b62403c-dsc0174_ibra_net-1024x683.jpg 1024w, https:\\\/\\\/www.greenpeace.org\\\/static\\\/planet4-czech-republic-stateless\\\/2020\\\/09\\\/6b62403c-dsc0174_ibra_net-768x512.jpg 768w, https:\\\/\\\/www.greenpeace.org\\\/static\\\/planet4-czech-republic-stateless\\\/2020\\\/09\\\/6b62403c-dsc0174_ibra_net-510x340.jpg 510w&quot;,&quot;image_sizes&quot;:false,&quot;alt_text&quot;:&quot;&quot;,&quot;caption&quot;:&quot;&quot;,&quot;focus_image&quot;:&quot;&quot;,&quot;credits&quot;:&quot;&quot;},{&quot;image_src&quot;:&quot;https:\\\/\\\/www.greenpeace.org\\\/static\\\/planet4-czech-republic-stateless\\\/2020\\\/09\\\/964e1806-dsc0184_ibra_net.jpg&quot;,&quot;image_srcset&quot;:&quot;https:\\\/\\\/www.greenpeace.org\\\/static\\\/planet4-czech-republic-stateless\\\/2020\\\/09\\\/964e1806-dsc0184_ibra_net.jpg 1500w, https:\\\/\\\/www.greenpeace.org\\\/static\\\/planet4-czech-republic-stateless\\\/2020\\\/09\\\/964e1806-dsc0184_ibra_net-300x200.jpg 300w, https:\\\/\\\/www.greenpeace.org\\\/static\\\/planet4-czech-republic-stateless\\\/2020\\\/09\\\/964e1806-dsc0184_ibra_net-1024x683.jpg 1024w, https:\\\/\\\/www.greenpeace.org\\\/static\\\/planet4-czech-republic-stateless\\\/2020\\\/09\\\/964e1806-dsc0184_ibra_net-768x512.jpg 768w, https:\\\/\\\/www.greenpeace.org\\\/static\\\/planet4-czech-republic-stateless\\\/2020\\\/09\\\/964e1806-dsc0184_ibra_net-510x340.jpg 510w&quot;,&quot;image_sizes&quot;:false,&quot;alt_text&quot;:&quot;&quot;,&quot;caption&quot;:&quot;&quot;,&quot;focus_image&quot;:&quot;&quot;,&quot;credits&quot;:&quot;&quot;},{&quot;image_src&quot;:&quot;https:\\\/\\\/www.greenpeace.org\\\/static\\\/planet4-czech-republic-stateless\\\/2020\\\/09\\\/86997435-dsc0376_ibra_net_greenpeacecz-1.jpg&quot;,&quot;image_srcset&quot;:&quot;https:\\\/\\\/www.greenpeace.org\\\/static\\\/planet4-czech-republic-stateless\\\/2020\\\/09\\\/86997435-dsc0376_ibra_net_greenpeacecz-1.jpg 1500w, https:\\\/\\\/www.greenpeace.org\\\/static\\\/planet4-czech-republic-stateless\\\/2020\\\/09\\\/86997435-dsc0376_ibra_net_greenpeacecz-1-300x200.jpg 300w, https:\\\/\\\/www.greenpeace.org\\\/static\\\/planet4-czech-republic-stateless\\\/2020\\\/09\\\/86997435-dsc0376_ibra_net_greenpeacecz-1-1024x683.jpg 1024w, https:\\\/\\\/www.greenpeace.org\\\/static\\\/planet4-czech-republic-stateless\\\/2020\\\/09\\\/86997435-dsc0376_ibra_net_greenpeacecz-1-768x512.jpg 768w, https:\\\/\\\/www.greenpeace.org\\\/static\\\/planet4-czech-republic-stateless\\\/2020\\\/09\\\/86997435-dsc0376_ibra_net_greenpeacecz-1-510x340.jpg 510w&quot;,&quot;image_sizes&quot;:false,&quot;alt_text&quot;:&quot;&quot;,&quot;caption&quot;:&quot;&quot;,&quot;focus_image&quot;:&quot;&quot;,&quot;credits&quot;:&quot;&quot;},{&quot;image_src&quot;:&quot;https:\\\/\\\/www.greenpeace.org\\\/static\\\/planet4-czech-republic-stateless\\\/2020\\\/09\\\/e666f181-dsc0431_ibra_net.jpg&quot;,&quot;image_srcset&quot;:&quot;https:\\\/\\\/www.greenpeace.org\\\/static\\\/planet4-czech-republic-stateless\\\/2020\\\/09\\\/e666f181-dsc0431_ibra_net.jpg 1500w, https:\\\/\\\/www.greenpeace.org\\\/static\\\/planet4-czech-republic-stateless\\\/2020\\\/09\\\/e666f181-dsc0431_ibra_net-300x200.jpg 300w, https:\\\/\\\/www.greenpeace.org\\\/static\\\/planet4-czech-republic-stateless\\\/2020\\\/09\\\/e666f181-dsc0431_ibra_net-1024x683.jpg 1024w, https:\\\/\\\/www.greenpeace.org\\\/static\\\/planet4-czech-republic-stateless\\\/2020\\\/09\\\/e666f181-dsc0431_ibra_net-768x512.jpg 768w, https:\\\/\\\/www.greenpeace.org\\\/static\\\/planet4-czech-republic-stateless\\\/2020\\\/09\\\/e666f181-dsc0431_ibra_net-510x340.jpg 510w&quot;,&quot;image_sizes&quot;:false,&quot;alt_text&quot;:&quot;&quot;,&quot;caption&quot;:&quot;&quot;,&quot;focus_image&quot;:&quot;&quot;,&quot;credits&quot;:&quot;&quot;},{&quot;image_src&quot;:&quot;https:\\\/\\\/www.greenpeace.org\\\/static\\\/planet4-czech-republic-stateless\\\/2020\\\/09\\\/c29333da-dsc0471_ibra_net.jpg&quot;,&quot;image_srcset&quot;:&quot;https:\\\/\\\/www.greenpeace.org\\\/static\\\/planet4-czech-republic-stateless\\\/2020\\\/09\\\/c29333da-dsc0471_ibra_net.jpg 1500w, https:\\\/\\\/www.greenpeace.org\\\/static\\\/planet4-czech-republic-stateless\\\/2020\\\/09\\\/c29333da-dsc0471_ibra_net-300x200.jpg 300w, https:\\\/\\\/www.greenpeace.org\\\/static\\\/planet4-czech-republic-stateless\\\/2020\\\/09\\\/c29333da-dsc0471_ibra_net-1024x683.jpg 1024w, https:\\\/\\\/www.greenpeace.org\\\/static\\\/planet4-czech-republic-stateless\\\/2020\\\/09\\\/c29333da-dsc0471_ibra_net-768x512.jpg 768w, https:\\\/\\\/www.greenpeace.org\\\/static\\\/planet4-czech-republic-stateless\\\/2020\\\/09\\\/c29333da-dsc0471_ibra_net-510x340.jpg 510w&quot;,&quot;image_sizes&quot;:false,&quot;alt_text&quot;:&quot;&quot;,&quot;caption&quot;:&quot;&quot;,&quot;focus_image&quot;:&quot;&quot;,&quot;credits&quot;:&quot;&quot;},{&quot;image_src&quot;:&quot;https:\\\/\\\/www.greenpeace.org\\\/static\\\/planet4-czech-republic-stateless\\\/2020\\\/09\\\/4509e0f2-dsc0564_ibra_net.jpg&quot;,&quot;image_srcset&quot;:&quot;https:\\\/\\\/www.greenpeace.org\\\/static\\\/planet4-czech-republic-stateless\\\/2020\\\/09\\\/4509e0f2-dsc0564_ibra_net.jpg 1500w, https:\\\/\\\/www.greenpeace.org\\\/static\\\/planet4-czech-republic-stateless\\\/2020\\\/09\\\/4509e0f2-dsc0564_ibra_net-300x200.jpg 300w, https:\\\/\\\/www.greenpeace.org\\\/static\\\/planet4-czech-republic-stateless\\\/2020\\\/09\\\/4509e0f2-dsc0564_ibra_net-1024x683.jpg 1024w, https:\\\/\\\/www.greenpeace.org\\\/static\\\/planet4-czech-republic-stateless\\\/2020\\\/09\\\/4509e0f2-dsc0564_ibra_net-768x512.jpg 768w, https:\\\/\\\/www.greenpeace.org\\\/static\\\/planet4-czech-republic-stateless\\\/2020\\\/09\\\/4509e0f2-dsc0564_ibra_net-510x340.jpg 510w&quot;,&quot;image_sizes&quot;:false,&quot;alt_text&quot;:&quot;&quot;,&quot;caption&quot;:&quot;&quot;,&quot;focus_image&quot;:&quot;&quot;,&quot;credits&quot;:&quot;&quot;},{&quot;image_src&quot;:&quot;https:\\\/\\\/www.greenpeace.org\\\/static\\\/planet4-czech-republic-stateless\\\/2020\\\/09\\\/779fbcfe-dsc9730_ibra_net.jpg&quot;,&quot;image_srcset&quot;:&quot;https:\\\/\\\/www.greenpeace.org\\\/static\\\/planet4-czech-republic-stateless\\\/2020\\\/09\\\/779fbcfe-dsc9730_ibra_net.jpg 1500w, https:\\\/\\\/www.greenpeace.org\\\/static\\\/planet4-czech-republic-stateless\\\/2020\\\/09\\\/779fbcfe-dsc9730_ibra_net-300x200.jpg 300w, https:\\\/\\\/www.greenpeace.org\\\/static\\\/planet4-czech-republic-stateless\\\/2020\\\/09\\\/779fbcfe-dsc9730_ibra_net-1024x683.jpg 1024w, https:\\\/\\\/www.greenpeace.org\\\/static\\\/planet4-czech-republic-stateless\\\/2020\\\/09\\\/779fbcfe-dsc9730_ibra_net-768x512.jpg 768w, https:\\\/\\\/www.greenpeace.org\\\/static\\\/planet4-czech-republic-stateless\\\/2020\\\/09\\\/779fbcfe-dsc9730_ibra_net-510x340.jpg 510w&quot;,&quot;image_sizes&quot;:false,&quot;alt_text&quot;:&quot;&quot;,&quot;caption&quot;:&quot;&quot;,&quot;focus_image&quot;:&quot;&quot;,&quot;credits&quot;:&quot;&quot;},{&quot;image_src&quot;:&quot;https:\\\/\\\/www.greenpeace.org\\\/static\\\/planet4-czech-republic-stateless\\\/2020\\\/09\\\/504b31c0-dsd4413_ibra_net.jpg&quot;,&quot;image_srcset&quot;:&quot;https:\\\/\\\/www.greenpeace.org\\\/static\\\/planet4-czech-republic-stateless\\\/2020\\\/09\\\/504b31c0-dsd4413_ibra_net.jpg 1500w, https:\\\/\\\/www.greenpeace.org\\\/static\\\/planet4-czech-republic-stateless\\\/2020\\\/09\\\/504b31c0-dsd4413_ibra_net-300x200.jpg 300w, https:\\\/\\\/www.greenpeace.org\\\/static\\\/planet4-czech-republic-stateless\\\/2020\\\/09\\\/504b31c0-dsd4413_ibra_net-1024x683.jpg 1024w, https:\\\/\\\/www.greenpeace.org\\\/static\\\/planet4-czech-republic-stateless\\\/2020\\\/09\\\/504b31c0-dsd4413_ibra_net-768x512.jpg 768w, https:\\\/\\\/www.greenpeace.org\\\/static\\\/planet4-czech-republic-stateless\\\/2020\\\/09\\\/504b31c0-dsd4413_ibra_net-510x340.jpg 510w&quot;,&quot;image_sizes&quot;:false,&quot;alt_text&quot;:&quot;&quot;,&quot;caption&quot;:&quot;&quot;,&quot;focus_image&quot;:&quot;&quot;,&quot;credits&quot;:&quot;&quot;},{&quot;image_src&quot;:&quot;https:\\\/\\\/www.greenpeace.org\\\/static\\\/planet4-czech-republic-stateless\\\/2020\\\/09\\\/594ba315-dsd4499_ibra_net.jpg&quot;,&quot;image_srcset&quot;:&quot;https:\\\/\\\/www.greenpeace.org\\\/static\\\/planet4-czech-republic-stateless\\\/2020\\\/09\\\/594ba315-dsd4499_ibra_net.jpg 1500w, https:\\\/\\\/www.greenpeace.org\\\/static\\\/planet4-czech-republic-stateless\\\/2020\\\/09\\\/594ba315-dsd4499_ibra_net-300x200.jpg 300w, https:\\\/\\\/www.greenpeace.org\\\/static\\\/planet4-czech-republic-stateless\\\/2020\\\/09\\\/594ba315-dsd4499_ibra_net-1024x683.jpg 1024w, https:\\\/\\\/www.greenpeace.org\\\/static\\\/planet4-czech-republic-stateless\\\/2020\\\/09\\\/594ba315-dsd4499_ibra_net-768x512.jpg 768w, https:\\\/\\\/www.greenpeace.org\\\/static\\\/planet4-czech-republic-stateless\\\/2020\\\/09\\\/594ba315-dsd4499_ibra_net-510x340.jpg 510w&quot;,&quot;image_sizes&quot;:false,&quot;alt_text&quot;:&quot;&quot;,&quot;caption&quot;:&quot;&quot;,&quot;focus_image&quot;:&quot;&quot;,&quot;credits&quot;:&quot;&quot;}]}}\"><\/div>\n<p>Jsme r\u00e1di, \u017ee v \u010dervenci schv\u00e1lila \u010desk\u00e1 vl\u00e1da prvn\u00ed krok k \u017ealob\u011b, tedy pod\u00e1n\u00ed ofici\u00e1ln\u00ed podn\u011btu k Evropsk\u00e9 komisi. Po t\u0159\u00edm\u011bs\u00ed\u010dn\u00ed lh\u016ft\u011b na vyj\u00e1d\u0159en\u00ed Komise je v\u0161ak nutn\u00e9 podat samotnou \u017ealobu k Evropsk\u00e9mu soudn\u00edmu dvoru, co\u017e bylo pr\u00e1v\u011b jedn\u00edm z po\u017eadavk\u016f na\u0161eho protestu.<\/p>\n\n<figure class=\"wp-block-image size-large  caption-style-blue-overlay caption-alignment-center\"><img loading=\"lazy\" decoding=\"async\" width=\"1024\" height=\"683\" src=\"https:\/\/www.greenpeace.org\/static\/planet4-czech-republic-stateless\/2020\/09\/d3b6af93-dsc0749_ibra_net-1024x683.jpg\" alt=\"\" class=\"wp-image-11587\" srcset=\"https:\/\/www.greenpeace.org\/static\/planet4-czech-republic-stateless\/2020\/09\/d3b6af93-dsc0749_ibra_net-1024x683.jpg 1024w, https:\/\/www.greenpeace.org\/static\/planet4-czech-republic-stateless\/2020\/09\/d3b6af93-dsc0749_ibra_net-300x200.jpg 300w, https:\/\/www.greenpeace.org\/static\/planet4-czech-republic-stateless\/2020\/09\/d3b6af93-dsc0749_ibra_net-768x512.jpg 768w, https:\/\/www.greenpeace.org\/static\/planet4-czech-republic-stateless\/2020\/09\/d3b6af93-dsc0749_ibra_net-510x340.jpg 510w, https:\/\/www.greenpeace.org\/static\/planet4-czech-republic-stateless\/2020\/09\/d3b6af93-dsc0749_ibra_net.jpg 1500w\" sizes=\"auto, (max-width: 1024px) 100vw, 1024px\" \/><\/figure>\n\n<p><br>Vol\u00e1n\u00ed po spravedliv\u00e9m p\u0159echodu na \u010dist\u0161\u00ed zdroje v\u0161ak nen\u00ed v\u011bc\u00ed n\u00e1rodn\u00ed, ale evropskou, jak potvrdila ve sv\u00e9m projevu na protestu v ned\u011bli 30. srpna i polsk\u00e1 poslankyn\u011b Sejmu za Zelen\u00e9 Ma\u0142gorzata Tracz: <em>\u201cJsem si v\u011bdoma, \u017ee to, co \u0159\u00edk\u00e1m, nen\u00ed popul\u00e1rn\u00ed a nez\u00edsk\u00e1 mi hlasy. Ale je politicky odpov\u011bdn\u00e9 mluvit nahlas a nekompromisn\u011b i o nepopul\u00e1rn\u00edch, ale d\u016fle\u017eit\u00fdch v\u011bcech. To je odpov\u011bdnost za lidsk\u00fd \u017eivot, za \u017eivotn\u00ed prost\u0159ed\u00ed a za to, jakou zemi tu zanech\u00e1me budouc\u00edm generac\u00edm. A takto odpov\u011bdn\u00e9 chceme m\u00edt osoby s rozhodovac\u00ed pravomoc\u00ed ve Var\u0161av\u011b a Bruselu\u2026 Jsme pro obnovitelnou energii! Jsme pro zelen\u00e1 pracovn\u00ed m\u00edsta! Jsme pro Evropskou, zelenou dohodu.\u201d<\/em><\/p>\n\n<p><\/p>\n","protected":false},"excerpt":{"rendered":"<p>V ned\u011bli 30. srpna jsme se se\u0161li na hranici t\u0159\u00ed st\u00e1t\u016f, abychom spole\u010dn\u011b &#8211; Pol\u00e1ci, \u010ce\u0161i a N\u011bmci &#8211; vyj\u00e1d\u0159ili sv\u016fj jasn\u00fd nesouhlas s dal\u0161\u00edm roz\u0161i\u0159ov\u00e1n\u00edm polsk\u00e9ho hn\u011bdouheln\u00e9ho dolu Tur\u00f3w.&hellip;<\/p>\n","protected":false},"author":41,"featured_media":11585,"comment_status":"open","ping_status":"closed","sticky":false,"template":"","format":"standard","meta":{"ep_exclude_from_search":false,"p4_og_title":"Pro\u010d jsme protestovali na Trojmez\u00ed?","p4_og_description":"<p>V ned\u011bli 30. srpna jsme se se\u0161li na hranici t\u0159\u00ed st\u00e1t\u016f, abychom spole\u010dn\u011b - Pol\u00e1ci, \u010ce\u0161i a N\u011bmci - vyj\u00e1d\u0159ili sv\u016fj jasn\u00fd nesouhlas s dal\u0161\u00edm roz\u0161i\u0159ov\u00e1n\u00edm polsk\u00e9ho hn\u011bdouheln\u00e9ho dolu Tur\u00f3w. Akci na Trojmez\u00ed u Hr\u00e1dku nad Nisou organizovali m\u00edstn\u00ed lid\u00e9 z Hr\u00e1decka, organizace Greenpeace \u010cesk\u00e1 republika, Hlavou proti Tur\u00f3wu, lok\u00e1ln\u00ed skupina Greenpeace Oberlausitz a Rozw\u00f3j TAK \u2013 Odkrywky NIE, s podporou dal\u0161\u00edch organizac\u00ed.<\/p>","p4_og_image":"https:\/\/www.greenpeace.org\/static\/planet4-czech-republic-stateless\/2020\/09\/d3b6af93-dsc0749_ibra_net.jpg","p4_og_image_id":"11587","p4_seo_canonical_url":"","p4_campaign_name":"not set","p4_local_project":"not set","p4_basket_name":"not set","p4_department":"","footnotes":""},"categories":[2],"tags":[24,25,29],"p4-page-type":[16],"class_list":["post-11584","post","type-post","status-publish","format-standard","has-post-thumbnail","hentry","category-priroda","tag-aktivni-spolecnost","tag-konec-doby-fosilni","tag-nenasilne-protesty","p4-page-type-clanek"],"_links":{"self":[{"href":"https:\/\/www.greenpeace.org\/czech\/wp-json\/wp\/v2\/posts\/11584","targetHints":{"allow":["GET"]}}],"collection":[{"href":"https:\/\/www.greenpeace.org\/czech\/wp-json\/wp\/v2\/posts"}],"about":[{"href":"https:\/\/www.greenpeace.org\/czech\/wp-json\/wp\/v2\/types\/post"}],"author":[{"embeddable":true,"href":"https:\/\/www.greenpeace.org\/czech\/wp-json\/wp\/v2\/users\/41"}],"replies":[{"embeddable":true,"href":"https:\/\/www.greenpeace.org\/czech\/wp-json\/wp\/v2\/comments?post=11584"}],"version-history":[{"count":15,"href":"https:\/\/www.greenpeace.org\/czech\/wp-json\/wp\/v2\/posts\/11584\/revisions"}],"predecessor-version":[{"id":11628,"href":"https:\/\/www.greenpeace.org\/czech\/wp-json\/wp\/v2\/posts\/11584\/revisions\/11628"}],"wp:featuredmedia":[{"embeddable":true,"href":"https:\/\/www.greenpeace.org\/czech\/wp-json\/wp\/v2\/media\/11585"}],"wp:attachment":[{"href":"https:\/\/www.greenpeace.org\/czech\/wp-json\/wp\/v2\/media?parent=11584"}],"wp:term":[{"taxonomy":"category","embeddable":true,"href":"https:\/\/www.greenpeace.org\/czech\/wp-json\/wp\/v2\/categories?post=11584"},{"taxonomy":"post_tag","embeddable":true,"href":"https:\/\/www.greenpeace.org\/czech\/wp-json\/wp\/v2\/tags?post=11584"},{"taxonomy":"p4-page-type","embeddable":true,"href":"https:\/\/www.greenpeace.org\/czech\/wp-json\/wp\/v2\/p4-page-type?post=11584"}],"curies":[{"name":"wp","href":"https:\/\/api.w.org\/{rel}","templated":true}]}}