{"id":11643,"date":"2020-09-16T14:29:00","date_gmt":"2020-09-16T12:29:00","guid":{"rendered":"https:\/\/www.greenpeace.org\/czech\/?p=11643"},"modified":"2021-12-01T13:31:18","modified_gmt":"2021-12-01T12:31:18","slug":"evropska-komise-navrhuje-zvysit-klimaticky-cil-eu-pro-rok-2030-na-55-procent","status":"publish","type":"post","link":"https:\/\/www.greenpeace.org\/czech\/clanek\/11643\/evropska-komise-navrhuje-zvysit-klimaticky-cil-eu-pro-rok-2030-na-55-procent\/","title":{"rendered":"Evropsk\u00e1 komise navrhuje zv\u00fd\u0161it klimatick\u00fd c\u00edl EU pro rok 2030 na 55 procent. Cht\u011blo by to v\u00edc"},"content":{"rendered":"\n<p><strong>Evropsk\u00e1 komise prost\u0159ednictv\u00edm sv\u00e9 p\u0159edsedkyn\u011b Ursuly von der Leyen p\u0159edstavila n\u00e1vrh, aby Evropsk\u00e1 unie do roku 2030 sn\u00ed\u017eila emise sklen\u00edkov\u00fdch plyn\u016f o alespo\u0148 55 % oproti roku 1990. Vyj\u00e1d\u0159ila tak podporu m\u00e9n\u011b ambici\u00f3zn\u00edmu sni\u017eov\u00e1n\u00ed emis\u00ed sklen\u00edkov\u00fdch plyn\u016f ne\u017e v\u00fdbor Evropsk\u00e9ho parlamentu pro \u017eivotn\u00ed prost\u0159ed\u00ed, kter\u00fd minul\u00fd t\u00fdden podpo\u0159il sn\u00ed\u017een\u00ed emis\u00ed o 60 %. O kone\u010dn\u00e9m c\u00edli pro rok 2030, kter\u00fd m\u00e1 nahradit st\u00e1vaj\u00edc\u00ed nedostate\u010dnou 40% redukci emis\u00ed oproti roku 1990, pak bude v \u0159\u00edjnu rozhodovat Evropsk\u00e1 rada. <\/strong><\/p>\n\n<p>Mysl\u00edm, \u017ee Evropsk\u00e1 komise moc dob\u0159e v\u00ed, \u017ee c\u00edl 55 % procent nesta\u010d\u00ed, abychom se vyhnuli oteplen\u00ed nad 1,5\u00a0 C\u00b0 a vyhnuli s tak t\u011bm nejd\u011bsiv\u011bj\u0161\u00edm dopad\u016fm zm\u011bn klimatu. Existuje k tomu bezpo\u010det propo\u010dt\u016f a v\u011bdeck\u00fdch studi\u00ed. Emise bychom m\u011bli sn\u00ed\u017eit minim\u00e1ln\u011b o 65 %.\u00a0Nav\u00edc Komise po\u010d\u00edt\u00e1 s t\u00edm, \u017ee nedojde k tak velk\u00e9mu sn\u00ed\u017een\u00ed emis\u00ed v t\u011bch nej\u0161pinav\u011bj\u0161\u00edch odv\u011btv\u00edch jako je energetika a doprava, kde budou kompenzov\u00e1ny tzv. ofsety &#8211; tedy ukl\u00e1d\u00e1n\u00edm uhl\u00edku ve stromech \u010di p\u016fd\u011b.\u00a0 <\/p>\n\n<figure class=\"wp-block-image size-large  caption-style-blue-overlay caption-alignment-center\"><img loading=\"lazy\" decoding=\"async\" width=\"1024\" height=\"683\" src=\"https:\/\/www.greenpeace.org\/static\/planet4-czech-republic-stateless\/2020\/09\/ad2c9ab8-dsc1658_greenpeace_net-1024x683.jpg\" alt=\"\" class=\"wp-image-11665\" srcset=\"https:\/\/www.greenpeace.org\/static\/planet4-czech-republic-stateless\/2020\/09\/ad2c9ab8-dsc1658_greenpeace_net-1024x683.jpg 1024w, https:\/\/www.greenpeace.org\/static\/planet4-czech-republic-stateless\/2020\/09\/ad2c9ab8-dsc1658_greenpeace_net-300x200.jpg 300w, https:\/\/www.greenpeace.org\/static\/planet4-czech-republic-stateless\/2020\/09\/ad2c9ab8-dsc1658_greenpeace_net-768x512.jpg 768w, https:\/\/www.greenpeace.org\/static\/planet4-czech-republic-stateless\/2020\/09\/ad2c9ab8-dsc1658_greenpeace_net-510x340.jpg 510w, https:\/\/www.greenpeace.org\/static\/planet4-czech-republic-stateless\/2020\/09\/ad2c9ab8-dsc1658_greenpeace_net.jpg 1500w\" sizes=\"auto, (max-width: 1024px) 100vw, 1024px\" \/><figcaption>Pokud chceme sn\u00ed\u017eit emise, mus\u00edme co nejrychleji skoncovat s uhl\u00edm. (c) Greenpeace &#8211; Ibra Ibrahimovi\u010d<\/figcaption><\/figure>\n\n<p>Na druhou stranu je ov\u0161em t\u0159eba \u0159\u00edci, \u017ee Komise je pod tlakem st\u00e1t\u016f jako je \u010cesko, kter\u00e9 lp\u00ed na star\u00e9m c\u00edli 40 %, p\u0159esto\u017ee ve vlastn\u00edch strategick\u00fdch dokumentech jako Politika ochrany klimatu, schv\u00e1len\u00e1 je\u0161t\u011b p\u0159ed vyd\u00e1n\u00edm kl\u00ed\u010dov\u00e9 zpr\u00e1vy IPCC o 1,5 \u00b0, po\u010d\u00edtaj\u00ed do roku 2030 se sn\u00ed\u017een\u00edm emis\u00ed o 50 %. V lednu schv\u00e1len\u00fd Vnitrost\u00e1tn\u00ed pl\u00e1n \u010cesk\u00e9 republiky v oblasti energetiky a klimatu vypracovan\u00fd ministerstvem pr\u016fmyslu a obchodu pak po\u010d\u00edt\u00e1 se sn\u00ed\u017een\u00edm o 47,9 procent. <\/p>\n\n<p>Pro \u010cesko by nav\u00fd\u0161en\u00ed c\u00edl\u016f do roku 2030 nem\u011blo p\u0159itom p\u0159edstavovat z\u00e1sadn\u00ed probl\u00e9m. Po odstaven\u00ed velk\u00e9 \u010d\u00e1sti t\u011b\u017ek\u00e9ho pr\u016fmyslu po roce 1989 jsme za\u017eili skokov\u00fd propad emis\u00ed a 40% sn\u00ed\u017een\u00ed pro n\u00e1s nen\u00ed \u017e\u00e1dn\u00e1 v\u00fdzva. V\u00fdbor \u017eivotn\u00edho prost\u0159ed\u00ed Evropsk\u00e9ho parlamentu schv\u00e1lil c\u00edl 60 %. Je velk\u00e1 \u0161ance, \u017ee stejnou hodnotu schv\u00e1l\u00ed i pl\u00e9num europarlamentu, a na l\u00e1m\u00e1n\u00ed chleba tak dojde na jedn\u00e1n\u00ed Evropsk\u00e9 rady, kter\u00e9 se uskute\u010dn\u00ed mo\u017en\u00e1 ji\u017e 17. a 18. \u0159\u00edjna. K n\u011bmu se te\u010f up\u00ednaj\u00ed zraky a nad\u011bje mnoha Evropan\u016f. A nejen jich, proto\u017ee toto rozhodnut\u00ed ovlivn\u00ed nejen evropskou ale i glob\u00e1ln\u00ed klimatickou politiku na p\u0159\u00ed\u0161t\u00edch deset let, kter\u00e9 jsou rozhoduj\u00edc\u00ed z pohledu zpomalen\u00ed oteplov\u00e1n\u00ed a zachov\u00e1n\u00ed \u017eivota na na\u0161\u00ed planet\u011b alespo\u0148 v relativn\u011b p\u0159\u00edzniv\u00e9m stavu<strong>.\u00a0<\/strong><\/p>\n\n<p>To, jak\u00fdm zp\u016fsoben se EU postav\u00ed ke sv\u00fdm klimatick\u00fdm z\u00e1vazk\u016fm, bude m\u00edt kl\u00ed\u010dov\u00fd dopad i pro zbytek sv\u011bta. Klimatick\u00e9 c\u00edle jsou jedn\u00edm z hlavn\u00edch t\u00e9mat jedn\u00e1n\u00ed mezi\u00a0 EU-\u010c\u00ednou a p\u0159ed n\u00e1mi je tak\u00e9 odlo\u017een\u00fd klimatick\u00fd summit OSN, kde jednotliv\u00e9 st\u00e1ty budou p\u0159edkl\u00e1dat klimatick\u00e9 z\u00e1vazky do roku 2030. V\u010dasn\u00e9 nav\u00fd\u0161en\u00ed evropsk\u00fdch c\u00edl\u016f je bezpodm\u00edne\u010dn\u011b nutn\u00e9 pro to, aby tak u\u010dinila i \u010c\u00edna a zbytek sv\u011bta.<\/p>\n\n<p><strong>P\u0159ehled krok\u016f vedouc\u00edch k p\u0159ijet\u00ed nov\u00e9ho klimatick\u00e9ho c\u00edle EU pro rok 2030<\/strong><\/p>\n\n<p>\u25cf&nbsp;&nbsp;&nbsp;10. 9. V\u00fdbor Evropsk\u00e9ho parlamentu pro \u017eivotn\u00ed prost\u0159ed\u00ed v r\u00e1mci hlasov\u00e1n\u00ed o evropsk\u00e9m klimatick\u00e9m z\u00e1konu schv\u00e1lil c\u00edl 60 % sn\u00ed\u017een\u00ed emis\u00ed do roku 2030<\/p>\n\n<p>\u25cf&nbsp;&nbsp;&nbsp;&nbsp;&nbsp;16. 9. Evropsk\u00e1 komise ozn\u00e1mila sv\u016fj n\u00e1vrh na c\u00edl 55 % sn\u00ed\u017een\u00ed emis\u00ed do roku 2030 + zve\u0159ejn\u011bn\u00ed anal\u00fdzy dopad\u016f pln\u011bn\u00ed nav\u00fd\u0161en\u00e9ho c\u00edle<\/p>\n\n<p>\u25cf&nbsp;&nbsp;&nbsp;&nbsp;&nbsp;&nbsp;5. 10. hlasov\u00e1n\u00ed o klimatick\u00e9m c\u00edli navr\u017een\u00e9m v\u00fdborem pro \u017dP Evropsk\u00e9ho parlamentu v r\u00e1mci plen\u00e1rn\u00edho zased\u00e1n\u00ed EP<\/p>\n\n<p>\u25cf&nbsp;&nbsp;&nbsp;&nbsp;&nbsp;&nbsp;15.-16.10. &#8211; jedn\u00e1n\u00ed Evropsk\u00e9 rady na \u00farovni premi\u00e9r\u016f \u010dlensk\u00fdch st\u00e1t\u016f &#8211; diskuse o klimatick\u00e9m c\u00edli pro rok 2030<\/p>\n\n<p>\u25cf&nbsp;&nbsp;&nbsp;&nbsp;&nbsp;&nbsp;\u0158\u00edjen a\u017e prosinec 2020 &#8211; dal\u0161\u00ed vyjedn\u00e1v\u00e1n\u00ed mezi Radou, Evropskou komis\u00ed a Evropsk\u00fdm parlamentem<\/p>\n\n<p>\u25cf&nbsp;&nbsp;&nbsp;&nbsp;&nbsp;&nbsp;Prosinec 2020 &#8211; o\u010dek\u00e1van\u00e9 schv\u00e1len\u00ed nov\u00e9ho c\u00edle<\/p>\n<div class=\"EmptyMessage\">Block content is empty. Check the block&#8217;s settings or remove it.<\/div>","protected":false},"excerpt":{"rendered":"<p>Evropsk\u00e1 komise prost\u0159ednictv\u00edm projevu sv\u00e9 p\u0159edsedkyn\u011b Ursuly von der Leyen p\u0159edstavila n\u00e1vrh, aby Evropsk\u00e1 unie do roku 2030 sn\u00ed\u017eila emise sklen\u00edkov\u00fdch plyn\u016f o alespo\u0148 55 % oproti roku 1990. Vyj\u00e1d\u0159ila&hellip;<\/p>\n","protected":false},"author":24,"featured_media":11665,"comment_status":"open","ping_status":"closed","sticky":false,"template":"","format":"standard","meta":{"ep_exclude_from_search":false,"p4_og_title":"","p4_og_description":"","p4_og_image":"","p4_og_image_id":"","p4_seo_canonical_url":"","p4_campaign_name":"not set","p4_local_project":"not set","p4_basket_name":"not set","p4_department":"","footnotes":""},"categories":[4],"tags":[20,25],"p4-page-type":[16],"class_list":["post-11643","post","type-post","status-publish","format-standard","has-post-thumbnail","hentry","category-energeticka-revoluce","tag-zmena-klimatu","tag-konec-doby-fosilni","p4-page-type-clanek"],"_links":{"self":[{"href":"https:\/\/www.greenpeace.org\/czech\/wp-json\/wp\/v2\/posts\/11643","targetHints":{"allow":["GET"]}}],"collection":[{"href":"https:\/\/www.greenpeace.org\/czech\/wp-json\/wp\/v2\/posts"}],"about":[{"href":"https:\/\/www.greenpeace.org\/czech\/wp-json\/wp\/v2\/types\/post"}],"author":[{"embeddable":true,"href":"https:\/\/www.greenpeace.org\/czech\/wp-json\/wp\/v2\/users\/24"}],"replies":[{"embeddable":true,"href":"https:\/\/www.greenpeace.org\/czech\/wp-json\/wp\/v2\/comments?post=11643"}],"version-history":[{"count":7,"href":"https:\/\/www.greenpeace.org\/czech\/wp-json\/wp\/v2\/posts\/11643\/revisions"}],"predecessor-version":[{"id":15497,"href":"https:\/\/www.greenpeace.org\/czech\/wp-json\/wp\/v2\/posts\/11643\/revisions\/15497"}],"wp:featuredmedia":[{"embeddable":true,"href":"https:\/\/www.greenpeace.org\/czech\/wp-json\/wp\/v2\/media\/11665"}],"wp:attachment":[{"href":"https:\/\/www.greenpeace.org\/czech\/wp-json\/wp\/v2\/media?parent=11643"}],"wp:term":[{"taxonomy":"category","embeddable":true,"href":"https:\/\/www.greenpeace.org\/czech\/wp-json\/wp\/v2\/categories?post=11643"},{"taxonomy":"post_tag","embeddable":true,"href":"https:\/\/www.greenpeace.org\/czech\/wp-json\/wp\/v2\/tags?post=11643"},{"taxonomy":"p4-page-type","embeddable":true,"href":"https:\/\/www.greenpeace.org\/czech\/wp-json\/wp\/v2\/p4-page-type?post=11643"}],"curies":[{"name":"wp","href":"https:\/\/api.w.org\/{rel}","templated":true}]}}