{"id":11693,"date":"2020-09-30T11:13:15","date_gmt":"2020-09-30T09:13:15","guid":{"rendered":"https:\/\/www.greenpeace.org\/czech\/?p=11693"},"modified":"2020-09-30T21:32:19","modified_gmt":"2020-09-30T19:32:19","slug":"greenpeace-a-mistni-obcane-vitaji-vladni-stiznost-proti-dolu-turow-stale-pozaduji-podani-zaloby-proti-polsku","status":"publish","type":"post","link":"https:\/\/www.greenpeace.org\/czech\/tiskova-zprava\/11693\/greenpeace-a-mistni-obcane-vitaji-vladni-stiznost-proti-dolu-turow-stale-pozaduji-podani-zaloby-proti-polsku\/","title":{"rendered":"Greenpeace a m\u00edstn\u00ed ob\u010dan\u00e9 v\u00edtaj\u00ed vl\u00e1dn\u00ed st\u00ed\u017enost proti dolu Tur\u00f3w. St\u00e1le po\u017eaduj\u00ed pod\u00e1n\u00ed \u017ealoby proti Polsku"},"content":{"rendered":"\n<p><strong>Ministerstvo \u017eivotn\u00edho prost\u0159ed\u00ed dnes informovalo, \u017ee podalo proti Polsku k Evropsk\u00e9 komisi ofici\u00e1ln\u00ed podn\u011bt, na kter\u00e9m spolupracovalo s ministerstvem zahrani\u010d\u00ed. Podn\u011bt se zab\u00fdv\u00e1 roz\u0161i\u0159ov\u00e1n\u00edm polsk\u00e9ho dolu Tur\u00f3w, kter\u00fd stahuje spodn\u00ed vodu z \u010desk\u00e9ho \u00fazem\u00ed. Polsko poru\u0161ilo p\u0159i povolov\u00e1n\u00ed dal\u0161\u00ed t\u011b\u017eby n\u011bkolik evropsk\u00fdch sm\u011brnic, a po\u0161lap\u00e1v\u00e1 tak pr\u00e1va \u010desk\u00fdch ob\u010dan\u016f. Ofici\u00e1ln\u00ed podn\u011bt je prvn\u00edm krokem k pod\u00e1n\u00ed \u017ealoby u Soudn\u00edho dvora Evropsk\u00e9 unie. \u017dalobu bude mo\u017en\u00e9 podat po uplynut\u00ed zhruba \u010dty\u0159 m\u011bs\u00edc\u016f od pod\u00e1n\u00ed podn\u011btu. Greenpeace \u010cesk\u00e1 republika douf\u00e1, \u017ee vl\u00e1da \u017ealobu pod\u00e1, nebo\u0165 je nutn\u00e9 po\u017eadovat spravedlnost pro m\u00edstn\u00ed lidi ohro\u017een\u00e9 t\u011b\u017ebou.&nbsp;<\/strong><\/p>\n\n<p>D\u016fl Tur\u00f3w naru\u0161uje spodn\u00ed vody na \u010desk\u00e9m \u00fazem\u00ed a t\u00edm ohro\u017euje z\u00e1sobov\u00e1n\u00ed pitnou vodou desetitis\u00edce lid\u00ed v Libereck\u00e9m kraji, zp\u016fsobuje ale tak\u00e9 hluk a zne\u010di\u0161t\u011bn\u00ed ovzdu\u0161\u00ed. Spalov\u00e1n\u00ed polsk\u00e9ho uhl\u00ed tak\u00e9 v\u00fdznamn\u011b p\u0159isp\u00edv\u00e1 ke klimatick\u00e9 krizi. T\u011b\u017eba na dole Tur\u00f3w prob\u00edh\u00e1 od 1. kv\u011btna neleg\u00e1ln\u011b. Povolen\u00ed na dal\u0161\u00edch 6 let fungov\u00e1n\u00ed toti\u017e z\u00edskal bez posouzen\u00ed vlivu z\u00e1m\u011bru na \u017eivotn\u00ed prost\u0159ed\u00ed (tzv. proces EIA) a bez mo\u017enosti zapojen\u00ed se ve\u0159ejnosti. Povolen\u00ed nebylo nikdy ani zve\u0159ejn\u011bno.<\/p>\n\n<figure class=\"wp-block-image size-large  caption-style-blue-overlay caption-alignment-center\"><img loading=\"lazy\" decoding=\"async\" width=\"1024\" height=\"683\" src=\"https:\/\/www.greenpeace.org\/static\/planet4-czech-republic-stateless\/2020\/03\/6f8332ef-2019_05_26_gp_turow_zewlakk-3047-1024x683.jpg\" alt=\"\" class=\"wp-image-6024\" srcset=\"https:\/\/www.greenpeace.org\/static\/planet4-czech-republic-stateless\/2020\/03\/6f8332ef-2019_05_26_gp_turow_zewlakk-3047-1024x683.jpg 1024w, https:\/\/www.greenpeace.org\/static\/planet4-czech-republic-stateless\/2020\/03\/6f8332ef-2019_05_26_gp_turow_zewlakk-3047-300x200.jpg 300w, https:\/\/www.greenpeace.org\/static\/planet4-czech-republic-stateless\/2020\/03\/6f8332ef-2019_05_26_gp_turow_zewlakk-3047-768x512.jpg 768w, https:\/\/www.greenpeace.org\/static\/planet4-czech-republic-stateless\/2020\/03\/6f8332ef-2019_05_26_gp_turow_zewlakk-3047-1536x1025.jpg 1536w, https:\/\/www.greenpeace.org\/static\/planet4-czech-republic-stateless\/2020\/03\/6f8332ef-2019_05_26_gp_turow_zewlakk-3047-510x340.jpg 510w, https:\/\/www.greenpeace.org\/static\/planet4-czech-republic-stateless\/2020\/03\/6f8332ef-2019_05_26_gp_turow_zewlakk-3047.jpg 1920w\" sizes=\"auto, (max-width: 1024px) 100vw, 1024px\" \/><figcaption>Milan Starec u dolu Tur\u00f3w. (c) Greenpeace &#8211; Petr Zewlakk Vrabec<\/figcaption><\/figure>\n\n<p>P\u0159eshrani\u010dn\u00ed proces EIA prob\u00edhal pouze na z\u00e1m\u011br vlastn\u00edka dolu, firmy PGE vlastn\u011bn\u00e9 z v\u011bt\u0161iny st\u00e1tem, t\u011b\u017eit a\u017e do roku 2044. V tomto procesu \u010desk\u00e1 vl\u00e1da nakonec vydala negativn\u00ed stanovisko, ale polsk\u00e9 \u00fa\u0159ady nijak nereagovaly a p\u0159estaly s \u010deskou stranou komunikovat. Firma PGE p\u0159itom st\u00e1le pl\u00e1nuje t\u011b\u017eit a\u017e do roku 2044.&nbsp;<\/p>\n\n<p><strong>Milan Starec, obyvatel Uheln\u00e9, \u0159\u00edk\u00e1:<\/strong><strong><br><\/strong><em>\u201cA\u010dkoli jsme do posledn\u00ed chv\u00edle doufali v dialog s polskou stranou, nyn\u00ed pln\u011b podporujeme pod\u00e1n\u00ed mezin\u00e1rodn\u00ed \u017ealoby. St\u00e1tn\u00ed spole\u010dnost PGE ani nikdo jin\u00fd z polsk\u00e9 strany neodpov\u00edd\u00e1 na na\u0161e vol\u00e1n\u00ed po preventivn\u00edch opat\u0159en\u00edch. Krom\u011b podzemn\u00ed clony s nejist\u00fdm efektem se prozat\u00edm nechyst\u00e1 ani vybudov\u00e1n\u00ed zalesn\u011bn\u00e9ho valu, kter\u00e9 bylo jednou z podm\u00ednek M\u017dP v p\u0159\u00edpad\u011b realizace z\u00e1m\u011bru. PGE nen\u00ed ochotna u\u010dinit ani takto drobn\u00fd a v jin\u00fdch p\u0159\u00edpadech zcela samoz\u0159ejm\u00fd krok. Mezit\u00edm ov\u0161em prob\u00edh\u00e1 mohutn\u00e9 odles\u0148ov\u00e1n\u00ed polsk\u00e9ho \u00fazem\u00ed mezi na\u0161\u00ed obc\u00ed a dolem, k zemi u\u017e \u0161la cel\u00e1 vesnice Bialopole a n\u00e1m se v n\u00e1sleduj\u00edc\u00edch n\u011bkolika letech otev\u0159e pohled do d\u016fln\u00ed j\u00e1my. Ve V\u00e1clavic\u00edch p\u0159ib\u00fdv\u00e1 lid\u00ed, kte\u0159\u00ed se ocitaj\u00ed zcela bez pitn\u00e9 vody a oz\u00fdvaj\u00ed se i lid\u00e9 z dal\u0161\u00edch obc\u00ed. Situace je velice akutn\u00ed, \u010dekaj\u00ed n\u00e1s kritick\u00e9 roky. Postup na\u0161\u00ed vl\u00e1dy vede sice spr\u00e1vn\u00fdm sm\u011brem, bohu\u017eel je ale podstatn\u011b pomalej\u0161\u00ed, ne\u017e postup na druh\u00e9 stran\u011b hranice.\u201c<\/em><\/p>\n\n<p><strong>Nikol Krej\u010dov\u00e1 z Greenpeace \u0159\u00edk\u00e1:<\/strong><br><em>\u201cJsme r\u00e1di, \u017ee se vl\u00e1da postavila za ob\u010dany, kte\u0159\u00ed ji\u017e nyn\u00ed trp\u00ed nedostatkem vody zp\u016fsoben\u00fdm t\u011b\u017ebou na dole Tur\u00f3w, i za lidi, kte\u0159\u00ed jsou ztr\u00e1tou vody ohro\u017eeni. Organizace Greenpeace k tomuto kroku vyz\u00fdvala ministra Brabce ji\u017e v b\u0159eznu tohoto roku. Vzhledem k jedn\u00e1n\u00ed polsk\u00e9 strany, kter\u00e1 ignoruje negativn\u00ed vlivy dolu Tur\u00f3w na \u010desk\u00e9 \u00fazem\u00ed i platnou evropskou legislativu, je podle n\u00e1s zcela nutn\u00e9 za\u017ealovat Polsko hned, jak to bude mo\u017en\u00e9, tedy nejsp\u00ed\u0161e na za\u010d\u00e1tku p\u0159\u00ed\u0161t\u00edho roku.\u201d<\/em><\/p>\n","protected":false},"excerpt":{"rendered":"<p>Ministerstvo \u017eivotn\u00edho prost\u0159ed\u00ed dnes informovalo, \u017ee podalo proti Polsku k Evropsk\u00e9 komisi ofici\u00e1ln\u00ed podn\u011bt, na kter\u00e9m spolupracovalo s ministerstvem zahrani\u010d\u00ed. Podn\u011bt se zab\u00fdv\u00e1 roz\u0161i\u0159ov\u00e1n\u00edm polsk\u00e9ho dolu Tur\u00f3w, kter\u00fd stahuje spodn\u00ed&hellip;<\/p>\n","protected":false},"author":27,"featured_media":6024,"comment_status":"open","ping_status":"closed","sticky":false,"template":"","format":"standard","meta":{"ep_exclude_from_search":false,"p4_og_title":"","p4_og_description":"","p4_og_image":"","p4_og_image_id":"","p4_seo_canonical_url":"","p4_campaign_name":"not set","p4_local_project":"not set","p4_basket_name":"not set","p4_department":"","footnotes":""},"categories":[4],"tags":[25,28],"p4-page-type":[14],"class_list":["post-11693","post","type-post","status-publish","format-standard","has-post-thumbnail","hentry","category-energeticka-revoluce","tag-konec-doby-fosilni","tag-uspechy","p4-page-type-tiskova-zprava"],"_links":{"self":[{"href":"https:\/\/www.greenpeace.org\/czech\/wp-json\/wp\/v2\/posts\/11693","targetHints":{"allow":["GET"]}}],"collection":[{"href":"https:\/\/www.greenpeace.org\/czech\/wp-json\/wp\/v2\/posts"}],"about":[{"href":"https:\/\/www.greenpeace.org\/czech\/wp-json\/wp\/v2\/types\/post"}],"author":[{"embeddable":true,"href":"https:\/\/www.greenpeace.org\/czech\/wp-json\/wp\/v2\/users\/27"}],"replies":[{"embeddable":true,"href":"https:\/\/www.greenpeace.org\/czech\/wp-json\/wp\/v2\/comments?post=11693"}],"version-history":[{"count":5,"href":"https:\/\/www.greenpeace.org\/czech\/wp-json\/wp\/v2\/posts\/11693\/revisions"}],"predecessor-version":[{"id":11698,"href":"https:\/\/www.greenpeace.org\/czech\/wp-json\/wp\/v2\/posts\/11693\/revisions\/11698"}],"wp:featuredmedia":[{"embeddable":true,"href":"https:\/\/www.greenpeace.org\/czech\/wp-json\/wp\/v2\/media\/6024"}],"wp:attachment":[{"href":"https:\/\/www.greenpeace.org\/czech\/wp-json\/wp\/v2\/media?parent=11693"}],"wp:term":[{"taxonomy":"category","embeddable":true,"href":"https:\/\/www.greenpeace.org\/czech\/wp-json\/wp\/v2\/categories?post=11693"},{"taxonomy":"post_tag","embeddable":true,"href":"https:\/\/www.greenpeace.org\/czech\/wp-json\/wp\/v2\/tags?post=11693"},{"taxonomy":"p4-page-type","embeddable":true,"href":"https:\/\/www.greenpeace.org\/czech\/wp-json\/wp\/v2\/p4-page-type?post=11693"}],"curies":[{"name":"wp","href":"https:\/\/api.w.org\/{rel}","templated":true}]}}