{"id":11762,"date":"2020-10-05T13:12:07","date_gmt":"2020-10-05T11:12:07","guid":{"rendered":"https:\/\/www.greenpeace.org\/czech\/?p=11762"},"modified":"2021-12-01T13:31:16","modified_gmt":"2021-12-01T12:31:16","slug":"vyzva-pro-premiery-zemi-stredni-a-vychodni-evropy-podporte-spravedlivou-a-udrzitelnou-obnovu-ekonomiky","status":"publish","type":"post","link":"https:\/\/www.greenpeace.org\/czech\/tiskova-zprava\/11762\/vyzva-pro-premiery-zemi-stredni-a-vychodni-evropy-podporte-spravedlivou-a-udrzitelnou-obnovu-ekonomiky\/","title":{"rendered":"V\u00fdzva pro premi\u00e9ry zem\u00ed st\u0159edn\u00ed a v\u00fdchodn\u00ed Evropy: podpo\u0159te spravedlivou a udr\u017eitelnou obnovu ekonomiky"},"content":{"rendered":"\n<p><strong>P\u0159es 180 neziskov\u00fdch organizac\u00ed, spole\u010dnost\u00ed, ml\u00e1de\u017enick\u00fdch organizac\u00ed a m\u00edstn\u00edch i region\u00e1ln\u00edch iniciativ st\u0159edn\u00ed a v\u00fdchodn\u00ed Evropy <a href=\"https:\/\/klimatickakoalice.cz\/pro-media\/aktuality\/vyzva-premierum-zemi-stredni-a-vychodni-evropy-ceska-slovenska-madarska-polska-rumunska-a-bulharska-pred-zasedanim-evropske-rady-15-16-rijna\">vyz\u00fdv\u00e1 vl\u00e1dy sv\u00fdch zem\u00ed, aby aktivn\u011b podpo\u0159ily Evropskou zelenou dohodu<\/a>, a to je\u0161t\u011b p\u0159ed jedn\u00e1n\u00edm Evropsk\u00e9 rady, kde p\u0159\u00ed\u0161t\u00ed t\u00fdden budou vl\u00e1dy \u010dlensk\u00fdch st\u00e1t\u016f Evropsk\u00e9 unie diskutovat o nov\u00fdch klimatick\u00fdch c\u00edlech EU pro rok 2030.<\/strong><\/p>\n\n<p>Premi\u00e9\u0159i \u010ceska, Slovenska, Ma\u010farska, Polska, Rumunsku a Bulharska dnes obdr\u017eeli v\u00fdzvu podepsanou \u0161irokou region\u00e1ln\u00ed koalic\u00ed p\u0159edstavitel\u016f a p\u0159edstavitelek ob\u010dansk\u00e9 spole\u010dnosti, kte\u0159\u00ed \u017e\u00e1daj\u00ed o vyu\u017eit\u00ed strategi\u00ed a financ\u00ed na obnovu ekonomiky, je\u017e zv\u00fd\u0161\u00ed klimatick\u00e9 c\u00edle EU pro rok 2030, zajist\u00ed soci\u00e1ln\u00ed spravedlnost a zlep\u0161\u00ed stav \u017eivotn\u00edho prost\u0159ed\u00ed, hospod\u00e1\u0159stv\u00ed i zdrav\u00ed obyvatelstva. Vl\u00e1dy zem\u00ed st\u0159edn\u00ed a v\u00fdchodn\u00ed Evropy by m\u011bly p\u0159ijmout vize, reformy a inteligentn\u00ed politick\u00e9 strategie, kter\u00e9 mohou \u00fa\u010dinn\u011b \u0159e\u0161it hospod\u00e1\u0159skou, zdravotnickou i klimatickou krizi sou\u010dasn\u011b.<\/p>\n\n<figure class=\"wp-block-image size-large  caption-style-blue-overlay caption-alignment-center\"><img loading=\"lazy\" decoding=\"async\" width=\"1024\" height=\"684\" src=\"https:\/\/www.greenpeace.org\/static\/planet4-czech-republic-stateless\/2019\/12\/51bf2d17-2019_12_06_fff_babis_tisk_zewlakk-2204-1024x684.jpg\" alt=\"\" class=\"wp-image-5245\" srcset=\"https:\/\/www.greenpeace.org\/static\/planet4-czech-republic-stateless\/2019\/12\/51bf2d17-2019_12_06_fff_babis_tisk_zewlakk-2204-1024x684.jpg 1024w, https:\/\/www.greenpeace.org\/static\/planet4-czech-republic-stateless\/2019\/12\/51bf2d17-2019_12_06_fff_babis_tisk_zewlakk-2204-300x200.jpg 300w, https:\/\/www.greenpeace.org\/static\/planet4-czech-republic-stateless\/2019\/12\/51bf2d17-2019_12_06_fff_babis_tisk_zewlakk-2204-768x513.jpg 768w, https:\/\/www.greenpeace.org\/static\/planet4-czech-republic-stateless\/2019\/12\/51bf2d17-2019_12_06_fff_babis_tisk_zewlakk-2204-1536x1025.jpg 1536w, https:\/\/www.greenpeace.org\/static\/planet4-czech-republic-stateless\/2019\/12\/51bf2d17-2019_12_06_fff_babis_tisk_zewlakk-2204-2048x1367.jpg 2048w, https:\/\/www.greenpeace.org\/static\/planet4-czech-republic-stateless\/2019\/12\/51bf2d17-2019_12_06_fff_babis_tisk_zewlakk-2204-2046x1366.jpg 2046w, https:\/\/www.greenpeace.org\/static\/planet4-czech-republic-stateless\/2019\/12\/51bf2d17-2019_12_06_fff_babis_tisk_zewlakk-2204-510x340.jpg 510w\" sizes=\"auto, (max-width: 1024px) 100vw, 1024px\" \/><figcaption>Premi\u00e9r Andrej Babi\u0161 (c) ilustra\u010dn\u00ed foto Greenpeace &#8211; Petr Zewlakk Vrabec<\/figcaption><\/figure>\n\n<p>Evropsk\u00e1 unie dosud je\u0161t\u011b nikdy nep\u0159ipravila vyu\u017eit\u00ed tolika ve\u0159ejn\u00fdch prost\u0159edk\u016f, kter\u00e9 by n\u00e1s mohly rychleji p\u0159ibl\u00ed\u017eit klimatick\u00e9 neutralit\u011b. Tuto situaci je pot\u0159eba vn\u00edmat jako p\u0159\u00edle\u017eitost, d\u00edky n\u00ed\u017e by regiony s&nbsp;velk\u00fdmi uhl\u00edkov\u00fdmi emisemi mohly snadn\u011bji pokro\u010dit vst\u0159\u00edc \u010dist\u00e9 energetice a hospod\u00e1\u0159stv\u00ed. V&nbsp;sou\u010dasnosti neexistuje strategi\u010dt\u011bj\u0161\u00ed investice ne\u017e vy\u0161\u0161\u00ed podpora aktivit v&nbsp;klimatick\u00e9 oblasti.<\/p>\n\n<p>Osamu Okamura, D\u011bkan Fakulty um\u011bn\u00ed a architektury Technick\u00e9 univerzity v&nbsp;Liberci, kter\u00fd za svou instituci v\u00fdzvu podpo\u0159il, tato slova potvrzuje:&nbsp;<em>\u201eObnova ekonomiky oslaben\u00e9 n\u00e1sledky pandemie, a s n\u00ed souvisej\u00edc\u00ed investice z fond\u016f EU, jsou jedine\u010dnou, neopakovatelnou a mo\u017en\u00e1 posledn\u00ed v\u00fdraznou \u0161anc\u00ed pro spole\u010dn\u00e9 nastartov\u00e1n\u00ed jasn\u00e9 cesty k udr\u017eiteln\u011bj\u0161\u00edm \u0159e\u0161en\u00edm, \u0161etrn\u00fdm k \u017eivotn\u00edmu prost\u0159ed\u00ed a podporuj\u00edc\u00edm ochranu klimatu. \u010cesko by takovou p\u0159\u00edle\u017eitost nem\u011blo prop\u00e1snout.&#8220;<\/em><\/p>\n\n<p>V\u00fdzva d\u00e1le upozor\u0148uje na to, \u017ee n\u00e1sledky klimatick\u00e9 zm\u011bny na n\u00e1\u0161 region dopadaj\u00ed u\u017e dnes. O\u010dek\u00e1v\u00e1 se, \u017ee tyto probl\u00e9my mohou zp\u016fsobit pokles prosperity a zhor\u0161en\u00ed \u017eivotn\u00edch podm\u00ednek, p\u0159i\u010dem\u017e \u0161kody by dosahovaly a\u017e 175 miliard EUR ro\u010dn\u011b. Extr\u00e9mn\u00ed po\u010das\u00ed vyvol\u00e1v\u00e1 zna\u010dn\u00fd pokles \u00farody, zhor\u0161uje probl\u00e9my s&nbsp;vodou a stoj\u00ed za vlnami veder ve st\u0159edn\u00ed a v\u00fdchodn\u00ed Evrop\u011b.<\/p>\n\n<p>Ob\u010dansk\u00e1 spole\u010dnost a dal\u0161\u00ed akt\u00e9\u0159i proto po\u017eaduj\u00ed, aby n\u00e1rodn\u00ed pl\u00e1ny na podporu obnovy a odolnosti i pl\u00e1ny na vyu\u017eit\u00ed fond\u016f EU zajistily dostate\u010dn\u011b ambici\u00f3zn\u00ed klimatick\u00e1 opat\u0159en\u00ed v&nbsp;souladu s&nbsp;c\u00edlem Pa\u0159\u00ed\u017esk\u00e9 \u00famluvy na udr\u017een\u00ed oteplen\u00ed pod 1,5 \u00b0C. N\u00e1\u0161 ekonomick\u00fd model by m\u011bl b\u00fdt slu\u010diteln\u00fd s&nbsp;ochranou klimatu a soci\u00e1ln\u00ed spravedlnost\u00ed.<\/p>\n\n<p>\u201eB\u011bhem uplynul\u00e9ho p\u016fl roku pandemie se ozvaly statis\u00edce ob\u010danek a ob\u010dan\u016f, odborn\u00edk\u016f a odbornic, osobnost\u00ed akademick\u00e9 sf\u00e9ry, um\u011bn\u00ed i ob\u010dansk\u00e9 spole\u010dnosti a po\u017eaduj\u00ed ekonomickou a spole\u010denskou obnovu v&nbsp;souladu s&nbsp;na\u0161imi spole\u010dn\u00fdmi lidsk\u00fdmi a evropsk\u00fdmi hodnotami \u2013 a k&nbsp;nim pat\u0159\u00ed i \u0159e\u0161en\u00ed klimatick\u00e9 krize na n\u00e1rodn\u00ed i evropsk\u00e9 \u00farovni. Nem\u016f\u017eeme si dovolit provizorn\u00ed \u0159e\u0161en\u00ed ani takov\u00e1 opat\u0159en\u00ed v&nbsp;nyn\u011bj\u0161\u00ed ekonomick\u00e9 krizi, kter\u00e1 by prohloubila u\u017e existuj\u00edc\u00ed probl\u00e9my,\u201c p\u00ed\u0161e se d\u00e1le ve v\u00fdzv\u011b.<\/p>\n\n<p>Dal\u0161\u00ed ze signat\u00e1\u0159ek, \u0159editelka a kur\u00e1torka Spole\u010dnosti Jind\u0159icha Chalupeck\u00e9ho Karina Kottov\u00e1, k&nbsp;tomu dod\u00e1v\u00e1:&nbsp;<em>\u201eJi\u017e v&nbsp;roce 1992, t\u00e9m\u011b\u0159 o 30 let d\u0159\u00edve ne\u017e Greta Thunberg, vyz\u00fdvala Severn Cullis-Suzuki na Summitu Zem\u011b k&nbsp;radik\u00e1ln\u00edmu ukon\u010den\u00ed devastace \u017eivotn\u00edho prost\u0159ed\u00ed. Kolik \u0161anci si mysl\u00edme, \u017ee je\u0161t\u011b m\u00e1me? Tento rok byl extr\u00e9mn\u011b n\u00e1ro\u010dn\u00fd, ale z\u00e1rove\u0148 jsme vid\u011bli, jak rychle dok\u00e1\u017eeme spole\u010dn\u011b jednat v&nbsp;p\u0159\u00edpad\u011b urgentn\u00ed pot\u0159eby. Neum\u00edm si p\u0159edstavit v\u011bt\u0161\u00ed motivaci k radik\u00e1ln\u00ed transformaci na\u0161\u00ed spole\u010dnosti ne\u017e jakou je nad\u011bj v&nbsp;zachov\u00e1n\u00ed \u017eivotn\u00edho prost\u0159ed\u00ed, ve kter\u00e9m budou moci \u017e\u00edt i budouc\u00ed generace. Obnova ekonomiky mus\u00ed j\u00edt ruku v&nbsp;ruce s&nbsp;uzdravov\u00e1n\u00edm Zem\u011b.\u201c<\/em><\/p>\n<div class=\"EmptyMessage\">Block content is empty. Check the block&#8217;s settings or remove it.<\/div>","protected":false},"excerpt":{"rendered":"<p>P\u0159es 180 neziskov\u00fdch organizac\u00ed, spole\u010dnost\u00ed, ml\u00e1de\u017enick\u00fdch organizac\u00ed a m\u00edstn\u00edch i region\u00e1ln\u00edch iniciativ st\u0159edn\u00ed a v\u00fdchodn\u00ed Evropy vyz\u00fdv\u00e1 vl\u00e1dy sv\u00fdch zem\u00ed, aby aktivn\u011b podpo\u0159ily Evropskou zelenou dohodu, a to je\u0161t\u011b p\u0159ed&hellip;<\/p>\n","protected":false},"author":27,"featured_media":5245,"comment_status":"open","ping_status":"closed","sticky":false,"template":"","format":"standard","meta":{"ep_exclude_from_search":false,"p4_og_title":"","p4_og_description":"","p4_og_image":"","p4_og_image_id":"","p4_seo_canonical_url":"","p4_campaign_name":"not set","p4_local_project":"not set","p4_basket_name":"not set","p4_department":"","footnotes":""},"categories":[2],"tags":[20],"p4-page-type":[14],"class_list":["post-11762","post","type-post","status-publish","format-standard","has-post-thumbnail","hentry","category-priroda","tag-zmena-klimatu","p4-page-type-tiskova-zprava"],"_links":{"self":[{"href":"https:\/\/www.greenpeace.org\/czech\/wp-json\/wp\/v2\/posts\/11762","targetHints":{"allow":["GET"]}}],"collection":[{"href":"https:\/\/www.greenpeace.org\/czech\/wp-json\/wp\/v2\/posts"}],"about":[{"href":"https:\/\/www.greenpeace.org\/czech\/wp-json\/wp\/v2\/types\/post"}],"author":[{"embeddable":true,"href":"https:\/\/www.greenpeace.org\/czech\/wp-json\/wp\/v2\/users\/27"}],"replies":[{"embeddable":true,"href":"https:\/\/www.greenpeace.org\/czech\/wp-json\/wp\/v2\/comments?post=11762"}],"version-history":[{"count":5,"href":"https:\/\/www.greenpeace.org\/czech\/wp-json\/wp\/v2\/posts\/11762\/revisions"}],"predecessor-version":[{"id":15492,"href":"https:\/\/www.greenpeace.org\/czech\/wp-json\/wp\/v2\/posts\/11762\/revisions\/15492"}],"wp:featuredmedia":[{"embeddable":true,"href":"https:\/\/www.greenpeace.org\/czech\/wp-json\/wp\/v2\/media\/5245"}],"wp:attachment":[{"href":"https:\/\/www.greenpeace.org\/czech\/wp-json\/wp\/v2\/media?parent=11762"}],"wp:term":[{"taxonomy":"category","embeddable":true,"href":"https:\/\/www.greenpeace.org\/czech\/wp-json\/wp\/v2\/categories?post=11762"},{"taxonomy":"post_tag","embeddable":true,"href":"https:\/\/www.greenpeace.org\/czech\/wp-json\/wp\/v2\/tags?post=11762"},{"taxonomy":"p4-page-type","embeddable":true,"href":"https:\/\/www.greenpeace.org\/czech\/wp-json\/wp\/v2\/p4-page-type?post=11762"}],"curies":[{"name":"wp","href":"https:\/\/api.w.org\/{rel}","templated":true}]}}