{"id":11973,"date":"2020-10-30T11:32:00","date_gmt":"2020-10-30T09:32:00","guid":{"rendered":"https:\/\/www.greenpeace.org\/czech\/?p=11973"},"modified":"2021-10-18T12:24:03","modified_gmt":"2021-10-18T11:24:03","slug":"uhli-neni-cernobile-klimaticka-zmena-a-globalizace-v-arktide","status":"publish","type":"post","link":"https:\/\/www.greenpeace.org\/czech\/clanek\/11973\/uhli-neni-cernobile-klimaticka-zmena-a-globalizace-v-arktide\/","title":{"rendered":"Uhl\u00ed nen\u00ed \u010dernob\u00edl\u00e9: Klimatick\u00e1 zm\u011bna a globalizace v Arktid\u011b"},"content":{"rendered":"\n<p>Jak spolu souvis\u00ed t\u011b\u017eba uhl\u00ed, turistick\u00fd boom, geopolitika, soci\u00e1ln\u00ed nerovnosti a taj\u00edc\u00ed ledovce? B\u011bhem online p\u0159edn\u00e1\u0161ky Akademie Greenpeace odpov\u00eddala na tuto ot\u00e1zku Mgr. Zdenka Sokol\u00ed\u010dkov\u00e1 PhD. <\/p>\n\n<figure class=\"wp-block-embed is-type-video is-provider-youtube wp-block-embed-youtube wp-embed-aspect-16-9 wp-has-aspect-ratio\"><div class=\"wp-block-embed__wrapper\">\n<lite-youtube style=\"background-image: url('https:\/\/i.ytimg.com\/vi\/uJ_6BbTBa6A\/hqdefault.jpg');\" videoid=\"uJ_6BbTBa6A\" params=\"rel=0\"><\/lite-youtube>\n<\/div><\/figure>\n\n<p>M\u011bste\u010dko Longyearbyen na norsk\u00e9m souostrov\u00ed Svalbard ve vysok\u00e9 Arktid\u011b je unik\u00e1tn\u00edm zt\u011blesn\u011bn\u00edm hned n\u011bkolika dilemat antropoc\u00e9nu (\u010di sp\u00ed\u0161e kapit\u00e1loc\u00e9nu). Soci\u00e1ln\u00ed antropolo\u017eka Zdenka Sokol\u00ed\u010dkov\u00e1 bude skrze v\u00fdpov\u011bdi t\u011bch, s nimi\u017e se behem ter\u00e9nn\u00edho v\u00fdzkumu od \u00fanora 2019 setk\u00e1v\u00e1, vypr\u00e1v\u011bt p\u0159\u00edb\u011bh o lok\u00e1ln\u00edch dopadech glob\u00e1ln\u00edho p\u0159eh\u0159\u00edv\u00e1n\u00ed.<\/p>\n\n<p>Lid\u00e9 v Longyearbyen z prvn\u00ed ruky za\u017e\u00edvaj\u00ed st\u00e1le se zrychluj\u00edc\u00ed klimatickou zm\u011bnu (od 70. let pr\u016fm\u011brn\u00e1 ro\u010dn\u00ed teplota vzrostla o 5\u00b0C), ale kter\u00e9 tak\u00e9 nesou n\u00e1sledky geopoliticky motivovan\u00e9 transformace z hornick\u00e9 n\u00e1rodnostn\u011b homogenn\u00ed komunity na melting pot z\u00e1visl\u00fd na konzumu &#8222;panensk\u00e9 arktick\u00e9 divo\u010diny&#8220;.<\/p>\n\n<p>Co vlastn\u011b znamen\u00e1 a co zp\u016fsobuje &#8222;zelen\u00e9 gesto&#8220; utlumen\u00ed t\u011b\u017eby kvalitn\u00edho \u010dern\u00e9ho uhl\u00ed vhodn\u00e9ho pro metalurgick\u00fd pr\u016fmysl? M\u016f\u017ee b\u00fdt turismus ekologicky, ekonomicky a spole\u010densky udr\u017eiteln\u00fd? Jak zde lid\u00e9 vn\u00edmaj\u00ed jasn\u011b viditelnou klimatickou zm\u011bnu a jak prom\u011b\u0148uje jejich vztah k m\u00edstn\u00edmu prost\u0159ed\u00ed? P\u0159edn\u00e1\u0161ka se pokus\u00ed skloubit podrobnou sondu do konkr\u00e9tn\u00ed lokality s obec\u00fdmi \u00favahami na t\u00e9ma rozpor\u016f globalizace a klimatick\u00e9 zm\u011bny.<\/p>\n\n<hr class=\"wp-block-separator is-style-wide\"\/>\n\n<p><strong>Mgr. Zdenka Sokol\u00ed\u010dkov\u00e1 PhD. <\/strong><\/p>\n\n<figure class=\"wp-block-image size-large caption-style-medium caption-alignment-center\"><img decoding=\"async\" src=\"https:\/\/www.transkulturnikomunikace.cz\/wp-content\/uploads\/2020\/06\/Zdenka.jpg\" alt=\"\"\/><figcaption>Foto Elizabeth Bourne<\/figcaption><\/figure>\n\n<p>Vystudovala kulturologii na Filozofick\u00e9 fakult\u011b Univerzity Karlovy v Praze a evropsk\u00e1 kulturn\u00ed studia na Rijksuniversiteit Groningen v Nizozem\u00ed a Univerzit\u011b Palack\u00e9ho v Olomouci. Zaj\u00edm\u00e1 ji dynamika lidsk\u00e9ho sv\u011bta, kter\u00fd nelze odd\u011blovat od p\u0159\u00edrody.&nbsp;Od roku 2011 pracuje na&nbsp;Kated\u0159e kulturn\u00edch a n\u00e1bo\u017eensk\u00fdch studi\u00ed na Pedagogick\u00e9 fakult\u011b Univerzity Hradec Kr\u00e1lov\u00e9, a do \u010dervna 2021 je hostuj\u00edc\u00ed v\u00fdzkumnic\u00ed na Kated\u0159e soci\u00e1ln\u00ed antropologie na Univerzit\u011b v&nbsp;Oslo, kde pracuje pod veden\u00edm Thomase H. Eriksena.<\/p>\n","protected":false},"excerpt":{"rendered":"<p>Jak spolu souvis\u00ed t\u011b\u017eba uhl\u00ed, turistick\u00fd boom, geopolitika, soci\u00e1ln\u00ed nerovnosti a taj\u00edc\u00ed ledovce? B\u011bhem online p\u0159edn\u00e1\u0161ky Akademie Greenpeace odpov\u00eddala na tuto ot\u00e1zku Mgr. Zdenka Sokol\u00ed\u010dkov\u00e1 PhD.<\/p>\n","protected":false},"author":31,"featured_media":11974,"comment_status":"open","ping_status":"closed","sticky":false,"template":"","format":"standard","meta":{"ep_exclude_from_search":false,"p4_og_title":"","p4_og_description":"","p4_og_image":"","p4_og_image_id":"","p4_seo_canonical_url":"","p4_campaign_name":"not set","p4_local_project":"not set","p4_basket_name":"not set","p4_department":"","footnotes":""},"categories":[3,2],"tags":[20,24,36],"p4-page-type":[16],"class_list":["post-11973","post","type-post","status-publish","format-standard","has-post-thumbnail","hentry","category-nas-svet","category-priroda","tag-zmena-klimatu","tag-aktivni-spolecnost","tag-akademie-greenpeace","p4-page-type-clanek"],"_links":{"self":[{"href":"https:\/\/www.greenpeace.org\/czech\/wp-json\/wp\/v2\/posts\/11973","targetHints":{"allow":["GET"]}}],"collection":[{"href":"https:\/\/www.greenpeace.org\/czech\/wp-json\/wp\/v2\/posts"}],"about":[{"href":"https:\/\/www.greenpeace.org\/czech\/wp-json\/wp\/v2\/types\/post"}],"author":[{"embeddable":true,"href":"https:\/\/www.greenpeace.org\/czech\/wp-json\/wp\/v2\/users\/31"}],"replies":[{"embeddable":true,"href":"https:\/\/www.greenpeace.org\/czech\/wp-json\/wp\/v2\/comments?post=11973"}],"version-history":[{"count":6,"href":"https:\/\/www.greenpeace.org\/czech\/wp-json\/wp\/v2\/posts\/11973\/revisions"}],"predecessor-version":[{"id":15045,"href":"https:\/\/www.greenpeace.org\/czech\/wp-json\/wp\/v2\/posts\/11973\/revisions\/15045"}],"wp:featuredmedia":[{"embeddable":true,"href":"https:\/\/www.greenpeace.org\/czech\/wp-json\/wp\/v2\/media\/11974"}],"wp:attachment":[{"href":"https:\/\/www.greenpeace.org\/czech\/wp-json\/wp\/v2\/media?parent=11973"}],"wp:term":[{"taxonomy":"category","embeddable":true,"href":"https:\/\/www.greenpeace.org\/czech\/wp-json\/wp\/v2\/categories?post=11973"},{"taxonomy":"post_tag","embeddable":true,"href":"https:\/\/www.greenpeace.org\/czech\/wp-json\/wp\/v2\/tags?post=11973"},{"taxonomy":"p4-page-type","embeddable":true,"href":"https:\/\/www.greenpeace.org\/czech\/wp-json\/wp\/v2\/p4-page-type?post=11973"}],"curies":[{"name":"wp","href":"https:\/\/api.w.org\/{rel}","templated":true}]}}