{"id":11983,"date":"2020-10-31T22:50:00","date_gmt":"2020-10-31T20:50:00","guid":{"rendered":"https:\/\/www.greenpeace.org\/czech\/?p=11983"},"modified":"2025-08-26T09:04:41","modified_gmt":"2025-08-26T08:04:41","slug":"proc-organizace-greenpeace-odmitla-vzit-penize-od-televize-nova-mame-k-tomu-dobre-duvody","status":"publish","type":"post","link":"https:\/\/www.greenpeace.org\/czech\/clanek\/11983\/proc-organizace-greenpeace-odmitla-vzit-penize-od-televize-nova-mame-k-tomu-dobre-duvody\/","title":{"rendered":"Pro\u010d organizace Greenpeace odm\u00edtla vz\u00edt pen\u00edze od televize Nova? M\u00e1me k tomu dobr\u00e9 d\u016fvody"},"content":{"rendered":"\n<p><strong>Velmi oce\u0148ujeme, \u017ee televize Nova prost\u0159ednictv\u00edm po\u0159adu Tvoje tv\u00e1\u0159 m\u00e1 zn\u00e1m\u00fd hlas pom\u00e1h\u00e1 neziskov\u00fdm organizac\u00edm.<\/strong><\/p>\n\n<p>Pro\u010d jsme si tedy nevzali pen\u00edze od Nadace Nova? Nejedn\u00e1 se v \u017e\u00e1dn\u00e9m p\u0159\u00edpad\u011b o projev ne\u00facty \u010di nevd\u011b\u010dnosti. M\u00e1me k tomu d\u016fvod. Na\u0161e intern\u00ed politika, kter\u00e1 je stejn\u00e1 pro v\u0161echny Greenpeace pobo\u010dky na sv\u011bt\u011b, nedovoluje p\u0159ij\u00edmat finance od vl\u00e1d, politick\u00fdch stran, \u00fa\u0159ad\u016f, firem ani nadac\u00ed, kter\u00e9 jsou s nimi spojen\u00e9. Je to prevence jak\u00e9hokoli p\u0159\u00edpadn\u00e9ho st\u0159etu z\u00e1jm\u016f a zachov\u00e1n\u00ed na\u0161\u00ed nez\u00e1vislosti.&nbsp;<\/p>\n\n<p><\/p>\n\n<p>P\u0159esto\u017ee si t\u00e9to nab\u00eddky v\u00e1\u017e\u00edme a jsme nad\u0161en\u00ed z toho, \u017ee si zn\u00e1m\u00e1 modelka Andrea Kalousov\u00e1 vybrala pr\u00e1v\u011b n\u00e1s a k zaslou\u017een\u00e9 v\u00fdh\u0159e srde\u010dn\u011b gratulujeme, mus\u00edme tuto nab\u00eddku odm\u00edtnout. Televizi Nova i sle\u010dn\u011b Andree Kalousov\u00e9 jsme sv\u00e9 d\u016fvody vysv\u011btlili a v\u011b\u0159\u00edme, \u017ee to pochop\u00ed a vyberou jinou neziskovou organizaci, kter\u00e9 tento dar pom\u016f\u017ee v pln\u011bn\u00ed jej\u00edho posl\u00e1n\u00ed.&nbsp;<\/p>\n\n<p>Financov\u00e1n\u00ed Greenpeace je zalo\u017eeno na p\u0159\u00edsp\u011bvc\u00edch od individu\u00e1ln\u00edch d\u00e1rc\u016f. Fungovat tedy m\u016f\u017eeme jen d\u00edky podpo\u0159e jednotlivc\u016f &#8211; lid\u00ed, jako jsi Ty. M\u00e1 to sv\u00e1 \u00faskal\u00ed a ne v\u017edy je to jednoduch\u00e9, ale naprost\u00e1 nez\u00e1vislost je pro n\u00e1s kl\u00ed\u010dov\u00e1. Jedin\u011b tak se m\u016f\u017eeme v\u017edy zasazovat o ochranu p\u0159\u00edrody bez ohledu na to, jak siln\u00ed jsou hr\u00e1\u010di, proti nim\u017e stoj\u00edme.&nbsp;<\/p>\n\n<p><strong>I Ty se m\u016f\u017ee\u0161 st\u00e1t sou\u010d\u00e1st\u00ed na\u0161\u00ed celosv\u011btov\u00e9 organizace. Pravideln\u00fd p\u0159\u00edsp\u011bvek ka\u017ed\u00e9ho jednotlivce m\u00e1 pro n\u00e1s obrovsk\u00fd v\u00fdznam.&nbsp;<\/strong><\/p>\n\n<div class=\"wp-block-buttons aligncenter is-layout-flex wp-block-buttons-is-layout-flex\">\n<div class=\"wp-block-button\"><a class=\"wp-block-button__link has-text-color has-background\" href=\"https:\/\/podpora.greenpeace.cz\/vterina\/\" style=\"background-color:#f36d3a;color:#ffffff\">Chci darovat<\/a><\/div>\n<\/div>\n\n<p><\/p>\n\n<p class=\"has-text-align-center\"><strong>Jak pracujeme<\/strong><\/p>\n\n<figure class=\"wp-block-image size-large  caption-style-medium caption-alignment-center\"><img loading=\"lazy\" decoding=\"async\" width=\"1024\" height=\"1024\" src=\"https:\/\/www.greenpeace.org\/static\/planet4-czech-republic-stateless\/2018\/11\/16203e38-frnews-1024x1024.jpg\" alt=\"\" class=\"wp-image-1885\" srcset=\"https:\/\/www.greenpeace.org\/static\/planet4-czech-republic-stateless\/2018\/11\/16203e38-frnews-1024x1024.jpg 1024w, https:\/\/www.greenpeace.org\/static\/planet4-czech-republic-stateless\/2018\/11\/16203e38-frnews-150x150.jpg 150w, https:\/\/www.greenpeace.org\/static\/planet4-czech-republic-stateless\/2018\/11\/16203e38-frnews-300x300.jpg 300w, https:\/\/www.greenpeace.org\/static\/planet4-czech-republic-stateless\/2018\/11\/16203e38-frnews-768x768.jpg 768w, https:\/\/www.greenpeace.org\/static\/planet4-czech-republic-stateless\/2018\/11\/16203e38-frnews-1366x1366.jpg 1366w, https:\/\/www.greenpeace.org\/static\/planet4-czech-republic-stateless\/2018\/11\/16203e38-frnews-340x340.jpg 340w, https:\/\/www.greenpeace.org\/static\/planet4-czech-republic-stateless\/2018\/11\/16203e38-frnews.jpg 1600w\" sizes=\"auto, (max-width: 1024px) 100vw, 1024px\" \/><\/figure>\n\n<p><\/p>\n\t\t\t<section\n\t\t\tclass=\"boxout post-10416 \"\n\t\t\t\n\t\t>\n\t\t\t<a\n\t\t\t\tdata-ga-category=\"Take Action Boxout\"\n\t\t\t\tdata-ga-action=\"Image\"\n\t\t\t\tdata-ga-label=\"n\/a\"\n\t\t\t\tclass=\"cover-card-overlay\"\n\t\t\t\thref=\"https:\/\/www.greenpeace.org\/czech\/zapoj-se\/chci-darovat\/\" \n\t\t\t><\/a>\n\t\t\t\t\t\t\t<img\n\t\t\t\t\t\tsrc=\"https:\/\/www.greenpeace.org\/static\/planet4-czech-republic-stateless\/2018\/10\/ffaf7454-darovat_529502848-e1539865709712-1024x703.jpg\"\n\t\t\t\t\t\tsrcset=\"https:\/\/www.greenpeace.org\/static\/planet4-czech-republic-stateless\/2018\/10\/ffaf7454-darovat_529502848-e1539865709712-300x206.jpg 300w, https:\/\/www.greenpeace.org\/static\/planet4-czech-republic-stateless\/2018\/10\/ffaf7454-darovat_529502848-e1539865709712-768x528.jpg 768w, https:\/\/www.greenpeace.org\/static\/planet4-czech-republic-stateless\/2018\/10\/ffaf7454-darovat_529502848-e1539865709712-1024x703.jpg 1024w, https:\/\/www.greenpeace.org\/static\/planet4-czech-republic-stateless\/2018\/10\/ffaf7454-darovat_529502848-e1539865709712-1989x1366.jpg 1989w, https:\/\/www.greenpeace.org\/static\/planet4-czech-republic-stateless\/2018\/10\/ffaf7454-darovat_529502848-e1539865709712-495x340.jpg 495w\"\n\t\t\t\t\t\tsizes=\"(min-width: 1000px) 358px, (min-width: 780px) 313px, 88px\"\n\t\t\t\t\t\talt=\"\" title=\"\"\n\t\t\t\t\/>\n            \t\t\t<div class=\"boxout-content\">\n\t\t\t\t\t\t\t\t\t<a\n\t\t\t\t\t\tclass=\"boxout-heading medium\"\n\t\t\t\t\t\tdata-ga-category=\"Take Action Boxout\"\n\t\t\t\t\t\tdata-ga-action=\"Title\"\n\t\t\t\t\t\tdata-ga-label=\"n\/a\"\n\t\t\t\t\t\thref=\"https:\/\/www.greenpeace.org\/czech\/zapoj-se\/chci-darovat\/\"\n\t\t\t\t\t\t\n\t\t\t\t\t>\n\t\t\t\t\t\tChci darovat\n\t\t\t\t\t<\/a>\n\t\t\t\t\t\t\t\t\t\t\t\t\t<p class=\"boxout-excerpt\">P\u0159idej se k hnut\u00ed mili\u00f3n\u016f lid\u00ed z cel\u00e9ho sv\u011bta. Jen spole\u010dn\u011b m\u016f\u017eeme prosadit skute\u010dnou zm\u011bnu a zachr\u00e1nit to, co z p\u0159\u00edrody je\u0161t\u011b zb\u00fdv\u00e1.<\/p>\n\t\t\t\t                                    <a\n                        class=\"btn btn-primary\"\n                        data-ga-category=\"Take Action Boxout\"\n                        data-ga-action=\"Call to Action\"\n                        data-ga-label=\"n\/a\"\n                        href=\"https:\/\/www.greenpeace.org\/czech\/zapoj-se\/chci-darovat\/\"\n                        \n                    >\n                        Jdu do toho\n                    <\/a>\n                \t\t\t<\/div>\n\t\t\t\t\t<\/section>\n\t","protected":false},"excerpt":{"rendered":"<p>Velmi oce\u0148ujeme, \u017ee televize Nova prost\u0159ednictv\u00edm po\u0159adu Tvoje tv\u00e1\u0159 m\u00e1 zn\u00e1m\u00fd hlas pom\u00e1h\u00e1 neziskov\u00fdm organizac\u00edm.<\/p>\n","protected":false},"author":21,"featured_media":11993,"comment_status":"open","ping_status":"closed","sticky":false,"template":"","format":"standard","meta":{"ep_exclude_from_search":false,"p4_og_title":"","p4_og_description":"","p4_og_image":"","p4_og_image_id":"","p4_seo_canonical_url":"","p4_campaign_name":"not set","p4_local_project":"not set","p4_basket_name":"not set","p4_department":"","footnotes":""},"categories":[30],"tags":[13,27,31],"p4-page-type":[16],"class_list":["post-11983","post","type-post","status-publish","format-standard","has-post-thumbnail","hentry","category-greenpeace","tag-o-greenpeace","tag-podporuji-greenpeace","tag-o-nas","p4-page-type-clanek"],"_links":{"self":[{"href":"https:\/\/www.greenpeace.org\/czech\/wp-json\/wp\/v2\/posts\/11983","targetHints":{"allow":["GET"]}}],"collection":[{"href":"https:\/\/www.greenpeace.org\/czech\/wp-json\/wp\/v2\/posts"}],"about":[{"href":"https:\/\/www.greenpeace.org\/czech\/wp-json\/wp\/v2\/types\/post"}],"author":[{"embeddable":true,"href":"https:\/\/www.greenpeace.org\/czech\/wp-json\/wp\/v2\/users\/21"}],"replies":[{"embeddable":true,"href":"https:\/\/www.greenpeace.org\/czech\/wp-json\/wp\/v2\/comments?post=11983"}],"version-history":[{"count":14,"href":"https:\/\/www.greenpeace.org\/czech\/wp-json\/wp\/v2\/posts\/11983\/revisions"}],"predecessor-version":[{"id":15474,"href":"https:\/\/www.greenpeace.org\/czech\/wp-json\/wp\/v2\/posts\/11983\/revisions\/15474"}],"wp:featuredmedia":[{"embeddable":true,"href":"https:\/\/www.greenpeace.org\/czech\/wp-json\/wp\/v2\/media\/11993"}],"wp:attachment":[{"href":"https:\/\/www.greenpeace.org\/czech\/wp-json\/wp\/v2\/media?parent=11983"}],"wp:term":[{"taxonomy":"category","embeddable":true,"href":"https:\/\/www.greenpeace.org\/czech\/wp-json\/wp\/v2\/categories?post=11983"},{"taxonomy":"post_tag","embeddable":true,"href":"https:\/\/www.greenpeace.org\/czech\/wp-json\/wp\/v2\/tags?post=11983"},{"taxonomy":"p4-page-type","embeddable":true,"href":"https:\/\/www.greenpeace.org\/czech\/wp-json\/wp\/v2\/p4-page-type?post=11983"}],"curies":[{"name":"wp","href":"https:\/\/api.w.org\/{rel}","templated":true}]}}