{"id":12185,"date":"2020-11-13T13:14:10","date_gmt":"2020-11-13T12:14:10","guid":{"rendered":"https:\/\/www.greenpeace.org\/czech\/?p=12185"},"modified":"2021-12-01T13:31:07","modified_gmt":"2021-12-01T12:31:07","slug":"greenpeace-posila-horniky-na-home-office-v-provokativnim-videu-zada-pomoc-pro-uhelne-regiony","status":"publish","type":"post","link":"https:\/\/www.greenpeace.org\/czech\/tiskova-zprava\/12185\/greenpeace-posila-horniky-na-home-office-v-provokativnim-videu-zada-pomoc-pro-uhelne-regiony\/","title":{"rendered":"Greenpeace pos\u00edl\u00e1 horn\u00edky na home office v provokativn\u00edm videu. \u017d\u00e1d\u00e1 pomoc pro uheln\u00e9 regiony"},"content":{"rendered":"\n<p>Organizace Greenpeace dnes zve\u0159ejnila komedi\u00e1ln\u00ed video <strong><a href=\"http:\/\/www.hornici.com\">Horn\u00edci na home office<\/a><\/strong>, kter\u00e9 pro ni re\u017e\u00edroval Vladim\u00edr Sk\u00f3rka zn\u00e1m\u00fd sv\u00fdmi internetov\u00fdmi seri\u00e1ly Lajna a sKORO NA mizin\u011b. \u00da\u010delem videa je upozornit na problematickou situaci v uheln\u00e9m pr\u016fmyslu, kde ji\u017e nyn\u00ed ztr\u00e1cej\u00ed horn\u00edci pr\u00e1ci, zat\u00edmco pl\u00e1n na pomoc a transformaci uheln\u00fdch region\u016f st\u00e1le chyb\u00ed. Uheln\u00fd pr\u016fmysl nen\u00ed v sou\u010dasn\u00e9 dob\u011b stabiln\u00ed, ov\u0161em Uheln\u00e1 komise po\u010d\u00edt\u00e1, \u017ee se uhl\u00ed za\u010dne utlumovat a\u017e po roce 2029.\u00a0<\/p>\n\n<p>Filmov\u00e9 nat\u00e1\u010den\u00ed prob\u00edhalo za p\u0159\u00edsn\u00fdch hygienick\u00fdch podm\u00ednek na r\u016fzn\u00fdch m\u00edstech Ostravy, mimo jin\u00e9 tak\u00e9 v hornick\u00e9m muzeu Landek. Hlavn\u00edch rol\u00ed hav\u00ed\u0159\u016f, kter\u00fdm jejich firma zav\u0159ela d\u016fl a poslala je na home office, se ujali Josef Kalu\u017ea a Robin Ferro spjat\u00ed s ostravskou divadeln\u00ed sc\u00e9nou a herec na voln\u00e9 noze Karel Zima. Man\u017eelku jednoho z horn\u00edk\u016f, kter\u00e1 nen\u00ed nov\u011b vzniklou situac\u00ed nad\u0161en\u00e1, hraje Pavla Dost\u00e1lov\u00e1. Autenticitu hornick\u00e9ho prost\u0159ed\u00ed navozuj\u00ed mimo jin\u00e9 i vulg\u00e1rn\u00ed v\u00fdrazy. Tv\u016frci proto varuj\u00ed, \u017ee by video nem\u011blo b\u00fdt pou\u0161t\u011bno d\u011btem.<\/p>\n\n<figure class=\"wp-block-image size-large  caption-style-medium caption-alignment-center\"><img loading=\"lazy\" decoding=\"async\" width=\"1024\" height=\"1024\" src=\"https:\/\/www.greenpeace.org\/static\/planet4-czech-republic-stateless\/2020\/11\/abb55838-hnho-poster-1024x1024.jpg\" alt=\"\" class=\"wp-image-12186\" srcset=\"https:\/\/www.greenpeace.org\/static\/planet4-czech-republic-stateless\/2020\/11\/abb55838-hnho-poster-1024x1024.jpg 1024w, https:\/\/www.greenpeace.org\/static\/planet4-czech-republic-stateless\/2020\/11\/abb55838-hnho-poster-300x300.jpg 300w, https:\/\/www.greenpeace.org\/static\/planet4-czech-republic-stateless\/2020\/11\/abb55838-hnho-poster-150x150.jpg 150w, https:\/\/www.greenpeace.org\/static\/planet4-czech-republic-stateless\/2020\/11\/abb55838-hnho-poster-768x768.jpg 768w, https:\/\/www.greenpeace.org\/static\/planet4-czech-republic-stateless\/2020\/11\/abb55838-hnho-poster-1536x1536.jpg 1536w, https:\/\/www.greenpeace.org\/static\/planet4-czech-republic-stateless\/2020\/11\/abb55838-hnho-poster-2048x2048.jpg 2048w, https:\/\/www.greenpeace.org\/static\/planet4-czech-republic-stateless\/2020\/11\/abb55838-hnho-poster-1366x1366.jpg 1366w, https:\/\/www.greenpeace.org\/static\/planet4-czech-republic-stateless\/2020\/11\/abb55838-hnho-poster-340x340.jpg 340w\" sizes=\"auto, (max-width: 1024px) 100vw, 1024px\" \/><\/figure>\n\n<p><strong>Re\u017eis\u00e9r Vladim\u00edr Sk\u00f3rka, kter\u00fd s\u00e1m poch\u00e1z\u00ed z hornick\u00e9 rodiny, \u0159\u00edk\u00e1:<\/strong><br><em>\u201eHorn\u00edci jsou pro m\u011b opravdov\u00ed hrdinov\u00e9 a k jejich pr\u00e1ci m\u00e1m velk\u00fd respekt. Co\u017e se, mysl\u00edm, projevilo i na v\u00fdsledku, t\u0159eba\u017ee se jedn\u00e1 o bl\u00e1znivou komedii.\u201c\u00a0<\/em><\/p>\n\n<p>Kampan\u00ed <strong>Horn\u00edci na home office<\/strong> chce organizace Greenpeace upozornit, \u017ee \u010cesk\u00e1 republika pot\u0159ebuje jasn\u00fd pl\u00e1n na rychl\u00fd \u00fatlum uhl\u00ed a na pomoc uheln\u00fdm region\u016fm, proto\u017ee nejen lid\u00e9 na Karvinsku, ale i na Sokolovsku ji\u017e dnes postupn\u011b p\u0159ich\u00e1zej\u00ed o sv\u00e1 pracovn\u00ed m\u00edsta. Greenpeace jako jedno z opat\u0159en\u00ed, na n\u011bm\u017e se shoduje i s hornick\u00fdmi odbory, po\u017eaduje v\u00fdsluhov\u00e9 p\u0159\u00edsp\u011bvky pro v\u0161echny zam\u011bstnance a zam\u011bstnankyn\u011b uheln\u00e9ho pr\u016fmyslu, kte\u0159\u00ed kv\u016fli \u00fatlumu uhl\u00ed p\u0159ijdou o pr\u00e1ci. O zaveden\u00ed v\u00fdsluh pro horn\u00edky ze Sokolovsk\u00e9 uheln\u00e9 bude p\u0159itom vl\u00e1da jednat u\u017e v pond\u011bl\u00ed. Podle Greenpeace je to v\u0161ak jen prvn\u00ed krok, co nejrychleji by se m\u011bla zav\u00e1d\u011bt i dlouhodob\u00e1 a syst\u00e9mov\u00e1 opat\u0159en\u00ed na spravedlivou transformaci uheln\u00fdch region\u016f.<\/p>\n\n<p><\/p>\n\n<figure class=\"wp-block-image size-large  caption-style-medium caption-alignment-center\"><img loading=\"lazy\" decoding=\"async\" width=\"1024\" height=\"576\" src=\"https:\/\/www.greenpeace.org\/static\/planet4-czech-republic-stateless\/2020\/11\/319d4e23-hnho-makingof4-1024x576.jpg\" alt=\"\" class=\"wp-image-12187\" srcset=\"https:\/\/www.greenpeace.org\/static\/planet4-czech-republic-stateless\/2020\/11\/319d4e23-hnho-makingof4-1024x576.jpg 1024w, https:\/\/www.greenpeace.org\/static\/planet4-czech-republic-stateless\/2020\/11\/319d4e23-hnho-makingof4-300x169.jpg 300w, https:\/\/www.greenpeace.org\/static\/planet4-czech-republic-stateless\/2020\/11\/319d4e23-hnho-makingof4-768x432.jpg 768w, https:\/\/www.greenpeace.org\/static\/planet4-czech-republic-stateless\/2020\/11\/319d4e23-hnho-makingof4-1536x864.jpg 1536w, https:\/\/www.greenpeace.org\/static\/planet4-czech-republic-stateless\/2020\/11\/319d4e23-hnho-makingof4-510x287.jpg 510w, https:\/\/www.greenpeace.org\/static\/planet4-czech-republic-stateless\/2020\/11\/319d4e23-hnho-makingof4.jpg 1600w\" sizes=\"auto, (max-width: 1024px) 100vw, 1024px\" \/><\/figure>\n\n<p>Konec uhl\u00ed v \u010cR v t\u011bchto dnech \u0159e\u0161\u00ed Uheln\u00e1 komise, jej\u00ed\u017e dal\u0161\u00ed jedn\u00e1n\u00ed m\u00e1 prob\u011bhnout 26. listopadu. Podle v\u0161ech dosavadn\u00edch sc\u00e9n\u00e1\u0159\u016f ov\u0161em nepo\u010d\u00edt\u00e1 s \u017e\u00e1dn\u00fdm \u00fatlumem t\u011b\u017eby a spalov\u00e1n\u00ed uhl\u00ed p\u0159ed rokem 2029, p\u0159esto\u017ee ke zhroucen\u00ed uheln\u00e9ho pr\u016fmyslu kv\u016fli ekonomick\u00fdm d\u016fvod\u016fm doch\u00e1z\u00ed ji\u017e nyn\u00ed a \u017eiveln\u011b.<\/p>\n\n<p><strong>Ji\u0159\u00ed Je\u0159\u00e1bek z Greenpeace \u0159\u00edk\u00e1:<\/strong><br><em>\u201cJe naivn\u00ed si myslet, \u017ee v tak problematick\u00e9m odv\u011btv\u00ed, jako je t\u011b\u017eba a spalov\u00e1n\u00ed uhl\u00ed, nyn\u00ed sta\u010d\u00ed sed\u011bt s rukama v kl\u00edn\u011b a \u010dekat. Pot\u0159ebujeme m\u00edt pl\u00e1n na \u00fatlum uheln\u00e9ho pr\u016fmyslu, ne\u017e za\u010dne s\u00e1m od sebe kolabovat. A je pot\u0159eba za\u010d\u00edt co nejrychleji se spravedlivou prom\u011bnou na\u0161ich uheln\u00fdch region\u016f a schv\u00e1lit konkr\u00e9tn\u00ed pomoc a programy pro lidi pracuj\u00edc\u00ed v uheln\u00e9m sektoru.\u201d<\/em><\/p>\n<div class=\"EmptyMessage\">Block content is empty. Check the block&#8217;s settings or remove it.<\/div>","protected":false},"excerpt":{"rendered":"<p>Organizace Greenpeace dnes zve\u0159ejnila komedi\u00e1ln\u00ed video Horn\u00edci na home office, kter\u00e9 pro ni re\u017e\u00edroval Vladim\u00edr Sk\u00f3rka zn\u00e1m\u00fd sv\u00fdmi internetov\u00fdmi seri\u00e1ly Lajna a Skoro na mizin\u011b. \u00da\u010delem videa je upozornit na&hellip;<\/p>\n","protected":false},"author":27,"featured_media":12187,"comment_status":"open","ping_status":"closed","sticky":false,"template":"","format":"standard","meta":{"ep_exclude_from_search":false,"p4_og_title":"","p4_og_description":"","p4_og_image":"","p4_og_image_id":"","p4_seo_canonical_url":"","p4_campaign_name":"not set","p4_local_project":"not set","p4_basket_name":"not set","p4_department":"","footnotes":""},"categories":[4],"tags":[25,34],"p4-page-type":[14],"class_list":["post-12185","post","type-post","status-publish","format-standard","has-post-thumbnail","hentry","category-energeticka-revoluce","tag-konec-doby-fosilni","tag-uhelnakomise","p4-page-type-tiskova-zprava"],"_links":{"self":[{"href":"https:\/\/www.greenpeace.org\/czech\/wp-json\/wp\/v2\/posts\/12185","targetHints":{"allow":["GET"]}}],"collection":[{"href":"https:\/\/www.greenpeace.org\/czech\/wp-json\/wp\/v2\/posts"}],"about":[{"href":"https:\/\/www.greenpeace.org\/czech\/wp-json\/wp\/v2\/types\/post"}],"author":[{"embeddable":true,"href":"https:\/\/www.greenpeace.org\/czech\/wp-json\/wp\/v2\/users\/27"}],"replies":[{"embeddable":true,"href":"https:\/\/www.greenpeace.org\/czech\/wp-json\/wp\/v2\/comments?post=12185"}],"version-history":[{"count":4,"href":"https:\/\/www.greenpeace.org\/czech\/wp-json\/wp\/v2\/posts\/12185\/revisions"}],"predecessor-version":[{"id":15467,"href":"https:\/\/www.greenpeace.org\/czech\/wp-json\/wp\/v2\/posts\/12185\/revisions\/15467"}],"wp:featuredmedia":[{"embeddable":true,"href":"https:\/\/www.greenpeace.org\/czech\/wp-json\/wp\/v2\/media\/12187"}],"wp:attachment":[{"href":"https:\/\/www.greenpeace.org\/czech\/wp-json\/wp\/v2\/media?parent=12185"}],"wp:term":[{"taxonomy":"category","embeddable":true,"href":"https:\/\/www.greenpeace.org\/czech\/wp-json\/wp\/v2\/categories?post=12185"},{"taxonomy":"post_tag","embeddable":true,"href":"https:\/\/www.greenpeace.org\/czech\/wp-json\/wp\/v2\/tags?post=12185"},{"taxonomy":"p4-page-type","embeddable":true,"href":"https:\/\/www.greenpeace.org\/czech\/wp-json\/wp\/v2\/p4-page-type?post=12185"}],"curies":[{"name":"wp","href":"https:\/\/api.w.org\/{rel}","templated":true}]}}