{"id":12709,"date":"2021-01-18T12:45:03","date_gmt":"2021-01-18T11:45:03","guid":{"rendered":"https:\/\/www.greenpeace.org\/czech\/?p=12709"},"modified":"2021-01-18T12:47:12","modified_gmt":"2021-01-18T11:47:12","slug":"soud-zitra-rozhodne-zda-protest-aktivistu-greenpeace-zpusobil-poruchu-elektrarny-chvaletice","status":"publish","type":"post","link":"https:\/\/www.greenpeace.org\/czech\/clanek\/12709\/soud-zitra-rozhodne-zda-protest-aktivistu-greenpeace-zpusobil-poruchu-elektrarny-chvaletice\/","title":{"rendered":"Soud rozhodne, zda protest aktivist\u016f Greenpeace zp\u016fsobil poruchu elektr\u00e1rny Chvaletice"},"content":{"rendered":"\n<p>V \u00fater\u00fd 19. ledna prob\u011bhne v Pardubic\u00edch soudn\u00ed l\u00ed\u010den\u00ed s p\u011btic\u00ed aktivist\u016f a aktivistek Greenpeace, kte\u0159\u00ed v \u0159\u00edjnu 2016 protestovali na chladic\u00ed v\u011b\u017ei elektr\u00e1rny Chvaletice. Dobrovoln\u00edci Greenpeace v listopadu odm\u00edtli p\u0159istoupit na dohodu o vin\u011b a trestu, kterou jim nab\u00eddl st\u00e1tn\u00ed z\u00e1stupce. Aktivist\u00e9 a aktivistky uznali, \u017ee necht\u011bn\u011b zp\u016fsobili b\u011bhem protestu \u0161kodu na za\u0159\u00edzen\u00ed a uhradili ji v pln\u00e9 v\u00fd\u0161i. Nesouhlas\u00ed ov\u0161em s pr\u00e1vn\u00ed kvalifikac\u00ed sv\u00e9ho \u010dinu a s t\u00edm, \u017ee podle n\u00ed m\u011bli elektr\u00e1rn\u011b zp\u016fsobit poruchu, a proto dohodu odm\u00edtli a cht\u011bj\u00ed se proti obvin\u011bn\u00ed br\u00e1nit u soudu. Maxim\u00e1ln\u00ed trestn\u00ed sazba je v tomto p\u0159\u00edpad\u011b 6 let v\u011bzen\u00ed, ale vzhledem k povaze p\u0159\u00edpadu a bez\u00fahonnosti aktivist\u016f a aktivistek st\u00e1tn\u00ed z\u00e1stupce v dohod\u011b o vin\u011b a trestu navrhoval pen\u011b\u017eit\u00fd trest, nikoli odn\u011bt\u00ed svobody.<\/p>\n\n<figure class=\"wp-block-image size-large  caption-style-medium caption-alignment-center\"><img loading=\"lazy\" decoding=\"async\" width=\"800\" height=\"552\" src=\"https:\/\/www.greenpeace.org\/static\/planet4-czech-republic-stateless\/2020\/11\/d95f1575-gp0stq670_medium_res.jpg\" alt=\"\" class=\"wp-image-12027\" srcset=\"https:\/\/www.greenpeace.org\/static\/planet4-czech-republic-stateless\/2020\/11\/d95f1575-gp0stq670_medium_res.jpg 800w, https:\/\/www.greenpeace.org\/static\/planet4-czech-republic-stateless\/2020\/11\/d95f1575-gp0stq670_medium_res-300x207.jpg 300w, https:\/\/www.greenpeace.org\/static\/planet4-czech-republic-stateless\/2020\/11\/d95f1575-gp0stq670_medium_res-768x530.jpg 768w, https:\/\/www.greenpeace.org\/static\/planet4-czech-republic-stateless\/2020\/11\/d95f1575-gp0stq670_medium_res-493x340.jpg 493w\" sizes=\"auto, (max-width: 800px) 100vw, 800px\" \/><figcaption>Ji\u017e brzy se rozhodne, zda rozvinut\u00ed transparentu zp\u016fsobilo elektr\u00e1rny poruchu. <\/figcaption><\/figure>\n\n<p>Obvin\u011bn\u00ed protestovali proti \u00faprav\u00e1m v elektr\u00e1rn\u011b, kter\u00e9 musely b\u00fdt provedeny, aby mohl b\u00fdt prodlou\u017een jej\u00ed provoz. Vadilo jim, \u017ee \u00fa\u0159edn\u00edci Pardubick\u00e9ho kraje vedli \u0159\u00edzen\u00ed o elektr\u00e1rn\u011b v re\u017eimu nepodstatn\u00e9 zm\u011bny bez \u00fa\u010dasti ve\u0159ejnosti a bez vyhodnocen\u00ed vliv\u016f na \u017eivotn\u00ed prost\u0159ed\u00ed. Upozor\u0148ovali tak\u00e9, \u017ee zvolen\u00e9 technologie jsou nedostate\u010dn\u00e9 pro ochranu ovzdu\u0161\u00ed. Na chladic\u00ed v\u011b\u017e proto vyv\u011bsili transparent \u201cJi\u017e brzy mimo provoz?\u201d. Pr\u00e1v\u011b p\u0159i jeho rozprost\u0159en\u00ed navrtali venkovn\u00ed pl\u00e1\u0161\u0165 chladic\u00ed v\u011b\u017ee, aby do n\u011bj mohli kv\u016fli sv\u00e9 bezpe\u010dnosti um\u00edstit kotevn\u00ed body.<\/p>\n\n<p>Cel\u00e1 elektr\u00e1rna byla v dob\u011b protestu uzav\u0159en\u00e1, z \u010d\u00e1sti kv\u016fli prob\u00edhaj\u00edc\u00ed rekonstrukci a z\u010d\u00e1sti kv\u016fli d\u0159\u00edv\u011bj\u0161\u00edmu po\u017e\u00e1ru. Ji\u017e dva t\u00fddny po protestu \u2013 okam\u017eit\u011b po skon\u010den\u00ed stavebn\u00edch prac\u00ed \u2013 p\u0159itom v\u011b\u017e najela na pln\u00fd v\u00fdkon, ani\u017e by byly provedeny jak\u00e9koli opravy pl\u00e1\u0161t\u011b chladic\u00ed v\u011b\u017ee. I podle tehdej\u0161\u00edho vyj\u00e1d\u0159en\u00ed \u0159editele elektr\u00e1rny Lubo\u0161e Pavlase <a href=\"https:\/\/zpravy.aktualne.cz\/ekonomika\/elektrarna-chvaletice-po-sesti-tydnech-obnovila-provoz\/r~a7adaba095ef11e68f32002590604f2e\/?redirected=1478292649\">protest neohrozil provoz elektr\u00e1rny a opravy bylo mo\u017en\u00e9 realizovat za chodu<\/a>. P\u0159esto jsou aktivist\u00e9 a aktivistky obvin\u011bni, \u017ee zp\u016fsobili elektr\u00e1rn\u011b poruchu.&nbsp;<\/p>\n\n<p><strong>Luk\u00e1\u0161 Hr\u00e1bek, tiskov\u00fd mluv\u010d\u00ed Greenpeace \u0159\u00edk\u00e1:<\/strong><br><em>\u201cJsou to u\u017e \u010dty\u0159i roky, co policie \u0159e\u0161\u00ed okolnosti p\u0159\u00edpadu, kter\u00fd je na prvn\u00ed pohled \u00fapln\u011b jasn\u00fd. Aktivist\u00e9 necht\u011bn\u011b zp\u016fsobili p\u0159i protestu proti elektr\u00e1rn\u011b Chvaletice \u0161kodu a zaplatili ji. Kauza nyn\u00ed ale i tak m\u00ed\u0159\u00ed k soudu s t\u00edm, \u017ee protestuj\u00edc\u00ed \u00fadajn\u011b zp\u016fsobili na elektr\u00e1rn\u011b poruchu. To je samoz\u0159ejm\u011b nesmysl. Kdy\u017e m\u00e1te n\u011bco porouchan\u00e9ho, technicky nen\u00ed mo\u017en\u00e9, abyste to pou\u017e\u00edvali na pln\u00fd v\u00fdkon. Vypad\u00e1 to ale, \u017ee se u soudu bude muset \u0159e\u0161it, co je to v\u016fbec porucha a jestli se porucha objevuje hned, nebo se d\u00e1 odlo\u017eit \u010di napl\u00e1novat na pozd\u011bji.\u201c<\/em><\/p>\n\n<p>\u00dapravy elektr\u00e1rny Chvaletice prov\u00e1zela kontroverze nejen kv\u016fli odporu ekologick\u00fdch organizac\u00ed, ale i kv\u016fli <a href=\"https:\/\/www.idnes.cz\/ekonomika\/podniky\/kralovopolska-ria-soud-zrusil-konkurs.A181026_172340_ekonomika_are\">bankrotu dodavatelsk\u00e9 stavebn\u00ed spole\u010dnosti RIA Kr\u00e1lovopolsk\u00e1<\/a> \u00fadajn\u011b kv\u016fli nepropl\u00e1cen\u00ed faktur ze strany provozovatel\u016f elektr\u00e1rny. Nainstalovan\u00e9 technologie nakonec skute\u010dn\u011b byly nedostate\u010dn\u00e9, proto\u017ee nejsou schopn\u00e9 plnit p\u0159\u00edsn\u011bj\u0161\u00ed emisn\u00ed limity platn\u00e9 od roku 2021. Provozovatel\u00e9 elektr\u00e1rny proto kv\u016fli prachu museli <a href=\"https:\/\/ekolist.cz\/cz\/zpravodajstvi\/zpravy\/elektrarna-chvaletice-instaluje-latkove-filtry-pro-nizsi-prasnost\">vym\u011bnit nov\u011b nainstalovan\u00e9 elektrostatick\u00e9 odlu\u010dova\u010de pop\u00edlku za l\u00e1tkov\u00e9 filtry<\/a> a <a href=\"https:\/\/ekolist.cz\/cz\/zpravodajstvi\/zpravy\/vyjimka-pro-elektrarnu-chvaletice-je-dle-ekologickych-organizaci-dal-neprijatelna\">pro oxidy dus\u00edku a rtu\u0165 si \u017e\u00e1daj\u00ed o v\u00fdjimku<\/a>. Z rozhodov\u00e1n\u00ed o v\u00fdjimce byli p\u0159ed rokem odvol\u00e1n\u00ed \u00fa\u0159edn\u00edci Pardubick\u00e9ho kraje, proto\u017ee je <a href=\"https:\/\/www.greenpeace.org\/czech\/tiskova-zprava\/5324\/o-vyjimce-pro-chvaletice-budou-rozhodovat-urednici-v-olomouci-mzp-potvrdilo-podjatost-pardubickeho-kraje\/\">Ministerstvo \u017eivotn\u00edho prost\u0159ed\u00ed ozna\u010dilo ve vztahu k elektr\u00e1rn\u011b za podjat\u00e9<\/a>. V\u00fdjimku pak elektr\u00e1rn\u011b ud\u011blili \u00fa\u0159edn\u00edci Olomouck\u00e9ho kraje, <a href=\"https:\/\/www.greenpeace.org\/czech\/tiskova-zprava\/11670\/ekologicke-organizace-se-odvolaly-proti-vyjimce-pro-elektrarnu-chvaletice-zadaji-ministerstvo-aby-ji-znovu-zrusilo\/\">ekologick\u00e9 organizace se proti n\u00ed odvolaly<\/a>.<\/p>\n","protected":false},"excerpt":{"rendered":"<p>V \u00fater\u00fd 19. ledna prob\u011bhne v Pardubic\u00edch soudn\u00ed l\u00ed\u010den\u00ed s p\u011btic\u00ed aktivist\u016f a aktivistek Greenpeace, kte\u0159\u00ed v \u0159\u00edjnu 2016 protestovali na chladic\u00ed v\u011b\u017ei elektr\u00e1rny Chvaletice. Dobrovoln\u00edci Greenpeace v listopadu odm\u00edtli p\u0159istoupit na dohodu o vin\u011b a trestu, kterou jim nab\u00eddl st\u00e1tn\u00ed z\u00e1stupce. <\/p>\n","protected":false},"author":27,"featured_media":12027,"comment_status":"open","ping_status":"closed","sticky":false,"template":"","format":"standard","meta":{"ep_exclude_from_search":false,"p4_og_title":"","p4_og_description":"","p4_og_image":"","p4_og_image_id":"","p4_seo_canonical_url":"","p4_campaign_name":"not set","p4_local_project":"not set","p4_basket_name":"not set","p4_department":"","footnotes":""},"categories":[3],"tags":[19,24,25,29],"p4-page-type":[16],"class_list":["post-12709","post","type-post","status-publish","format-standard","has-post-thumbnail","hentry","category-nas-svet","tag-ovzdusi","tag-aktivni-spolecnost","tag-konec-doby-fosilni","tag-nenasilne-protesty","p4-page-type-clanek"],"_links":{"self":[{"href":"https:\/\/www.greenpeace.org\/czech\/wp-json\/wp\/v2\/posts\/12709","targetHints":{"allow":["GET"]}}],"collection":[{"href":"https:\/\/www.greenpeace.org\/czech\/wp-json\/wp\/v2\/posts"}],"about":[{"href":"https:\/\/www.greenpeace.org\/czech\/wp-json\/wp\/v2\/types\/post"}],"author":[{"embeddable":true,"href":"https:\/\/www.greenpeace.org\/czech\/wp-json\/wp\/v2\/users\/27"}],"replies":[{"embeddable":true,"href":"https:\/\/www.greenpeace.org\/czech\/wp-json\/wp\/v2\/comments?post=12709"}],"version-history":[{"count":2,"href":"https:\/\/www.greenpeace.org\/czech\/wp-json\/wp\/v2\/posts\/12709\/revisions"}],"predecessor-version":[{"id":12711,"href":"https:\/\/www.greenpeace.org\/czech\/wp-json\/wp\/v2\/posts\/12709\/revisions\/12711"}],"wp:featuredmedia":[{"embeddable":true,"href":"https:\/\/www.greenpeace.org\/czech\/wp-json\/wp\/v2\/media\/12027"}],"wp:attachment":[{"href":"https:\/\/www.greenpeace.org\/czech\/wp-json\/wp\/v2\/media?parent=12709"}],"wp:term":[{"taxonomy":"category","embeddable":true,"href":"https:\/\/www.greenpeace.org\/czech\/wp-json\/wp\/v2\/categories?post=12709"},{"taxonomy":"post_tag","embeddable":true,"href":"https:\/\/www.greenpeace.org\/czech\/wp-json\/wp\/v2\/tags?post=12709"},{"taxonomy":"p4-page-type","embeddable":true,"href":"https:\/\/www.greenpeace.org\/czech\/wp-json\/wp\/v2\/p4-page-type?post=12709"}],"curies":[{"name":"wp","href":"https:\/\/api.w.org\/{rel}","templated":true}]}}