{"id":12714,"date":"2021-01-26T09:27:18","date_gmt":"2021-01-26T08:27:18","guid":{"rendered":"https:\/\/www.greenpeace.org\/czech\/?p=12714"},"modified":"2021-08-26T10:44:00","modified_gmt":"2021-08-26T09:44:00","slug":"5-nejzaludnejsich-otazek-pro-lektory-greenpeace","status":"publish","type":"post","link":"https:\/\/www.greenpeace.org\/czech\/clanek\/12714\/5-nejzaludnejsich-otazek-pro-lektory-greenpeace\/","title":{"rendered":"5 nejz\u00e1ludn\u011bj\u0161\u00edch ot\u00e1zek pro lektory Greenpeace"},"content":{"rendered":"\n<p>V\u011b\u0159ili byste, \u017ee i na\u0161i lekto\u0159i ob\u010das n\u011bco nev\u00ed? Vybrali jsme p\u011bt nejz\u00e1ludn\u011bj\u0161\u00edch ot\u00e1zek, kter\u00e9 kdy na workshopech Greenpeace dostali a odpov\u011bdi na n\u011b najdete v \u010dl\u00e1nku n\u00ed\u017e. Ur\u010dit\u011b to ale nejsou v\u0161echny z\u00e1ludn\u00e9 ot\u00e1zky, kter\u00e9 kdy n\u011bkoho v souvislosti s Greenpeace napadly. Napad\u00e1 v\u00e1s zrovna n\u011bjak\u00e1? Tak sem s n\u00ed, r\u00e1di na ni odpov\u00edme t\u0159eba v koment\u00e1\u0159\u00edch pod \u010dl\u00e1nkem nebo na na\u0161em Facebooku.<\/p>\n\n<figure class=\"wp-block-image size-large caption-style-medium caption-alignment-center\"><img loading=\"lazy\" decoding=\"async\" width=\"1024\" height=\"683\" src=\"https:\/\/www.greenpeace.org\/static\/planet4-czech-republic-stateless\/2020\/11\/7b9b429c-gp0stpcp8_medium_res-1024x683.jpg\" alt=\"\" class=\"wp-image-12271\" srcset=\"https:\/\/www.greenpeace.org\/static\/planet4-czech-republic-stateless\/2020\/11\/7b9b429c-gp0stpcp8_medium_res-1024x683.jpg 1024w, https:\/\/www.greenpeace.org\/static\/planet4-czech-republic-stateless\/2020\/11\/7b9b429c-gp0stpcp8_medium_res-300x200.jpg 300w, https:\/\/www.greenpeace.org\/static\/planet4-czech-republic-stateless\/2020\/11\/7b9b429c-gp0stpcp8_medium_res-768x512.jpg 768w, https:\/\/www.greenpeace.org\/static\/planet4-czech-republic-stateless\/2020\/11\/7b9b429c-gp0stpcp8_medium_res-510x340.jpg 510w, https:\/\/www.greenpeace.org\/static\/planet4-czech-republic-stateless\/2020\/11\/7b9b429c-gp0stpcp8_medium_res.jpg 1200w\" sizes=\"auto, (max-width: 1024px) 100vw, 1024px\" \/><figcaption>Greenpeace volunteers head from Sydney&#8217;s Botany Bay up the Cooks River to pick up rubbish. The initiative is driven by the Sydney Greenpeace Local Group and takes place on the first Sunday of each month at various locations around Sydney. Most of the rubbish collected consisted of plastic bags, plastic beverage containers and other plastics.<\/figcaption><\/figure>\n\n<p><strong>Kolik je mo\u017en\u00e9 z\u00edskat ro\u010dn\u011b energie ze Slunce? Ut\u00e1hla by sol\u00e1rn\u00ed energie sama spot\u0159ebu Zem\u011b?<\/strong><br>Mno\u017estv\u00ed slune\u010dn\u00ed energie dopadaj\u00edc\u00ed na zem p\u0159evy\u0161uje asi 15 000kr\u00e1t sou\u010dasnou celosv\u011btovou spot\u0159ebu, tak\u017ee teoreticky by slune\u010dn\u00ed energie pot\u0159eby lidsk\u00e9 spole\u010dnosti ut\u00e1hla. Pro p\u0159edstavu a \u010dist\u011b teoreticky by plocha 55 km\u00b2 na Saha\u0159e, vybaven\u00e1 sol\u00e1rn\u00edmi panely, energeticky zajistila N\u011bmecko. Realita je samoz\u0159ejm\u011b slo\u017eit\u011bj\u0161\u00ed, proto\u017ee bychom tuto energii museli n\u011bjak p\u0159epravit a skladovat. Nav\u00edc p\u0159enosov\u00e1 energetick\u00e1 soustava m\u00e1 n\u011bjak\u00e9 parametry a vy\u017eaduje stabiln\u00ed nap\u011bt\u00ed, a pouze na energii ze Slunce tak jet nem\u016f\u017ee, je pot\u0159eba m\u00edt zaji\u0161t\u011bn\u00fd mix r\u016fzn\u00fdch zdroj\u016f. Ale pokud jde o v\u00fdkon, ten m\u00e1 Slunce ur\u010dit\u011b nejv\u011bt\u0161\u00ed ze v\u0161ech zdroj\u016f.<\/p>\n\n<p><strong>Jak funguj\u00ed kompostovac\u00ed z\u00e1chody? Smrd\u00ed? Lze je pou\u017e\u00edt ve velk\u00e9m ve m\u011bst\u011b?<\/strong><br>Kompostovac\u00ed nebo taky separa\u010dn\u00ed toalety jsou u\u017e dnes b\u011b\u017en\u011b prod\u00e1van\u00e9 velk\u00fdmi firmami. Skute\u010dn\u011b nesmrd\u00ed a funguj\u00ed tak, \u017ee ukl\u00e1daj\u00ed zvl\u00e1\u0161\u0165 pevn\u00fd a tekut\u00fd odpad. Ke sv\u00e9 funkci nepot\u0159ebuj\u00ed vodu (\u0161et\u0159\u00ed tak a\u017e t\u0159etinovou spot\u0159ebu dom\u00e1cnosti) a jedin\u00fd probl\u00e9m vznik\u00e1 co se separovan\u00fdm odpadem, kter\u00fd je t\u0159eba vyn\u00e9st. Ide\u00e1ln\u00ed je asi sp\u00ed\u0161 na chatu v n\u011bjak\u00e9 oblasti, kde nejsou odpady a kde je vyu\u017eit\u00ed pro kompost, ale t\u0159eba ve Skandin\u00e1vii je celkem b\u011b\u017en\u00fd i v m\u011bstsk\u00fdch oblastech, kde se sb\u00edr\u00e1 kompost komunitn\u011b.<\/p>\n\n<p><strong>Co si Greenpeace mysl\u00ed o n\u00e1padu vyst\u0159elovat odpadky do Slunce?<\/strong><br>Projekt elektromagnetick\u00e9ho d\u011bla, kter\u00fd by vyst\u0159eloval odpad ke Slunci skute\u010dn\u011b jako teorie existuje, ale jde o radioaktivn\u00ed odpad. Jde o jeden n\u00e1vrh\u016f jak \u0159e\u0161it probl\u00e9my s odpadem z francouzsk\u00fdch jadern\u00fdch elektr\u00e1ren. Francouzsk\u00fd energetick\u00fd syst\u00e9m vytvo\u0159\u00ed ro\u010dn\u011b n\u011bkolik tun tohoto odpadu. My si mysl\u00edme, \u017ee levn\u011bj\u0161\u00ed bude zamyslet se nad budoucnost\u00ed bez jadern\u00fdch elektr\u00e1ren, t\u00edm p\u00e1dem zmiz\u00ed pot\u0159eba vyst\u0159elovat odpad z nich do Slunce. Vzhledem k provozn\u00edm n\u00e1klad\u016fm na jedno vyst\u0159elen\u00ed to zcela jist\u011b nevy\u0159e\u0161\u00ed ani obecn\u011b probl\u00e9m s odpadky a proto je lep\u0161\u00ed sni\u017eovat osobn\u00ed spot\u0159ebu a z\u00e1rove\u0148 tla\u010dit na syst\u00e9mov\u00e9 zm\u011bny, kter\u00e9 budou zohled\u0148ovat stopu, jakou obalov\u00fd pr\u016fmysl nech\u00e1v\u00e1 na \u017eivotn\u00edm prost\u0159ed\u00ed.<\/p>\n\n<p><strong>N\u011bkde jsem \u010detl, \u017ee existuj\u00ed \u017eivo\u010dichov\u00e9, kte\u0159\u00ed po\u017e\u00edraj\u00ed plast. V\u00edte o n\u011bm n\u011bco a m\u016f\u017ee pomoct vy\u0159e\u0161it ot\u00e1zku plastov\u00e9ho odpadu?<\/strong><br>V roce 2017 byl <a href=\"http:\/\/www.cell.com\/current-biology\/fulltext\/S0960-9822(17)30231-2\">v popul\u00e1rn\u011b v\u011bdeck\u00fdch m\u00e9di\u00edch skute\u010dn\u011b pops\u00e1n<\/a> p\u0159\u00edpad housenky mot\u00fdlka zav\u00edje\u010de voskov\u00e9ho, kter\u00e1 \u017eije ve v\u010del\u00edm \u00falu a po\u017e\u00edr\u00e1 plast. P\u0159i\u0161el na to jeden v\u010dela\u0159, kdy\u017e vid\u011bl, \u017ee mu pro\u017e\u00edraj\u00ed igelitov\u00e9 s\u00e1\u010dky v \u00falu. Pozd\u011bji to prov\u011b\u0159ili v\u00fdzkumn\u00edci a zjistili, \u017ee 100 t\u011bchto housenek, se\u017eere za 12 hodin asi 90 miligram\u016f plastu. Kdy\u017e to rozpo\u010d\u00edt\u00e1me na jednu housenku a den, vyjde to asi na 2 miligramy denn\u011b. Plastov\u00e9ho odpadu ale bohu\u017eel na zemi vznikaj\u00ed stovky tis\u00edc tun. U\u017e z tohohohle matematick\u00e9ho pohledu je jasn\u00e9, \u017ee \u0159e\u0161en\u00ed situace to b\u00fdt nem\u016f\u017ee. Nav\u00edc um\u011bl\u00e9 rozmno\u017eov\u00e1n\u00ed jak\u00e9hokoli druhu by mohlo nad\u011blat v ekosyst\u00e9mu v\u00edc \u0161kody ne\u017e u\u017eitku. V posledn\u00edch letech se poda\u0159ilo tak\u00e9 objevit <a href=\"https:\/\/echo24.cz\/a\/w28tn\/prelomovy-objev-vedci-nalezli-bakterie-pozirajici-plasty\">bakterie, kter\u00e9 plast rozkl\u00e1daj\u00ed<\/a>, ale jejich praktick\u00e9 vyu\u017eit\u00ed je zat\u00edm st\u00e1le nedostupn\u00e9. \u0158e\u0161en\u00ed probl\u00e9mu plastov\u00fdch obal\u016f mus\u00edme zat\u00edm hledat jinde, a to v zastaven\u00ed obrovsk\u00e9 produkce plastu a nastaven\u00ed funguj\u00edc\u00edho syst\u00e9mu jeho recyklace.<\/p>\n\n<p><strong>Je lep\u0161\u00ed jednor\u00e1zov\u00fd pytl\u00edk plastov\u00fd nebo pap\u00edrovy?<\/strong><br>\u017d\u00e1dn\u00fd jednor\u00e1zov\u00fd pytl\u00edk nen\u00ed dobr\u00fd. Pap\u00edr se sice rozkl\u00e1d\u00e1 mnohem l\u00e9pe ne\u017e plast, ale jeho v\u00fdroba je energeticky n\u00e1ro\u010dn\u011bj\u0161\u00ed a spot\u0159eba pap\u00edru ohro\u017euje na\u0161e lesy \u010di pralesy. Pap\u00edrov\u00fd pytl\u00edk by tak byl jednozna\u010dn\u011b lep\u0161\u00ed pouze pokud by se zm\u011bnil zp\u016fsob jeho v\u00fdroby. A podle n\u011bkter\u00fdch studi\u00edch se na velk\u00fdch skl\u00e1dk\u00e1ch dokonce d\u00edky nedostatku vody a vzduchu pap\u00edr rozkl\u00e1d\u00e1 stejn\u011b pomalu jako plast. Z ekologick\u00e9ho hlediska vych\u00e1z\u00ed nejl\u00e9pe ta\u0161ky z recyklovan\u00e9ho polyesteru a z bavlny. Ale asi to nejd\u016fle\u017eit\u011bj\u0161\u00ed je uv\u011bdomit si, \u017ee jak\u00fdkoli jednor\u00e1zov\u00fd pytl\u00edk je ve v\u011bt\u0161in\u011b p\u0159\u00edpad\u016f nesmysl, proto\u017ee se d\u00e1 pou\u017e\u00edt v\u00edckr\u00e1t a svou ekologickou stopu tak v\u00fdrazn\u011b sn\u00ed\u017eit.<\/p>\n","protected":false},"excerpt":{"rendered":"<p>Kolik je mo\u017en\u00e9 z\u00edskat ro\u010dn\u011b energie ze Slunce? Ut\u00e1hla by sol\u00e1rn\u00ed energie sama spot\u0159ebu Zem\u011b?<\/p>\n","protected":false},"author":41,"featured_media":12271,"comment_status":"open","ping_status":"closed","sticky":false,"template":"","format":"standard","meta":{"ep_exclude_from_search":false,"p4_og_title":"5 nejz\u00e1ludn\u011bj\u0161\u00edch ot\u00e1zek pro lektory Greenpeace","p4_og_description":"V\u011b\u0159ili byste, \u017ee i na\u0161i lekto\u0159i ob\u010das n\u011bco nev\u00ed? Vybrali jsme p\u011bt nejz\u00e1ludn\u011bj\u0161\u00edch ot\u00e1zek, kter\u00e9 kdy na workshopech Greenpeace dostali a odpov\u011bdi na n\u011b najdete v \u010dl\u00e1nku n\u00ed\u017e. Ur\u010dit\u011b to ale nejsou v\u0161echny z\u00e1ludn\u00e9 ot\u00e1zky, kter\u00e9 kdy n\u011bkoho v souvislosti s Greenpeace napadly. Napad\u00e1 v\u00e1s zrovna n\u011bjak\u00e1? Tak sem s n\u00ed, r\u00e1di na ni odpov\u00edme t\u0159eba v koment\u00e1\u0159\u00edch na na\u0161em Facebooku.","p4_og_image":"https:\/\/www.greenpeace.org\/static\/planet4-czech-republic-stateless\/2020\/11\/7b9b429c-gp0stpcp8_medium_res.jpg","p4_og_image_id":"12271","p4_seo_canonical_url":"","p4_campaign_name":"not set","p4_local_project":"not set","p4_basket_name":"not set","p4_department":"","footnotes":""},"categories":[3],"tags":[24,38],"p4-page-type":[16],"class_list":["post-12714","post","type-post","status-publish","format-standard","has-post-thumbnail","hentry","category-nas-svet","tag-aktivni-spolecnost","tag-skolni-vzdelavani","p4-page-type-clanek"],"_links":{"self":[{"href":"https:\/\/www.greenpeace.org\/czech\/wp-json\/wp\/v2\/posts\/12714","targetHints":{"allow":["GET"]}}],"collection":[{"href":"https:\/\/www.greenpeace.org\/czech\/wp-json\/wp\/v2\/posts"}],"about":[{"href":"https:\/\/www.greenpeace.org\/czech\/wp-json\/wp\/v2\/types\/post"}],"author":[{"embeddable":true,"href":"https:\/\/www.greenpeace.org\/czech\/wp-json\/wp\/v2\/users\/41"}],"replies":[{"embeddable":true,"href":"https:\/\/www.greenpeace.org\/czech\/wp-json\/wp\/v2\/comments?post=12714"}],"version-history":[{"count":5,"href":"https:\/\/www.greenpeace.org\/czech\/wp-json\/wp\/v2\/posts\/12714\/revisions"}],"predecessor-version":[{"id":14618,"href":"https:\/\/www.greenpeace.org\/czech\/wp-json\/wp\/v2\/posts\/12714\/revisions\/14618"}],"wp:featuredmedia":[{"embeddable":true,"href":"https:\/\/www.greenpeace.org\/czech\/wp-json\/wp\/v2\/media\/12271"}],"wp:attachment":[{"href":"https:\/\/www.greenpeace.org\/czech\/wp-json\/wp\/v2\/media?parent=12714"}],"wp:term":[{"taxonomy":"category","embeddable":true,"href":"https:\/\/www.greenpeace.org\/czech\/wp-json\/wp\/v2\/categories?post=12714"},{"taxonomy":"post_tag","embeddable":true,"href":"https:\/\/www.greenpeace.org\/czech\/wp-json\/wp\/v2\/tags?post=12714"},{"taxonomy":"p4-page-type","embeddable":true,"href":"https:\/\/www.greenpeace.org\/czech\/wp-json\/wp\/v2\/p4-page-type?post=12714"}],"curies":[{"name":"wp","href":"https:\/\/api.w.org\/{rel}","templated":true}]}}