{"id":12825,"date":"2021-02-01T16:01:23","date_gmt":"2021-02-01T15:01:23","guid":{"rendered":"https:\/\/www.greenpeace.org\/czech\/?p=12825"},"modified":"2021-12-01T13:30:53","modified_gmt":"2021-12-01T12:30:53","slug":"vlada-neprijala-doporuceni-uhelne-komise-pujde-do-meziresostu-cast-ministru-chce-totiz-konec-uhli-v-roce-2033","status":"publish","type":"post","link":"https:\/\/www.greenpeace.org\/czech\/tiskova-zprava\/12825\/vlada-neprijala-doporuceni-uhelne-komise-pujde-do-meziresostu-cast-ministru-chce-totiz-konec-uhli-v-roce-2033\/","title":{"rendered":"Vl\u00e1da nep\u0159ijala doporu\u010den\u00ed Uheln\u00e9 komise, p\u016fjde do meziresostu. \u010c\u00e1st ministr\u016f chce toti\u017e konec uhl\u00ed v roce 2033"},"content":{"rendered":"\n<p>Vl\u00e1da \u010cR neschv\u00e1lila term\u00edn konce spalov\u00e1n\u00ed uhl\u00ed dle lo\u0148sk\u00e9ho usnesen\u00ed Uheln\u00e9 komise, kter\u00e1 doporu\u010dila rok 2038. Dle informace, kterou<a href=\"https:\/\/denikn.cz\/minuta\/552174\/?ref=pop\"> poskytl vicepremi\u00e9r Jan Ham\u00e1\u010dek Den\u00edku N<\/a>, se minist\u0159i a ministryn\u011b dohodli, \u017ee n\u00e1vrh komise mus\u00ed nejd\u0159\u00edv proj\u00edt meziresortn\u00edm p\u0159ipom\u00ednkov\u00fdm \u0159\u00edzen\u00edm. <a href=\"https:\/\/zpravy.aktualne.cz\/ekonomika\/ve-vlade-sili-hlasy-pro-drivejsi-odklon-od-uhli-hamacek-i-pe\/r~dafda24e5fda11ebaabd0cc47ab5f122\/\">\u010c\u00e1st \u010dlen\u016f vl\u00e1dy se v p\u0159edchoz\u00edch dnech vyj\u00e1d\u0159ila pro d\u0159\u00edv\u011bj\u0161\u00ed term\u00edn<\/a>, tedy rok 2033. Mezi nimi byl i ministr \u017eivotn\u00edho prost\u0159ed\u00ed Richard Brabec, ale tak\u00e9 \u010dlenov\u00e9 vl\u00e1dy za \u010cSSD, zejm\u00e9na ministr zahrani\u010d\u00ed Tom\u00e1\u0161 Pet\u0159\u00ed\u010dek, ministr kultury Lubom\u00edr Zaor\u00e1lek a vicepremi\u00e9r Jan Ham\u00e1\u010dek, kter\u00fd avizoval podporu rychlej\u0161\u00edho odklonu od uhl\u00ed od v\u0161ech ministr\u016f za \u010cSSD. Po co nejrychlej\u0161\u00edm konci t\u011b\u017eby uhl\u00ed volal i ministr zdravotnictv\u00ed Jan Blatn\u00fd. Na nedostatek podklad\u016f pro schv\u00e1len\u00ed doporu\u010den\u00ed pak upozor\u0148ovala p\u0159edev\u0161\u00edm ministryn\u011b soci\u00e1ln\u00edch v\u011bc\u00ed Jana Mal\u00e1\u010dov\u00e1.<\/p>\n\n<figure class=\"wp-block-image size-large  caption-style-medium caption-alignment-center\"><img loading=\"lazy\" decoding=\"async\" width=\"1024\" height=\"681\" src=\"https:\/\/www.greenpeace.org\/static\/planet4-czech-republic-stateless\/2021\/02\/406d4eb0-2021_02_01_gp_uhelne_museum_2400px_zewlakk-1637-1024x681.jpg\" alt=\"\" class=\"wp-image-12826\" srcset=\"https:\/\/www.greenpeace.org\/static\/planet4-czech-republic-stateless\/2021\/02\/406d4eb0-2021_02_01_gp_uhelne_museum_2400px_zewlakk-1637-1024x681.jpg 1024w, https:\/\/www.greenpeace.org\/static\/planet4-czech-republic-stateless\/2021\/02\/406d4eb0-2021_02_01_gp_uhelne_museum_2400px_zewlakk-1637-300x200.jpg 300w, https:\/\/www.greenpeace.org\/static\/planet4-czech-republic-stateless\/2021\/02\/406d4eb0-2021_02_01_gp_uhelne_museum_2400px_zewlakk-1637-768x511.jpg 768w, https:\/\/www.greenpeace.org\/static\/planet4-czech-republic-stateless\/2021\/02\/406d4eb0-2021_02_01_gp_uhelne_museum_2400px_zewlakk-1637-1536x1022.jpg 1536w, https:\/\/www.greenpeace.org\/static\/planet4-czech-republic-stateless\/2021\/02\/406d4eb0-2021_02_01_gp_uhelne_museum_2400px_zewlakk-1637-2048x1363.jpg 2048w, https:\/\/www.greenpeace.org\/static\/planet4-czech-republic-stateless\/2021\/02\/406d4eb0-2021_02_01_gp_uhelne_museum_2400px_zewlakk-1637-510x340.jpg 510w\" sizes=\"auto, (max-width: 1024px) 100vw, 1024px\" \/><figcaption>Do\u010dk\u00e1me se konce uhl\u00ed v \u010cesk\u00e9 republice d\u0159\u00edv, ne\u017e v roce 2038, nebo z\u016fstaneme dlouh\u00e1 l\u00e9ta uheln\u00fdm skanzenem? N\u011bkte\u0159\u00ed minist\u0159i u\u017e nyn\u00ed hlasit\u011b podporuj\u00ed rok 2033, v\u011bt\u0161ina se ale st\u00e1le nevyj\u00e1d\u0159ila. (c) Greenpeace &#8211; Petr Zewlakk Vrabec <\/figcaption><\/figure>\n\n<p>Ekologick\u00e9 organizace od za\u010d\u00e1tku <a href=\"https:\/\/www.hnutiduha.cz\/aktualne\/vetsina-v-uhelne-komisi-zvolila-naraz-do-zdi-uhli-do-roku-2038-neprezije-vlada-musi-byt\">kritizovaly samotn\u00e9 doporu\u010den\u00ed Uheln\u00e9 komise<\/a>, kter\u00e9 bez \u0159\u00e1dn\u00fdch podklad\u016f a s nespr\u00e1vn\u00fdmi \u010d\u00edsly narychlo protla\u010dil ministr pr\u016fmyslu Karel Havl\u00ed\u010dek. Hlavn\u00edm probl\u00e9mem doporu\u010den\u00ed Uheln\u00e9 komise je, \u017ee po\u010d\u00edtala s p\u0159\u00edli\u0161 n\u00edzk\u00fdm odhadem ceny emisn\u00ed povolenky. Je to ale pr\u00e1v\u011b stabiln\u011b rostouc\u00ed cena povolenek, kter\u00e1 <a href=\"https:\/\/www.greenpeace.org\/czech\/tiskova-zprava\/12486\/ekologicke-organizace-odchazeji-z-uhelne-komise-odmitaji-se-nadale-podilet-na-nezodpovednem-planu-na-pozdni-konec-uhli\/\">pl\u00e1ny na dal\u0161\u00edch 17 let spalov\u00e1n\u00ed uhl\u00ed nejsp\u00ed\u0161e rozbije na kusy<\/a>.<\/p>\n\n<p>Rok 2033 je podle ekologick\u00fdch organizac\u00ed, kter\u00e9 po prosincov\u00e9m hlasov\u00e1n\u00ed Uhelnou komisi opustily, realisti\u010dt\u011bj\u0161\u00ed a zodpov\u011bdn\u011bj\u0161\u00ed. D\u00e1v\u00e1 v\u011bt\u0161\u00ed smysl z hlediska ochrany klimatu a zdrav\u00ed lid\u00ed, energetick\u00e9 bezpe\u010dnosti i modernizace energetiky. Z\u00e1sadn\u00ed je i pro v\u010dasnou p\u0159\u00edpravu na spravedlivou transformaci uheln\u00fdch region\u016f i <a href=\"https:\/\/www.hnutiduha.cz\/aktualne\/vlada-v-pondeli-rozhodne-o-konci-uhli-v-cr-cast-ministru-chce-rok-2033-havlicek-haji-rok\">pro zaji\u0161t\u011bn\u00ed n\u00e1hrad pracovn\u00edch m\u00edst a tak\u00e9 \u010derp\u00e1n\u00ed EU fond\u016f na tyto \u00fa\u010dely<\/a>.<\/p>\n\n<p><strong>Ji\u0159\u00ed Ko\u017eelouh, vedouc\u00ed energetick\u00e9ho programu Hnut\u00ed DUHA a b\u00fdval\u00fd \u010dlen Uheln\u00e9 komise, \u0159ekl:<\/strong><br><em>\u201cVl\u00e1da dala za pravdu ekologick\u00fdm organizac\u00edm, kdy\u017e dnes nep\u0159ijala doporu\u010den\u00ed Uheln\u00e9 komise, proti kter\u00e9mu jsem v komisi hlasoval j\u00e1 i kolega Jan Rovensk\u00fd z Greenpeace. Usnesen\u00ed bylo vytvo\u0159en\u00e9 narychlo a bez dostate\u010dn\u00fdch podklad\u016f. Term\u00edn konce uhl\u00ed 2038 je p\u0159\u00edli\u0161 pozd\u011b a mimo realitu z hlediska ochrany klimatu i ekonomick\u00e9ho v\u00fdhledu uhl\u00ed. Cht\u011bl bych pod\u011bkovat v\u0161em \u010dlen\u016fm vl\u00e1dy, kte\u0159\u00ed \u017e\u00e1daj\u00ed zkr\u00e1cen\u00ed alespo\u0148 na rok 2033. V r\u00e1mci meziresortu je p\u0159\u00edle\u017eitost diskutovat o realistick\u00e9m pl\u00e1nu na odklon od uhl\u00ed v p\u0159\u00ed\u0161t\u00edch p\u0159ibli\u017en\u011b deseti letech a jak jej ud\u011blat soci\u00e1ln\u011b spravedliv\u011b k lidem, pracuj\u00edc\u00edm v uheln\u00e9m pr\u016fmyslu.\u201d<\/em><\/p>\n\n<p><strong>Luk\u00e1\u0161 Hr\u00e1bek, tiskov\u00fd mluv\u010d\u00ed Greenpeace, \u0159\u00edk\u00e1:<\/strong><br><em>\u201cMinistr pr\u016fmyslu a obchodu Karel Havl\u00ed\u010dek prosadil v Uheln\u00e9 komisi sv\u00e9 stanovisko, ani\u017e by byly \u0159\u00e1dn\u011b vypracov\u00e1ny podrobn\u00e9 podklady a spln\u011bny \u00fakoly, kter\u00e9 vl\u00e1da Uheln\u00e9 komisi zadala. Nen\u00ed divu, \u017ee toto usnesen\u00ed hodili Havl\u00ed\u010dkovi ostatn\u00ed minist\u0159i a ministryn\u011b na hlavu. Vadilo jim tak\u00e9, \u017ee se nemohli k materi\u00e1lu vyj\u00e1d\u0159it, proto te\u010f p\u016fjde do \u0159\u00e1dn\u00e9ho meziresortn\u00edho p\u0159ipom\u00ednkov\u00e1n\u00ed. Ot\u00e1zku, jestli m\u00e1 smysl prodlu\u017eovat p\u0159edsmrtnou ag\u00f3nii uheln\u00e9ho pr\u016fmyslu a\u017e do roku 2038, nebo zda je lep\u0161\u00ed napl\u00e1novat \u00fatlum uhl\u00ed v p\u0159\u00ed\u0161t\u00edch deseti letech, tak z\u0159ejm\u011b vl\u00e1da rozsekne a\u017e za n\u011bkolik t\u00fddn\u016f \u010di dokonce m\u011bs\u00edc\u016f.\u201d<\/em><\/p>\n\n<p><strong>Daniel Vondrou\u0161, \u0159editel Asociace ekologick\u00fdch organizac\u00ed Zelen\u00fd kruh \u0159ekl:&nbsp;<\/strong><br><em>\u201cUheln\u00e1 komise nezvl\u00e1dla p\u0159ipravit vl\u00e1d\u011b po\u017eadovan\u00e9 podklady k rozhodov\u00e1n\u00ed o konci uhl\u00ed. Znovu se potvrdilo, \u017ee rozhodnut\u00ed ekologick\u00fdch organizac\u00ed odej\u00edt ze \u0161patn\u011b veden\u00e9 komise bylo spr\u00e1vn\u00e9.\u201d<\/em><\/p>\n<div class=\"EmptyMessage\">Block content is empty. Check the block&#8217;s settings or remove it.<\/div>","protected":false},"excerpt":{"rendered":"<p>Vl\u00e1da \u010cR neschv\u00e1lila term\u00edn konce spalov\u00e1n\u00ed uhl\u00ed dle lo\u0148sk\u00e9ho usnesen\u00ed Uheln\u00e9 komise, kter\u00e1 doporu\u010dila rok 2038. Dle informace, kterou poskytl vicepremi\u00e9r Jan Ham\u00e1\u010dek Den\u00edku N, se minist\u0159i a ministryn\u011b&hellip;<\/p>\n","protected":false},"author":27,"featured_media":12826,"comment_status":"open","ping_status":"closed","sticky":false,"template":"","format":"standard","meta":{"ep_exclude_from_search":false,"p4_og_title":"","p4_og_description":"","p4_og_image":"","p4_og_image_id":"","p4_seo_canonical_url":"","p4_campaign_name":"not set","p4_local_project":"not set","p4_basket_name":"not set","p4_department":"","footnotes":""},"categories":[4],"tags":[20,25,34],"p4-page-type":[14],"class_list":["post-12825","post","type-post","status-publish","format-standard","has-post-thumbnail","hentry","category-energeticka-revoluce","tag-zmena-klimatu","tag-konec-doby-fosilni","tag-uhelnakomise","p4-page-type-tiskova-zprava"],"_links":{"self":[{"href":"https:\/\/www.greenpeace.org\/czech\/wp-json\/wp\/v2\/posts\/12825","targetHints":{"allow":["GET"]}}],"collection":[{"href":"https:\/\/www.greenpeace.org\/czech\/wp-json\/wp\/v2\/posts"}],"about":[{"href":"https:\/\/www.greenpeace.org\/czech\/wp-json\/wp\/v2\/types\/post"}],"author":[{"embeddable":true,"href":"https:\/\/www.greenpeace.org\/czech\/wp-json\/wp\/v2\/users\/27"}],"replies":[{"embeddable":true,"href":"https:\/\/www.greenpeace.org\/czech\/wp-json\/wp\/v2\/comments?post=12825"}],"version-history":[{"count":3,"href":"https:\/\/www.greenpeace.org\/czech\/wp-json\/wp\/v2\/posts\/12825\/revisions"}],"predecessor-version":[{"id":15435,"href":"https:\/\/www.greenpeace.org\/czech\/wp-json\/wp\/v2\/posts\/12825\/revisions\/15435"}],"wp:featuredmedia":[{"embeddable":true,"href":"https:\/\/www.greenpeace.org\/czech\/wp-json\/wp\/v2\/media\/12826"}],"wp:attachment":[{"href":"https:\/\/www.greenpeace.org\/czech\/wp-json\/wp\/v2\/media?parent=12825"}],"wp:term":[{"taxonomy":"category","embeddable":true,"href":"https:\/\/www.greenpeace.org\/czech\/wp-json\/wp\/v2\/categories?post=12825"},{"taxonomy":"post_tag","embeddable":true,"href":"https:\/\/www.greenpeace.org\/czech\/wp-json\/wp\/v2\/tags?post=12825"},{"taxonomy":"p4-page-type","embeddable":true,"href":"https:\/\/www.greenpeace.org\/czech\/wp-json\/wp\/v2\/p4-page-type?post=12825"}],"curies":[{"name":"wp","href":"https:\/\/api.w.org\/{rel}","templated":true}]}}