{"id":12976,"date":"2020-12-01T15:42:02","date_gmt":"2020-12-01T14:42:02","guid":{"rendered":"https:\/\/www.greenpeace.org\/czech\/?p=12976"},"modified":"2023-12-05T10:26:23","modified_gmt":"2023-12-05T09:26:23","slug":"magazin-greenpeace-zima-2020","status":"publish","type":"post","link":"https:\/\/www.greenpeace.org\/czech\/magazin\/12976\/magazin-greenpeace-zima-2020\/","title":{"rendered":"Zima"},"content":{"rendered":"\n<figure class=\"wp-block-image size-large is-resized\"><img loading=\"lazy\" decoding=\"async\" src=\"https:\/\/www.greenpeace.org\/static\/planet4-czech-republic-stateless\/2020\/12\/2073c51c-maketa_gp_mag_zima_2020-01-722x1024.png\" alt=\"\" class=\"wp-image-16612\" width=\"361\" height=\"512\" srcset=\"https:\/\/www.greenpeace.org\/static\/planet4-czech-republic-stateless\/2020\/12\/2073c51c-maketa_gp_mag_zima_2020-01-722x1024.png 722w, https:\/\/www.greenpeace.org\/static\/planet4-czech-republic-stateless\/2020\/12\/2073c51c-maketa_gp_mag_zima_2020-01-211x300.png 211w, https:\/\/www.greenpeace.org\/static\/planet4-czech-republic-stateless\/2020\/12\/2073c51c-maketa_gp_mag_zima_2020-01-768x1089.png 768w, https:\/\/www.greenpeace.org\/static\/planet4-czech-republic-stateless\/2020\/12\/2073c51c-maketa_gp_mag_zima_2020-01-1083x1536.png 1083w, https:\/\/www.greenpeace.org\/static\/planet4-czech-republic-stateless\/2020\/12\/2073c51c-maketa_gp_mag_zima_2020-01-963x1366.png 963w, https:\/\/www.greenpeace.org\/static\/planet4-czech-republic-stateless\/2020\/12\/2073c51c-maketa_gp_mag_zima_2020-01-240x340.png 240w, https:\/\/www.greenpeace.org\/static\/planet4-czech-republic-stateless\/2020\/12\/2073c51c-maketa_gp_mag_zima_2020-01.png 1166w\" sizes=\"auto, (max-width: 361px) 100vw, 361px\" \/><\/figure>\n\n<h2 class=\"wp-block-heading\">Obsah \u010d\u00edsla<\/h2>\n\n<ul class=\"wp-block-list\"><li>5 ot\u00e1zek pro u\u010ditelku, kter\u00e1 pozvala Greenpeace do sv\u00e9 hodiny<\/li><li>Jagu\u00e1r v\u00e1s ve videu vezme do sp\u00e1len\u00e9ho pralesa<\/li><li>10 tip\u016f, jak j\u00edst v\u00edc rostlinn\u00fdch potravin<\/li><li>Kolik masa m\u00e1m j\u00edst?<\/li><li>Filmov\u00e9 tipy: ochrana p\u0159\u00edrody i vzdu\u0161n\u00ed pir\u00e1ti<\/li><li>V\u00e1noce a spolubyt\u00ed<\/li><li>11 tip\u016f pro \u0161etrn\u00e9 V\u00e1noce<\/li><li>\u010cesk\u00e1 pobo\u010dka Greenpeace se p\u0159ipojuje ke kampani za ochranu oce\u00e1n\u016f<\/li><li>\u010cesko se v roce 2030 stane zem\u00ed s druhou nej\u0161pinav\u011bj\u0161\u00ed elekt\u0159inou v EU<\/li><li>Ohro\u017een\u00e9 druhy<\/li><\/ul>\n\n<div class=\"wp-block-buttons is-layout-flex wp-block-buttons-is-layout-flex\">\n<div class=\"wp-block-button is-style-cta\"><a class=\"wp-block-button__link\" href=\"https:\/\/www.greenpeace.org\/static\/planet4-czech-republic-stateless\/2021\/04\/3c06cb9f-gp-mag-zima-2020.pdf\">St\u00e1hnout magaz\u00edn (PDF, 2MB)<\/a><\/div>\n<\/div>\n","protected":false},"excerpt":{"rendered":"<p>5 ot\u00e1zek pro u\u010ditelku, kter\u00e1 pozvala Greenpeace do sv\u00e9 hodiny \u2022 Jagu\u00e1r v\u00e1s ve videu vezme do sp\u00e1len\u00e9ho pralesa \u2022 10 tip\u016f, jak j\u00edst v\u00edc rostlinn\u00fdch potravin \u2022 Kolik masa m\u00e1m j\u00edst? \u2022 Filmov\u00e9 tipy: ochrana p\u0159\u00edrody i vzdu\u0161n\u00ed pir\u00e1ti \u2022 V\u00e1noce a spolubyt\u00ed \u2022 11 tip\u016f pro \u0161etrn\u00e9 V\u00e1noce \u2022 \u010cesk\u00e1 pobo\u010dka Greenpeace se p\u0159ipojuje ke kampani za ochranu oce\u00e1n\u016f \u2022 \u010cesko se v roce 2030 stane zem\u00ed s druhou nej\u0161pinav\u011bj\u0161\u00ed elekt\u0159inou v EU<\/p>\n","protected":false},"author":37,"featured_media":16606,"comment_status":"closed","ping_status":"closed","sticky":false,"template":"","format":"standard","meta":{"ep_exclude_from_search":false,"p4_og_title":"","p4_og_description":"","p4_og_image":"","p4_og_image_id":"","p4_seo_canonical_url":"","p4_campaign_name":"not set","p4_local_project":"not set","p4_basket_name":"not set","p4_department":"","footnotes":""},"categories":[30],"tags":[],"p4-page-type":[35],"class_list":["post-12976","post","type-post","status-publish","format-standard","has-post-thumbnail","hentry","category-greenpeace","p4-page-type-magazin"],"_links":{"self":[{"href":"https:\/\/www.greenpeace.org\/czech\/wp-json\/wp\/v2\/posts\/12976","targetHints":{"allow":["GET"]}}],"collection":[{"href":"https:\/\/www.greenpeace.org\/czech\/wp-json\/wp\/v2\/posts"}],"about":[{"href":"https:\/\/www.greenpeace.org\/czech\/wp-json\/wp\/v2\/types\/post"}],"author":[{"embeddable":true,"href":"https:\/\/www.greenpeace.org\/czech\/wp-json\/wp\/v2\/users\/37"}],"replies":[{"embeddable":true,"href":"https:\/\/www.greenpeace.org\/czech\/wp-json\/wp\/v2\/comments?post=12976"}],"version-history":[{"count":11,"href":"https:\/\/www.greenpeace.org\/czech\/wp-json\/wp\/v2\/posts\/12976\/revisions"}],"predecessor-version":[{"id":16613,"href":"https:\/\/www.greenpeace.org\/czech\/wp-json\/wp\/v2\/posts\/12976\/revisions\/16613"}],"wp:featuredmedia":[{"embeddable":true,"href":"https:\/\/www.greenpeace.org\/czech\/wp-json\/wp\/v2\/media\/16606"}],"wp:attachment":[{"href":"https:\/\/www.greenpeace.org\/czech\/wp-json\/wp\/v2\/media?parent=12976"}],"wp:term":[{"taxonomy":"category","embeddable":true,"href":"https:\/\/www.greenpeace.org\/czech\/wp-json\/wp\/v2\/categories?post=12976"},{"taxonomy":"post_tag","embeddable":true,"href":"https:\/\/www.greenpeace.org\/czech\/wp-json\/wp\/v2\/tags?post=12976"},{"taxonomy":"p4-page-type","embeddable":true,"href":"https:\/\/www.greenpeace.org\/czech\/wp-json\/wp\/v2\/p4-page-type?post=12976"}],"curies":[{"name":"wp","href":"https:\/\/api.w.org\/{rel}","templated":true}]}}