{"id":13180,"date":"2021-03-22T10:58:03","date_gmt":"2021-03-22T09:58:03","guid":{"rendered":"https:\/\/www.greenpeace.org\/czech\/?p=13180"},"modified":"2025-06-23T15:37:42","modified_gmt":"2025-06-23T14:37:42","slug":"svetovy-den-vody-2021-ukazuje-ze-uhli-se-neda-pit","status":"publish","type":"post","link":"https:\/\/www.greenpeace.org\/czech\/clanek\/13180\/svetovy-den-vody-2021-ukazuje-ze-uhli-se-neda-pit\/","title":{"rendered":"Sv\u011btov\u00fd den vody 2021 ukazuje, \u017ee uhl\u00ed se ned\u00e1 p\u00edt"},"content":{"rendered":"\n<p>Sv\u011btov\u00fd den vody vyhl\u00e1sila v roce 1993 OSN na 22. b\u0159ezna. Tento den m\u00e1 p\u0159ipom\u00ednat, \u017ee na sv\u011bt\u011b p\u0159es miliardu lid\u00ed trp\u00ed nedostatkem pitn\u00e9 vody, nebo nem\u00e1 k vod\u011b p\u0159\u00edstup. M\u011bl by ale tak\u00e9 p\u0159ipomenout, \u017ee vodou zbyte\u010dn\u011b pl\u00fdtv\u00e1me a uk\u00e1zat kde. T\u00e9ma leto\u0161n\u00edho sv\u00e1tku vody proto \u00fabytek vody v d\u016fsledku klimatick\u00e9 zm\u011bny a udr\u017eiteln\u00e9 hospoda\u0159en\u00ed s vodou.<\/p>\n\n<p>Organizace European Environmental Bureau, kter\u00e1 sdru\u017euje&nbsp; p\u0159es 140 r\u016fzn\u00fdch organizac\u00ed s t\u00e9matem ochrany \u017eivotn\u00edho prost\u0159ed\u00ed v Evrop\u011b, upozor\u0148uje, \u017ee energetick\u00fd sektor je jedn\u00edm z nejv\u011bt\u0161\u00edch odb\u011bratel\u016f vody v EU. Jen n\u011bmeck\u00e9 hn\u011bdouheln\u00e9 doly t\u011b\u017e\u00ed jednu miliardu m\u00b3 vody ro\u010dn\u011b, co\u017e je p\u011btin\u00e1sobek ro\u010dn\u00ed spot\u0159eby vody v cel\u00e9m Berl\u00edn\u011b. V \u010cesku, N\u011bmecku a Polsku spot\u0159ebuje uheln\u00fd pr\u016fmysl v pr\u016fm\u011bru \u0161estkr\u00e1t v\u00edce vody ne\u017e dom\u00e1cnosti; ale zat\u00edmco lid\u00e9 plat\u00ed za jeden m\u00b3 pitn\u00e9 vody mezi 2,75 a 5,5 eury, uheln\u00e9 spole\u010dnosti dost\u00e1vaj\u00ed p\u0159i placen\u00ed v\u00fdrazn\u00e9 slevy, nebo dokonce neplat\u00ed nic!<\/p>\n\n<figure class=\"wp-block-embed-youtube wp-block-embed is-type-video is-provider-youtube wp-embed-aspect-4-3 wp-has-aspect-ratio\"><div class=\"wp-block-embed__wrapper\">\n<lite-youtube style=\"background-image: url('https:\/\/i.ytimg.com\/vi\/QQ0taf5byrk\/hqdefault.jpg');\" videoid=\"QQ0taf5byrk\" params=\"rel=0\"><\/lite-youtube>\n<\/div><figcaption>&#8222;Uheln\u00e9 korporace zne\u010di\u0161\u0165uj\u00ed na\u0161i vodu a vyh\u00fdbaj\u00ed se placen\u00ed, zat\u00edmco lid\u00e9 a p\u0159\u00edroda nesou n\u00e1klady.&#8220; Nen\u00ed to jen nespravedliv\u00e9, podle z\u00e1kon\u016f EU je to i nez\u00e1konn\u00e9. Je \u010das abychom chr\u00e1nili vodu a aby zne\u010di\u0161\u0165ovatel\u00e9 nesli odpov\u011bdnost.<\/figcaption><\/figure>\n\n<p>Evrop\u0161t\u00ed kolegov\u00e9 samoz\u0159ejm\u011b zmi\u0148uj\u00ed i problematiku polsk\u00e9ho hn\u011bdouheln\u00e9ho dolu Tur\u00f3w. D\u016fl a nedalek\u00e1 elektr\u00e1rna doslova vys\u00e1vaj\u00ed vodu z \u010desk\u00e9ho a n\u011bmeck\u00e9ho pohrani\u010d\u00ed. Odhadovan\u00fd pokles spodn\u00edch vod v regionu je v\u00edc ne\u017e 100 metr\u016f. Vodu, kterou pou\u017e\u00edvaj\u00ed, nav\u00edc uheln\u00e9 doly a elektr\u00e1rny zne\u010di\u0161\u0165uj\u00ed \u017eelezem, s\u00edrany a rtut\u00ed. Po n\u011bkolika letech spor\u016f mezi polskou st\u00e1tn\u00ed energetickou firmou PGE a ekologick\u00fdmi aktivisty se stal Tur\u00f3w celoevropsk\u00fdm probl\u00e9mem. \u010cesk\u00e1 vl\u00e1da podala \u017ealobu na Polsko k Soudn\u00edmu dvoru EU. PGE p\u0159esto v Polsku st\u00e1le usiluje o prodlou\u017een\u00ed t\u011b\u017eby do roku 2044. Jej\u00ed \u017e\u00e1dost nyn\u00ed bude posuzovat ministr \u017eivotn\u00edho prost\u0159ed\u00ed a klimatu Michal Kurtyka. Proto jsme se rozhodli napsat jemu a p\u0159edsedovi spr\u00e1vn\u00ed rady PGE, \u017ee podle n\u00e1s je t\u011b\u017eba do roku 2044 nesmysl a \u017ee by se d\u016fl Tur\u00f3w nem\u011bl roz\u0161i\u0159ovat. A m\u016f\u017ee\u0161 to ud\u011blat i ty.<\/p>\n\n<p><a href=\"https:\/\/act.greenpeace.org\/page\/78088\/action\/1?mode=DEMO&amp;locale=cs-CZ&amp;_ga=2.186203817.143532295.1616396478-714591422.1607587916\">Napi\u0161 polsk\u00e9mu ministrovi klimatu a \u017eivotn\u00edho prost\u0159ed\u00ed a \u0161\u00e9fovi t\u011b\u017ea\u0159\u016f z PGE, aby neprodlu\u017eovali t\u011b\u017ebu v polsk\u00e9m dole Tur\u00f3w.<\/a><\/p>\n\n<p><br>Uheln\u00fd pr\u016fmysl je hlavn\u00edm vin\u00edkem klimatick\u00e9 krize, kter\u00e1 v minul\u00fdch letech vysou\u0161ela \u010desk\u00e9 \u00fazem\u00ed. Krom\u011b toho ale t\u011b\u017eba, prop\u00edr\u00e1n\u00ed a spalov\u00e1n\u00ed uhl\u00ed tak\u00e9 spot\u0159ebov\u00e1v\u00e1 neuv\u011b\u0159iteln\u00e9 mno\u017estv\u00ed vody. Pokud chceme vodu chr\u00e1nit, mus\u00edme uva\u017eovat o alternativ\u00e1ch a o konci uhl\u00ed. Jako prvn\u00ed mus\u00ed skon\u010dit osvobozov\u00e1n\u00ed d\u016fln\u00edch spole\u010dnost\u00ed od poplatk\u016f za vodu a poskytov\u00e1n\u00ed slev, o kter\u00fdch si m\u016f\u017ee b\u011b\u017en\u00fd odpov\u011bdn\u00fd spot\u0159ebitel nechat jen zd\u00e1t. \u010c\u00e1st n\u00e1klad\u016f uheln\u00e9ho pr\u016fmyslu tak jako obvykle nese ve\u0159ejnost. Jedn\u00e1 se o dar pro uheln\u00e9 korporace v \u0159\u00e1du milion\u016f eur. Tento p\u0159\u00edstup nav\u00edc odporuje R\u00e1mcov\u00e9 sm\u011brnici EU o vod\u011b, kter\u00e1 ukl\u00e1d\u00e1, aby \u010dlensk\u00e9 st\u00e1ty EU zajistili, \u017ee v\u0161ichni u\u017eivatel\u00e9 vody zaplat\u00ed odpov\u00eddaj\u00edc\u00ed cenu a \u017ee zne\u010di\u0161\u0165ovatel\u00e9 ponesou n\u00e1klady na \u0161kody na \u017eivotn\u00edm prost\u0159ed\u00ed, kter\u00e9 zp\u016fsob\u00ed.<\/p>\n","protected":false},"excerpt":{"rendered":"<p>Sv\u011btov\u00fd den vody vyhl\u00e1sila v roce 1993 OSN na 22. b\u0159ezna. Tento den m\u00e1 p\u0159ipom\u00ednat, \u017ee na sv\u011bt\u011b p\u0159es miliardu lid\u00ed trp\u00ed nedostatkem pitn\u00e9 vody, nebo nem\u00e1 k vod\u011b p\u0159\u00edstup.<\/p>\n","protected":false},"author":41,"featured_media":13181,"comment_status":"open","ping_status":"closed","sticky":false,"template":"","format":"standard","meta":{"ep_exclude_from_search":false,"p4_og_title":"Sv\u011btov\u00fd den vody 2021 ukazuje, \u017ee uhl\u00ed se ned\u00e1 p\u00edt","p4_og_description":"Sv\u011btov\u00fd den vody vyhl\u00e1sila v roce 1993 OSN na 22. b\u0159ezna. Tento den m\u00e1 p\u0159ipom\u00ednat, \u017ee na sv\u011bt\u011b p\u0159es miliardu lid\u00ed trp\u00ed nedostatkem pitn\u00e9 vody, nebo nem\u00e1 k vod\u011b p\u0159\u00edstup.","p4_og_image":"https:\/\/www.greenpeace.org\/static\/planet4-czech-republic-stateless\/2021\/03\/bb4dbfc2-world-water-day.png","p4_og_image_id":"13181","p4_seo_canonical_url":"","p4_campaign_name":"not set","p4_local_project":"not set","p4_basket_name":"not set","p4_department":"","footnotes":""},"categories":[4],"tags":[25],"p4-page-type":[16],"class_list":["post-13180","post","type-post","status-publish","format-standard","has-post-thumbnail","hentry","category-energeticka-revoluce","tag-konec-doby-fosilni","p4-page-type-clanek"],"_links":{"self":[{"href":"https:\/\/www.greenpeace.org\/czech\/wp-json\/wp\/v2\/posts\/13180","targetHints":{"allow":["GET"]}}],"collection":[{"href":"https:\/\/www.greenpeace.org\/czech\/wp-json\/wp\/v2\/posts"}],"about":[{"href":"https:\/\/www.greenpeace.org\/czech\/wp-json\/wp\/v2\/types\/post"}],"author":[{"embeddable":true,"href":"https:\/\/www.greenpeace.org\/czech\/wp-json\/wp\/v2\/users\/41"}],"replies":[{"embeddable":true,"href":"https:\/\/www.greenpeace.org\/czech\/wp-json\/wp\/v2\/comments?post=13180"}],"version-history":[{"count":2,"href":"https:\/\/www.greenpeace.org\/czech\/wp-json\/wp\/v2\/posts\/13180\/revisions"}],"predecessor-version":[{"id":22086,"href":"https:\/\/www.greenpeace.org\/czech\/wp-json\/wp\/v2\/posts\/13180\/revisions\/22086"}],"wp:featuredmedia":[{"embeddable":true,"href":"https:\/\/www.greenpeace.org\/czech\/wp-json\/wp\/v2\/media\/13181"}],"wp:attachment":[{"href":"https:\/\/www.greenpeace.org\/czech\/wp-json\/wp\/v2\/media?parent=13180"}],"wp:term":[{"taxonomy":"category","embeddable":true,"href":"https:\/\/www.greenpeace.org\/czech\/wp-json\/wp\/v2\/categories?post=13180"},{"taxonomy":"post_tag","embeddable":true,"href":"https:\/\/www.greenpeace.org\/czech\/wp-json\/wp\/v2\/tags?post=13180"},{"taxonomy":"p4-page-type","embeddable":true,"href":"https:\/\/www.greenpeace.org\/czech\/wp-json\/wp\/v2\/p4-page-type?post=13180"}],"curies":[{"name":"wp","href":"https:\/\/api.w.org\/{rel}","templated":true}]}}