{"id":13242,"date":"2021-04-01T09:31:00","date_gmt":"2021-04-01T08:31:00","guid":{"rendered":"https:\/\/www.greenpeace.org\/czech\/?p=13242"},"modified":"2021-12-01T13:30:47","modified_gmt":"2021-12-01T12:30:47","slug":"oceany-jsou-nase-srdcovka-dejiny-greenpeace-jsou-jedna-velka-nekonecna-plavba","status":"publish","type":"post","link":"https:\/\/www.greenpeace.org\/czech\/clanek\/13242\/oceany-jsou-nase-srdcovka-dejiny-greenpeace-jsou-jedna-velka-nekonecna-plavba\/","title":{"rendered":"Oce\u00e1ny jsou na\u0161e srdcovka. D\u011bjiny Greenpeace jsou jedna velk\u00e1, nekone\u010dn\u00e1 plavba"},"content":{"rendered":"\n<p>Oce\u00e1ny a mo\u0159e m\u011bly a maj\u00ed v historii i p\u0159\u00edtomnosti Greenpeace speci\u00e1ln\u00ed m\u00edsto. Je to na\u0161e srdcov\u00e1 z\u00e1le\u017eitost, a proto n\u00e1m stoj\u00ed n\u00e1m za to znovu a vyr\u00e1\u017eet vst\u0159\u00edc p\u0159ek\u00e1\u017ek\u00e1m a mocn\u00fdm protivn\u00edk\u016fm, abychom oce\u00e1ny ochr\u00e1nili. <a href=\"https:\/\/www.greenpeace.org\/czech\/historie-greenpeace\/\">P\u0159ed 50 lety to v\u0161e za\u010dalo<\/a> na mal\u00e9 ryb\u00e1\u0159sk\u00e9 lodi, kdy 12 odhodlan\u00fdch chlap\u00edk\u016f vyplulo vst\u0159\u00edc americk\u00e9 arm\u00e1d\u011b, kter\u00e1 testovala jadern\u00e9 zbran\u011b na ostrov\u011b Am\u010ditka u Alja\u0161ky. Napl\u00e1novan\u00fd v\u00fdbuch nakonec nezastavili, ale jejich akce zvedla takovou vlnu odporu, \u017ee sv\u011bt za\u010dal od jadern\u00fdch test\u016f upou\u0161t\u011bt.\u00a0<\/p>\n\n<figure class=\"wp-block-image size-large\"><img loading=\"lazy\" decoding=\"async\" width=\"1024\" height=\"686\" src=\"https:\/\/www.greenpeace.org\/static\/planet4-czech-republic-stateless\/2021\/03\/685f679a-gp019id_medium_res-1024x686.jpg\" alt=\"\" class=\"wp-image-13050\" srcset=\"https:\/\/www.greenpeace.org\/static\/planet4-czech-republic-stateless\/2021\/03\/685f679a-gp019id_medium_res-1024x686.jpg 1024w, https:\/\/www.greenpeace.org\/static\/planet4-czech-republic-stateless\/2021\/03\/685f679a-gp019id_medium_res-300x201.jpg 300w, https:\/\/www.greenpeace.org\/static\/planet4-czech-republic-stateless\/2021\/03\/685f679a-gp019id_medium_res-768x515.jpg 768w, https:\/\/www.greenpeace.org\/static\/planet4-czech-republic-stateless\/2021\/03\/685f679a-gp019id_medium_res-507x340.jpg 507w, https:\/\/www.greenpeace.org\/static\/planet4-czech-republic-stateless\/2021\/03\/685f679a-gp019id_medium_res.jpg 1200w\" sizes=\"auto, (max-width: 1024px) 100vw, 1024px\" \/><figcaption>Prvn\u00ed pos\u00e1dka Greenpeace se vydala do Am\u010ditky na lodi Phyllis Cormack.<\/figcaption><\/figure>\n\n<p>Velk\u00e9 c\u00edle a vize byly pro Greenpeace v\u017edy pozn\u00e1vac\u00edm znamen\u00edm. Co se na po\u010d\u00e1tku zd\u00e1 nemo\u017en\u00e9 se d\u00edky odhodl\u00e1n\u00ed, spr\u00e1vn\u00e9 strategii, vytrvalosti a hlavn\u011b podpo\u0159e lid\u00ed m\u016f\u017ee rychle p\u0159etavit v realitu. Majest\u00e1tn\u00ed velryby <a href=\"https:\/\/www.youtube.com\/watch?v=ZCR46bn6Txo&amp;ab_channel=TheFifthEstate\">jsme chr\u00e1nili vlastn\u00edmi<\/a> t\u011bly p\u0159ed harpunami velryb\u00e1\u0159sk\u00fdch lod\u00ed, ne\u017e se n\u00e1m poda\u0159ilo prosadit z\u00e1kaz jejich lovu. <\/p>\n\n<figure class=\"wp-block-image size-large\"><img loading=\"lazy\" decoding=\"async\" width=\"1024\" height=\"683\" src=\"https:\/\/www.greenpeace.org\/static\/planet4-czech-republic-stateless\/2021\/03\/1179f86d-gp01ge5-1024x683.jpg\" title=\"Action against Japanese Whaling in New Caledonia. \u00a9 Greenpeace \/ Martial Dosdane\" alt=\"Action against Japanese Whaling in New Caledonia. \u00a9 Greenpeace \/ Martial Dosdane\" class=\"wp-image-13243\" srcset=\"https:\/\/www.greenpeace.org\/static\/planet4-czech-republic-stateless\/2021\/03\/1179f86d-gp01ge5-1024x683.jpg 1024w, https:\/\/www.greenpeace.org\/static\/planet4-czech-republic-stateless\/2021\/03\/1179f86d-gp01ge5-300x200.jpg 300w, https:\/\/www.greenpeace.org\/static\/planet4-czech-republic-stateless\/2021\/03\/1179f86d-gp01ge5-768x512.jpg 768w, https:\/\/www.greenpeace.org\/static\/planet4-czech-republic-stateless\/2021\/03\/1179f86d-gp01ge5-510x340.jpg 510w, https:\/\/www.greenpeace.org\/static\/planet4-czech-republic-stateless\/2021\/03\/1179f86d-gp01ge5.jpg 1200w\" sizes=\"auto, (max-width: 1024px) 100vw, 1024px\" \/><figcaption>Akce proti lovu velryb<div class=\"credit icon-left\"> \u00a9 Greenpeace \/ Martial Dosdane<\/div><\/figcaption><\/figure>\n\n<p><a href=\"https:\/\/www.youtube.com\/watch?v=vcaOX2rW0gc&amp;ab_channel=drdrwoland\">Sudy s radioaktivn\u00edm \u010di toxick\u00fdm odpadem n\u00e1m h\u00e1zeli<\/a> doslova na hlavu, ne\u017e se n\u00e1m poda\u0159ilo prosadit z\u00e1kaz jeho ukl\u00e1d\u00e1n\u00ed do mo\u0159e.\u00a0<\/p>\n\n<div class=\"wp-block-buttons aligncenter is-layout-flex wp-block-buttons-is-layout-flex\">\n<div class=\"wp-block-button is-style-cta\"><a class=\"wp-block-button__link\" href=\"www.zachranmeoceany.cz\">P\u0159idejte se ke kampani na z\u00e1chranu oce\u00e1n\u016f<\/a><\/div>\n<\/div>\n\n<p>Na mo\u0159i jsme blokovali dovoz neleg\u00e1ln\u011b vyt\u011b\u017een\u00e9ho d\u0159eva z prales\u016f, z\u00e1silky kontroverzn\u00edho palmov\u00e9ho oleje \u010di ileg\u00e1ln\u00ed ryb\u00e1\u0159e. \u010casto jsme slavili v\u00edt\u011bzstv\u00ed a \u00fasp\u011bchy, ob\u010das ale pro\u017e\u00edvali i zklaman\u00ed a frustraci. N\u011bkdy i velk\u00fd smutek. T\u0159eba kdy\u017e n\u00e1m francouzsk\u00e1 tajn\u00e1 slu\u017eba <a href=\"https:\/\/www.youtube.com\/watch?v=2uw8tg9_BU4&amp;ab_channel=GreenpeaceInternational\">bombou potopila lo\u010f Rainbow warrior<\/a> a zem\u0159el p\u0159i tom fotograf <a href=\"https:\/\/en.wikipedia.org\/wiki\/Fernando_Pereira\">Fernando Pereira<\/a>. <\/p>\n\n<figure class=\"wp-block-image size-large\"><img loading=\"lazy\" decoding=\"async\" width=\"800\" height=\"515\" src=\"https:\/\/www.greenpeace.org\/static\/planet4-czech-republic-stateless\/2020\/05\/bb45869c-gp0pj0_web_size.jpg\" alt=\"\" class=\"wp-image-10435\" srcset=\"https:\/\/www.greenpeace.org\/static\/planet4-czech-republic-stateless\/2020\/05\/bb45869c-gp0pj0_web_size.jpg 800w, https:\/\/www.greenpeace.org\/static\/planet4-czech-republic-stateless\/2020\/05\/bb45869c-gp0pj0_web_size-300x193.jpg 300w, https:\/\/www.greenpeace.org\/static\/planet4-czech-republic-stateless\/2020\/05\/bb45869c-gp0pj0_web_size-768x494.jpg 768w, https:\/\/www.greenpeace.org\/static\/planet4-czech-republic-stateless\/2020\/05\/bb45869c-gp0pj0_web_size-510x328.jpg 510w\" sizes=\"auto, (max-width: 800px) 100vw, 800px\" \/><figcaption>Potopen\u00ed lodi Rainbow Warrior bylo a\u017e do ned\u00e1vn\u00e9ho \u00fatoku v Christchurch jedin\u00fdm teroristick\u00fdm \u010dinem, kter\u00fd se stal na \u00fazem\u00ed Nov\u00e9ho Z\u00e9landu. (c) Greenpeace \/ Brian Latham<\/figcaption><\/figure>\n\n<p>Ale nic z toho n\u00e1s nezastav\u00ed v na\u0161em \u00fasil\u00ed chr\u00e1nit na\u0161i planetu, kterou oce\u00e1ny pokr\u00fdvaj\u00ed ze 70 procent. V\u0161ichni jsme jen kapky v mo\u0159i, ale spole\u010dn\u011b tvo\u0159\u00edme oce\u00e1n a s\u00edla toho oce\u00e1nu dok\u00e1\u017ee nep\u0159edstaviteln\u00e9 v\u011bci.\u00a0<\/p>\n\n<p><strong>V\u00edtejte na palub\u011b.\u00a0<\/strong><\/p>\n\n<div class=\"wp-block-buttons aligncenter is-layout-flex wp-block-buttons-is-layout-flex\">\n<div class=\"wp-block-button is-style-cta\"><a class=\"wp-block-button__link\">P\u0159idejte se ke kampani na z\u00e1chranu oce\u00e1n\u016f<\/a><\/div>\n<\/div>\n\t\t\t<section\n\t\t\tclass=\"boxout post-12331 \"\n\t\t\t\n\t\t>\n\t\t\t<a\n\t\t\t\tdata-ga-category=\"Take Action Boxout\"\n\t\t\t\tdata-ga-action=\"Image\"\n\t\t\t\tdata-ga-label=\"n\/a\"\n\t\t\t\tclass=\"cover-card-overlay\"\n\t\t\t\thref=\"https:\/\/www.greenpeace.org\/czech\/zapoj-se\/zachran-oceany\/\" \n\t\t\t><\/a>\n\t\t\t\t\t\t\t<img\n\t\t\t\t\t\tsrc=\"https:\/\/www.greenpeace.org\/static\/planet4-czech-republic-stateless\/2023\/03\/a27851d7-vitezstvi--1024x745.jpg\"\n\t\t\t\t\t\tsrcset=\"https:\/\/www.greenpeace.org\/static\/planet4-czech-republic-stateless\/2023\/03\/a27851d7-vitezstvi--300x218.jpg 300w, https:\/\/www.greenpeace.org\/static\/planet4-czech-republic-stateless\/2023\/03\/a27851d7-vitezstvi--1024x745.jpg 1024w, https:\/\/www.greenpeace.org\/static\/planet4-czech-republic-stateless\/2023\/03\/a27851d7-vitezstvi--768x558.jpg 768w, https:\/\/www.greenpeace.org\/static\/planet4-czech-republic-stateless\/2023\/03\/a27851d7-vitezstvi--1536x1117.jpg 1536w, https:\/\/www.greenpeace.org\/static\/planet4-czech-republic-stateless\/2023\/03\/a27851d7-vitezstvi--2048x1489.jpg 2048w, https:\/\/www.greenpeace.org\/static\/planet4-czech-republic-stateless\/2023\/03\/a27851d7-vitezstvi--1878x1366.jpg 1878w, https:\/\/www.greenpeace.org\/static\/planet4-czech-republic-stateless\/2023\/03\/a27851d7-vitezstvi--468x340.jpg 468w\"\n\t\t\t\t\t\tsizes=\"(min-width: 1000px) 358px, (min-width: 780px) 313px, 88px\"\n\t\t\t\t\t\talt=\"\" title=\"\"\n\t\t\t\t\/>\n            \t\t\t<div class=\"boxout-content\">\n\t\t\t\t\t\t\t\t\t<a\n\t\t\t\t\t\tclass=\"boxout-heading medium\"\n\t\t\t\t\t\tdata-ga-category=\"Take Action Boxout\"\n\t\t\t\t\t\tdata-ga-action=\"Title\"\n\t\t\t\t\t\tdata-ga-label=\"n\/a\"\n\t\t\t\t\t\thref=\"https:\/\/www.greenpeace.org\/czech\/zapoj-se\/zachran-oceany\/\"\n\t\t\t\t\t\t\n\t\t\t\t\t>\n\t\t\t\t\t\tZachra\u0148me oce\u00e1ny!\n\t\t\t\t\t<\/a>\n\t\t\t\t\t\t\t\t\t\t\t\t\t<p class=\"boxout-excerpt\">Je \u010das vybudovat oce\u00e1nsk\u00e9 rezervace a d\u00e1t nad\u011bji na\u0161im oce\u00e1n\u016fm a \u017eivotu v nich. <\/p>\n\t\t\t\t                                    <a\n                        class=\"btn btn-primary\"\n                        data-ga-category=\"Take Action Boxout\"\n                        data-ga-action=\"Call to Action\"\n                        data-ga-label=\"n\/a\"\n                        href=\"https:\/\/www.greenpeace.org\/czech\/zapoj-se\/zachran-oceany\/\"\n                        \n                    >\n                        Jdu do toho\n                    <\/a>\n                \t\t\t<\/div>\n\t\t\t\t\t<\/section>\n\t","protected":false},"excerpt":{"rendered":"<p>Oce\u00e1ny a mo\u0159e m\u011bly a maj\u00ed v historii i p\u0159\u00edtomnosti Greenpeace speci\u00e1ln\u00ed m\u00edsto. Je to na\u0161e srdcov\u00e1 z\u00e1le\u017eitost, a proto n\u00e1m stoj\u00ed n\u00e1m za to znovu a vyr\u00e1\u017eet vst\u0159\u00edc p\u0159ek\u00e1\u017ek\u00e1m&hellip;<\/p>\n","protected":false},"author":24,"featured_media":13243,"comment_status":"open","ping_status":"closed","sticky":false,"template":"","format":"standard","meta":{"ep_exclude_from_search":false,"p4_og_title":"","p4_og_description":"","p4_og_image":"","p4_og_image_id":"","p4_seo_canonical_url":"","p4_campaign_name":"not set","p4_local_project":"not set","p4_basket_name":"not set","p4_department":"","footnotes":""},"categories":[2],"tags":[13,18,28,29],"p4-page-type":[16],"class_list":["post-13242","post","type-post","status-publish","format-standard","has-post-thumbnail","hentry","category-priroda","tag-o-greenpeace","tag-oceany","tag-uspechy","tag-nenasilne-protesty","p4-page-type-clanek"],"_links":{"self":[{"href":"https:\/\/www.greenpeace.org\/czech\/wp-json\/wp\/v2\/posts\/13242","targetHints":{"allow":["GET"]}}],"collection":[{"href":"https:\/\/www.greenpeace.org\/czech\/wp-json\/wp\/v2\/posts"}],"about":[{"href":"https:\/\/www.greenpeace.org\/czech\/wp-json\/wp\/v2\/types\/post"}],"author":[{"embeddable":true,"href":"https:\/\/www.greenpeace.org\/czech\/wp-json\/wp\/v2\/users\/24"}],"replies":[{"embeddable":true,"href":"https:\/\/www.greenpeace.org\/czech\/wp-json\/wp\/v2\/comments?post=13242"}],"version-history":[{"count":2,"href":"https:\/\/www.greenpeace.org\/czech\/wp-json\/wp\/v2\/posts\/13242\/revisions"}],"predecessor-version":[{"id":15418,"href":"https:\/\/www.greenpeace.org\/czech\/wp-json\/wp\/v2\/posts\/13242\/revisions\/15418"}],"wp:featuredmedia":[{"embeddable":true,"href":"https:\/\/www.greenpeace.org\/czech\/wp-json\/wp\/v2\/media\/13243"}],"wp:attachment":[{"href":"https:\/\/www.greenpeace.org\/czech\/wp-json\/wp\/v2\/media?parent=13242"}],"wp:term":[{"taxonomy":"category","embeddable":true,"href":"https:\/\/www.greenpeace.org\/czech\/wp-json\/wp\/v2\/categories?post=13242"},{"taxonomy":"post_tag","embeddable":true,"href":"https:\/\/www.greenpeace.org\/czech\/wp-json\/wp\/v2\/tags?post=13242"},{"taxonomy":"p4-page-type","embeddable":true,"href":"https:\/\/www.greenpeace.org\/czech\/wp-json\/wp\/v2\/p4-page-type?post=13242"}],"curies":[{"name":"wp","href":"https:\/\/api.w.org\/{rel}","templated":true}]}}