{"id":13282,"date":"2021-03-30T11:02:06","date_gmt":"2021-03-30T10:02:06","guid":{"rendered":"https:\/\/www.greenpeace.org\/czech\/?p=13282"},"modified":"2021-12-01T13:30:48","modified_gmt":"2021-12-01T12:30:48","slug":"vysledky-skupiny-cez-za-rok-2020-ke-klimatickemu-sampionovi-je-jeste-dlouha-cesta","status":"publish","type":"post","link":"https:\/\/www.greenpeace.org\/czech\/clanek\/13282\/vysledky-skupiny-cez-za-rok-2020-ke-klimatickemu-sampionovi-je-jeste-dlouha-cesta\/","title":{"rendered":"V\u00fdsledky skupiny \u010cEZ za rok 2020: ke klimatick\u00e9mu \u0161ampionovi je je\u0161t\u011b dlouh\u00e1 cesta"},"content":{"rendered":"\n<p><strong>Ned\u00e1vno publikovan\u00e9 <a href=\"https:\/\/www.cez.cz\/cs\/pro-investory\/hospodarske-vysledky\/ctvrtletni-zpravy\">hospod\u00e1\u0159sk\u00e9 v\u00fdsledky za rok 2020<\/a> Skupiny \u010cEZ nasti\u0148uj\u00ed, jak si firma po\u010d\u00ednala v oblasti \u00fatlumu spalov\u00e1n\u00ed uhl\u00ed a ochrany \u017eivotn\u00edho prost\u0159ed\u00ed. Vyu\u017eit\u00ed uhl\u00ed Skupinou \u010cEZ za rok 2020 postupn\u011b klesalo, ale spole\u010dnost st\u00e1le postr\u00e1d\u00e1 jak\u00e9koliv jasn\u00e9 c\u00edle pro \u00fapln\u00fd konec uhl\u00ed a hodl\u00e1 t\u011b\u017eit a spalovat uhl\u00ed i po roce 2040.<\/strong><\/p>\n\n<p>Fakta jsou jasn\u00e1 &#8211; i p\u0159es svou otev\u0159enost ohledn\u011b pot\u0159eby konce uhl\u00ed, je Skupina \u010cEZ daleko od toho, aby se mohla ozna\u010dovat jako klimatick\u00fd hrdina.<\/p>\n\n<h4 class=\"wp-block-heading\"><strong>Spot\u0159eba uhl\u00ed 2020<\/strong><\/h4>\n\n<p>P\u0159esto\u017ee z metod reportingu Skupiny \u010cEZ lze jen t\u011b\u017eko rozpoznat, do jak\u00e9 m\u00edry vytv\u00e1\u0159\u00ed zhor\u0161uj\u00edc\u00ed se ekonomika uhl\u00ed investi\u010dn\u00ed rizika, investo\u0159i by se m\u011bli pod\u00edvat na data z hospod\u00e1\u0159sk\u00fdch v\u00fdsledk\u016f 2020, kter\u00e1 ukazuj\u00ed na p\u0159etrv\u00e1vaj\u00edc\u00ed a alarmuj\u00edc\u00ed vysokou z\u00e1vislost na uhl\u00ed.<\/p>\n\n<p><a href=\"https:\/\/www.cez.cz\/webpublic\/file\/edee\/ospol\/fileexport-s\/pro-investory\/informacni-povinnost-emitenta\/2021-03\/cz-tk-4q2020-prezentace_tl3s.pdf\">V roce 2020<\/a> Skupina \u010cEZ vyprodukovala v\u00edce ne\u017e t\u0159etinu elekt\u0159iny z uhl\u00ed (21,7 TWh, tedy 35,6 % z celkov\u00fdch 61 TWh vyprodukovan\u00e9 elekt\u0159iny). Oproti tomu obnoviteln\u00e9 zdroje reprezentovaly 8,7 %, jadern\u00e9 49,2 % a plyn 6,4 %. Data zahrnuj\u00ed ve\u0161ker\u00e1 aktiva v\u010detn\u011b t\u011bch ur\u010den\u00fdch k prodeji. Podle v\u00fdkazu se emisn\u00ed&nbsp; intenzita zdroj\u016f \u010cEZu sn\u00ed\u017eila o zhruba 10 % na 0,33 tCO2\/MWh a pod\u00edl uhl\u00ed v instalovan\u00e9 kapacit\u011b na konci roku \u010dinil 41,7 % (<a href=\"https:\/\/www.cez.cz\/webpublic\/file\/edee\/ospol\/fileexport\/investors\/investment-stories\/2020-12-investment-story-published.pdf\">5,8 GW uhl\u00ed z 13,9 GW<\/a>)<\/p>\n\n<figure class=\"wp-block-table is-style-stripes\"><table><tbody><tr><td><strong>Statistika Skupiny \u010cEZ<\/strong> (2020)<\/td><\/tr><tr><td>Pod\u00edl vyprodukovan\u00e9 elekt\u0159iny z uhl\u00ed<\/td><td>35,60 %<\/td><\/tr><tr><td>Pod\u00edl instalovan\u00e9 kapacity v uhl\u00ed<\/td><td>41,70 %<\/td><\/tr><tr><td>Pod\u00edl p\u0159\u00edjmu z uhl\u00ed<\/td><td>zhruba 20 %<\/td><\/tr><\/tbody><\/table><\/figure>\n\n<p>Skupina \u010cEZ nepublikuje, jak velk\u00fd pod\u00edl ekonomick\u00e9 aktivity je spojen s t\u011b\u017ebou a spalov\u00e1n\u00edm uhl\u00ed, co\u017e finan\u010dn\u00ed instituce \u010dasto pou\u017e\u00edvaj\u00ed k posouzen\u00ed, zda&nbsp;m\u00e1 spole\u010dnost ve sv\u00e9m portfoliu vysok\u00fd pod\u00edl uhl\u00ed.&nbsp;Nam\u00edsto toho schov\u00e1v\u00e1 \u010cEZ finan\u010dn\u00ed data ohledn\u011b p\u0159\u00edjm\u016f z uheln\u00fdch zdroj\u016f tak, \u017ee&nbsp; je publikuje dohromady jako agreg\u00e1tn\u00ed hodnotu spolu s jadern\u00fdmi a plynov\u00fdmi zdroji pod n\u00e1zvem \u201ctradi\u010dn\u00ed energie\u201d. V\u00fdpo\u010dty proveden\u00e9 autorem tohoto textu ukazuj\u00ed, \u017ee pod\u00edl uheln\u00e9 \u010d\u00e1sti z celkov\u00fdch p\u0159\u00edjm\u016f je okolo 20 %.<\/p>\n\n<p>Cena z\u00e1vislosti na uhl\u00ed je ur\u010dit\u00fdm zp\u016fsobem demonstrov\u00e1na v grafech n\u00ed\u017ee. Ty ukazuj\u00ed pom\u011brn\u011b n\u00edzk\u00fd pod\u00edl fosiln\u00ed produkce (uhl\u00ed a plyn) z celkov\u00fdch v\u00fdnos\u016f Skupiny \u010cEZ (EBIDTA). V roce 2020 tvo\u0159il pod\u00edl fosiln\u00edch zdroj\u016f z celkov\u00e9ho zisku EBIDTA Skupiny \u010cEZ pouh\u00fdch 16 % a p\u0159edpov\u00eddan\u00fd pod\u00edl na rok 2021 je 9 % (tato data nezapo\u010d\u00edt\u00e1vaj\u00ed elektr\u00e1rny k prodeji).<\/p>\n\n<figure class=\"wp-block-image\"><img decoding=\"async\" src=\"https:\/\/lh3.googleusercontent.com\/GSTgIse55P7sBFFvCRuh5kig7V0nof1iHXqrZPtlWwncGo5qrIDqOz1Gf-gWfu2AJgHaFiHlZ0o15wvtbVEhxJUZww-gZkCJOzW0ip_2e_s5vWg1fIk_Z3stqRQgWLO7TFCE6FDk\" alt=\"\"\/><\/figure>\n\n<p>Zdroj: https:\/\/www.cez.cz\/webpublic\/file\/edee\/ospol\/fileexport-s\/pro-investory\/informacni-povinnost-emitenta\/2021-03\/cz-tk-4q2020-prezentace_tl3s.pdf <\/p>\n\n<h4 class=\"wp-block-heading\"><strong>Pl\u00e1ny na rok 2021<\/strong><\/h4>\n\n<p>Na p\u0159elomu roku p\u0159evedla Skupina \u010cEZ vlastnictv\u00ed sv\u00e9 nejv\u011bt\u0161\u00ed a nejm\u00e9n\u011b rentabiln\u00ed hn\u011bdouheln\u00e9 elektr\u00e1rny Po\u010derady (1000 MW) na spole\u010dnost Sev.en Energy. V roce 2021 pl\u00e1nuje Skupina \u010cEZ odprodej n\u011bkolika sv\u00fdch zahrani\u010dn\u00edch aktiv, v\u010detn\u011b d\u016fle\u017eit\u00e9 v\u011btrn\u00e9 farmy v Rumunsku a dvou uheln\u00fdch elektr\u00e1ren v Polsku. <\/p>\n\n<p>Prodej rumunsk\u00e9 v\u011btrn\u00e9 farmy by ve skute\u010dnosti sn\u00ed\u017eil produkci energie z obnoviteln\u00fdch zdroj\u016f Skupiny \u010cEZ o v\u00edce ne\u017e t\u0159etinu ze st\u00e1vaj\u00edc\u00edho n\u00edzk\u00e9ho pod\u00edlu 8,7 % celkov\u00e9 energetick\u00e9 produkce. Spolu s p\u0159evodem elektr\u00e1rny Po\u010derady sn\u00ed\u017e\u00ed polsk\u00e9 elektr\u00e1rny expozici Skupiny \u010cEZ v\u016f\u010di uhl\u00ed. To znamen\u00e1, \u017ee p\u0159\u00ednos t\u011bchto odprodej\u016f co se t\u00fd\u010de sn\u00ed\u017een\u00ed emis\u00ed, je p\u0159inejmen\u0161\u00edm zna\u010dn\u011b diskutabiln\u00ed, nebo\u0165 lze o\u010dek\u00e1vat, \u017ee tyto elektr\u00e1rny budou pod nov\u00fdm vlastn\u00edkem nad\u00e1le vypou\u0161t\u011bt emise. Uzav\u0159en\u00ed dal\u0161\u00edho uheln\u00e9ho bloku M\u011bln\u00edk III se pl\u00e1nuje na leto\u0161n\u00ed l\u00e9to.&nbsp;<\/p>\n\n<h4 class=\"wp-block-heading\"><strong>Pevn\u00fd pl\u00e1n na konec uhl\u00ed st\u00e1le chyb\u00ed<\/strong><\/h4>\n\n<p>I p\u0159es postupn\u00fd pokrok Skupiny \u010cEZ neprovedla tato spole\u010dnost dosud jak\u00fdkoli v\u00fdznamn\u00fd posun ve sv\u00e9m my\u0161len\u00ed a uveden\u00e9 \u010diny jsou st\u00e1le poplatn\u00e9 p\u0159\u00edstupu \u201cbusiness-as-usual\u201d, tedy &#8222;jede se d\u00e1l jako obvykle&#8220;.<\/p>\n\n<ul class=\"wp-block-list\"><li>Skupina \u010cEZ postr\u00e1d\u00e1 jakoukoliv strategii na ukon\u010den\u00ed vyu\u017e\u00edv\u00e1n\u00ed uhl\u00ed, kter\u00e1 by se bl\u00ed\u017eila roku 2030. Ve skute\u010dnosti \u010cEZ st\u00e1le pl\u00e1nuje z uhl\u00ed z\u00edsk\u00e1vat 2,7 GW do roku 2035-2040 a posledn\u00ed uhelnou elektr\u00e1rnu uzav\u0159\u00edt a\u017e po roce 2040.<\/li><li>Hn\u011bdouheln\u00fd d\u016fl B\u00edlina m\u00e1 b\u00fdt v provozu i po roce 2040.<\/li><li>M\u00edsto jej\u00edho uzav\u0159en\u00ed odprodala Skupina \u010cEZ svou nejv\u011bt\u0161\u00ed a nej\u0161pinav\u011bj\u0161\u00ed hn\u011bdouhelnou elektr\u00e1rnu Po\u010derady Skupin\u011b Sev.en Energy, kter\u00e1 je nechvaln\u011b zn\u00e1m\u00e1 t\u00edm, \u017ee postr\u00e1d\u00e1 jakoukoliv klimatickou politiku <a href=\"https:\/\/www.greenpeace.org\/czech\/clanek\/12002\/how-is-sev-en-energy-becoming-a-climate-change-villain-at-an-accelerated-speed\/\">(viz n\u00e1\u0161 blog)<\/a> a pl\u00e1nuje provozovat elektr\u00e1rny co nejd\u00e9le.<\/li><li>Podobn\u011b jako v p\u0159\u00edpad\u011b Po\u010derady pl\u00e1nuje v roce 2021 Skupina \u010cEZ prodej obou sv\u00fdch polsk\u00fdch uheln\u00fdch elektr\u00e1ren. Kupuj\u00edc\u00ed dosud nen\u00ed zn\u00e1m.<\/li><li>V sou\u010dasn\u00e9 dob\u011b Skupina \u010cEZ po\u017eaduje u p\u011bti sv\u00fdch elektr\u00e1ren n\u011bkolikaletou v\u00fdjimku z nov\u00fdch emisn\u00edch limit\u016f reguluj\u00edc\u00edch mno\u017estv\u00ed rtuti (Hg) a dal\u0161\u00edch \u0161kodlivin.&nbsp;<\/li><\/ul>\n\n<p>\u010cesk\u00e1 vl\u00e1da v sou\u010dasn\u00e9 dob\u011b diskutuje o ukon\u010den\u00ed vyu\u017e\u00edv\u00e1n\u00ed uhl\u00ed a tento rok by se m\u011blo rozhodnout mezi dv\u011bma sc\u00e9n\u00e1\u0159i: rokem 2033 a 2038. Vzhledem k v\u00e1\u017en\u00e9 pandemick\u00e9 situaci je mo\u017en\u00e9, \u017ee k rozhodnut\u00ed nedojde a rozhodne a\u017e nov\u00e1 vl\u00e1da po volb\u00e1ch do Poslaneck\u00e9 sn\u011bmovny v \u0159\u00edjnu roku 2021. V ka\u017ed\u00e9m p\u0159\u00edpad\u011b by oba diskutovan\u00e9 term\u00edny p\u0159inesly konec uhl\u00ed podstatn\u011b d\u0159\u00edve, ne\u017e jak ho p\u0159edkl\u00e1d\u00e1 Skupina \u010cEZ.\u00a0<\/p>\n\n<p><em>P\u016fvodn\u00ed anglickou verzi \u010dl\u00e1nku p\u0159elo\u017eili Denisa B\u011b\u0165\u00e1kov\u00e1 a Ji\u0159\u00ed Vidie\u010dan.<\/em><\/p>\n<div class=\"EmptyMessage\">Block content is empty. Check the block&#8217;s settings or remove it.<\/div>","protected":false},"excerpt":{"rendered":"<p>Ned\u00e1vno publikovan\u00e9 hospod\u00e1\u0159sk\u00e9 v\u00fdsledky za rok 2020 Skupiny \u010cEZ napov\u00eddaj\u00ed o tom, jak si Skupina po\u010d\u00ednala v postupn\u00e9m ukon\u010den\u00ed spalov\u00e1n\u00ed uhl\u00ed a ochran\u011b \u017eivotn\u00edho prost\u0159ed\u00ed. Vyu\u017eit\u00ed uhl\u00ed Skupinou \u010cEZ za&hellip;<\/p>\n","protected":false},"author":40,"featured_media":3464,"comment_status":"open","ping_status":"closed","sticky":false,"template":"","format":"standard","meta":{"ep_exclude_from_search":false,"p4_og_title":"","p4_og_description":"","p4_og_image":"","p4_og_image_id":"","p4_seo_canonical_url":"","p4_campaign_name":"not set","p4_local_project":"not set","p4_basket_name":"not set","p4_department":"","footnotes":""},"categories":[4],"tags":[20,25],"p4-page-type":[16],"class_list":["post-13282","post","type-post","status-publish","format-standard","has-post-thumbnail","hentry","category-energeticka-revoluce","tag-zmena-klimatu","tag-konec-doby-fosilni","p4-page-type-clanek"],"_links":{"self":[{"href":"https:\/\/www.greenpeace.org\/czech\/wp-json\/wp\/v2\/posts\/13282","targetHints":{"allow":["GET"]}}],"collection":[{"href":"https:\/\/www.greenpeace.org\/czech\/wp-json\/wp\/v2\/posts"}],"about":[{"href":"https:\/\/www.greenpeace.org\/czech\/wp-json\/wp\/v2\/types\/post"}],"author":[{"embeddable":true,"href":"https:\/\/www.greenpeace.org\/czech\/wp-json\/wp\/v2\/users\/40"}],"replies":[{"embeddable":true,"href":"https:\/\/www.greenpeace.org\/czech\/wp-json\/wp\/v2\/comments?post=13282"}],"version-history":[{"count":5,"href":"https:\/\/www.greenpeace.org\/czech\/wp-json\/wp\/v2\/posts\/13282\/revisions"}],"predecessor-version":[{"id":15420,"href":"https:\/\/www.greenpeace.org\/czech\/wp-json\/wp\/v2\/posts\/13282\/revisions\/15420"}],"wp:featuredmedia":[{"embeddable":true,"href":"https:\/\/www.greenpeace.org\/czech\/wp-json\/wp\/v2\/media\/3464"}],"wp:attachment":[{"href":"https:\/\/www.greenpeace.org\/czech\/wp-json\/wp\/v2\/media?parent=13282"}],"wp:term":[{"taxonomy":"category","embeddable":true,"href":"https:\/\/www.greenpeace.org\/czech\/wp-json\/wp\/v2\/categories?post=13282"},{"taxonomy":"post_tag","embeddable":true,"href":"https:\/\/www.greenpeace.org\/czech\/wp-json\/wp\/v2\/tags?post=13282"},{"taxonomy":"p4-page-type","embeddable":true,"href":"https:\/\/www.greenpeace.org\/czech\/wp-json\/wp\/v2\/p4-page-type?post=13282"}],"curies":[{"name":"wp","href":"https:\/\/api.w.org\/{rel}","templated":true}]}}