{"id":13435,"date":"2021-04-13T10:34:28","date_gmt":"2021-04-13T09:34:28","guid":{"rendered":"https:\/\/www.greenpeace.org\/czech\/?p=13435"},"modified":"2021-04-13T12:55:08","modified_gmt":"2021-04-13T11:55:08","slug":"greenpeace-zada-cizp-ustecky-kraj-a-mzp-aby-zastavily-devastaci-vzacnych-bukovych-lesu-u-horniho-jiretina","status":"publish","type":"post","link":"https:\/\/www.greenpeace.org\/czech\/tiskova-zprava\/13435\/greenpeace-zada-cizp-ustecky-kraj-a-mzp-aby-zastavily-devastaci-vzacnych-bukovych-lesu-u-horniho-jiretina\/","title":{"rendered":"Greenpeace \u017e\u00e1d\u00e1 \u010cI\u017dP, \u00dasteck\u00fd     kraj a M\u017dP, aby zastavily devastaci vz\u00e1cn\u00fdch bukov\u00fdch les\u016f                     u Horn\u00edho Ji\u0159et\u00edna"},"content":{"rendered":"\n<p><strong>Ekologick\u00e1 organizace Greenpeace vyzvala \u00dasteck\u00fd kraj a Ministerstvo \u017eivotn\u00edho prost\u0159ed\u00ed, aby bezodkladn\u011b za\u010daly \u0159e\u0161it ni\u010den\u00ed vz\u00e1cn\u00fdch les\u016f na \u00fapat\u00ed Kru\u0161n\u00fdch hor v bl\u00edzkosti m\u011bsta Horn\u00ed Ji\u0159et\u00edn. Z\u00e1rove\u0148 po\u017eaduje vytvo\u0159en\u00ed chr\u00e1n\u011bn\u00e9ho \u00fazem\u00ed s bezz\u00e1sahov\u00fdm re\u017eimem, kter\u00e9 by vz\u00e1cn\u00e9 bukov\u00e9 lesy ochr\u00e1nilo. M\u00edstn\u00ed acidofiln\u00ed a kv\u011btnat\u00e9 bu\u010diny byly za\u0159azeny mezi nejcenn\u011bj\u0161\u00ed p\u0159\u00edrodu Evropy &#8211; do s\u00edt\u011b Natura 2000 &#8211; jako sou\u010d\u00e1st evropsky v\u00fdznamn\u00e9 lokality V\u00fdchodn\u00ed Kru\u0161noho\u0159\u00ed, a st\u00e1t by tak m\u011bl ud\u011blat v\u0161e pro to, aby je ochr\u00e1nil. K v\u00fdzv\u011b Greenpeace se mohou p\u0159id\u00e1vat i lid\u00e9 na webu <a href=\"http:\/\/www.buciny.cz\">www.buciny.cz<\/a>.&nbsp;<\/strong><\/p>\n\n<figure class=\"wp-block-image size-large\"><img loading=\"lazy\" decoding=\"async\" width=\"1024\" height=\"768\" src=\"https:\/\/www.greenpeace.org\/static\/planet4-czech-republic-stateless\/2021\/04\/4bf56eed-img_20201025_101353-01-1024x768.jpeg\" alt=\"\" class=\"wp-image-13436\" srcset=\"https:\/\/www.greenpeace.org\/static\/planet4-czech-republic-stateless\/2021\/04\/4bf56eed-img_20201025_101353-01-1024x768.jpeg 1024w, https:\/\/www.greenpeace.org\/static\/planet4-czech-republic-stateless\/2021\/04\/4bf56eed-img_20201025_101353-01-300x225.jpeg 300w, https:\/\/www.greenpeace.org\/static\/planet4-czech-republic-stateless\/2021\/04\/4bf56eed-img_20201025_101353-01-768x576.jpeg 768w, https:\/\/www.greenpeace.org\/static\/planet4-czech-republic-stateless\/2021\/04\/4bf56eed-img_20201025_101353-01-1536x1152.jpeg 1536w, https:\/\/www.greenpeace.org\/static\/planet4-czech-republic-stateless\/2021\/04\/4bf56eed-img_20201025_101353-01-2048x1536.jpeg 2048w, https:\/\/www.greenpeace.org\/static\/planet4-czech-republic-stateless\/2021\/04\/4bf56eed-img_20201025_101353-01-1822x1366.jpeg 1822w, https:\/\/www.greenpeace.org\/static\/planet4-czech-republic-stateless\/2021\/04\/4bf56eed-img_20201025_101353-01-453x340.jpeg 453w\" sizes=\"auto, (max-width: 1024px) 100vw, 1024px\" \/><figcaption>Vz\u00e1cn\u00e9 bukov\u00e9 lesy na podzim. (c) Greenpeace &#8211; Petr Zewlakk Vrabec<\/figcaption><\/figure>\n\n<p>Organizace Greenpeace k\u00e1cen\u00ed v m\u00edstn\u00edch les\u00edch mapovala od podzimu lo\u0148sk\u00e9ho roku. Oblast je domovem \u0159ady chr\u00e1n\u011bn\u00fdch a vz\u00e1cn\u00fdch rostlin a \u017eivo\u010dich\u016f, jako jsou nap\u0159\u00edklad pt\u00e1ci sokol st\u011bhovav\u00fd, holub doup\u0148\u00e1k a jest\u0159\u00e1b lesn\u00ed, nebo brouci roh\u00e1\u010d obecn\u00fd, tesa\u0159\u00edk alpsk\u00fd a kova\u0159\u00edk fialov\u00fd. P\u0159esto zde dlouhodob\u011b prob\u00edh\u00e1 intenzivn\u00ed holose\u010dn\u00e9 k\u00e1cen\u00ed, v\u010detn\u011b k\u00e1cen\u00ed cenn\u00fdch strom\u016f star\u0161\u00edch 100 let, a v\u00fdsadba nevhodn\u00fdch a nep\u016fvodn\u00edch d\u0159evin, p\u0159edev\u0161\u00edm smrku. To vede k devastaci cel\u00e9 lokality. Na z\u00e1klad\u011b z\u00edskan\u00fdch zji\u0161t\u011bn\u00ed podala organizace Greenpeace <a href=\"https:\/\/www.greenpeace.org\/static\/planet4-czech-republic-stateless\/2021\/04\/cfa2b5c2-podnet-cizp-greenpeace.pdf\">podn\u011bt k \u010cesk\u00e9 inspekci \u017eivotn\u00edho<\/a> prost\u0159ed\u00ed, aby <a href=\"https:\/\/www.greenpeace.org\/static\/planet4-czech-republic-stateless\/2021\/04\/e9664ec7-priloha_popis_holin.pdf\">pro\u0161et\u0159ila ne\u0161etrn\u00e9 lesnick\u00e9 z\u00e1sahy na dan\u00e9m \u00fazem\u00ed<\/a> a zastavila jejich pokra\u010dov\u00e1n\u00ed p\u0159edb\u011b\u017en\u00fdm opat\u0159en\u00edm.<\/p>\n\n<figure class=\"wp-block-image size-large\"><img loading=\"lazy\" decoding=\"async\" width=\"1024\" height=\"683\" src=\"https:\/\/www.greenpeace.org\/static\/planet4-czech-republic-stateless\/2021\/04\/5438e774-img_4051-1024x683.jpg\" alt=\"\" class=\"wp-image-13437\" srcset=\"https:\/\/www.greenpeace.org\/static\/planet4-czech-republic-stateless\/2021\/04\/5438e774-img_4051-1024x683.jpg 1024w, https:\/\/www.greenpeace.org\/static\/planet4-czech-republic-stateless\/2021\/04\/5438e774-img_4051-300x200.jpg 300w, https:\/\/www.greenpeace.org\/static\/planet4-czech-republic-stateless\/2021\/04\/5438e774-img_4051-768x512.jpg 768w, https:\/\/www.greenpeace.org\/static\/planet4-czech-republic-stateless\/2021\/04\/5438e774-img_4051-1536x1024.jpg 1536w, https:\/\/www.greenpeace.org\/static\/planet4-czech-republic-stateless\/2021\/04\/5438e774-img_4051-2048x1366.jpg 2048w, https:\/\/www.greenpeace.org\/static\/planet4-czech-republic-stateless\/2021\/04\/5438e774-img_4051-510x340.jpg 510w\" sizes=\"auto, (max-width: 1024px) 100vw, 1024px\" \/><figcaption>Ikonick\u00fd pohled do uheln\u00e9ho lomu \u010cSA p\u0159es z\u00e1mek Jeze\u0159\u00ed dopl\u0148uj\u00ed kl\u00e1dy z vyk\u00e1cen\u00fdch les\u016f. (c) Greenpeace<\/figcaption><\/figure>\n\n<p><a href=\"https:\/\/www.greenpeace.org\/static\/planet4-czech-republic-stateless\/2021\/04\/53a19e59-priloha_855897779_1_schvalovaci_vymer_jid_94340_2012_kuuk_lhc_lhp_horni_jiretin-1-1.pdf\">Podle dostupn\u00fdch informac\u00ed<\/a> mohl vlastn\u00edk lesa z\u00edskat za posledn\u00edch 10 let za vyk\u00e1cen\u00e9 d\u0159evo a\u017e 170 milion\u016f korun. Les je v majetku firmy I. H. Farm, kter\u00e1 je ovl\u00e1d\u00e1na rodinou uhlobarona Pavla Tyka\u010de, konkr\u00e9tn\u00edm vlastn\u00edkem je jeho <a href=\"https:\/\/rejstrik-firem.kurzy.cz\/24761061\/i-h-farm-sro\/\">nevlastn\u00ed dcera Olga Chabr Grillov\u00e1<\/a>. Ochranu vz\u00e1cn\u00e9ho \u00fazem\u00ed m\u00e1 na starosti Krajsk\u00fd \u00fa\u0159ad \u00dasteck\u00e9ho kraje, kter\u00fd tvrd\u00ed, \u017ee s vlastn\u00edkem lesa jedn\u00e1. Za posledn\u00ed roky ale <a href=\"https:\/\/www.ceskatelevize.cz\/ivysilani\/1095913550-nedej-se\/220562248410028-buciny-v-ohrozeni\">neu\u010dinil v ochran\u011b t\u00e9to lokality prakticky \u017e\u00e1dn\u00e9 konkr\u00e9tn\u00ed kroky<\/a>. Greenpeace se proto s \u017e\u00e1dost\u00ed o zjedn\u00e1n\u00ed n\u00e1pravy obrac\u00ed nejen na krajsk\u00fd \u00fa\u0159ad, ale tak\u00e9 na Ministerstvo \u017eivotn\u00edho prost\u0159ed\u00ed, kter\u00e9 je v tomto p\u0159\u00edpad\u011b nad\u0159\u00edzen\u00fdm org\u00e1nem.&nbsp;<\/p>\n\n<figure class=\"wp-block-image size-large\"><img loading=\"lazy\" decoding=\"async\" width=\"1024\" height=\"576\" src=\"https:\/\/www.greenpeace.org\/static\/planet4-czech-republic-stateless\/2021\/04\/e4184282-buciny-pudorys-1024x576.jpg\" alt=\"\" class=\"wp-image-13438\" srcset=\"https:\/\/www.greenpeace.org\/static\/planet4-czech-republic-stateless\/2021\/04\/e4184282-buciny-pudorys-1024x576.jpg 1024w, https:\/\/www.greenpeace.org\/static\/planet4-czech-republic-stateless\/2021\/04\/e4184282-buciny-pudorys-300x169.jpg 300w, https:\/\/www.greenpeace.org\/static\/planet4-czech-republic-stateless\/2021\/04\/e4184282-buciny-pudorys-768x432.jpg 768w, https:\/\/www.greenpeace.org\/static\/planet4-czech-republic-stateless\/2021\/04\/e4184282-buciny-pudorys-510x287.jpg 510w, https:\/\/www.greenpeace.org\/static\/planet4-czech-republic-stateless\/2021\/04\/e4184282-buciny-pudorys.jpg 1152w\" sizes=\"auto, (max-width: 1024px) 100vw, 1024px\" \/><figcaption>Oblast les\u016f, kter\u00e9 vlastn\u00ed a devastuje rodina uhlobarona Pavla Tyka\u010de.<\/figcaption><\/figure>\n\n<p><strong>Nikol Krej\u010dov\u00e1 z organizace Greenpeace \u0159\u00edk\u00e1:<\/strong><br><em>\u201cVz\u00e1cn\u00e9 bu\u010diny u Horn\u00edho Ji\u0159et\u00edna pat\u0159\u00ed mezi nejvz\u00e1cn\u011bj\u0161\u00ed evropskou p\u0159\u00edrodu, kter\u00e1 je bohat\u00e1 na mno\u017estv\u00ed \u017eivo\u010di\u0161n\u00fdch a rostlinn\u00fdch druh\u016f. Krajsk\u00fd \u00fa\u0159ad nyn\u00ed chce s vlastn\u00edkem uzav\u0159\u00edt smluvn\u00ed ochranu m\u00edstn\u00edch les\u016f. Nev\u011b\u0159\u00edme, \u017ee takov\u00e1 smlouva m\u016f\u017ee b\u00fdt dostate\u010dn\u00e1. D\u016fkazy, \u017ee vlastn\u00edk les dlouhodob\u011b a bezohledn\u011b devastuje, jsou naprosto jasn\u00e9. Pokud cht\u011bl vlastn\u00edk les chr\u00e1nit, mohl tak u\u010dinit u\u017e d\u00e1vno. Vyjedn\u00e1v\u00e1n\u00ed smlouvy nav\u00edc prob\u00edh\u00e1 utajen\u011b, ve\u0159ejnost ani odborn\u00edc\u00ed se k n\u00ed tak nemohou vyj\u00e1d\u0159it. Proto po\u017eadujeme vyhl\u00e1\u0161en\u00ed ochrany a bezz\u00e1sahovosti tohoto \u00fazem\u00ed.\u201d<\/em><\/p>\n\n<p>Krajinu severn\u00edch \u010cech v minulosti devastovala p\u0159edev\u0161\u00edm povrchov\u00e1 t\u011b\u017eba hn\u011bd\u00e9ho uhl\u00ed. M\u011bstu Horn\u00ed Ji\u0159et\u00edn, v jeho\u017e sousedstv\u00ed se bu\u010diny rozkl\u00e1daj\u00ed, hrozilo roky zni\u010den\u00ed kv\u016fli dolu \u010cSA, kter\u00fd cht\u011bl uhlobaron Pavel Tyka\u010d roz\u0161\u00ed\u0159it. Horn\u00ed Ji\u0159et\u00edn svou existenci uh\u00e1jil. Firma ovl\u00e1dan\u00e1 rodinou Pavla Tyka\u010de ale nyn\u00ed k\u00e1c\u00ed vz\u00e1cn\u00e9 bu\u010diny v bezprost\u0159edn\u00edm okol\u00ed m\u011bsta.<\/p>\n\n<p><strong>Vladim\u00edr Bu\u0159t, starosta Horn\u00edho Ji\u0159et\u00edna, \u0159\u00edk\u00e1:<\/strong><br><em>\u201cV\u0161echna velk\u00e1 poho\u0159\u00ed v \u010cR maj\u00ed vysok\u00fd stupe\u0148 ochrany, jen Kru\u0161n\u00fdm hor\u00e1m chyb\u00ed. To je dal\u0161\u00ed v\u00fdznamn\u00e9 selh\u00e1n\u00ed st\u00e1tu ve vztahu k \u010desk\u00e9mu severoz\u00e1padu, kter\u00fd ji\u017e cel\u00e9 v\u011bky devastuje uheln\u00e1 energetika a t\u011b\u017ek\u00fd pr\u016fmysl. Mnoho let jsme str\u00e1vili obranou Horn\u00edho Ji\u0159et\u00edna p\u0159ed t\u011b\u017ebou uhl\u00ed a nakonec se n\u00e1m ho poda\u0159ilo zachr\u00e1nit. Ale radovat se po\u0159\u00e1d nem\u016f\u017eeme, kdy\u017e vid\u00edme, jak miz\u00ed vz\u00e1cn\u00e9 lesy, kter\u00e9 n\u00e1s obklopuj\u00ed, kter\u00e9 m\u00e1me r\u00e1di a kter\u00e9 neodmysliteln\u011b k na\u0161emu domovu pat\u0159\u00ed. Kompetentn\u00ed org\u00e1ny rozs\u00e1hl\u00e9mu k\u00e1cen\u00ed jen p\u0159ihl\u00ed\u017eej\u00ed. My, m\u00edstn\u00ed lid\u00e9, jsme pohledem na systematicky odles\u0148ovan\u00e9 svahy rozlad\u011bn\u00ed a znovu pro\u017e\u00edv\u00e1me k\u0159ivdu z toho, jak se s na\u0161\u00ed tolik zkou\u0161enou krajinou zach\u00e1z\u00ed.&#8220;<\/em><\/p>\n","protected":false},"excerpt":{"rendered":"<p>Ekologick\u00e1 organizace Greenpeace vyzvala \u00dasteck\u00fd kraj a Ministerstvo \u017eivotn\u00edho prost\u0159ed\u00ed, aby bezodkladn\u011b za\u010daly \u0159e\u0161it ni\u010den\u00ed vz\u00e1cn\u00fdch les\u016f na \u00fapat\u00ed Kru\u0161n\u00fdch hor v bl\u00edzkosti m\u011bsta Horn\u00ed Ji\u0159et\u00edn. Z\u00e1rove\u0148 po\u017eaduje vytvo\u0159en\u00ed chr\u00e1n\u011bn\u00e9ho&hellip;<\/p>\n","protected":false},"author":27,"featured_media":13436,"comment_status":"open","ping_status":"closed","sticky":false,"template":"","format":"standard","meta":{"ep_exclude_from_search":false,"p4_og_title":"","p4_og_description":"","p4_og_image":"","p4_og_image_id":"","p4_seo_canonical_url":"","p4_campaign_name":"not set","p4_local_project":"not set","p4_basket_name":"not set","p4_department":"","footnotes":""},"categories":[2],"tags":[17],"p4-page-type":[14],"class_list":["post-13435","post","type-post","status-publish","format-standard","has-post-thumbnail","hentry","category-priroda","tag-lesy-pralesy","p4-page-type-tiskova-zprava"],"_links":{"self":[{"href":"https:\/\/www.greenpeace.org\/czech\/wp-json\/wp\/v2\/posts\/13435","targetHints":{"allow":["GET"]}}],"collection":[{"href":"https:\/\/www.greenpeace.org\/czech\/wp-json\/wp\/v2\/posts"}],"about":[{"href":"https:\/\/www.greenpeace.org\/czech\/wp-json\/wp\/v2\/types\/post"}],"author":[{"embeddable":true,"href":"https:\/\/www.greenpeace.org\/czech\/wp-json\/wp\/v2\/users\/27"}],"replies":[{"embeddable":true,"href":"https:\/\/www.greenpeace.org\/czech\/wp-json\/wp\/v2\/comments?post=13435"}],"version-history":[{"count":3,"href":"https:\/\/www.greenpeace.org\/czech\/wp-json\/wp\/v2\/posts\/13435\/revisions"}],"predecessor-version":[{"id":13447,"href":"https:\/\/www.greenpeace.org\/czech\/wp-json\/wp\/v2\/posts\/13435\/revisions\/13447"}],"wp:featuredmedia":[{"embeddable":true,"href":"https:\/\/www.greenpeace.org\/czech\/wp-json\/wp\/v2\/media\/13436"}],"wp:attachment":[{"href":"https:\/\/www.greenpeace.org\/czech\/wp-json\/wp\/v2\/media?parent=13435"}],"wp:term":[{"taxonomy":"category","embeddable":true,"href":"https:\/\/www.greenpeace.org\/czech\/wp-json\/wp\/v2\/categories?post=13435"},{"taxonomy":"post_tag","embeddable":true,"href":"https:\/\/www.greenpeace.org\/czech\/wp-json\/wp\/v2\/tags?post=13435"},{"taxonomy":"p4-page-type","embeddable":true,"href":"https:\/\/www.greenpeace.org\/czech\/wp-json\/wp\/v2\/p4-page-type?post=13435"}],"curies":[{"name":"wp","href":"https:\/\/api.w.org\/{rel}","templated":true}]}}