{"id":13987,"date":"2021-06-09T13:54:15","date_gmt":"2021-06-09T12:54:15","guid":{"rendered":"https:\/\/www.greenpeace.org\/czech\/?p=13987"},"modified":"2021-06-09T14:25:24","modified_gmt":"2021-06-09T13:25:24","slug":"podporte-zachranu-vzacnych-bukovych-lesu-u-horniho-jiretina-vydejte-se-primo-na-misto-kde-jsou-kaceny","status":"publish","type":"post","link":"https:\/\/www.greenpeace.org\/czech\/clanek\/13987\/podporte-zachranu-vzacnych-bukovych-lesu-u-horniho-jiretina-vydejte-se-primo-na-misto-kde-jsou-kaceny\/","title":{"rendered":"Podpo\u0159te z\u00e1chranu vz\u00e1cn\u00fdch bukov\u00fdch les\u016f u Horn\u00edho Ji\u0159et\u00edna. Vydejte se p\u0159\u00edmo na m\u00edsto, kde jsou k\u00e1ceny"},"content":{"rendered":"\n<p><strong>Vydejte se spole\u010dn\u011b s odborn\u00edky na lesnictv\u00ed a entomology do m\u00edst, kter\u00e1 jsou k\u00e1cen\u00edm\u00a0 a n\u00e1slednou v\u00fdsadbou nep\u016fvodn\u00edch d\u0159evin nejv\u00edce ohro\u017eena a vyzv\u011bte p\u0159\u00edslu\u0161n\u00e9 \u00fa\u0159ady k vyhl\u00e1\u0161en\u00ed ochrany a bezz\u00e1sahovosti tohoto jedine\u010dn\u00e9ho lesa.\u00a0<\/strong><\/p>\n\n<p><br>V ned\u011bli 13. \u010dervna 2021 od 14 hodin po\u0159\u00e1d\u00e1me ve\u0159ejnou akci upozor\u0148uj\u00edc\u00ed na intenzivn\u00ed k\u00e1cen\u00ed v evropsky v\u00fdznamn\u00e9 lokalit\u011b Kru\u0161n\u00fdch hor nad m\u011bstem Horn\u00ed Ji\u0159et\u00edn. Unik\u00e1tn\u00ed bukov\u00e9 lesy, domov mnoha vz\u00e1cn\u00fdch druh\u016f rostlin a \u017eivo\u010dich\u016f, jsou toti\u017e v t\u00e9to oblasti k\u00e1ceny holose\u010dn\u00fdm zp\u016fsobem a p\u016fvodn\u00ed a\u017e sto let star\u00e9 stromy jsou nahrazov\u00e1ny nevhodn\u00fdmi d\u0159evinami, co\u017e ohro\u017euje cel\u00fd zdej\u0161\u00ed ekosyst\u00e9m.<br><br>Na probl\u00e9m jsme upozornili ji\u017e v dubnu 2021, kdy jsme spustili na webov\u00fdch str\u00e1nk\u00e1ch <a href=\"http:\/\/www.buciny.cz\/\">www.buciny.cz<\/a> petici za jejich z\u00e1chranu. Ta po\u017eaduje, aby cel\u00e1 oblast vedouc\u00ed od m\u011bsta Horn\u00ed Ji\u0159et\u00edn a\u017e po N\u00e1rodn\u00ed p\u0159\u00edrodn\u00ed rezervaci Jezerka byla vyhl\u00e1\u0161ena za jedno chr\u00e1n\u011bn\u00e9 \u00fazem\u00ed s bezz\u00e1sahov\u00fdm re\u017eimem a vyz\u00fdv\u00e1 Krajsk\u00fd \u00fa\u0159ad \u00dasteck\u00e9ho kraje spolu s M\u017dP<br>k urychlen\u00e9mu jedn\u00e1n\u00ed. Dle dostupn\u00fdch informac\u00ed prob\u00edh\u00e1 nyn\u00ed mezi vlastn\u00edkem \u00fazem\u00ed, kter\u00fdm je spole\u010dnost I. H. Farm, a Krajsk\u00fdm \u00fa\u0159adem \u00dasteck\u00e9ho kraje jedn\u00e1n\u00ed o smluvn\u00ed ochran\u011b t\u00e9to evropsky v\u00fdznamn\u00e9 lokality Kru\u0161n\u00fdch hor.\u00a0<\/p>\n<div data-render=\"planet4-blocks\/gallery\" data-attributes=\"{&quot;attributes&quot;:{&quot;gallery_block_title&quot;:&quot;Bu\\u010diny, kter\\u00e9 stoj\\u00ed za z\\u00e1chranu.&quot;,&quot;multiple_image&quot;:&quot;13530,13529,13528,13526,13525,13524,13523,13522,13521,13520,13519,13518,13517,13516,13515,13514,13511,13509,13508&quot;,&quot;image_data&quot;:[{&quot;url&quot;:&quot;https:\\\/\\\/www.greenpeace.org\\\/static\\\/planet4-czech-republic-stateless\\\/2021\\\/04\\\/22dc1563-20.jpg&quot;,&quot;focalPoint&quot;:{&quot;x&quot;:0.5,&quot;y&quot;:0.5},&quot;id&quot;:13530},{&quot;url&quot;:&quot;https:\\\/\\\/www.greenpeace.org\\\/static\\\/planet4-czech-republic-stateless\\\/2021\\\/04\\\/95fa95aa-80.jpg&quot;,&quot;focalPoint&quot;:{&quot;x&quot;:0.5,&quot;y&quot;:0.5},&quot;id&quot;:13529},{&quot;url&quot;:&quot;https:\\\/\\\/www.greenpeace.org\\\/static\\\/planet4-czech-republic-stateless\\\/2021\\\/04\\\/3bd3bcc1-60.jpg&quot;,&quot;focalPoint&quot;:{&quot;x&quot;:0.5,&quot;y&quot;:0.5},&quot;id&quot;:13528},{&quot;url&quot;:&quot;https:\\\/\\\/www.greenpeace.org\\\/static\\\/planet4-czech-republic-stateless\\\/2021\\\/04\\\/c0c04ad6-50.jpg&quot;,&quot;focalPoint&quot;:{&quot;x&quot;:0.5,&quot;y&quot;:0.5},&quot;id&quot;:13526},{&quot;url&quot;:&quot;https:\\\/\\\/www.greenpeace.org\\\/static\\\/planet4-czech-republic-stateless\\\/2021\\\/04\\\/ad6ccf8c-120.jpg&quot;,&quot;focalPoint&quot;:{&quot;x&quot;:0.5,&quot;y&quot;:0.5},&quot;id&quot;:13525},{&quot;url&quot;:&quot;https:\\\/\\\/www.greenpeace.org\\\/static\\\/planet4-czech-republic-stateless\\\/2021\\\/04\\\/58d857af-100.jpg&quot;,&quot;focalPoint&quot;:{&quot;x&quot;:0.5,&quot;y&quot;:0.5},&quot;id&quot;:13524},{&quot;url&quot;:&quot;https:\\\/\\\/www.greenpeace.org\\\/static\\\/planet4-czech-republic-stateless\\\/2021\\\/04\\\/bf2f92be-90.jpg&quot;,&quot;focalPoint&quot;:{&quot;x&quot;:0.5,&quot;y&quot;:0.5},&quot;id&quot;:13523},{&quot;url&quot;:&quot;https:\\\/\\\/www.greenpeace.org\\\/static\\\/planet4-czech-republic-stateless\\\/2021\\\/04\\\/6808a07a-130.jpeg&quot;,&quot;focalPoint&quot;:{&quot;x&quot;:0.5,&quot;y&quot;:0.5},&quot;id&quot;:13522},{&quot;url&quot;:&quot;https:\\\/\\\/www.greenpeace.org\\\/static\\\/planet4-czech-republic-stateless\\\/2021\\\/04\\\/a420dc41-140.jpeg&quot;,&quot;focalPoint&quot;:{&quot;x&quot;:0.5,&quot;y&quot;:0.5},&quot;id&quot;:13521},{&quot;url&quot;:&quot;https:\\\/\\\/www.greenpeace.org\\\/static\\\/planet4-czech-republic-stateless\\\/2021\\\/04\\\/fdc39ad8-150.jpg&quot;,&quot;focalPoint&quot;:{&quot;x&quot;:0.5,&quot;y&quot;:0.5},&quot;id&quot;:13520},{&quot;url&quot;:&quot;https:\\\/\\\/www.greenpeace.org\\\/static\\\/planet4-czech-republic-stateless\\\/2021\\\/04\\\/1422a17d-img_3929.jpg&quot;,&quot;focalPoint&quot;:{&quot;x&quot;:0.5,&quot;y&quot;:0.5},&quot;id&quot;:13519},{&quot;url&quot;:&quot;https:\\\/\\\/www.greenpeace.org\\\/static\\\/planet4-czech-republic-stateless\\\/2021\\\/04\\\/c309ed68-img_3848.jpg&quot;,&quot;focalPoint&quot;:{&quot;x&quot;:0.5,&quot;y&quot;:0.5},&quot;id&quot;:13518},{&quot;url&quot;:&quot;https:\\\/\\\/www.greenpeace.org\\\/static\\\/planet4-czech-republic-stateless\\\/2021\\\/04\\\/c81a03b0-400_pxl_20210228_123629920_1656x1242.jpg&quot;,&quot;focalPoint&quot;:{&quot;x&quot;:0.5,&quot;y&quot;:0.5},&quot;id&quot;:13517},{&quot;url&quot;:&quot;https:\\\/\\\/www.greenpeace.org\\\/static\\\/planet4-czech-republic-stateless\\\/2021\\\/04\\\/94d74064-img_3738.jpg&quot;,&quot;focalPoint&quot;:{&quot;x&quot;:0.5,&quot;y&quot;:0.5},&quot;id&quot;:13516},{&quot;url&quot;:&quot;https:\\\/\\\/www.greenpeace.org\\\/static\\\/planet4-czech-republic-stateless\\\/2021\\\/04\\\/a1acff6e-400_pxl_20210228_123629920_1656x1242.jpg&quot;,&quot;focalPoint&quot;:{&quot;x&quot;:0.5,&quot;y&quot;:0.5},&quot;id&quot;:13515},{&quot;url&quot;:&quot;https:\\\/\\\/www.greenpeace.org\\\/static\\\/planet4-czech-republic-stateless\\\/2021\\\/04\\\/97aec0bf-20.jpg&quot;,&quot;focalPoint&quot;:{&quot;x&quot;:0.5,&quot;y&quot;:0.5},&quot;id&quot;:13514},{&quot;url&quot;:&quot;https:\\\/\\\/www.greenpeace.org\\\/static\\\/planet4-czech-republic-stateless\\\/2021\\\/04\\\/49ebe3b6-img_4026.jpg&quot;,&quot;focalPoint&quot;:{&quot;x&quot;:0.5,&quot;y&quot;:0.5},&quot;id&quot;:13511},{&quot;url&quot;:&quot;https:\\\/\\\/www.greenpeace.org\\\/static\\\/planet4-czech-republic-stateless\\\/2021\\\/04\\\/ec50508f-jezeri_jezero.jpg&quot;,&quot;focalPoint&quot;:{&quot;x&quot;:0.5,&quot;y&quot;:0.5},&quot;id&quot;:13509},{&quot;url&quot;:&quot;https:\\\/\\\/www.greenpeace.org\\\/static\\\/planet4-czech-republic-stateless\\\/2021\\\/04\\\/1c6a11ce-202_10_25_buciny_tykac_2400px_zewlakk-4640.jpg&quot;,&quot;focalPoint&quot;:{&quot;x&quot;:0.5,&quot;y&quot;:0.5},&quot;id&quot;:13508}],&quot;gallery_block_style&quot;:0,&quot;gallery_block_description&quot;:&quot;&quot;,&quot;gallery_block_focus_points&quot;:&quot;&quot;,&quot;images&quot;:[{&quot;image_src&quot;:&quot;https:\\\/\\\/www.greenpeace.org\\\/static\\\/planet4-czech-republic-stateless\\\/2021\\\/04\\\/22dc1563-20.jpg&quot;,&quot;image_srcset&quot;:&quot;https:\\\/\\\/www.greenpeace.org\\\/static\\\/planet4-czech-republic-stateless\\\/2021\\\/04\\\/22dc1563-20.jpg 1080w, https:\\\/\\\/www.greenpeace.org\\\/static\\\/planet4-czech-republic-stateless\\\/2021\\\/04\\\/22dc1563-20-300x266.jpg 300w, https:\\\/\\\/www.greenpeace.org\\\/static\\\/planet4-czech-republic-stateless\\\/2021\\\/04\\\/22dc1563-20-1024x908.jpg 1024w, https:\\\/\\\/www.greenpeace.org\\\/static\\\/planet4-czech-republic-stateless\\\/2021\\\/04\\\/22dc1563-20-768x681.jpg 768w, https:\\\/\\\/www.greenpeace.org\\\/static\\\/planet4-czech-republic-stateless\\\/2021\\\/04\\\/22dc1563-20-383x340.jpg 383w&quot;,&quot;image_sizes&quot;:false,&quot;alt_text&quot;:&quot;&quot;,&quot;caption&quot;:&quot;&quot;,&quot;focus_image&quot;:&quot;&quot;,&quot;credits&quot;:&quot;&quot;},{&quot;image_src&quot;:&quot;https:\\\/\\\/www.greenpeace.org\\\/static\\\/planet4-czech-republic-stateless\\\/2021\\\/04\\\/95fa95aa-80.jpg&quot;,&quot;image_srcset&quot;:&quot;https:\\\/\\\/www.greenpeace.org\\\/static\\\/planet4-czech-republic-stateless\\\/2021\\\/04\\\/95fa95aa-80.jpg 1080w, https:\\\/\\\/www.greenpeace.org\\\/static\\\/planet4-czech-republic-stateless\\\/2021\\\/04\\\/95fa95aa-80-300x200.jpg 300w, https:\\\/\\\/www.greenpeace.org\\\/static\\\/planet4-czech-republic-stateless\\\/2021\\\/04\\\/95fa95aa-80-1024x682.jpg 1024w, https:\\\/\\\/www.greenpeace.org\\\/static\\\/planet4-czech-republic-stateless\\\/2021\\\/04\\\/95fa95aa-80-768x511.jpg 768w, https:\\\/\\\/www.greenpeace.org\\\/static\\\/planet4-czech-republic-stateless\\\/2021\\\/04\\\/95fa95aa-80-510x340.jpg 510w&quot;,&quot;image_sizes&quot;:false,&quot;alt_text&quot;:&quot;&quot;,&quot;caption&quot;:&quot;&quot;,&quot;focus_image&quot;:&quot;&quot;,&quot;credits&quot;:&quot;&quot;},{&quot;image_src&quot;:&quot;https:\\\/\\\/www.greenpeace.org\\\/static\\\/planet4-czech-republic-stateless\\\/2021\\\/04\\\/3bd3bcc1-60.jpg&quot;,&quot;image_srcset&quot;:&quot;https:\\\/\\\/www.greenpeace.org\\\/static\\\/planet4-czech-republic-stateless\\\/2021\\\/04\\\/3bd3bcc1-60.jpg 1080w, https:\\\/\\\/www.greenpeace.org\\\/static\\\/planet4-czech-republic-stateless\\\/2021\\\/04\\\/3bd3bcc1-60-300x200.jpg 300w, https:\\\/\\\/www.greenpeace.org\\\/static\\\/planet4-czech-republic-stateless\\\/2021\\\/04\\\/3bd3bcc1-60-1024x683.jpg 1024w, https:\\\/\\\/www.greenpeace.org\\\/static\\\/planet4-czech-republic-stateless\\\/2021\\\/04\\\/3bd3bcc1-60-768x512.jpg 768w, https:\\\/\\\/www.greenpeace.org\\\/static\\\/planet4-czech-republic-stateless\\\/2021\\\/04\\\/3bd3bcc1-60-510x340.jpg 510w&quot;,&quot;image_sizes&quot;:false,&quot;alt_text&quot;:&quot;&quot;,&quot;caption&quot;:&quot;&quot;,&quot;focus_image&quot;:&quot;&quot;,&quot;credits&quot;:&quot;&quot;},{&quot;image_src&quot;:&quot;https:\\\/\\\/www.greenpeace.org\\\/static\\\/planet4-czech-republic-stateless\\\/2021\\\/04\\\/c0c04ad6-50.jpg&quot;,&quot;image_srcset&quot;:&quot;https:\\\/\\\/www.greenpeace.org\\\/static\\\/planet4-czech-republic-stateless\\\/2021\\\/04\\\/c0c04ad6-50.jpg 1080w, https:\\\/\\\/www.greenpeace.org\\\/static\\\/planet4-czech-republic-stateless\\\/2021\\\/04\\\/c0c04ad6-50-300x200.jpg 300w, https:\\\/\\\/www.greenpeace.org\\\/static\\\/planet4-czech-republic-stateless\\\/2021\\\/04\\\/c0c04ad6-50-1024x683.jpg 1024w, https:\\\/\\\/www.greenpeace.org\\\/static\\\/planet4-czech-republic-stateless\\\/2021\\\/04\\\/c0c04ad6-50-768x512.jpg 768w, https:\\\/\\\/www.greenpeace.org\\\/static\\\/planet4-czech-republic-stateless\\\/2021\\\/04\\\/c0c04ad6-50-510x340.jpg 510w&quot;,&quot;image_sizes&quot;:false,&quot;alt_text&quot;:&quot;&quot;,&quot;caption&quot;:&quot;&quot;,&quot;focus_image&quot;:&quot;&quot;,&quot;credits&quot;:&quot;&quot;},{&quot;image_src&quot;:&quot;https:\\\/\\\/www.greenpeace.org\\\/static\\\/planet4-czech-republic-stateless\\\/2021\\\/04\\\/ad6ccf8c-120.jpg&quot;,&quot;image_srcset&quot;:&quot;https:\\\/\\\/www.greenpeace.org\\\/static\\\/planet4-czech-republic-stateless\\\/2021\\\/04\\\/ad6ccf8c-120.jpg 1080w, https:\\\/\\\/www.greenpeace.org\\\/static\\\/planet4-czech-republic-stateless\\\/2021\\\/04\\\/ad6ccf8c-120-300x200.jpg 300w, https:\\\/\\\/www.greenpeace.org\\\/static\\\/planet4-czech-republic-stateless\\\/2021\\\/04\\\/ad6ccf8c-120-1024x682.jpg 1024w, https:\\\/\\\/www.greenpeace.org\\\/static\\\/planet4-czech-republic-stateless\\\/2021\\\/04\\\/ad6ccf8c-120-768x511.jpg 768w, https:\\\/\\\/www.greenpeace.org\\\/static\\\/planet4-czech-republic-stateless\\\/2021\\\/04\\\/ad6ccf8c-120-510x340.jpg 510w&quot;,&quot;image_sizes&quot;:false,&quot;alt_text&quot;:&quot;&quot;,&quot;caption&quot;:&quot;&quot;,&quot;focus_image&quot;:&quot;&quot;,&quot;credits&quot;:&quot;&quot;},{&quot;image_src&quot;:&quot;https:\\\/\\\/www.greenpeace.org\\\/static\\\/planet4-czech-republic-stateless\\\/2021\\\/04\\\/58d857af-100.jpg&quot;,&quot;image_srcset&quot;:&quot;https:\\\/\\\/www.greenpeace.org\\\/static\\\/planet4-czech-republic-stateless\\\/2021\\\/04\\\/58d857af-100.jpg 1080w, https:\\\/\\\/www.greenpeace.org\\\/static\\\/planet4-czech-republic-stateless\\\/2021\\\/04\\\/58d857af-100-300x200.jpg 300w, https:\\\/\\\/www.greenpeace.org\\\/static\\\/planet4-czech-republic-stateless\\\/2021\\\/04\\\/58d857af-100-1024x683.jpg 1024w, https:\\\/\\\/www.greenpeace.org\\\/static\\\/planet4-czech-republic-stateless\\\/2021\\\/04\\\/58d857af-100-768x512.jpg 768w, https:\\\/\\\/www.greenpeace.org\\\/static\\\/planet4-czech-republic-stateless\\\/2021\\\/04\\\/58d857af-100-510x340.jpg 510w&quot;,&quot;image_sizes&quot;:false,&quot;alt_text&quot;:&quot;&quot;,&quot;caption&quot;:&quot;&quot;,&quot;focus_image&quot;:&quot;&quot;,&quot;credits&quot;:&quot;&quot;},{&quot;image_src&quot;:&quot;https:\\\/\\\/www.greenpeace.org\\\/static\\\/planet4-czech-republic-stateless\\\/2021\\\/04\\\/bf2f92be-90.jpg&quot;,&quot;image_srcset&quot;:&quot;https:\\\/\\\/www.greenpeace.org\\\/static\\\/planet4-czech-republic-stateless\\\/2021\\\/04\\\/bf2f92be-90.jpg 1080w, https:\\\/\\\/www.greenpeace.org\\\/static\\\/planet4-czech-republic-stateless\\\/2021\\\/04\\\/bf2f92be-90-300x200.jpg 300w, https:\\\/\\\/www.greenpeace.org\\\/static\\\/planet4-czech-republic-stateless\\\/2021\\\/04\\\/bf2f92be-90-1024x682.jpg 1024w, https:\\\/\\\/www.greenpeace.org\\\/static\\\/planet4-czech-republic-stateless\\\/2021\\\/04\\\/bf2f92be-90-768x511.jpg 768w, https:\\\/\\\/www.greenpeace.org\\\/static\\\/planet4-czech-republic-stateless\\\/2021\\\/04\\\/bf2f92be-90-510x340.jpg 510w&quot;,&quot;image_sizes&quot;:false,&quot;alt_text&quot;:&quot;&quot;,&quot;caption&quot;:&quot;&quot;,&quot;focus_image&quot;:&quot;&quot;,&quot;credits&quot;:&quot;&quot;},{&quot;image_src&quot;:&quot;https:\\\/\\\/www.greenpeace.org\\\/static\\\/planet4-czech-republic-stateless\\\/2021\\\/04\\\/6808a07a-130.jpeg&quot;,&quot;image_srcset&quot;:&quot;https:\\\/\\\/www.greenpeace.org\\\/static\\\/planet4-czech-republic-stateless\\\/2021\\\/04\\\/6808a07a-130.jpeg 1080w, https:\\\/\\\/www.greenpeace.org\\\/static\\\/planet4-czech-republic-stateless\\\/2021\\\/04\\\/6808a07a-130-300x213.jpeg 300w, https:\\\/\\\/www.greenpeace.org\\\/static\\\/planet4-czech-republic-stateless\\\/2021\\\/04\\\/6808a07a-130-1024x725.jpeg 1024w, https:\\\/\\\/www.greenpeace.org\\\/static\\\/planet4-czech-republic-stateless\\\/2021\\\/04\\\/6808a07a-130-768x544.jpeg 768w, https:\\\/\\\/www.greenpeace.org\\\/static\\\/planet4-czech-republic-stateless\\\/2021\\\/04\\\/6808a07a-130-480x340.jpeg 480w&quot;,&quot;image_sizes&quot;:false,&quot;alt_text&quot;:&quot;&quot;,&quot;caption&quot;:&quot;&quot;,&quot;focus_image&quot;:&quot;&quot;,&quot;credits&quot;:&quot;&quot;},{&quot;image_src&quot;:&quot;https:\\\/\\\/www.greenpeace.org\\\/static\\\/planet4-czech-republic-stateless\\\/2021\\\/04\\\/a420dc41-140.jpeg&quot;,&quot;image_srcset&quot;:&quot;https:\\\/\\\/www.greenpeace.org\\\/static\\\/planet4-czech-republic-stateless\\\/2021\\\/04\\\/a420dc41-140.jpeg 1080w, https:\\\/\\\/www.greenpeace.org\\\/static\\\/planet4-czech-republic-stateless\\\/2021\\\/04\\\/a420dc41-140-300x225.jpeg 300w, https:\\\/\\\/www.greenpeace.org\\\/static\\\/planet4-czech-republic-stateless\\\/2021\\\/04\\\/a420dc41-140-1024x768.jpeg 1024w, https:\\\/\\\/www.greenpeace.org\\\/static\\\/planet4-czech-republic-stateless\\\/2021\\\/04\\\/a420dc41-140-768x576.jpeg 768w, https:\\\/\\\/www.greenpeace.org\\\/static\\\/planet4-czech-republic-stateless\\\/2021\\\/04\\\/a420dc41-140-453x340.jpeg 453w&quot;,&quot;image_sizes&quot;:false,&quot;alt_text&quot;:&quot;&quot;,&quot;caption&quot;:&quot;&quot;,&quot;focus_image&quot;:&quot;&quot;,&quot;credits&quot;:&quot;&quot;},{&quot;image_src&quot;:&quot;https:\\\/\\\/www.greenpeace.org\\\/static\\\/planet4-czech-republic-stateless\\\/2021\\\/04\\\/fdc39ad8-150.jpg&quot;,&quot;image_srcset&quot;:&quot;https:\\\/\\\/www.greenpeace.org\\\/static\\\/planet4-czech-republic-stateless\\\/2021\\\/04\\\/fdc39ad8-150.jpg 1080w, https:\\\/\\\/www.greenpeace.org\\\/static\\\/planet4-czech-republic-stateless\\\/2021\\\/04\\\/fdc39ad8-150-300x225.jpg 300w, https:\\\/\\\/www.greenpeace.org\\\/static\\\/planet4-czech-republic-stateless\\\/2021\\\/04\\\/fdc39ad8-150-1024x768.jpg 1024w, https:\\\/\\\/www.greenpeace.org\\\/static\\\/planet4-czech-republic-stateless\\\/2021\\\/04\\\/fdc39ad8-150-768x576.jpg 768w, https:\\\/\\\/www.greenpeace.org\\\/static\\\/planet4-czech-republic-stateless\\\/2021\\\/04\\\/fdc39ad8-150-453x340.jpg 453w&quot;,&quot;image_sizes&quot;:false,&quot;alt_text&quot;:&quot;&quot;,&quot;caption&quot;:&quot;&quot;,&quot;focus_image&quot;:&quot;&quot;,&quot;credits&quot;:&quot;&quot;},{&quot;image_src&quot;:&quot;https:\\\/\\\/www.greenpeace.org\\\/static\\\/planet4-czech-republic-stateless\\\/2021\\\/04\\\/1422a17d-img_3929.jpg&quot;,&quot;image_srcset&quot;:&quot;https:\\\/\\\/www.greenpeace.org\\\/static\\\/planet4-czech-republic-stateless\\\/2021\\\/04\\\/1422a17d-img_3929.jpg 1080w, https:\\\/\\\/www.greenpeace.org\\\/static\\\/planet4-czech-republic-stateless\\\/2021\\\/04\\\/1422a17d-img_3929-300x200.jpg 300w, https:\\\/\\\/www.greenpeace.org\\\/static\\\/planet4-czech-republic-stateless\\\/2021\\\/04\\\/1422a17d-img_3929-1024x683.jpg 1024w, https:\\\/\\\/www.greenpeace.org\\\/static\\\/planet4-czech-republic-stateless\\\/2021\\\/04\\\/1422a17d-img_3929-768x512.jpg 768w, https:\\\/\\\/www.greenpeace.org\\\/static\\\/planet4-czech-republic-stateless\\\/2021\\\/04\\\/1422a17d-img_3929-510x340.jpg 510w&quot;,&quot;image_sizes&quot;:false,&quot;alt_text&quot;:&quot;&quot;,&quot;caption&quot;:&quot;&quot;,&quot;focus_image&quot;:&quot;&quot;,&quot;credits&quot;:&quot;&quot;},{&quot;image_src&quot;:&quot;https:\\\/\\\/www.greenpeace.org\\\/static\\\/planet4-czech-republic-stateless\\\/2021\\\/04\\\/c309ed68-img_3848.jpg&quot;,&quot;image_srcset&quot;:&quot;https:\\\/\\\/www.greenpeace.org\\\/static\\\/planet4-czech-republic-stateless\\\/2021\\\/04\\\/c309ed68-img_3848.jpg 1080w, https:\\\/\\\/www.greenpeace.org\\\/static\\\/planet4-czech-republic-stateless\\\/2021\\\/04\\\/c309ed68-img_3848-300x200.jpg 300w, https:\\\/\\\/www.greenpeace.org\\\/static\\\/planet4-czech-republic-stateless\\\/2021\\\/04\\\/c309ed68-img_3848-1024x683.jpg 1024w, https:\\\/\\\/www.greenpeace.org\\\/static\\\/planet4-czech-republic-stateless\\\/2021\\\/04\\\/c309ed68-img_3848-768x512.jpg 768w, https:\\\/\\\/www.greenpeace.org\\\/static\\\/planet4-czech-republic-stateless\\\/2021\\\/04\\\/c309ed68-img_3848-510x340.jpg 510w&quot;,&quot;image_sizes&quot;:false,&quot;alt_text&quot;:&quot;&quot;,&quot;caption&quot;:&quot;&quot;,&quot;focus_image&quot;:&quot;&quot;,&quot;credits&quot;:&quot;&quot;},{&quot;image_src&quot;:&quot;https:\\\/\\\/www.greenpeace.org\\\/static\\\/planet4-czech-republic-stateless\\\/2021\\\/04\\\/c81a03b0-400_pxl_20210228_123629920_1656x1242.jpg&quot;,&quot;image_srcset&quot;:&quot;https:\\\/\\\/www.greenpeace.org\\\/static\\\/planet4-czech-republic-stateless\\\/2021\\\/04\\\/c81a03b0-400_pxl_20210228_123629920_1656x1242.jpg 1080w, https:\\\/\\\/www.greenpeace.org\\\/static\\\/planet4-czech-republic-stateless\\\/2021\\\/04\\\/c81a03b0-400_pxl_20210228_123629920_1656x1242-300x225.jpg 300w, https:\\\/\\\/www.greenpeace.org\\\/static\\\/planet4-czech-republic-stateless\\\/2021\\\/04\\\/c81a03b0-400_pxl_20210228_123629920_1656x1242-1024x768.jpg 1024w, https:\\\/\\\/www.greenpeace.org\\\/static\\\/planet4-czech-republic-stateless\\\/2021\\\/04\\\/c81a03b0-400_pxl_20210228_123629920_1656x1242-768x576.jpg 768w, https:\\\/\\\/www.greenpeace.org\\\/static\\\/planet4-czech-republic-stateless\\\/2021\\\/04\\\/c81a03b0-400_pxl_20210228_123629920_1656x1242-453x340.jpg 453w&quot;,&quot;image_sizes&quot;:false,&quot;alt_text&quot;:&quot;&quot;,&quot;caption&quot;:&quot;&quot;,&quot;focus_image&quot;:&quot;&quot;,&quot;credits&quot;:&quot;&quot;},{&quot;image_src&quot;:&quot;https:\\\/\\\/www.greenpeace.org\\\/static\\\/planet4-czech-republic-stateless\\\/2021\\\/04\\\/94d74064-img_3738.jpg&quot;,&quot;image_srcset&quot;:&quot;https:\\\/\\\/www.greenpeace.org\\\/static\\\/planet4-czech-republic-stateless\\\/2021\\\/04\\\/94d74064-img_3738.jpg 1080w, https:\\\/\\\/www.greenpeace.org\\\/static\\\/planet4-czech-republic-stateless\\\/2021\\\/04\\\/94d74064-img_3738-300x200.jpg 300w, https:\\\/\\\/www.greenpeace.org\\\/static\\\/planet4-czech-republic-stateless\\\/2021\\\/04\\\/94d74064-img_3738-1024x683.jpg 1024w, https:\\\/\\\/www.greenpeace.org\\\/static\\\/planet4-czech-republic-stateless\\\/2021\\\/04\\\/94d74064-img_3738-768x512.jpg 768w, https:\\\/\\\/www.greenpeace.org\\\/static\\\/planet4-czech-republic-stateless\\\/2021\\\/04\\\/94d74064-img_3738-510x340.jpg 510w&quot;,&quot;image_sizes&quot;:false,&quot;alt_text&quot;:&quot;&quot;,&quot;caption&quot;:&quot;&quot;,&quot;focus_image&quot;:&quot;&quot;,&quot;credits&quot;:&quot;&quot;},{&quot;image_src&quot;:&quot;https:\\\/\\\/www.greenpeace.org\\\/static\\\/planet4-czech-republic-stateless\\\/2021\\\/04\\\/a1acff6e-400_pxl_20210228_123629920_1656x1242.jpg&quot;,&quot;image_srcset&quot;:&quot;https:\\\/\\\/www.greenpeace.org\\\/static\\\/planet4-czech-republic-stateless\\\/2021\\\/04\\\/a1acff6e-400_pxl_20210228_123629920_1656x1242.jpg 1080w, https:\\\/\\\/www.greenpeace.org\\\/static\\\/planet4-czech-republic-stateless\\\/2021\\\/04\\\/a1acff6e-400_pxl_20210228_123629920_1656x1242-300x225.jpg 300w, https:\\\/\\\/www.greenpeace.org\\\/static\\\/planet4-czech-republic-stateless\\\/2021\\\/04\\\/a1acff6e-400_pxl_20210228_123629920_1656x1242-1024x768.jpg 1024w, https:\\\/\\\/www.greenpeace.org\\\/static\\\/planet4-czech-republic-stateless\\\/2021\\\/04\\\/a1acff6e-400_pxl_20210228_123629920_1656x1242-768x576.jpg 768w, https:\\\/\\\/www.greenpeace.org\\\/static\\\/planet4-czech-republic-stateless\\\/2021\\\/04\\\/a1acff6e-400_pxl_20210228_123629920_1656x1242-453x340.jpg 453w&quot;,&quot;image_sizes&quot;:false,&quot;alt_text&quot;:&quot;&quot;,&quot;caption&quot;:&quot;&quot;,&quot;focus_image&quot;:&quot;&quot;,&quot;credits&quot;:&quot;&quot;},{&quot;image_src&quot;:&quot;https:\\\/\\\/www.greenpeace.org\\\/static\\\/planet4-czech-republic-stateless\\\/2021\\\/04\\\/97aec0bf-20.jpg&quot;,&quot;image_srcset&quot;:&quot;https:\\\/\\\/www.greenpeace.org\\\/static\\\/planet4-czech-republic-stateless\\\/2021\\\/04\\\/97aec0bf-20.jpg 1080w, https:\\\/\\\/www.greenpeace.org\\\/static\\\/planet4-czech-republic-stateless\\\/2021\\\/04\\\/97aec0bf-20-300x266.jpg 300w, https:\\\/\\\/www.greenpeace.org\\\/static\\\/planet4-czech-republic-stateless\\\/2021\\\/04\\\/97aec0bf-20-1024x908.jpg 1024w, https:\\\/\\\/www.greenpeace.org\\\/static\\\/planet4-czech-republic-stateless\\\/2021\\\/04\\\/97aec0bf-20-768x681.jpg 768w, https:\\\/\\\/www.greenpeace.org\\\/static\\\/planet4-czech-republic-stateless\\\/2021\\\/04\\\/97aec0bf-20-383x340.jpg 383w&quot;,&quot;image_sizes&quot;:false,&quot;alt_text&quot;:&quot;&quot;,&quot;caption&quot;:&quot;&quot;,&quot;focus_image&quot;:&quot;&quot;,&quot;credits&quot;:&quot;&quot;},{&quot;image_src&quot;:&quot;https:\\\/\\\/www.greenpeace.org\\\/static\\\/planet4-czech-republic-stateless\\\/2021\\\/04\\\/49ebe3b6-img_4026.jpg&quot;,&quot;image_srcset&quot;:&quot;https:\\\/\\\/www.greenpeace.org\\\/static\\\/planet4-czech-republic-stateless\\\/2021\\\/04\\\/49ebe3b6-img_4026.jpg 1080w, https:\\\/\\\/www.greenpeace.org\\\/static\\\/planet4-czech-republic-stateless\\\/2021\\\/04\\\/49ebe3b6-img_4026-300x200.jpg 300w, https:\\\/\\\/www.greenpeace.org\\\/static\\\/planet4-czech-republic-stateless\\\/2021\\\/04\\\/49ebe3b6-img_4026-1024x683.jpg 1024w, https:\\\/\\\/www.greenpeace.org\\\/static\\\/planet4-czech-republic-stateless\\\/2021\\\/04\\\/49ebe3b6-img_4026-768x512.jpg 768w, https:\\\/\\\/www.greenpeace.org\\\/static\\\/planet4-czech-republic-stateless\\\/2021\\\/04\\\/49ebe3b6-img_4026-510x340.jpg 510w&quot;,&quot;image_sizes&quot;:false,&quot;alt_text&quot;:&quot;&quot;,&quot;caption&quot;:&quot;&quot;,&quot;focus_image&quot;:&quot;&quot;,&quot;credits&quot;:&quot;&quot;},{&quot;image_src&quot;:&quot;https:\\\/\\\/www.greenpeace.org\\\/static\\\/planet4-czech-republic-stateless\\\/2021\\\/04\\\/ec50508f-jezeri_jezero.jpg&quot;,&quot;image_srcset&quot;:&quot;https:\\\/\\\/www.greenpeace.org\\\/static\\\/planet4-czech-republic-stateless\\\/2021\\\/04\\\/ec50508f-jezeri_jezero.jpg 718w, https:\\\/\\\/www.greenpeace.org\\\/static\\\/planet4-czech-republic-stateless\\\/2021\\\/04\\\/ec50508f-jezeri_jezero-300x215.jpg 300w, https:\\\/\\\/www.greenpeace.org\\\/static\\\/planet4-czech-republic-stateless\\\/2021\\\/04\\\/ec50508f-jezeri_jezero-475x340.jpg 475w&quot;,&quot;image_sizes&quot;:false,&quot;alt_text&quot;:&quot;&quot;,&quot;caption&quot;:&quot;&quot;,&quot;focus_image&quot;:&quot;&quot;,&quot;credits&quot;:&quot;&quot;},{&quot;image_src&quot;:&quot;https:\\\/\\\/www.greenpeace.org\\\/static\\\/planet4-czech-republic-stateless\\\/2021\\\/04\\\/1c6a11ce-202_10_25_buciny_tykac_2400px_zewlakk-4640.jpg&quot;,&quot;image_srcset&quot;:&quot;https:\\\/\\\/www.greenpeace.org\\\/static\\\/planet4-czech-republic-stateless\\\/2021\\\/04\\\/1c6a11ce-202_10_25_buciny_tykac_2400px_zewlakk-4640.jpg 1080w, https:\\\/\\\/www.greenpeace.org\\\/static\\\/planet4-czech-republic-stateless\\\/2021\\\/04\\\/1c6a11ce-202_10_25_buciny_tykac_2400px_zewlakk-4640-300x200.jpg 300w, https:\\\/\\\/www.greenpeace.org\\\/static\\\/planet4-czech-republic-stateless\\\/2021\\\/04\\\/1c6a11ce-202_10_25_buciny_tykac_2400px_zewlakk-4640-1024x682.jpg 1024w, https:\\\/\\\/www.greenpeace.org\\\/static\\\/planet4-czech-republic-stateless\\\/2021\\\/04\\\/1c6a11ce-202_10_25_buciny_tykac_2400px_zewlakk-4640-768x511.jpg 768w, https:\\\/\\\/www.greenpeace.org\\\/static\\\/planet4-czech-republic-stateless\\\/2021\\\/04\\\/1c6a11ce-202_10_25_buciny_tykac_2400px_zewlakk-4640-510x340.jpg 510w&quot;,&quot;image_sizes&quot;:false,&quot;alt_text&quot;:&quot;&quot;,&quot;caption&quot;:&quot;&quot;,&quot;focus_image&quot;:&quot;&quot;,&quot;credits&quot;:&quot;&quot;}]}}\"><\/div>\n<p>My v\u0161ak spolu s v\u00edce ne\u017e 7000 signat\u00e1\u0159i petice smlouvu na ochranu \u00fazem\u00ed odm\u00edt\u00e1me, proto\u017ee nem\u00e1me v\u00edru v to, \u017ee by sou\u010dasn\u00fd vlastn\u00edk, kter\u00fd ji\u017e \u0159adu let brut\u00e1ln\u011b k\u00e1c\u00ed bukov\u00fd les, co\u017e je v rozporu s doporu\u010denou ochranou tohoto \u00fazem\u00ed, uzav\u0159el dobrovoln\u011b dostate\u010dn\u011b ambici\u00f3zn\u00ed dohodu. Pr\u00e1v\u011b proto se ji\u017e tuto ned\u011bli vyd\u00e1me spolu s m\u00edstn\u00edmi obyvateli a odborn\u00edky na lesnictv\u00ed do m\u00edst, kter\u00e1 jsou plo\u0161n\u00fdm k\u00e1cen\u00edm nejv\u00edce ohro\u017eena a znovu vyzveme p\u0159\u00edslu\u0161n\u00e9 \u00fa\u0159ady k vyhl\u00e1\u0161en\u00ed ochrany a bezz\u00e1sahovosti tohoto jedine\u010dn\u00e9ho lesa.&nbsp;<\/p>\n\n<div class=\"wp-block-buttons is-layout-flex wp-block-buttons-is-layout-flex\">\n<div class=\"wp-block-button is-style-cta\"><a class=\"wp-block-button__link\" href=\"https:\/\/fb.me\/e\/74NlvSMZ6\" target=\"_blank\" rel=\"noreferrer noopener\"><strong>P\u0159ije\u010fte podpo\u0159it ochranu bu\u010din<\/strong><\/a><\/div>\n<\/div>\n","protected":false},"excerpt":{"rendered":"<p>P\u0159ije\u010fte podpo\u0159it ochranu bu\u010din<\/p>\n","protected":false},"author":31,"featured_media":13508,"comment_status":"open","ping_status":"closed","sticky":false,"template":"","format":"standard","meta":{"ep_exclude_from_search":false,"p4_og_title":"","p4_og_description":"","p4_og_image":"","p4_og_image_id":"","p4_seo_canonical_url":"","p4_campaign_name":"not set","p4_local_project":"not set","p4_basket_name":"not set","p4_department":"","footnotes":""},"categories":[2],"tags":[17,29],"p4-page-type":[16],"class_list":["post-13987","post","type-post","status-publish","format-standard","has-post-thumbnail","hentry","category-priroda","tag-lesy-pralesy","tag-nenasilne-protesty","p4-page-type-clanek"],"_links":{"self":[{"href":"https:\/\/www.greenpeace.org\/czech\/wp-json\/wp\/v2\/posts\/13987","targetHints":{"allow":["GET"]}}],"collection":[{"href":"https:\/\/www.greenpeace.org\/czech\/wp-json\/wp\/v2\/posts"}],"about":[{"href":"https:\/\/www.greenpeace.org\/czech\/wp-json\/wp\/v2\/types\/post"}],"author":[{"embeddable":true,"href":"https:\/\/www.greenpeace.org\/czech\/wp-json\/wp\/v2\/users\/31"}],"replies":[{"embeddable":true,"href":"https:\/\/www.greenpeace.org\/czech\/wp-json\/wp\/v2\/comments?post=13987"}],"version-history":[{"count":4,"href":"https:\/\/www.greenpeace.org\/czech\/wp-json\/wp\/v2\/posts\/13987\/revisions"}],"predecessor-version":[{"id":13991,"href":"https:\/\/www.greenpeace.org\/czech\/wp-json\/wp\/v2\/posts\/13987\/revisions\/13991"}],"wp:featuredmedia":[{"embeddable":true,"href":"https:\/\/www.greenpeace.org\/czech\/wp-json\/wp\/v2\/media\/13508"}],"wp:attachment":[{"href":"https:\/\/www.greenpeace.org\/czech\/wp-json\/wp\/v2\/media?parent=13987"}],"wp:term":[{"taxonomy":"category","embeddable":true,"href":"https:\/\/www.greenpeace.org\/czech\/wp-json\/wp\/v2\/categories?post=13987"},{"taxonomy":"post_tag","embeddable":true,"href":"https:\/\/www.greenpeace.org\/czech\/wp-json\/wp\/v2\/tags?post=13987"},{"taxonomy":"p4-page-type","embeddable":true,"href":"https:\/\/www.greenpeace.org\/czech\/wp-json\/wp\/v2\/p4-page-type?post=13987"}],"curies":[{"name":"wp","href":"https:\/\/api.w.org\/{rel}","templated":true}]}}