{"id":14015,"date":"2021-06-14T12:06:00","date_gmt":"2021-06-14T11:06:00","guid":{"rendered":"https:\/\/www.greenpeace.org\/czech\/?p=14015"},"modified":"2021-06-15T16:27:31","modified_gmt":"2021-06-15T15:27:31","slug":"zachrana-unikatnich-bucin-je-na-dosah-i-vlastnik-lesa-uz-pripousti-zavedeni-bezzasahoveho-uzemi","status":"publish","type":"post","link":"https:\/\/www.greenpeace.org\/czech\/clanek\/14015\/zachrana-unikatnich-bucin-je-na-dosah-i-vlastnik-lesa-uz-pripousti-zavedeni-bezzasahoveho-uzemi\/","title":{"rendered":"Z\u00e1chrana unik\u00e1tn\u00edch bu\u010din je na dosah. I vlastn\u00edk lesa u\u017e p\u0159ipou\u0161t\u00ed zaveden\u00ed bezz\u00e1sahov\u00e9ho \u00fazem\u00ed"},"content":{"rendered":"\n<p>P\u0159ed n\u011bkolika t\u00fddny jsme <a href=\"https:\/\/www.greenpeace.org\/czech\/tiskova-zprava\/13435\/greenpeace-zada-cizp-ustecky-kraj-a-mzp-aby-zastavily-devastaci-vzacnych-bukovych-lesu-u-horniho-jiretina\/\">zve\u0159ejnili informace o problematick\u00e9m k\u00e1cen\u00ed unik\u00e1tn\u00edch bu\u010din na svaz\u00edch Kru\u0161n\u00fdch hor<\/a> v bl\u00edzkosti m\u011bsta Horn\u00ed Ji\u0159et\u00edn a z\u00e1mku Jeze\u0159\u00ed. Podle informac\u00ed, kter\u00e9 jsme shrom\u00e1\u017edili, se zde systematicky odles\u0148uje p\u0159edev\u0161\u00edm na pozemc\u00edch firmy I. H. Farm v majetku rodiny kontroverzn\u00edho uhlobarona Pavla Tyka\u010de, kter\u00fd vlastn\u00ed i povrchov\u00fd velkolom \u010cSA pod horami. Poj\u010fme se nyn\u00ed pod\u00edvat na to, jak se kauza vyv\u00edj\u00ed a jak se k n\u00ed vyj\u00e1d\u0159ili dal\u0161\u00ed akt\u00e9\u0159i.<\/p>\n\n<p>O k\u00e1cen\u00ed bu\u010din se d\u00edky na\u0161\u00ed kampani za\u010dala zaj\u00edmat m\u00e9dia. \u010cesk\u00e1 televize v\u010dera odvys\u00edlala <a href=\"https:\/\/www.ceskatelevize.cz\/porady\/1095913550-nedej-se\/221562248410011-buciny-v-likvidaci\/\">d\u00edl po\u0159adu Nedej se s n\u00e1zvem Bu\u010diny v likvidaci<\/a>, kter\u00fd tentokr\u00e1t p\u0159\u00edmo na m\u00edst\u011b podobn\u011b jako my mapoval holiny po t\u011b\u017eb\u011b d\u0159eva a k\u00e1cen\u00ed unik\u00e1tn\u00edch star\u00fdch strom\u016f s odborn\u00edkem na lesy Janem Hofmeisterem z Fakulty lesnick\u00e9 a d\u0159eva\u0159sk\u00e9 \u010cesk\u00e9 zem\u011bd\u011blsk\u00e9 univerzity v Praze. Z\u00e1b\u011bry potvrzuj\u00ed na\u0161e zji\u0161t\u011bn\u00ed &#8211; v oblasti prob\u00edhala ne\u0161etrn\u00e1 t\u011b\u017eba d\u0159eva i nahrazov\u00e1n\u00ed p\u016fvodn\u00edch listnat\u00fdch d\u0159evin smrky.&nbsp;<\/p>\n<div data-render=\"planet4-blocks\/gallery\" data-attributes=\"{&quot;attributes&quot;:{&quot;gallery_block_title&quot;:&quot;Protest Zachra\\u0148me bu\\u010diny&quot;,&quot;gallery_block_description&quot;:&quot;13. \\u010dervna 2021 jsme se spolu s n\\u011bkolika stovkami (cca 200) lid\\u00ed se\\u0161li u z\\u00e1mku Jeze\\u0159\\u00ed, abychom vyj\\u00e1d\\u0159ili svou podporu vyhl\\u00e1\\u0161en\\u00ed bezz\\u00e1sahov\\u00e9 ochrany unik\\u00e1tn\\u00edch kru\\u0161nohorsk\\u00fdch bu\\u010din.  &quot;,&quot;multiple_image&quot;:&quot;13525,14030,14031,14029,14032,14033,14034,14036,14047,14048,14049,14050,14051,14053,14054,14056,14059,14060,14061,14062,14063,14064,14065,14066,14067,14068,14069,14070,14071,14072,14073,14074,14075,14082&quot;,&quot;image_data&quot;:[{&quot;url&quot;:&quot;https:\\\/\\\/www.greenpeace.org\\\/static\\\/planet4-czech-republic-stateless\\\/2021\\\/04\\\/ad6ccf8c-120.jpg&quot;,&quot;focalPoint&quot;:{&quot;x&quot;:0.5,&quot;y&quot;:0.5},&quot;id&quot;:13525},{&quot;url&quot;:&quot;https:\\\/\\\/www.greenpeace.org\\\/static\\\/planet4-czech-republic-stateless\\\/2021\\\/06\\\/9afd8add-dji_0042.jpg&quot;,&quot;focalPoint&quot;:{&quot;x&quot;:0.5,&quot;y&quot;:0.5},&quot;id&quot;:14030},{&quot;url&quot;:&quot;https:\\\/\\\/www.greenpeace.org\\\/static\\\/planet4-czech-republic-stateless\\\/2021\\\/06\\\/23eb849e-img_7774.jpg&quot;,&quot;focalPoint&quot;:{&quot;x&quot;:0.5,&quot;y&quot;:0.5},&quot;id&quot;:14031},{&quot;url&quot;:&quot;https:\\\/\\\/www.greenpeace.org\\\/static\\\/planet4-czech-republic-stateless\\\/2021\\\/06\\\/2595a2a3-unnamed-file.jpg&quot;,&quot;focalPoint&quot;:{&quot;x&quot;:0.5,&quot;y&quot;:0.5},&quot;id&quot;:14029},{&quot;url&quot;:&quot;https:\\\/\\\/www.greenpeace.org\\\/static\\\/planet4-czech-republic-stateless\\\/2021\\\/06\\\/1fb09281-img_7978.jpg&quot;,&quot;focalPoint&quot;:{&quot;x&quot;:0.5,&quot;y&quot;:0.5},&quot;id&quot;:14032},{&quot;url&quot;:&quot;https:\\\/\\\/www.greenpeace.org\\\/static\\\/planet4-czech-republic-stateless\\\/2021\\\/06\\\/f8d361f1-img_8152.jpg&quot;,&quot;focalPoint&quot;:{&quot;x&quot;:0.5,&quot;y&quot;:0.5},&quot;id&quot;:14033},{&quot;url&quot;:&quot;https:\\\/\\\/www.greenpeace.org\\\/static\\\/planet4-czech-republic-stateless\\\/2021\\\/06\\\/a37601ad-nikol-krejcova-z-greenpeace.jpg&quot;,&quot;focalPoint&quot;:{&quot;x&quot;:0.5,&quot;y&quot;:0.5},&quot;id&quot;:14034},{&quot;url&quot;:&quot;https:\\\/\\\/www.greenpeace.org\\\/static\\\/planet4-czech-republic-stateless\\\/2021\\\/06\\\/250ca9e9-vladimir-burt-starosta-horniho-jiretina.jpg&quot;,&quot;focalPoint&quot;:{&quot;x&quot;:0.5,&quot;y&quot;:0.5},&quot;id&quot;:14036},{&quot;url&quot;:&quot;https:\\\/\\\/www.greenpeace.org\\\/static\\\/planet4-czech-republic-stateless\\\/2021\\\/06\\\/57c57fd0-img_7522-scaled.jpg&quot;,&quot;focalPoint&quot;:{&quot;x&quot;:0.5,&quot;y&quot;:0.5},&quot;id&quot;:14047},{&quot;url&quot;:&quot;https:\\\/\\\/www.greenpeace.org\\\/static\\\/planet4-czech-republic-stateless\\\/2021\\\/06\\\/1dd25b22-img_7535-scaled.jpg&quot;,&quot;focalPoint&quot;:{&quot;x&quot;:0.5,&quot;y&quot;:0.5},&quot;id&quot;:14048},{&quot;url&quot;:&quot;https:\\\/\\\/www.greenpeace.org\\\/static\\\/planet4-czech-republic-stateless\\\/2021\\\/06\\\/d52b2084-img_7606-scaled.jpg&quot;,&quot;focalPoint&quot;:{&quot;x&quot;:0.5,&quot;y&quot;:0.5},&quot;id&quot;:14049},{&quot;url&quot;:&quot;https:\\\/\\\/www.greenpeace.org\\\/static\\\/planet4-czech-republic-stateless\\\/2021\\\/06\\\/3763a8ea-img_7626-scaled.jpg&quot;,&quot;focalPoint&quot;:{&quot;x&quot;:0.5,&quot;y&quot;:0.5},&quot;id&quot;:14050},{&quot;url&quot;:&quot;https:\\\/\\\/www.greenpeace.org\\\/static\\\/planet4-czech-republic-stateless\\\/2021\\\/06\\\/3bc126df-img_7655-scaled.jpg&quot;,&quot;focalPoint&quot;:{&quot;x&quot;:0.5,&quot;y&quot;:0.5},&quot;id&quot;:14051},{&quot;url&quot;:&quot;https:\\\/\\\/www.greenpeace.org\\\/static\\\/planet4-czech-republic-stateless\\\/2021\\\/06\\\/4b5df0ac-img_7687-scaled.jpg&quot;,&quot;focalPoint&quot;:{&quot;x&quot;:0.5,&quot;y&quot;:0.5},&quot;id&quot;:14053},{&quot;url&quot;:&quot;https:\\\/\\\/www.greenpeace.org\\\/static\\\/planet4-czech-republic-stateless\\\/2021\\\/06\\\/88206487-img_7765-scaled.jpg&quot;,&quot;focalPoint&quot;:{&quot;x&quot;:0.5,&quot;y&quot;:0.5},&quot;id&quot;:14054},{&quot;url&quot;:&quot;https:\\\/\\\/www.greenpeace.org\\\/static\\\/planet4-czech-republic-stateless\\\/2021\\\/06\\\/4bd7f725-img_7799-scaled.jpg&quot;,&quot;focalPoint&quot;:{&quot;x&quot;:0.5,&quot;y&quot;:0.5},&quot;id&quot;:14056},{&quot;url&quot;:&quot;https:\\\/\\\/www.greenpeace.org\\\/static\\\/planet4-czech-republic-stateless\\\/2021\\\/06\\\/e9222b67-img_7842-scaled.jpg&quot;,&quot;focalPoint&quot;:{&quot;x&quot;:0.5,&quot;y&quot;:0.5},&quot;id&quot;:14059},{&quot;url&quot;:&quot;https:\\\/\\\/www.greenpeace.org\\\/static\\\/planet4-czech-republic-stateless\\\/2021\\\/06\\\/42ebf033-img_7881-scaled.jpg&quot;,&quot;focalPoint&quot;:{&quot;x&quot;:0.5,&quot;y&quot;:0.5},&quot;id&quot;:14060},{&quot;url&quot;:&quot;https:\\\/\\\/www.greenpeace.org\\\/static\\\/planet4-czech-republic-stateless\\\/2021\\\/06\\\/bef0657f-img_7960-scaled.jpg&quot;,&quot;focalPoint&quot;:{&quot;x&quot;:0.5,&quot;y&quot;:0.5},&quot;id&quot;:14061},{&quot;url&quot;:&quot;https:\\\/\\\/www.greenpeace.org\\\/static\\\/planet4-czech-republic-stateless\\\/2021\\\/06\\\/95a6b3a4-img_7977-scaled.jpg&quot;,&quot;focalPoint&quot;:{&quot;x&quot;:0.5,&quot;y&quot;:0.5},&quot;id&quot;:14062},{&quot;url&quot;:&quot;https:\\\/\\\/www.greenpeace.org\\\/static\\\/planet4-czech-republic-stateless\\\/2021\\\/06\\\/6e522188-img_7987-scaled.jpg&quot;,&quot;focalPoint&quot;:{&quot;x&quot;:0.5,&quot;y&quot;:0.5},&quot;id&quot;:14063},{&quot;url&quot;:&quot;https:\\\/\\\/www.greenpeace.org\\\/static\\\/planet4-czech-republic-stateless\\\/2021\\\/06\\\/e500a3a3-img_8004-scaled.jpg&quot;,&quot;focalPoint&quot;:{&quot;x&quot;:0.5,&quot;y&quot;:0.5},&quot;id&quot;:14064},{&quot;url&quot;:&quot;https:\\\/\\\/www.greenpeace.org\\\/static\\\/planet4-czech-republic-stateless\\\/2021\\\/06\\\/d63d706e-img_8020-scaled.jpg&quot;,&quot;focalPoint&quot;:{&quot;x&quot;:0.5,&quot;y&quot;:0.5},&quot;id&quot;:14065},{&quot;url&quot;:&quot;https:\\\/\\\/www.greenpeace.org\\\/static\\\/planet4-czech-republic-stateless\\\/2021\\\/06\\\/e28e6c73-img_8024-scaled.jpg&quot;,&quot;focalPoint&quot;:{&quot;x&quot;:0.5,&quot;y&quot;:0.5},&quot;id&quot;:14066},{&quot;url&quot;:&quot;https:\\\/\\\/www.greenpeace.org\\\/static\\\/planet4-czech-republic-stateless\\\/2021\\\/06\\\/bc648959-img_8032-scaled.jpg&quot;,&quot;focalPoint&quot;:{&quot;x&quot;:0.5,&quot;y&quot;:0.5},&quot;id&quot;:14067},{&quot;url&quot;:&quot;https:\\\/\\\/www.greenpeace.org\\\/static\\\/planet4-czech-republic-stateless\\\/2021\\\/06\\\/7512a40d-img_8039-scaled.jpg&quot;,&quot;focalPoint&quot;:{&quot;x&quot;:0.5,&quot;y&quot;:0.5},&quot;id&quot;:14068},{&quot;url&quot;:&quot;https:\\\/\\\/www.greenpeace.org\\\/static\\\/planet4-czech-republic-stateless\\\/2021\\\/06\\\/2080575e-img_8053-scaled.jpg&quot;,&quot;focalPoint&quot;:{&quot;x&quot;:0.5,&quot;y&quot;:0.5},&quot;id&quot;:14069},{&quot;url&quot;:&quot;https:\\\/\\\/www.greenpeace.org\\\/static\\\/planet4-czech-republic-stateless\\\/2021\\\/06\\\/1d824097-img_8087-scaled.jpg&quot;,&quot;focalPoint&quot;:{&quot;x&quot;:0.5,&quot;y&quot;:0.5},&quot;id&quot;:14070},{&quot;url&quot;:&quot;https:\\\/\\\/www.greenpeace.org\\\/static\\\/planet4-czech-republic-stateless\\\/2021\\\/06\\\/4c109aa0-img_8152-scaled.jpg&quot;,&quot;focalPoint&quot;:{&quot;x&quot;:0.5,&quot;y&quot;:0.5},&quot;id&quot;:14071},{&quot;url&quot;:&quot;https:\\\/\\\/www.greenpeace.org\\\/static\\\/planet4-czech-republic-stateless\\\/2021\\\/06\\\/c2411ed0-img_8170-scaled.jpg&quot;,&quot;focalPoint&quot;:{&quot;x&quot;:0.5,&quot;y&quot;:0.5},&quot;id&quot;:14072},{&quot;url&quot;:&quot;https:\\\/\\\/www.greenpeace.org\\\/static\\\/planet4-czech-republic-stateless\\\/2021\\\/06\\\/a7d9ca1d-img_8182-copy-scaled.jpg&quot;,&quot;focalPoint&quot;:{&quot;x&quot;:0.5,&quot;y&quot;:0.5},&quot;id&quot;:14073},{&quot;url&quot;:&quot;https:\\\/\\\/www.greenpeace.org\\\/static\\\/planet4-czech-republic-stateless\\\/2021\\\/06\\\/f8c1fb8b-img_8195-scaled.jpg&quot;,&quot;focalPoint&quot;:{&quot;x&quot;:0.5,&quot;y&quot;:0.5},&quot;id&quot;:14074},{&quot;url&quot;:&quot;https:\\\/\\\/www.greenpeace.org\\\/static\\\/planet4-czech-republic-stateless\\\/2021\\\/06\\\/4f3ae471-img_8198-scaled.jpg&quot;,&quot;focalPoint&quot;:{&quot;x&quot;:0.5,&quot;y&quot;:0.5},&quot;id&quot;:14075},{&quot;url&quot;:&quot;https:\\\/\\\/www.greenpeace.org\\\/static\\\/planet4-czech-republic-stateless\\\/2021\\\/06\\\/17e0bf0e-img_8257-scaled.jpg&quot;,&quot;focalPoint&quot;:{&quot;x&quot;:0.5,&quot;y&quot;:0.5},&quot;id&quot;:14082}],&quot;gallery_block_style&quot;:0,&quot;gallery_block_focus_points&quot;:&quot;&quot;,&quot;images&quot;:[{&quot;image_src&quot;:&quot;https:\\\/\\\/www.greenpeace.org\\\/static\\\/planet4-czech-republic-stateless\\\/2021\\\/04\\\/ad6ccf8c-120.jpg&quot;,&quot;image_srcset&quot;:&quot;https:\\\/\\\/www.greenpeace.org\\\/static\\\/planet4-czech-republic-stateless\\\/2021\\\/04\\\/ad6ccf8c-120.jpg 1080w, https:\\\/\\\/www.greenpeace.org\\\/static\\\/planet4-czech-republic-stateless\\\/2021\\\/04\\\/ad6ccf8c-120-300x200.jpg 300w, https:\\\/\\\/www.greenpeace.org\\\/static\\\/planet4-czech-republic-stateless\\\/2021\\\/04\\\/ad6ccf8c-120-1024x682.jpg 1024w, https:\\\/\\\/www.greenpeace.org\\\/static\\\/planet4-czech-republic-stateless\\\/2021\\\/04\\\/ad6ccf8c-120-768x511.jpg 768w, https:\\\/\\\/www.greenpeace.org\\\/static\\\/planet4-czech-republic-stateless\\\/2021\\\/04\\\/ad6ccf8c-120-510x340.jpg 510w&quot;,&quot;image_sizes&quot;:false,&quot;alt_text&quot;:&quot;&quot;,&quot;caption&quot;:&quot;&quot;,&quot;focus_image&quot;:&quot;&quot;,&quot;credits&quot;:&quot;&quot;},{&quot;image_src&quot;:&quot;https:\\\/\\\/www.greenpeace.org\\\/static\\\/planet4-czech-republic-stateless\\\/2021\\\/06\\\/9afd8add-dji_0042.jpg&quot;,&quot;image_srcset&quot;:&quot;https:\\\/\\\/www.greenpeace.org\\\/static\\\/planet4-czech-republic-stateless\\\/2021\\\/06\\\/9afd8add-dji_0042.jpg 2300w, https:\\\/\\\/www.greenpeace.org\\\/static\\\/planet4-czech-republic-stateless\\\/2021\\\/06\\\/9afd8add-dji_0042-300x200.jpg 300w, https:\\\/\\\/www.greenpeace.org\\\/static\\\/planet4-czech-republic-stateless\\\/2021\\\/06\\\/9afd8add-dji_0042-1024x683.jpg 1024w, https:\\\/\\\/www.greenpeace.org\\\/static\\\/planet4-czech-republic-stateless\\\/2021\\\/06\\\/9afd8add-dji_0042-768x512.jpg 768w, https:\\\/\\\/www.greenpeace.org\\\/static\\\/planet4-czech-republic-stateless\\\/2021\\\/06\\\/9afd8add-dji_0042-1536x1024.jpg 1536w, https:\\\/\\\/www.greenpeace.org\\\/static\\\/planet4-czech-republic-stateless\\\/2021\\\/06\\\/9afd8add-dji_0042-2048x1366.jpg 2048w, https:\\\/\\\/www.greenpeace.org\\\/static\\\/planet4-czech-republic-stateless\\\/2021\\\/06\\\/9afd8add-dji_0042-510x340.jpg 510w&quot;,&quot;image_sizes&quot;:false,&quot;alt_text&quot;:&quot;&quot;,&quot;caption&quot;:&quot;default&quot;,&quot;focus_image&quot;:&quot;&quot;,&quot;credits&quot;:&quot;&quot;},{&quot;image_src&quot;:&quot;https:\\\/\\\/www.greenpeace.org\\\/static\\\/planet4-czech-republic-stateless\\\/2021\\\/06\\\/23eb849e-img_7774.jpg&quot;,&quot;image_srcset&quot;:&quot;https:\\\/\\\/www.greenpeace.org\\\/static\\\/planet4-czech-republic-stateless\\\/2021\\\/06\\\/23eb849e-img_7774.jpg 2300w, https:\\\/\\\/www.greenpeace.org\\\/static\\\/planet4-czech-republic-stateless\\\/2021\\\/06\\\/23eb849e-img_7774-300x200.jpg 300w, https:\\\/\\\/www.greenpeace.org\\\/static\\\/planet4-czech-republic-stateless\\\/2021\\\/06\\\/23eb849e-img_7774-1024x683.jpg 1024w, https:\\\/\\\/www.greenpeace.org\\\/static\\\/planet4-czech-republic-stateless\\\/2021\\\/06\\\/23eb849e-img_7774-768x512.jpg 768w, https:\\\/\\\/www.greenpeace.org\\\/static\\\/planet4-czech-republic-stateless\\\/2021\\\/06\\\/23eb849e-img_7774-1536x1024.jpg 1536w, https:\\\/\\\/www.greenpeace.org\\\/static\\\/planet4-czech-republic-stateless\\\/2021\\\/06\\\/23eb849e-img_7774-2048x1366.jpg 2048w, https:\\\/\\\/www.greenpeace.org\\\/static\\\/planet4-czech-republic-stateless\\\/2021\\\/06\\\/23eb849e-img_7774-510x340.jpg 510w&quot;,&quot;image_sizes&quot;:false,&quot;alt_text&quot;:&quot;&quot;,&quot;caption&quot;:&quot;&quot;,&quot;focus_image&quot;:&quot;&quot;,&quot;credits&quot;:&quot;&quot;},{&quot;image_src&quot;:&quot;https:\\\/\\\/www.greenpeace.org\\\/static\\\/planet4-czech-republic-stateless\\\/2021\\\/06\\\/2595a2a3-unnamed-file.jpg&quot;,&quot;image_srcset&quot;:&quot;https:\\\/\\\/www.greenpeace.org\\\/static\\\/planet4-czech-republic-stateless\\\/2021\\\/06\\\/2595a2a3-unnamed-file.jpg 2300w, https:\\\/\\\/www.greenpeace.org\\\/static\\\/planet4-czech-republic-stateless\\\/2021\\\/06\\\/2595a2a3-unnamed-file-300x200.jpg 300w, https:\\\/\\\/www.greenpeace.org\\\/static\\\/planet4-czech-republic-stateless\\\/2021\\\/06\\\/2595a2a3-unnamed-file-1024x683.jpg 1024w, https:\\\/\\\/www.greenpeace.org\\\/static\\\/planet4-czech-republic-stateless\\\/2021\\\/06\\\/2595a2a3-unnamed-file-768x512.jpg 768w, https:\\\/\\\/www.greenpeace.org\\\/static\\\/planet4-czech-republic-stateless\\\/2021\\\/06\\\/2595a2a3-unnamed-file-1536x1024.jpg 1536w, https:\\\/\\\/www.greenpeace.org\\\/static\\\/planet4-czech-republic-stateless\\\/2021\\\/06\\\/2595a2a3-unnamed-file-2048x1366.jpg 2048w, https:\\\/\\\/www.greenpeace.org\\\/static\\\/planet4-czech-republic-stateless\\\/2021\\\/06\\\/2595a2a3-unnamed-file-510x340.jpg 510w&quot;,&quot;image_sizes&quot;:false,&quot;alt_text&quot;:&quot;&quot;,&quot;caption&quot;:&quot;&quot;,&quot;focus_image&quot;:&quot;&quot;,&quot;credits&quot;:&quot;&quot;},{&quot;image_src&quot;:&quot;https:\\\/\\\/www.greenpeace.org\\\/static\\\/planet4-czech-republic-stateless\\\/2021\\\/06\\\/1fb09281-img_7978.jpg&quot;,&quot;image_srcset&quot;:&quot;https:\\\/\\\/www.greenpeace.org\\\/static\\\/planet4-czech-republic-stateless\\\/2021\\\/06\\\/1fb09281-img_7978.jpg 2300w, https:\\\/\\\/www.greenpeace.org\\\/static\\\/planet4-czech-republic-stateless\\\/2021\\\/06\\\/1fb09281-img_7978-300x200.jpg 300w, https:\\\/\\\/www.greenpeace.org\\\/static\\\/planet4-czech-republic-stateless\\\/2021\\\/06\\\/1fb09281-img_7978-1024x683.jpg 1024w, https:\\\/\\\/www.greenpeace.org\\\/static\\\/planet4-czech-republic-stateless\\\/2021\\\/06\\\/1fb09281-img_7978-768x512.jpg 768w, https:\\\/\\\/www.greenpeace.org\\\/static\\\/planet4-czech-republic-stateless\\\/2021\\\/06\\\/1fb09281-img_7978-1536x1024.jpg 1536w, https:\\\/\\\/www.greenpeace.org\\\/static\\\/planet4-czech-republic-stateless\\\/2021\\\/06\\\/1fb09281-img_7978-2048x1366.jpg 2048w, https:\\\/\\\/www.greenpeace.org\\\/static\\\/planet4-czech-republic-stateless\\\/2021\\\/06\\\/1fb09281-img_7978-510x340.jpg 510w&quot;,&quot;image_sizes&quot;:false,&quot;alt_text&quot;:&quot;&quot;,&quot;caption&quot;:&quot;&quot;,&quot;focus_image&quot;:&quot;&quot;,&quot;credits&quot;:&quot;&quot;},{&quot;image_src&quot;:&quot;https:\\\/\\\/www.greenpeace.org\\\/static\\\/planet4-czech-republic-stateless\\\/2021\\\/06\\\/f8d361f1-img_8152.jpg&quot;,&quot;image_srcset&quot;:&quot;https:\\\/\\\/www.greenpeace.org\\\/static\\\/planet4-czech-republic-stateless\\\/2021\\\/06\\\/f8d361f1-img_8152.jpg 2300w, https:\\\/\\\/www.greenpeace.org\\\/static\\\/planet4-czech-republic-stateless\\\/2021\\\/06\\\/f8d361f1-img_8152-300x200.jpg 300w, https:\\\/\\\/www.greenpeace.org\\\/static\\\/planet4-czech-republic-stateless\\\/2021\\\/06\\\/f8d361f1-img_8152-1024x683.jpg 1024w, https:\\\/\\\/www.greenpeace.org\\\/static\\\/planet4-czech-republic-stateless\\\/2021\\\/06\\\/f8d361f1-img_8152-768x512.jpg 768w, https:\\\/\\\/www.greenpeace.org\\\/static\\\/planet4-czech-republic-stateless\\\/2021\\\/06\\\/f8d361f1-img_8152-1536x1024.jpg 1536w, https:\\\/\\\/www.greenpeace.org\\\/static\\\/planet4-czech-republic-stateless\\\/2021\\\/06\\\/f8d361f1-img_8152-2048x1366.jpg 2048w, https:\\\/\\\/www.greenpeace.org\\\/static\\\/planet4-czech-republic-stateless\\\/2021\\\/06\\\/f8d361f1-img_8152-510x340.jpg 510w&quot;,&quot;image_sizes&quot;:false,&quot;alt_text&quot;:&quot;&quot;,&quot;caption&quot;:&quot;&quot;,&quot;focus_image&quot;:&quot;&quot;,&quot;credits&quot;:&quot;&quot;},{&quot;image_src&quot;:&quot;https:\\\/\\\/www.greenpeace.org\\\/static\\\/planet4-czech-republic-stateless\\\/2021\\\/06\\\/a37601ad-nikol-krejcova-z-greenpeace.jpg&quot;,&quot;image_srcset&quot;:&quot;https:\\\/\\\/www.greenpeace.org\\\/static\\\/planet4-czech-republic-stateless\\\/2021\\\/06\\\/a37601ad-nikol-krejcova-z-greenpeace.jpg 2300w, https:\\\/\\\/www.greenpeace.org\\\/static\\\/planet4-czech-republic-stateless\\\/2021\\\/06\\\/a37601ad-nikol-krejcova-z-greenpeace-300x200.jpg 300w, https:\\\/\\\/www.greenpeace.org\\\/static\\\/planet4-czech-republic-stateless\\\/2021\\\/06\\\/a37601ad-nikol-krejcova-z-greenpeace-1024x683.jpg 1024w, https:\\\/\\\/www.greenpeace.org\\\/static\\\/planet4-czech-republic-stateless\\\/2021\\\/06\\\/a37601ad-nikol-krejcova-z-greenpeace-768x512.jpg 768w, https:\\\/\\\/www.greenpeace.org\\\/static\\\/planet4-czech-republic-stateless\\\/2021\\\/06\\\/a37601ad-nikol-krejcova-z-greenpeace-1536x1024.jpg 1536w, https:\\\/\\\/www.greenpeace.org\\\/static\\\/planet4-czech-republic-stateless\\\/2021\\\/06\\\/a37601ad-nikol-krejcova-z-greenpeace-2048x1366.jpg 2048w, https:\\\/\\\/www.greenpeace.org\\\/static\\\/planet4-czech-republic-stateless\\\/2021\\\/06\\\/a37601ad-nikol-krejcova-z-greenpeace-510x340.jpg 510w&quot;,&quot;image_sizes&quot;:false,&quot;alt_text&quot;:&quot;&quot;,&quot;caption&quot;:&quot;&quot;,&quot;focus_image&quot;:&quot;&quot;,&quot;credits&quot;:&quot;&quot;},{&quot;image_src&quot;:&quot;https:\\\/\\\/www.greenpeace.org\\\/static\\\/planet4-czech-republic-stateless\\\/2021\\\/06\\\/250ca9e9-vladimir-burt-starosta-horniho-jiretina.jpg&quot;,&quot;image_srcset&quot;:&quot;https:\\\/\\\/www.greenpeace.org\\\/static\\\/planet4-czech-republic-stateless\\\/2021\\\/06\\\/250ca9e9-vladimir-burt-starosta-horniho-jiretina.jpg 2300w, https:\\\/\\\/www.greenpeace.org\\\/static\\\/planet4-czech-republic-stateless\\\/2021\\\/06\\\/250ca9e9-vladimir-burt-starosta-horniho-jiretina-300x200.jpg 300w, https:\\\/\\\/www.greenpeace.org\\\/static\\\/planet4-czech-republic-stateless\\\/2021\\\/06\\\/250ca9e9-vladimir-burt-starosta-horniho-jiretina-1024x683.jpg 1024w, https:\\\/\\\/www.greenpeace.org\\\/static\\\/planet4-czech-republic-stateless\\\/2021\\\/06\\\/250ca9e9-vladimir-burt-starosta-horniho-jiretina-768x512.jpg 768w, https:\\\/\\\/www.greenpeace.org\\\/static\\\/planet4-czech-republic-stateless\\\/2021\\\/06\\\/250ca9e9-vladimir-burt-starosta-horniho-jiretina-1536x1024.jpg 1536w, https:\\\/\\\/www.greenpeace.org\\\/static\\\/planet4-czech-republic-stateless\\\/2021\\\/06\\\/250ca9e9-vladimir-burt-starosta-horniho-jiretina-2048x1366.jpg 2048w, https:\\\/\\\/www.greenpeace.org\\\/static\\\/planet4-czech-republic-stateless\\\/2021\\\/06\\\/250ca9e9-vladimir-burt-starosta-horniho-jiretina-510x340.jpg 510w&quot;,&quot;image_sizes&quot;:false,&quot;alt_text&quot;:&quot;&quot;,&quot;caption&quot;:&quot;&quot;,&quot;focus_image&quot;:&quot;&quot;,&quot;credits&quot;:&quot;&quot;},{&quot;image_src&quot;:&quot;https:\\\/\\\/www.greenpeace.org\\\/static\\\/planet4-czech-republic-stateless\\\/2021\\\/06\\\/57c57fd0-img_7522-scaled.jpg&quot;,&quot;image_srcset&quot;:&quot;https:\\\/\\\/www.greenpeace.org\\\/static\\\/planet4-czech-republic-stateless\\\/2021\\\/06\\\/57c57fd0-img_7522-scaled.jpg 2560w, https:\\\/\\\/www.greenpeace.org\\\/static\\\/planet4-czech-republic-stateless\\\/2021\\\/06\\\/57c57fd0-img_7522-300x200.jpg 300w, https:\\\/\\\/www.greenpeace.org\\\/static\\\/planet4-czech-republic-stateless\\\/2021\\\/06\\\/57c57fd0-img_7522-1024x683.jpg 1024w, https:\\\/\\\/www.greenpeace.org\\\/static\\\/planet4-czech-republic-stateless\\\/2021\\\/06\\\/57c57fd0-img_7522-768x512.jpg 768w, https:\\\/\\\/www.greenpeace.org\\\/static\\\/planet4-czech-republic-stateless\\\/2021\\\/06\\\/57c57fd0-img_7522-1536x1024.jpg 1536w, https:\\\/\\\/www.greenpeace.org\\\/static\\\/planet4-czech-republic-stateless\\\/2021\\\/06\\\/57c57fd0-img_7522-2048x1366.jpg 2048w, https:\\\/\\\/www.greenpeace.org\\\/static\\\/planet4-czech-republic-stateless\\\/2021\\\/06\\\/57c57fd0-img_7522-510x340.jpg 510w&quot;,&quot;image_sizes&quot;:false,&quot;alt_text&quot;:&quot;&quot;,&quot;caption&quot;:&quot;&quot;,&quot;focus_image&quot;:&quot;&quot;,&quot;credits&quot;:&quot;&quot;},{&quot;image_src&quot;:&quot;https:\\\/\\\/www.greenpeace.org\\\/static\\\/planet4-czech-republic-stateless\\\/2021\\\/06\\\/1dd25b22-img_7535-scaled.jpg&quot;,&quot;image_srcset&quot;:&quot;https:\\\/\\\/www.greenpeace.org\\\/static\\\/planet4-czech-republic-stateless\\\/2021\\\/06\\\/1dd25b22-img_7535-scaled.jpg 2560w, https:\\\/\\\/www.greenpeace.org\\\/static\\\/planet4-czech-republic-stateless\\\/2021\\\/06\\\/1dd25b22-img_7535-300x200.jpg 300w, https:\\\/\\\/www.greenpeace.org\\\/static\\\/planet4-czech-republic-stateless\\\/2021\\\/06\\\/1dd25b22-img_7535-1024x683.jpg 1024w, https:\\\/\\\/www.greenpeace.org\\\/static\\\/planet4-czech-republic-stateless\\\/2021\\\/06\\\/1dd25b22-img_7535-768x512.jpg 768w, https:\\\/\\\/www.greenpeace.org\\\/static\\\/planet4-czech-republic-stateless\\\/2021\\\/06\\\/1dd25b22-img_7535-1536x1024.jpg 1536w, https:\\\/\\\/www.greenpeace.org\\\/static\\\/planet4-czech-republic-stateless\\\/2021\\\/06\\\/1dd25b22-img_7535-2048x1366.jpg 2048w, https:\\\/\\\/www.greenpeace.org\\\/static\\\/planet4-czech-republic-stateless\\\/2021\\\/06\\\/1dd25b22-img_7535-510x340.jpg 510w&quot;,&quot;image_sizes&quot;:false,&quot;alt_text&quot;:&quot;&quot;,&quot;caption&quot;:&quot;&quot;,&quot;focus_image&quot;:&quot;&quot;,&quot;credits&quot;:&quot;&quot;},{&quot;image_src&quot;:&quot;https:\\\/\\\/www.greenpeace.org\\\/static\\\/planet4-czech-republic-stateless\\\/2021\\\/06\\\/d52b2084-img_7606-scaled.jpg&quot;,&quot;image_srcset&quot;:&quot;https:\\\/\\\/www.greenpeace.org\\\/static\\\/planet4-czech-republic-stateless\\\/2021\\\/06\\\/d52b2084-img_7606-scaled.jpg 2560w, https:\\\/\\\/www.greenpeace.org\\\/static\\\/planet4-czech-republic-stateless\\\/2021\\\/06\\\/d52b2084-img_7606-300x200.jpg 300w, https:\\\/\\\/www.greenpeace.org\\\/static\\\/planet4-czech-republic-stateless\\\/2021\\\/06\\\/d52b2084-img_7606-1024x683.jpg 1024w, https:\\\/\\\/www.greenpeace.org\\\/static\\\/planet4-czech-republic-stateless\\\/2021\\\/06\\\/d52b2084-img_7606-768x512.jpg 768w, https:\\\/\\\/www.greenpeace.org\\\/static\\\/planet4-czech-republic-stateless\\\/2021\\\/06\\\/d52b2084-img_7606-1536x1024.jpg 1536w, https:\\\/\\\/www.greenpeace.org\\\/static\\\/planet4-czech-republic-stateless\\\/2021\\\/06\\\/d52b2084-img_7606-2048x1366.jpg 2048w, https:\\\/\\\/www.greenpeace.org\\\/static\\\/planet4-czech-republic-stateless\\\/2021\\\/06\\\/d52b2084-img_7606-510x340.jpg 510w&quot;,&quot;image_sizes&quot;:false,&quot;alt_text&quot;:&quot;&quot;,&quot;caption&quot;:&quot;&quot;,&quot;focus_image&quot;:&quot;&quot;,&quot;credits&quot;:&quot;&quot;},{&quot;image_src&quot;:&quot;https:\\\/\\\/www.greenpeace.org\\\/static\\\/planet4-czech-republic-stateless\\\/2021\\\/06\\\/3763a8ea-img_7626-scaled.jpg&quot;,&quot;image_srcset&quot;:&quot;https:\\\/\\\/www.greenpeace.org\\\/static\\\/planet4-czech-republic-stateless\\\/2021\\\/06\\\/3763a8ea-img_7626-scaled.jpg 2560w, https:\\\/\\\/www.greenpeace.org\\\/static\\\/planet4-czech-republic-stateless\\\/2021\\\/06\\\/3763a8ea-img_7626-300x200.jpg 300w, https:\\\/\\\/www.greenpeace.org\\\/static\\\/planet4-czech-republic-stateless\\\/2021\\\/06\\\/3763a8ea-img_7626-1024x683.jpg 1024w, https:\\\/\\\/www.greenpeace.org\\\/static\\\/planet4-czech-republic-stateless\\\/2021\\\/06\\\/3763a8ea-img_7626-768x512.jpg 768w, https:\\\/\\\/www.greenpeace.org\\\/static\\\/planet4-czech-republic-stateless\\\/2021\\\/06\\\/3763a8ea-img_7626-1536x1024.jpg 1536w, https:\\\/\\\/www.greenpeace.org\\\/static\\\/planet4-czech-republic-stateless\\\/2021\\\/06\\\/3763a8ea-img_7626-2048x1366.jpg 2048w, https:\\\/\\\/www.greenpeace.org\\\/static\\\/planet4-czech-republic-stateless\\\/2021\\\/06\\\/3763a8ea-img_7626-510x340.jpg 510w&quot;,&quot;image_sizes&quot;:false,&quot;alt_text&quot;:&quot;&quot;,&quot;caption&quot;:&quot;&quot;,&quot;focus_image&quot;:&quot;&quot;,&quot;credits&quot;:&quot;&quot;},{&quot;image_src&quot;:&quot;https:\\\/\\\/www.greenpeace.org\\\/static\\\/planet4-czech-republic-stateless\\\/2021\\\/06\\\/3bc126df-img_7655-scaled.jpg&quot;,&quot;image_srcset&quot;:&quot;https:\\\/\\\/www.greenpeace.org\\\/static\\\/planet4-czech-republic-stateless\\\/2021\\\/06\\\/3bc126df-img_7655-scaled.jpg 2560w, https:\\\/\\\/www.greenpeace.org\\\/static\\\/planet4-czech-republic-stateless\\\/2021\\\/06\\\/3bc126df-img_7655-300x200.jpg 300w, https:\\\/\\\/www.greenpeace.org\\\/static\\\/planet4-czech-republic-stateless\\\/2021\\\/06\\\/3bc126df-img_7655-1024x683.jpg 1024w, https:\\\/\\\/www.greenpeace.org\\\/static\\\/planet4-czech-republic-stateless\\\/2021\\\/06\\\/3bc126df-img_7655-768x512.jpg 768w, https:\\\/\\\/www.greenpeace.org\\\/static\\\/planet4-czech-republic-stateless\\\/2021\\\/06\\\/3bc126df-img_7655-1536x1024.jpg 1536w, https:\\\/\\\/www.greenpeace.org\\\/static\\\/planet4-czech-republic-stateless\\\/2021\\\/06\\\/3bc126df-img_7655-2048x1366.jpg 2048w, https:\\\/\\\/www.greenpeace.org\\\/static\\\/planet4-czech-republic-stateless\\\/2021\\\/06\\\/3bc126df-img_7655-510x340.jpg 510w&quot;,&quot;image_sizes&quot;:false,&quot;alt_text&quot;:&quot;&quot;,&quot;caption&quot;:&quot;&quot;,&quot;focus_image&quot;:&quot;&quot;,&quot;credits&quot;:&quot;&quot;},{&quot;image_src&quot;:&quot;https:\\\/\\\/www.greenpeace.org\\\/static\\\/planet4-czech-republic-stateless\\\/2021\\\/06\\\/4b5df0ac-img_7687-scaled.jpg&quot;,&quot;image_srcset&quot;:&quot;https:\\\/\\\/www.greenpeace.org\\\/static\\\/planet4-czech-republic-stateless\\\/2021\\\/06\\\/4b5df0ac-img_7687-scaled.jpg 2560w, https:\\\/\\\/www.greenpeace.org\\\/static\\\/planet4-czech-republic-stateless\\\/2021\\\/06\\\/4b5df0ac-img_7687-300x200.jpg 300w, https:\\\/\\\/www.greenpeace.org\\\/static\\\/planet4-czech-republic-stateless\\\/2021\\\/06\\\/4b5df0ac-img_7687-1024x683.jpg 1024w, https:\\\/\\\/www.greenpeace.org\\\/static\\\/planet4-czech-republic-stateless\\\/2021\\\/06\\\/4b5df0ac-img_7687-768x512.jpg 768w, https:\\\/\\\/www.greenpeace.org\\\/static\\\/planet4-czech-republic-stateless\\\/2021\\\/06\\\/4b5df0ac-img_7687-1536x1024.jpg 1536w, https:\\\/\\\/www.greenpeace.org\\\/static\\\/planet4-czech-republic-stateless\\\/2021\\\/06\\\/4b5df0ac-img_7687-2048x1366.jpg 2048w, https:\\\/\\\/www.greenpeace.org\\\/static\\\/planet4-czech-republic-stateless\\\/2021\\\/06\\\/4b5df0ac-img_7687-510x340.jpg 510w&quot;,&quot;image_sizes&quot;:false,&quot;alt_text&quot;:&quot;&quot;,&quot;caption&quot;:&quot;&quot;,&quot;focus_image&quot;:&quot;&quot;,&quot;credits&quot;:&quot;&quot;},{&quot;image_src&quot;:&quot;https:\\\/\\\/www.greenpeace.org\\\/static\\\/planet4-czech-republic-stateless\\\/2021\\\/06\\\/88206487-img_7765-scaled.jpg&quot;,&quot;image_srcset&quot;:&quot;https:\\\/\\\/www.greenpeace.org\\\/static\\\/planet4-czech-republic-stateless\\\/2021\\\/06\\\/88206487-img_7765-scaled.jpg 2560w, https:\\\/\\\/www.greenpeace.org\\\/static\\\/planet4-czech-republic-stateless\\\/2021\\\/06\\\/88206487-img_7765-300x200.jpg 300w, https:\\\/\\\/www.greenpeace.org\\\/static\\\/planet4-czech-republic-stateless\\\/2021\\\/06\\\/88206487-img_7765-1024x683.jpg 1024w, https:\\\/\\\/www.greenpeace.org\\\/static\\\/planet4-czech-republic-stateless\\\/2021\\\/06\\\/88206487-img_7765-768x512.jpg 768w, https:\\\/\\\/www.greenpeace.org\\\/static\\\/planet4-czech-republic-stateless\\\/2021\\\/06\\\/88206487-img_7765-1536x1024.jpg 1536w, https:\\\/\\\/www.greenpeace.org\\\/static\\\/planet4-czech-republic-stateless\\\/2021\\\/06\\\/88206487-img_7765-2048x1366.jpg 2048w, https:\\\/\\\/www.greenpeace.org\\\/static\\\/planet4-czech-republic-stateless\\\/2021\\\/06\\\/88206487-img_7765-510x340.jpg 510w&quot;,&quot;image_sizes&quot;:false,&quot;alt_text&quot;:&quot;&quot;,&quot;caption&quot;:&quot;&quot;,&quot;focus_image&quot;:&quot;&quot;,&quot;credits&quot;:&quot;&quot;},{&quot;image_src&quot;:&quot;https:\\\/\\\/www.greenpeace.org\\\/static\\\/planet4-czech-republic-stateless\\\/2021\\\/06\\\/4bd7f725-img_7799-scaled.jpg&quot;,&quot;image_srcset&quot;:&quot;https:\\\/\\\/www.greenpeace.org\\\/static\\\/planet4-czech-republic-stateless\\\/2021\\\/06\\\/4bd7f725-img_7799-scaled.jpg 2560w, https:\\\/\\\/www.greenpeace.org\\\/static\\\/planet4-czech-republic-stateless\\\/2021\\\/06\\\/4bd7f725-img_7799-300x200.jpg 300w, https:\\\/\\\/www.greenpeace.org\\\/static\\\/planet4-czech-republic-stateless\\\/2021\\\/06\\\/4bd7f725-img_7799-1024x683.jpg 1024w, https:\\\/\\\/www.greenpeace.org\\\/static\\\/planet4-czech-republic-stateless\\\/2021\\\/06\\\/4bd7f725-img_7799-768x512.jpg 768w, https:\\\/\\\/www.greenpeace.org\\\/static\\\/planet4-czech-republic-stateless\\\/2021\\\/06\\\/4bd7f725-img_7799-1536x1024.jpg 1536w, https:\\\/\\\/www.greenpeace.org\\\/static\\\/planet4-czech-republic-stateless\\\/2021\\\/06\\\/4bd7f725-img_7799-2048x1366.jpg 2048w, https:\\\/\\\/www.greenpeace.org\\\/static\\\/planet4-czech-republic-stateless\\\/2021\\\/06\\\/4bd7f725-img_7799-510x340.jpg 510w&quot;,&quot;image_sizes&quot;:false,&quot;alt_text&quot;:&quot;&quot;,&quot;caption&quot;:&quot;&quot;,&quot;focus_image&quot;:&quot;&quot;,&quot;credits&quot;:&quot;&quot;},{&quot;image_src&quot;:&quot;https:\\\/\\\/www.greenpeace.org\\\/static\\\/planet4-czech-republic-stateless\\\/2021\\\/06\\\/e9222b67-img_7842-scaled.jpg&quot;,&quot;image_srcset&quot;:&quot;https:\\\/\\\/www.greenpeace.org\\\/static\\\/planet4-czech-republic-stateless\\\/2021\\\/06\\\/e9222b67-img_7842-scaled.jpg 2560w, https:\\\/\\\/www.greenpeace.org\\\/static\\\/planet4-czech-republic-stateless\\\/2021\\\/06\\\/e9222b67-img_7842-300x200.jpg 300w, https:\\\/\\\/www.greenpeace.org\\\/static\\\/planet4-czech-republic-stateless\\\/2021\\\/06\\\/e9222b67-img_7842-1024x683.jpg 1024w, https:\\\/\\\/www.greenpeace.org\\\/static\\\/planet4-czech-republic-stateless\\\/2021\\\/06\\\/e9222b67-img_7842-768x512.jpg 768w, https:\\\/\\\/www.greenpeace.org\\\/static\\\/planet4-czech-republic-stateless\\\/2021\\\/06\\\/e9222b67-img_7842-1536x1024.jpg 1536w, https:\\\/\\\/www.greenpeace.org\\\/static\\\/planet4-czech-republic-stateless\\\/2021\\\/06\\\/e9222b67-img_7842-2048x1366.jpg 2048w, https:\\\/\\\/www.greenpeace.org\\\/static\\\/planet4-czech-republic-stateless\\\/2021\\\/06\\\/e9222b67-img_7842-510x340.jpg 510w&quot;,&quot;image_sizes&quot;:false,&quot;alt_text&quot;:&quot;&quot;,&quot;caption&quot;:&quot;&quot;,&quot;focus_image&quot;:&quot;&quot;,&quot;credits&quot;:&quot;&quot;},{&quot;image_src&quot;:&quot;https:\\\/\\\/www.greenpeace.org\\\/static\\\/planet4-czech-republic-stateless\\\/2021\\\/06\\\/42ebf033-img_7881-scaled.jpg&quot;,&quot;image_srcset&quot;:&quot;https:\\\/\\\/www.greenpeace.org\\\/static\\\/planet4-czech-republic-stateless\\\/2021\\\/06\\\/42ebf033-img_7881-scaled.jpg 2560w, https:\\\/\\\/www.greenpeace.org\\\/static\\\/planet4-czech-republic-stateless\\\/2021\\\/06\\\/42ebf033-img_7881-300x200.jpg 300w, https:\\\/\\\/www.greenpeace.org\\\/static\\\/planet4-czech-republic-stateless\\\/2021\\\/06\\\/42ebf033-img_7881-1024x683.jpg 1024w, https:\\\/\\\/www.greenpeace.org\\\/static\\\/planet4-czech-republic-stateless\\\/2021\\\/06\\\/42ebf033-img_7881-768x512.jpg 768w, https:\\\/\\\/www.greenpeace.org\\\/static\\\/planet4-czech-republic-stateless\\\/2021\\\/06\\\/42ebf033-img_7881-1536x1024.jpg 1536w, https:\\\/\\\/www.greenpeace.org\\\/static\\\/planet4-czech-republic-stateless\\\/2021\\\/06\\\/42ebf033-img_7881-2048x1366.jpg 2048w, https:\\\/\\\/www.greenpeace.org\\\/static\\\/planet4-czech-republic-stateless\\\/2021\\\/06\\\/42ebf033-img_7881-510x340.jpg 510w&quot;,&quot;image_sizes&quot;:false,&quot;alt_text&quot;:&quot;&quot;,&quot;caption&quot;:&quot;&quot;,&quot;focus_image&quot;:&quot;&quot;,&quot;credits&quot;:&quot;&quot;},{&quot;image_src&quot;:&quot;https:\\\/\\\/www.greenpeace.org\\\/static\\\/planet4-czech-republic-stateless\\\/2021\\\/06\\\/bef0657f-img_7960-scaled.jpg&quot;,&quot;image_srcset&quot;:&quot;https:\\\/\\\/www.greenpeace.org\\\/static\\\/planet4-czech-republic-stateless\\\/2021\\\/06\\\/bef0657f-img_7960-scaled.jpg 2560w, https:\\\/\\\/www.greenpeace.org\\\/static\\\/planet4-czech-republic-stateless\\\/2021\\\/06\\\/bef0657f-img_7960-300x200.jpg 300w, https:\\\/\\\/www.greenpeace.org\\\/static\\\/planet4-czech-republic-stateless\\\/2021\\\/06\\\/bef0657f-img_7960-1024x683.jpg 1024w, https:\\\/\\\/www.greenpeace.org\\\/static\\\/planet4-czech-republic-stateless\\\/2021\\\/06\\\/bef0657f-img_7960-768x512.jpg 768w, https:\\\/\\\/www.greenpeace.org\\\/static\\\/planet4-czech-republic-stateless\\\/2021\\\/06\\\/bef0657f-img_7960-1536x1024.jpg 1536w, https:\\\/\\\/www.greenpeace.org\\\/static\\\/planet4-czech-republic-stateless\\\/2021\\\/06\\\/bef0657f-img_7960-2048x1366.jpg 2048w, https:\\\/\\\/www.greenpeace.org\\\/static\\\/planet4-czech-republic-stateless\\\/2021\\\/06\\\/bef0657f-img_7960-510x340.jpg 510w&quot;,&quot;image_sizes&quot;:false,&quot;alt_text&quot;:&quot;&quot;,&quot;caption&quot;:&quot;&quot;,&quot;focus_image&quot;:&quot;&quot;,&quot;credits&quot;:&quot;&quot;},{&quot;image_src&quot;:&quot;https:\\\/\\\/www.greenpeace.org\\\/static\\\/planet4-czech-republic-stateless\\\/2021\\\/06\\\/95a6b3a4-img_7977-scaled.jpg&quot;,&quot;image_srcset&quot;:&quot;https:\\\/\\\/www.greenpeace.org\\\/static\\\/planet4-czech-republic-stateless\\\/2021\\\/06\\\/95a6b3a4-img_7977-scaled.jpg 2560w, https:\\\/\\\/www.greenpeace.org\\\/static\\\/planet4-czech-republic-stateless\\\/2021\\\/06\\\/95a6b3a4-img_7977-300x200.jpg 300w, https:\\\/\\\/www.greenpeace.org\\\/static\\\/planet4-czech-republic-stateless\\\/2021\\\/06\\\/95a6b3a4-img_7977-1024x683.jpg 1024w, https:\\\/\\\/www.greenpeace.org\\\/static\\\/planet4-czech-republic-stateless\\\/2021\\\/06\\\/95a6b3a4-img_7977-768x512.jpg 768w, https:\\\/\\\/www.greenpeace.org\\\/static\\\/planet4-czech-republic-stateless\\\/2021\\\/06\\\/95a6b3a4-img_7977-1536x1024.jpg 1536w, https:\\\/\\\/www.greenpeace.org\\\/static\\\/planet4-czech-republic-stateless\\\/2021\\\/06\\\/95a6b3a4-img_7977-2048x1366.jpg 2048w, https:\\\/\\\/www.greenpeace.org\\\/static\\\/planet4-czech-republic-stateless\\\/2021\\\/06\\\/95a6b3a4-img_7977-510x340.jpg 510w&quot;,&quot;image_sizes&quot;:false,&quot;alt_text&quot;:&quot;&quot;,&quot;caption&quot;:&quot;&quot;,&quot;focus_image&quot;:&quot;&quot;,&quot;credits&quot;:&quot;&quot;},{&quot;image_src&quot;:&quot;https:\\\/\\\/www.greenpeace.org\\\/static\\\/planet4-czech-republic-stateless\\\/2021\\\/06\\\/6e522188-img_7987-scaled.jpg&quot;,&quot;image_srcset&quot;:&quot;https:\\\/\\\/www.greenpeace.org\\\/static\\\/planet4-czech-republic-stateless\\\/2021\\\/06\\\/6e522188-img_7987-scaled.jpg 2560w, https:\\\/\\\/www.greenpeace.org\\\/static\\\/planet4-czech-republic-stateless\\\/2021\\\/06\\\/6e522188-img_7987-300x200.jpg 300w, https:\\\/\\\/www.greenpeace.org\\\/static\\\/planet4-czech-republic-stateless\\\/2021\\\/06\\\/6e522188-img_7987-1024x683.jpg 1024w, https:\\\/\\\/www.greenpeace.org\\\/static\\\/planet4-czech-republic-stateless\\\/2021\\\/06\\\/6e522188-img_7987-768x512.jpg 768w, https:\\\/\\\/www.greenpeace.org\\\/static\\\/planet4-czech-republic-stateless\\\/2021\\\/06\\\/6e522188-img_7987-1536x1024.jpg 1536w, https:\\\/\\\/www.greenpeace.org\\\/static\\\/planet4-czech-republic-stateless\\\/2021\\\/06\\\/6e522188-img_7987-2048x1366.jpg 2048w, https:\\\/\\\/www.greenpeace.org\\\/static\\\/planet4-czech-republic-stateless\\\/2021\\\/06\\\/6e522188-img_7987-510x340.jpg 510w&quot;,&quot;image_sizes&quot;:false,&quot;alt_text&quot;:&quot;&quot;,&quot;caption&quot;:&quot;&quot;,&quot;focus_image&quot;:&quot;&quot;,&quot;credits&quot;:&quot;&quot;},{&quot;image_src&quot;:&quot;https:\\\/\\\/www.greenpeace.org\\\/static\\\/planet4-czech-republic-stateless\\\/2021\\\/06\\\/e500a3a3-img_8004-scaled.jpg&quot;,&quot;image_srcset&quot;:&quot;https:\\\/\\\/www.greenpeace.org\\\/static\\\/planet4-czech-republic-stateless\\\/2021\\\/06\\\/e500a3a3-img_8004-scaled.jpg 2560w, https:\\\/\\\/www.greenpeace.org\\\/static\\\/planet4-czech-republic-stateless\\\/2021\\\/06\\\/e500a3a3-img_8004-300x200.jpg 300w, https:\\\/\\\/www.greenpeace.org\\\/static\\\/planet4-czech-republic-stateless\\\/2021\\\/06\\\/e500a3a3-img_8004-1024x683.jpg 1024w, https:\\\/\\\/www.greenpeace.org\\\/static\\\/planet4-czech-republic-stateless\\\/2021\\\/06\\\/e500a3a3-img_8004-768x512.jpg 768w, https:\\\/\\\/www.greenpeace.org\\\/static\\\/planet4-czech-republic-stateless\\\/2021\\\/06\\\/e500a3a3-img_8004-1536x1024.jpg 1536w, https:\\\/\\\/www.greenpeace.org\\\/static\\\/planet4-czech-republic-stateless\\\/2021\\\/06\\\/e500a3a3-img_8004-2048x1366.jpg 2048w, https:\\\/\\\/www.greenpeace.org\\\/static\\\/planet4-czech-republic-stateless\\\/2021\\\/06\\\/e500a3a3-img_8004-510x340.jpg 510w&quot;,&quot;image_sizes&quot;:false,&quot;alt_text&quot;:&quot;&quot;,&quot;caption&quot;:&quot;&quot;,&quot;focus_image&quot;:&quot;&quot;,&quot;credits&quot;:&quot;&quot;},{&quot;image_src&quot;:&quot;https:\\\/\\\/www.greenpeace.org\\\/static\\\/planet4-czech-republic-stateless\\\/2021\\\/06\\\/d63d706e-img_8020-scaled.jpg&quot;,&quot;image_srcset&quot;:&quot;https:\\\/\\\/www.greenpeace.org\\\/static\\\/planet4-czech-republic-stateless\\\/2021\\\/06\\\/d63d706e-img_8020-scaled.jpg 2560w, https:\\\/\\\/www.greenpeace.org\\\/static\\\/planet4-czech-republic-stateless\\\/2021\\\/06\\\/d63d706e-img_8020-300x200.jpg 300w, https:\\\/\\\/www.greenpeace.org\\\/static\\\/planet4-czech-republic-stateless\\\/2021\\\/06\\\/d63d706e-img_8020-1024x683.jpg 1024w, https:\\\/\\\/www.greenpeace.org\\\/static\\\/planet4-czech-republic-stateless\\\/2021\\\/06\\\/d63d706e-img_8020-768x512.jpg 768w, https:\\\/\\\/www.greenpeace.org\\\/static\\\/planet4-czech-republic-stateless\\\/2021\\\/06\\\/d63d706e-img_8020-1536x1024.jpg 1536w, https:\\\/\\\/www.greenpeace.org\\\/static\\\/planet4-czech-republic-stateless\\\/2021\\\/06\\\/d63d706e-img_8020-2048x1366.jpg 2048w, https:\\\/\\\/www.greenpeace.org\\\/static\\\/planet4-czech-republic-stateless\\\/2021\\\/06\\\/d63d706e-img_8020-510x340.jpg 510w&quot;,&quot;image_sizes&quot;:false,&quot;alt_text&quot;:&quot;&quot;,&quot;caption&quot;:&quot;&quot;,&quot;focus_image&quot;:&quot;&quot;,&quot;credits&quot;:&quot;&quot;},{&quot;image_src&quot;:&quot;https:\\\/\\\/www.greenpeace.org\\\/static\\\/planet4-czech-republic-stateless\\\/2021\\\/06\\\/e28e6c73-img_8024-scaled.jpg&quot;,&quot;image_srcset&quot;:&quot;https:\\\/\\\/www.greenpeace.org\\\/static\\\/planet4-czech-republic-stateless\\\/2021\\\/06\\\/e28e6c73-img_8024-scaled.jpg 2560w, https:\\\/\\\/www.greenpeace.org\\\/static\\\/planet4-czech-republic-stateless\\\/2021\\\/06\\\/e28e6c73-img_8024-300x200.jpg 300w, https:\\\/\\\/www.greenpeace.org\\\/static\\\/planet4-czech-republic-stateless\\\/2021\\\/06\\\/e28e6c73-img_8024-1024x683.jpg 1024w, https:\\\/\\\/www.greenpeace.org\\\/static\\\/planet4-czech-republic-stateless\\\/2021\\\/06\\\/e28e6c73-img_8024-768x512.jpg 768w, https:\\\/\\\/www.greenpeace.org\\\/static\\\/planet4-czech-republic-stateless\\\/2021\\\/06\\\/e28e6c73-img_8024-1536x1024.jpg 1536w, https:\\\/\\\/www.greenpeace.org\\\/static\\\/planet4-czech-republic-stateless\\\/2021\\\/06\\\/e28e6c73-img_8024-2048x1366.jpg 2048w, https:\\\/\\\/www.greenpeace.org\\\/static\\\/planet4-czech-republic-stateless\\\/2021\\\/06\\\/e28e6c73-img_8024-510x340.jpg 510w&quot;,&quot;image_sizes&quot;:false,&quot;alt_text&quot;:&quot;&quot;,&quot;caption&quot;:&quot;&quot;,&quot;focus_image&quot;:&quot;&quot;,&quot;credits&quot;:&quot;&quot;},{&quot;image_src&quot;:&quot;https:\\\/\\\/www.greenpeace.org\\\/static\\\/planet4-czech-republic-stateless\\\/2021\\\/06\\\/bc648959-img_8032-scaled.jpg&quot;,&quot;image_srcset&quot;:&quot;https:\\\/\\\/www.greenpeace.org\\\/static\\\/planet4-czech-republic-stateless\\\/2021\\\/06\\\/bc648959-img_8032-scaled.jpg 2560w, https:\\\/\\\/www.greenpeace.org\\\/static\\\/planet4-czech-republic-stateless\\\/2021\\\/06\\\/bc648959-img_8032-300x200.jpg 300w, https:\\\/\\\/www.greenpeace.org\\\/static\\\/planet4-czech-republic-stateless\\\/2021\\\/06\\\/bc648959-img_8032-1024x683.jpg 1024w, https:\\\/\\\/www.greenpeace.org\\\/static\\\/planet4-czech-republic-stateless\\\/2021\\\/06\\\/bc648959-img_8032-768x512.jpg 768w, https:\\\/\\\/www.greenpeace.org\\\/static\\\/planet4-czech-republic-stateless\\\/2021\\\/06\\\/bc648959-img_8032-1536x1024.jpg 1536w, https:\\\/\\\/www.greenpeace.org\\\/static\\\/planet4-czech-republic-stateless\\\/2021\\\/06\\\/bc648959-img_8032-2048x1366.jpg 2048w, https:\\\/\\\/www.greenpeace.org\\\/static\\\/planet4-czech-republic-stateless\\\/2021\\\/06\\\/bc648959-img_8032-510x340.jpg 510w&quot;,&quot;image_sizes&quot;:false,&quot;alt_text&quot;:&quot;&quot;,&quot;caption&quot;:&quot;&quot;,&quot;focus_image&quot;:&quot;&quot;,&quot;credits&quot;:&quot;&quot;},{&quot;image_src&quot;:&quot;https:\\\/\\\/www.greenpeace.org\\\/static\\\/planet4-czech-republic-stateless\\\/2021\\\/06\\\/7512a40d-img_8039-scaled.jpg&quot;,&quot;image_srcset&quot;:&quot;https:\\\/\\\/www.greenpeace.org\\\/static\\\/planet4-czech-republic-stateless\\\/2021\\\/06\\\/7512a40d-img_8039-scaled.jpg 2560w, https:\\\/\\\/www.greenpeace.org\\\/static\\\/planet4-czech-republic-stateless\\\/2021\\\/06\\\/7512a40d-img_8039-300x200.jpg 300w, https:\\\/\\\/www.greenpeace.org\\\/static\\\/planet4-czech-republic-stateless\\\/2021\\\/06\\\/7512a40d-img_8039-1024x683.jpg 1024w, https:\\\/\\\/www.greenpeace.org\\\/static\\\/planet4-czech-republic-stateless\\\/2021\\\/06\\\/7512a40d-img_8039-768x512.jpg 768w, https:\\\/\\\/www.greenpeace.org\\\/static\\\/planet4-czech-republic-stateless\\\/2021\\\/06\\\/7512a40d-img_8039-1536x1024.jpg 1536w, https:\\\/\\\/www.greenpeace.org\\\/static\\\/planet4-czech-republic-stateless\\\/2021\\\/06\\\/7512a40d-img_8039-2048x1366.jpg 2048w, https:\\\/\\\/www.greenpeace.org\\\/static\\\/planet4-czech-republic-stateless\\\/2021\\\/06\\\/7512a40d-img_8039-510x340.jpg 510w&quot;,&quot;image_sizes&quot;:false,&quot;alt_text&quot;:&quot;&quot;,&quot;caption&quot;:&quot;&quot;,&quot;focus_image&quot;:&quot;&quot;,&quot;credits&quot;:&quot;&quot;},{&quot;image_src&quot;:&quot;https:\\\/\\\/www.greenpeace.org\\\/static\\\/planet4-czech-republic-stateless\\\/2021\\\/06\\\/2080575e-img_8053-scaled.jpg&quot;,&quot;image_srcset&quot;:&quot;https:\\\/\\\/www.greenpeace.org\\\/static\\\/planet4-czech-republic-stateless\\\/2021\\\/06\\\/2080575e-img_8053-scaled.jpg 2560w, https:\\\/\\\/www.greenpeace.org\\\/static\\\/planet4-czech-republic-stateless\\\/2021\\\/06\\\/2080575e-img_8053-300x200.jpg 300w, https:\\\/\\\/www.greenpeace.org\\\/static\\\/planet4-czech-republic-stateless\\\/2021\\\/06\\\/2080575e-img_8053-1024x683.jpg 1024w, https:\\\/\\\/www.greenpeace.org\\\/static\\\/planet4-czech-republic-stateless\\\/2021\\\/06\\\/2080575e-img_8053-768x512.jpg 768w, https:\\\/\\\/www.greenpeace.org\\\/static\\\/planet4-czech-republic-stateless\\\/2021\\\/06\\\/2080575e-img_8053-1536x1024.jpg 1536w, https:\\\/\\\/www.greenpeace.org\\\/static\\\/planet4-czech-republic-stateless\\\/2021\\\/06\\\/2080575e-img_8053-2048x1366.jpg 2048w, https:\\\/\\\/www.greenpeace.org\\\/static\\\/planet4-czech-republic-stateless\\\/2021\\\/06\\\/2080575e-img_8053-510x340.jpg 510w&quot;,&quot;image_sizes&quot;:false,&quot;alt_text&quot;:&quot;&quot;,&quot;caption&quot;:&quot;&quot;,&quot;focus_image&quot;:&quot;&quot;,&quot;credits&quot;:&quot;&quot;},{&quot;image_src&quot;:&quot;https:\\\/\\\/www.greenpeace.org\\\/static\\\/planet4-czech-republic-stateless\\\/2021\\\/06\\\/1d824097-img_8087-scaled.jpg&quot;,&quot;image_srcset&quot;:&quot;https:\\\/\\\/www.greenpeace.org\\\/static\\\/planet4-czech-republic-stateless\\\/2021\\\/06\\\/1d824097-img_8087-scaled.jpg 2560w, https:\\\/\\\/www.greenpeace.org\\\/static\\\/planet4-czech-republic-stateless\\\/2021\\\/06\\\/1d824097-img_8087-300x200.jpg 300w, https:\\\/\\\/www.greenpeace.org\\\/static\\\/planet4-czech-republic-stateless\\\/2021\\\/06\\\/1d824097-img_8087-1024x683.jpg 1024w, https:\\\/\\\/www.greenpeace.org\\\/static\\\/planet4-czech-republic-stateless\\\/2021\\\/06\\\/1d824097-img_8087-768x512.jpg 768w, https:\\\/\\\/www.greenpeace.org\\\/static\\\/planet4-czech-republic-stateless\\\/2021\\\/06\\\/1d824097-img_8087-1536x1024.jpg 1536w, https:\\\/\\\/www.greenpeace.org\\\/static\\\/planet4-czech-republic-stateless\\\/2021\\\/06\\\/1d824097-img_8087-2048x1366.jpg 2048w, https:\\\/\\\/www.greenpeace.org\\\/static\\\/planet4-czech-republic-stateless\\\/2021\\\/06\\\/1d824097-img_8087-510x340.jpg 510w&quot;,&quot;image_sizes&quot;:false,&quot;alt_text&quot;:&quot;&quot;,&quot;caption&quot;:&quot;&quot;,&quot;focus_image&quot;:&quot;&quot;,&quot;credits&quot;:&quot;&quot;},{&quot;image_src&quot;:&quot;https:\\\/\\\/www.greenpeace.org\\\/static\\\/planet4-czech-republic-stateless\\\/2021\\\/06\\\/4c109aa0-img_8152-scaled.jpg&quot;,&quot;image_srcset&quot;:&quot;https:\\\/\\\/www.greenpeace.org\\\/static\\\/planet4-czech-republic-stateless\\\/2021\\\/06\\\/4c109aa0-img_8152-scaled.jpg 2560w, https:\\\/\\\/www.greenpeace.org\\\/static\\\/planet4-czech-republic-stateless\\\/2021\\\/06\\\/4c109aa0-img_8152-300x200.jpg 300w, https:\\\/\\\/www.greenpeace.org\\\/static\\\/planet4-czech-republic-stateless\\\/2021\\\/06\\\/4c109aa0-img_8152-1024x683.jpg 1024w, https:\\\/\\\/www.greenpeace.org\\\/static\\\/planet4-czech-republic-stateless\\\/2021\\\/06\\\/4c109aa0-img_8152-768x512.jpg 768w, https:\\\/\\\/www.greenpeace.org\\\/static\\\/planet4-czech-republic-stateless\\\/2021\\\/06\\\/4c109aa0-img_8152-1536x1024.jpg 1536w, https:\\\/\\\/www.greenpeace.org\\\/static\\\/planet4-czech-republic-stateless\\\/2021\\\/06\\\/4c109aa0-img_8152-2048x1366.jpg 2048w, https:\\\/\\\/www.greenpeace.org\\\/static\\\/planet4-czech-republic-stateless\\\/2021\\\/06\\\/4c109aa0-img_8152-510x340.jpg 510w&quot;,&quot;image_sizes&quot;:false,&quot;alt_text&quot;:&quot;&quot;,&quot;caption&quot;:&quot;&quot;,&quot;focus_image&quot;:&quot;&quot;,&quot;credits&quot;:&quot;&quot;},{&quot;image_src&quot;:&quot;https:\\\/\\\/www.greenpeace.org\\\/static\\\/planet4-czech-republic-stateless\\\/2021\\\/06\\\/c2411ed0-img_8170-scaled.jpg&quot;,&quot;image_srcset&quot;:&quot;https:\\\/\\\/www.greenpeace.org\\\/static\\\/planet4-czech-republic-stateless\\\/2021\\\/06\\\/c2411ed0-img_8170-scaled.jpg 2560w, https:\\\/\\\/www.greenpeace.org\\\/static\\\/planet4-czech-republic-stateless\\\/2021\\\/06\\\/c2411ed0-img_8170-300x200.jpg 300w, https:\\\/\\\/www.greenpeace.org\\\/static\\\/planet4-czech-republic-stateless\\\/2021\\\/06\\\/c2411ed0-img_8170-1024x683.jpg 1024w, https:\\\/\\\/www.greenpeace.org\\\/static\\\/planet4-czech-republic-stateless\\\/2021\\\/06\\\/c2411ed0-img_8170-768x512.jpg 768w, https:\\\/\\\/www.greenpeace.org\\\/static\\\/planet4-czech-republic-stateless\\\/2021\\\/06\\\/c2411ed0-img_8170-1536x1024.jpg 1536w, https:\\\/\\\/www.greenpeace.org\\\/static\\\/planet4-czech-republic-stateless\\\/2021\\\/06\\\/c2411ed0-img_8170-2048x1366.jpg 2048w, https:\\\/\\\/www.greenpeace.org\\\/static\\\/planet4-czech-republic-stateless\\\/2021\\\/06\\\/c2411ed0-img_8170-510x340.jpg 510w&quot;,&quot;image_sizes&quot;:false,&quot;alt_text&quot;:&quot;&quot;,&quot;caption&quot;:&quot;&quot;,&quot;focus_image&quot;:&quot;&quot;,&quot;credits&quot;:&quot;&quot;},{&quot;image_src&quot;:&quot;https:\\\/\\\/www.greenpeace.org\\\/static\\\/planet4-czech-republic-stateless\\\/2021\\\/06\\\/a7d9ca1d-img_8182-copy-scaled.jpg&quot;,&quot;image_srcset&quot;:&quot;https:\\\/\\\/www.greenpeace.org\\\/static\\\/planet4-czech-republic-stateless\\\/2021\\\/06\\\/a7d9ca1d-img_8182-copy-scaled.jpg 2560w, https:\\\/\\\/www.greenpeace.org\\\/static\\\/planet4-czech-republic-stateless\\\/2021\\\/06\\\/a7d9ca1d-img_8182-copy-300x200.jpg 300w, https:\\\/\\\/www.greenpeace.org\\\/static\\\/planet4-czech-republic-stateless\\\/2021\\\/06\\\/a7d9ca1d-img_8182-copy-1024x683.jpg 1024w, https:\\\/\\\/www.greenpeace.org\\\/static\\\/planet4-czech-republic-stateless\\\/2021\\\/06\\\/a7d9ca1d-img_8182-copy-768x512.jpg 768w, https:\\\/\\\/www.greenpeace.org\\\/static\\\/planet4-czech-republic-stateless\\\/2021\\\/06\\\/a7d9ca1d-img_8182-copy-1536x1024.jpg 1536w, https:\\\/\\\/www.greenpeace.org\\\/static\\\/planet4-czech-republic-stateless\\\/2021\\\/06\\\/a7d9ca1d-img_8182-copy-2048x1366.jpg 2048w, https:\\\/\\\/www.greenpeace.org\\\/static\\\/planet4-czech-republic-stateless\\\/2021\\\/06\\\/a7d9ca1d-img_8182-copy-510x340.jpg 510w&quot;,&quot;image_sizes&quot;:false,&quot;alt_text&quot;:&quot;&quot;,&quot;caption&quot;:&quot;&quot;,&quot;focus_image&quot;:&quot;&quot;,&quot;credits&quot;:&quot;&quot;},{&quot;image_src&quot;:&quot;https:\\\/\\\/www.greenpeace.org\\\/static\\\/planet4-czech-republic-stateless\\\/2021\\\/06\\\/f8c1fb8b-img_8195-scaled.jpg&quot;,&quot;image_srcset&quot;:&quot;https:\\\/\\\/www.greenpeace.org\\\/static\\\/planet4-czech-republic-stateless\\\/2021\\\/06\\\/f8c1fb8b-img_8195-scaled.jpg 2560w, https:\\\/\\\/www.greenpeace.org\\\/static\\\/planet4-czech-republic-stateless\\\/2021\\\/06\\\/f8c1fb8b-img_8195-300x200.jpg 300w, https:\\\/\\\/www.greenpeace.org\\\/static\\\/planet4-czech-republic-stateless\\\/2021\\\/06\\\/f8c1fb8b-img_8195-1024x683.jpg 1024w, https:\\\/\\\/www.greenpeace.org\\\/static\\\/planet4-czech-republic-stateless\\\/2021\\\/06\\\/f8c1fb8b-img_8195-768x512.jpg 768w, https:\\\/\\\/www.greenpeace.org\\\/static\\\/planet4-czech-republic-stateless\\\/2021\\\/06\\\/f8c1fb8b-img_8195-1536x1024.jpg 1536w, https:\\\/\\\/www.greenpeace.org\\\/static\\\/planet4-czech-republic-stateless\\\/2021\\\/06\\\/f8c1fb8b-img_8195-2048x1366.jpg 2048w, https:\\\/\\\/www.greenpeace.org\\\/static\\\/planet4-czech-republic-stateless\\\/2021\\\/06\\\/f8c1fb8b-img_8195-510x340.jpg 510w&quot;,&quot;image_sizes&quot;:false,&quot;alt_text&quot;:&quot;&quot;,&quot;caption&quot;:&quot;&quot;,&quot;focus_image&quot;:&quot;&quot;,&quot;credits&quot;:&quot;&quot;},{&quot;image_src&quot;:&quot;https:\\\/\\\/www.greenpeace.org\\\/static\\\/planet4-czech-republic-stateless\\\/2021\\\/06\\\/4f3ae471-img_8198-scaled.jpg&quot;,&quot;image_srcset&quot;:&quot;https:\\\/\\\/www.greenpeace.org\\\/static\\\/planet4-czech-republic-stateless\\\/2021\\\/06\\\/4f3ae471-img_8198-scaled.jpg 2560w, https:\\\/\\\/www.greenpeace.org\\\/static\\\/planet4-czech-republic-stateless\\\/2021\\\/06\\\/4f3ae471-img_8198-300x200.jpg 300w, https:\\\/\\\/www.greenpeace.org\\\/static\\\/planet4-czech-republic-stateless\\\/2021\\\/06\\\/4f3ae471-img_8198-1024x683.jpg 1024w, https:\\\/\\\/www.greenpeace.org\\\/static\\\/planet4-czech-republic-stateless\\\/2021\\\/06\\\/4f3ae471-img_8198-768x512.jpg 768w, https:\\\/\\\/www.greenpeace.org\\\/static\\\/planet4-czech-republic-stateless\\\/2021\\\/06\\\/4f3ae471-img_8198-1536x1024.jpg 1536w, https:\\\/\\\/www.greenpeace.org\\\/static\\\/planet4-czech-republic-stateless\\\/2021\\\/06\\\/4f3ae471-img_8198-2048x1366.jpg 2048w, https:\\\/\\\/www.greenpeace.org\\\/static\\\/planet4-czech-republic-stateless\\\/2021\\\/06\\\/4f3ae471-img_8198-510x340.jpg 510w&quot;,&quot;image_sizes&quot;:false,&quot;alt_text&quot;:&quot;&quot;,&quot;caption&quot;:&quot;&quot;,&quot;focus_image&quot;:&quot;&quot;,&quot;credits&quot;:&quot;&quot;},{&quot;image_src&quot;:&quot;https:\\\/\\\/www.greenpeace.org\\\/static\\\/planet4-czech-republic-stateless\\\/2021\\\/06\\\/17e0bf0e-img_8257-scaled.jpg&quot;,&quot;image_srcset&quot;:&quot;https:\\\/\\\/www.greenpeace.org\\\/static\\\/planet4-czech-republic-stateless\\\/2021\\\/06\\\/17e0bf0e-img_8257-scaled.jpg 2560w, https:\\\/\\\/www.greenpeace.org\\\/static\\\/planet4-czech-republic-stateless\\\/2021\\\/06\\\/17e0bf0e-img_8257-300x200.jpg 300w, https:\\\/\\\/www.greenpeace.org\\\/static\\\/planet4-czech-republic-stateless\\\/2021\\\/06\\\/17e0bf0e-img_8257-1024x683.jpg 1024w, https:\\\/\\\/www.greenpeace.org\\\/static\\\/planet4-czech-republic-stateless\\\/2021\\\/06\\\/17e0bf0e-img_8257-768x512.jpg 768w, https:\\\/\\\/www.greenpeace.org\\\/static\\\/planet4-czech-republic-stateless\\\/2021\\\/06\\\/17e0bf0e-img_8257-1536x1024.jpg 1536w, https:\\\/\\\/www.greenpeace.org\\\/static\\\/planet4-czech-republic-stateless\\\/2021\\\/06\\\/17e0bf0e-img_8257-2048x1366.jpg 2048w, https:\\\/\\\/www.greenpeace.org\\\/static\\\/planet4-czech-republic-stateless\\\/2021\\\/06\\\/17e0bf0e-img_8257-510x340.jpg 510w&quot;,&quot;image_sizes&quot;:false,&quot;alt_text&quot;:&quot;&quot;,&quot;caption&quot;:&quot;&quot;,&quot;focus_image&quot;:&quot;&quot;,&quot;credits&quot;:&quot;&quot;}]}}\"><\/div>\n<p><a href=\"https:\/\/ct24.ceskatelevize.cz\/domaci\/3307761-na-krnovsku-pokaceli-stalety-dub-kaceni-pribyva-zrejme-i-kvuli-poklesum-ceny-dreva\">\u00dasteck\u00fd kraj pro report\u00e1\u017e Ud\u00e1lost\u00ed \u010cesk\u00e9 televize potvrdil<\/a> minul\u00fd t\u00fdden \u00fasty radn\u00edho pro \u017eivotn\u00ed prost\u0159ed\u00ed Michala Ku\u010dery, \u017ee zat\u00edm st\u00e1le vyjedn\u00e1v\u00e1 s vlastn\u00edkem o smluvn\u00ed ochran\u011b dot\u010den\u00e9ho lesa spadaj\u00edc\u00edho pod evropsky v\u00fdznamnou lokalitu V\u00fdchodn\u00ed Kru\u0161noho\u0159\u00ed. Jasno by m\u011blo b\u00fdt do 30. \u010dervna. \u201cPokud by dohoda na smlouv\u011b nebyla mo\u017en\u00e1, kraj m\u016f\u017ee vyhl\u00e1sit rezervaci a plo\u0161nou ochranu toho \u00fazem\u00ed,\u201d \u0159\u00edk\u00e1 Ku\u010dera.<\/p>\n\n<p>Sou\u010dasn\u00e1 vyjedn\u00e1v\u00e1n\u00ed se ov\u0161em t\u00e1hnou u\u017e roky a vlastn\u00edk dosud neud\u011blal ze sv\u00e9 v\u016fle nic, aby vz\u00e1cn\u00e9 bukov\u00e9 lesy ochr\u00e1nil. Naopak t\u011b\u017eba v posledn\u00edch m\u011bs\u00edc\u00edch nab\u00edr\u00e1 na intenzivit\u011b. Ob\u00e1v\u00e1me se, \u017ee smluvn\u00ed ochrana nesta\u010d\u00ed a chceme tedy, aby \u00dasteck\u00fd kraj vyhl\u00e1sil p\u0159\u00edrodn\u00ed rezervaci, na n\u00ed\u017e by bylo bezz\u00e1sahov\u00e9 \u00fazem\u00ed. V\u011bt\u0161\u00ed aktivitu ze strany \u00fa\u0159adu by ostatn\u011b r\u00e1do vid\u011blo i Ministerstvo \u017eivotn\u00edho prost\u0159ed\u00ed. \u201eJe pot\u0159eba d\u016fsledn\u011bji vym\u00e1hat z\u00e1kony, krajsk\u00fd \u00fa\u0159ad mus\u00ed postupovat svi\u017en\u011bji,\u201c \u0159\u00edk\u00e1 n\u00e1m\u011bstek pro \u0159\u00edzen\u00ed st\u00e1tn\u00ed spr\u00e1vy Vladim\u00edr Mana.<\/p>\n\n<p>Ke kauze se na kameru po\u0159adu \u010cT Nedej se i <a href=\"https:\/\/ekolist.cz\/cz\/publicistika\/nazory-a-komentare\/jak-i.h.farm-hospodari-v-krusnohorskych-bucinach-nad-hornim-jiretinem\">pro Ekolist<\/a> vyj\u00e1d\u0159ila i jednatelka firmy I. H. Farm Olga Chabr Grillov\u00e1. Jak\u00e9koli intenzivn\u00ed k\u00e1cen\u00ed v oblasti odm\u00edt\u00e1, p\u0159esto\u017ee ji nejen d\u016fkazy, kter\u00e9 jsme od podzimu nashrom\u00e1\u017edili a p\u0159edali \u010cesk\u00e9 inspekci \u017eivotn\u00edho prost\u0159ed\u00ed, ale i vyj\u00e1d\u0159en\u00ed mnoha m\u00edstn\u00edch lid\u00ed, z\u00e1b\u011bry televize z m\u00edst k\u00e1cen\u00ed, experti na lesn\u00ed hospoda\u0159en\u00ed i z\u00e1stupci \u00dasteck\u00e9ho kraje usv\u011bd\u010duj\u00ed ze l\u017ei.&nbsp;<\/p>\n\n<p>Poj\u010fme ale se ale sp\u00ed\u0161e soust\u0159edit na to, co je podstatn\u00e9, aby k dal\u0161\u00ed devastaci cenn\u00e9 p\u0159\u00edrody nedoch\u00e1zelo. \u201cV p\u0159\u00edpad\u011b z\u00e1jmu Krajsk\u00e9ho \u00fa\u0159adu \u00dasteck\u00e9ho kraje jsme p\u0159ipraveni jednat o zahrnut\u00ed cel\u00e9 plochy LHC Horn\u00ed Ji\u0159et\u00edn v Evropsky v\u00fdznamn\u00e9 lokalit\u011b V\u00fdchodn\u00ed Kru\u0161noho\u0159\u00ed do bezz\u00e1sahov\u00e9ho \u00fazem\u00ed,\u201d p\u00ed\u0161e ve sv\u00e9 obhajob\u011b firmy Chabr Grillov\u00e1.&nbsp;<\/p>\n\n<p>Nesmysln\u00e9 k\u00e1cen\u00ed roz\u010diluje i m\u00edstn\u00ed obyvatele, se kter\u00fdmi jsme se 13. kv\u011btna se\u0161li, abychom vyj\u00e1d\u0159ili podporu roz\u0161\u00ed\u0159en\u00ed ochrany.  Spolu s odborn\u00edky jsme vydali do m\u00edst, kter\u00e1 jsou nejv\u00edce ohro\u017eena holose\u010dn\u00fdm k\u00e1cen\u00edm, a kde jsou nyn\u00ed vysazov\u00e1ny m\u00edsto p\u016fvodn\u00edch stolet\u00fdch buk\u016f nep\u016fvodn\u00ed d\u0159eviny, co\u017e naru\u0161uje cel\u00fd m\u00edstn\u00ed ekosyst\u00e9m. <\/p>\n\n<p>Vyhl\u00e1\u0161en\u00ed bezz\u00e1sahov\u00e9ho \u00fazem\u00ed, to je p\u0159esn\u011b to, co chceme! A nyn\u00ed vid\u00edme, \u017ee alespo\u0148 podle sv\u00e9ho vyj\u00e1d\u0159en\u00ed by se tomu nebr\u00e1nil ani vlastn\u00edk. Ot\u00e1zkou tak je, zda vyhl\u00e1sit bezz\u00e1sahov\u00e9 \u00fazem\u00ed chce tak\u00e9 \u00dasteck\u00fd kraj. Podepi\u0161te petici za to, aby \u00dasteck\u00fd kraj vyhl\u00e1sil p\u0159\u00edrodn\u00ed rezervaci s bezz\u00e1sahov\u00fdm \u00fazem\u00edm, a zachr\u00e1nil tak zbytky poni\u010den\u00e9ho lesa a dal mu prostor k p\u0159irozen\u00e9 obnov\u011b.<\/p>\n\n<div class=\"wp-block-buttons is-layout-flex wp-block-buttons-is-layout-flex\">\n<div class=\"wp-block-button is-style-cta\"><a class=\"wp-block-button__link\" href=\"www.buciny.cz\" target=\"_blank\" rel=\"noreferrer noopener\">P\u0159ipojte se k v\u00fdzvy Bu\u010diny.cz<\/a><\/div>\n<\/div>\n\n<p><\/p>\n","protected":false},"excerpt":{"rendered":"<p>P\u0159ed n\u011bkolika t\u00fddny jsme zve\u0159ejnili informace o problematick\u00e9m k\u00e1cen\u00ed unik\u00e1tn\u00edch bu\u010din na svaz\u00edch Kru\u0161n\u00fdch hor v bl\u00edzkosti m\u011bsta Horn\u00ed Ji\u0159et\u00edn a z\u00e1mku Jeze\u0159\u00ed. Podle informac\u00ed, kter\u00e9 jsme shrom\u00e1\u017edili, se zde&hellip;<\/p>\n","protected":false},"author":27,"featured_media":13525,"comment_status":"open","ping_status":"closed","sticky":false,"template":"","format":"standard","meta":{"ep_exclude_from_search":false,"p4_og_title":"","p4_og_description":"","p4_og_image":"","p4_og_image_id":"","p4_seo_canonical_url":"","p4_campaign_name":"not set","p4_local_project":"not set","p4_basket_name":"not set","p4_department":"","footnotes":""},"categories":[2],"tags":[17],"p4-page-type":[16],"class_list":["post-14015","post","type-post","status-publish","format-standard","has-post-thumbnail","hentry","category-priroda","tag-lesy-pralesy","p4-page-type-clanek"],"_links":{"self":[{"href":"https:\/\/www.greenpeace.org\/czech\/wp-json\/wp\/v2\/posts\/14015","targetHints":{"allow":["GET"]}}],"collection":[{"href":"https:\/\/www.greenpeace.org\/czech\/wp-json\/wp\/v2\/posts"}],"about":[{"href":"https:\/\/www.greenpeace.org\/czech\/wp-json\/wp\/v2\/types\/post"}],"author":[{"embeddable":true,"href":"https:\/\/www.greenpeace.org\/czech\/wp-json\/wp\/v2\/users\/27"}],"replies":[{"embeddable":true,"href":"https:\/\/www.greenpeace.org\/czech\/wp-json\/wp\/v2\/comments?post=14015"}],"version-history":[{"count":11,"href":"https:\/\/www.greenpeace.org\/czech\/wp-json\/wp\/v2\/posts\/14015\/revisions"}],"predecessor-version":[{"id":14100,"href":"https:\/\/www.greenpeace.org\/czech\/wp-json\/wp\/v2\/posts\/14015\/revisions\/14100"}],"wp:featuredmedia":[{"embeddable":true,"href":"https:\/\/www.greenpeace.org\/czech\/wp-json\/wp\/v2\/media\/13525"}],"wp:attachment":[{"href":"https:\/\/www.greenpeace.org\/czech\/wp-json\/wp\/v2\/media?parent=14015"}],"wp:term":[{"taxonomy":"category","embeddable":true,"href":"https:\/\/www.greenpeace.org\/czech\/wp-json\/wp\/v2\/categories?post=14015"},{"taxonomy":"post_tag","embeddable":true,"href":"https:\/\/www.greenpeace.org\/czech\/wp-json\/wp\/v2\/tags?post=14015"},{"taxonomy":"p4-page-type","embeddable":true,"href":"https:\/\/www.greenpeace.org\/czech\/wp-json\/wp\/v2\/p4-page-type?post=14015"}],"curies":[{"name":"wp","href":"https:\/\/api.w.org\/{rel}","templated":true}]}}