{"id":14186,"date":"2021-06-24T08:00:00","date_gmt":"2021-06-24T07:00:00","guid":{"rendered":"https:\/\/www.greenpeace.org\/czech\/?p=14186"},"modified":"2021-12-01T13:30:31","modified_gmt":"2021-12-01T12:30:31","slug":"srovnani-ceskych-bank-jak-se-stavi-k-ochrane-klimatu-a-financovani-uhli","status":"publish","type":"post","link":"https:\/\/www.greenpeace.org\/czech\/clanek\/14186\/srovnani-ceskych-bank-jak-se-stavi-k-ochrane-klimatu-a-financovani-uhli\/","title":{"rendered":"Srovn\u00e1n\u00ed \u010desk\u00fdch bank: jak se stav\u00ed k ochran\u011b klimatu a financov\u00e1n\u00ed uhl\u00ed?"},"content":{"rendered":"\n<p><strong>K ochran\u011b klimatu se b\u011bhem posledn\u00edch let za\u010dal hl\u00e1sit tak\u00e9 finan\u010dn\u00ed sektor. Banky, investo\u0159i \u010di poji\u0161\u0165ovny deklaruj\u00ed, \u017ee cht\u011bj\u00ed sni\u017eovat emise a p\u0159estat podporovat nejv\u011bt\u0161\u00ed emitenty sklen\u00edkov\u00fdch plyn\u016f. Pod\u00edvali jsme se tedy podrobn\u011b na to, co pro ochranu klimatu d\u011bl\u00e1 osm nejv\u011bt\u0161\u00edch bank v \u010cR.<\/strong><\/p>\n\n<p>Vliv bank na klima nespo\u010d\u00edv\u00e1 jen v tom, kolik energie spot\u0159ebuj\u00ed jejich pobo\u010dky a slu\u017eebn\u00ed auta. Mnohem d\u016fle\u017eit\u011bj\u0161\u00ed je efekt toho, jak banky pou\u017eij\u00ed pen\u00edze, kter\u00e9 vlastn\u00ed \u010di spravuj\u00ed. Banky disponuj\u00ed ohromn\u00fdm mno\u017estv\u00edm finan\u010dn\u00edch prost\u0159edk\u016f a \u010d\u00e1st z nich jsou vlastn\u011b i \u00faspory a investice ka\u017ed\u00e9ho z n\u00e1s. Standardn\u011b banka za vklady st\u0159adatel\u016f vyplat\u00ed \u00farok, ale v\u011bt\u0161inou se nikdo nept\u00e1, jak na ten \u00farok vyd\u011blala a jak s ulo\u017een\u00fdmi pen\u011bzi nakl\u00e1dala. Tato situace se v posledn\u00ed dob\u011b m\u011bn\u00ed a st\u00e1le v\u00edce bank v r\u00e1mci agendy spole\u010densk\u00e9 odpov\u011bdnosti p\u0159ij\u00edm\u00e1 etick\u00e1 pravidla, kter\u00e1 znamenaj\u00ed omezen\u00ed aktivity bank v sektorech ekonomiky, kter\u00e9 p\u0159isp\u00edvaj\u00ed ke zm\u011bn\u00e1m klimatu. Nap\u0159\u00edklad v sou\u010dasnosti ji\u017e v\u011bt\u0161ina bank u n\u00e1s odm\u00edt\u00e1 \u00fapln\u011b \u010di \u010d\u00e1ste\u010dn\u011b p\u016fj\u010dovat pen\u00edze na investice v uheln\u00e9m sektoru.&nbsp;<\/p>\n\n<figure class=\"wp-block-image size-large\"><img loading=\"lazy\" decoding=\"async\" width=\"1024\" height=\"682\" src=\"https:\/\/www.greenpeace.org\/static\/planet4-czech-republic-stateless\/2021\/06\/7a683bcc-gp0stugyd_medium_res-1024x682.jpg\" alt=\"\" class=\"wp-image-14190\" srcset=\"https:\/\/www.greenpeace.org\/static\/planet4-czech-republic-stateless\/2021\/06\/7a683bcc-gp0stugyd_medium_res-1024x682.jpg 1024w, https:\/\/www.greenpeace.org\/static\/planet4-czech-republic-stateless\/2021\/06\/7a683bcc-gp0stugyd_medium_res-300x200.jpg 300w, https:\/\/www.greenpeace.org\/static\/planet4-czech-republic-stateless\/2021\/06\/7a683bcc-gp0stugyd_medium_res-768x511.jpg 768w, https:\/\/www.greenpeace.org\/static\/planet4-czech-republic-stateless\/2021\/06\/7a683bcc-gp0stugyd_medium_res-510x340.jpg 510w, https:\/\/www.greenpeace.org\/static\/planet4-czech-republic-stateless\/2021\/06\/7a683bcc-gp0stugyd_medium_res.jpg 1199w\" sizes=\"auto, (max-width: 1024px) 100vw, 1024px\" \/><figcaption>Protest proti financov\u00e1n\u00ed fosiln\u00edho pr\u016fmyslu.<\/figcaption><\/figure>\n\n<p>Na ja\u0159e 2021 publikovalo spole\u010dn\u011b n\u011bkolik nevl\u00e1dn\u00edch organizac\u00ed zab\u00fdvaj\u00edc\u00edch se ochranou klimatu studii<a href=\"https:\/\/www.ran.org\/bankingonclimatechaos2021\/,\"> Banking on Climate Chaos 2021<\/a>. Ta uk\u00e1zala, \u017ee po podpisu Pa\u0159\u00ed\u017esk\u00e9 dohody v obdob\u00ed od roku 2016 do roku 2020 investovalo \u0161edes\u00e1t nejv\u011bt\u0161\u00edch sv\u011btov\u00fdch komer\u010dn\u00edch a investi\u010dn\u00edch bank do fosiln\u00edho pr\u016fmyslu celkem 3,8 bilionu dolar\u016f. Spole\u010denskou odpov\u011bdnost finan\u010dn\u00edch instituc\u00ed specificky v EU a v uheln\u00e9m sektoru mapuje mezin\u00e1rodn\u00ed koalice nevl\u00e1dn\u00edch organizac\u00ed Europe Beyond Coal (Evropa po uhl\u00ed), kter\u00e1 pravideln\u011b zve\u0159ej\u0148uje anal\u00fdzy toho, jak\u00e9 banky a investo\u0159i se pod\u00edlej\u00ed na financov\u00e1n\u00ed nejv\u011bt\u0161\u00edch evropsk\u00fdch uheln\u00fdch spole\u010dnost\u00ed. Posledn\u00ed <a href=\"https:\/\/beyond-coal.eu\/2020\/07\/15\/fools-gold-2020\/\">zpr\u00e1va z minul\u00e9ho roku<\/a> ukazuje, \u017ee v\u011bt\u0161ina evropsk\u00fdch bank, kter\u00e9 p\u016fsob\u00ed mimo jin\u00e9 tak\u00e9 v \u010cR, je s uheln\u00fdm sektorem st\u00e1le propojena. Z obou zm\u00edn\u011bn\u00fdch studi\u00ed ale z\u00e1rove\u0144 vypl\u00fdv\u00e1, \u017ee celkov\u00fd objem investic do fosiln\u00edho paliva postupn\u011b kles\u00e1 a st\u00e1le v\u00edce bank svou spolupr\u00e1ci s fosiln\u00edm pr\u016fmyslem omezuje.<\/p>\n\n<p>Finan\u010dn\u00ed instituce se \u010d\u00edm d\u00e1l \u010dast\u011bji p\u0159ihla\u0161uj\u00ed k mezin\u00e1rodn\u00edm iniciativ\u00e1m, vyhla\u0161uj\u00ed klimatick\u00e9 c\u00edle \u010di ochotu d\u00e1le omezovat spolupr\u00e1ci s uheln\u00fdmi podniky a n\u011bkter\u00e9 z nich d\u011blaj\u00ed sm\u011brem k ochran\u011b klimatu opravu v\u00fdznamn\u00e9 kroky. Bohu\u017eel je v\u0161ak i dost t\u011bch, kter\u00e9 nam\u00edsto re\u00e1ln\u00fdch krok\u016f nab\u00edzej\u00ed sp\u00ed\u0161e l\u00edbiv\u00e9 zelenou PR komunikaci a greenwashing nebo t\u00e9ma zcela ignoruj\u00ed.&nbsp; Role nevl\u00e1dn\u00edch organizac\u00ed spo\u010d\u00edv\u00e1 mimo jin\u00e9 i v tom, \u017ee takov\u00e1&nbsp; zelen\u00e1 prohl\u00e1\u0161en\u00ed analyzuj\u00ed a informuj\u00ed&nbsp; ve\u0159ejnost o jejich smysluplnosti \u010di naopak o jejich bezv\u00fdznamnosti.<\/p>\n\n<p>\u00a0T\u00e9matu udr\u017eitelnosti se v roce 2021 za\u010dala aktivn\u011bji tak\u00e9 v\u011bnovat \u010cesk\u00e1 bankovn\u00ed asociace, kdy\u017e iniciovala<a href=\"https:\/\/cbaonline.cz\/ceske-banky-podepsaly-memorandum\"> Memorandum o udr\u017eiteln\u00fdch financ\u00edch<\/a>, kter\u00e9 k dne\u0161n\u00edmu datu podepsaly v\u0161echny n\u00e1mi analyzovan\u00e9 finan\u010dn\u00ed instituce.<\/p>\n\n<p>V r\u00e1mci anal\u00fdzy situace na \u010desk\u00e9m bankovn\u00edm trhu jsme se zam\u011b\u0159ili na dev\u011bt nejv\u011bt\u0161\u00edch bank p\u016fsob\u00edc\u00edch u n\u00e1s a hodnotili jsme n\u00e1sleduj\u00edc\u00ed 4 krit\u00e9ria:&nbsp;<\/p>\n\n<ol class=\"wp-block-list\"><li>Odm\u00edt\u00e1 banka p\u016fj\u010dovat na nov\u00e9 \u010di st\u00e1vaj\u00edc\u00ed uheln\u00e9 projekty?&nbsp;<\/li><li>Omezuje banka spolupr\u00e1ci s uheln\u00fdmi firmami, kter\u00e9 nemaj\u00ed pl\u00e1n konce uhl\u00ed?&nbsp;<\/li><li>M\u00e1 banka stanoven\u00fd c\u00edl na konec spolupr\u00e1ce s uheln\u00fdm sektorem a m\u00e1 dostate\u010dn\u00e9 c\u00edle na sni\u017eov\u00e1n\u00ed emis\u00ed \u010di klimatickou neutralitu?&nbsp;<\/li><li>Jak\u00fdm zp\u016fsobem komunikuje banka o klimatick\u00fdch zm\u011bn\u00e1ch a vlastn\u00edch opat\u0159en\u00edch sm\u011brem k \u010desk\u00e9 ve\u0159ejnosti?&nbsp;<\/li><\/ol>\n\n<p>V\u011bt\u0161ina nejv\u011bt\u0161\u00edch bank u n\u00e1s je sou\u010d\u00e1st\u00ed nadn\u00e1rodn\u00ed finan\u010dn\u00ed skupiny a uplat\u0148uje shodn\u00e1 pravidla spole\u010densk\u00e9 odpov\u011bdnosti ve v\u0161ech zem\u00edch sv\u00e9 p\u016fsobnosti. Z tohoto d\u016fvodu prvn\u00ed t\u0159i krit\u00e9ria pro srovn\u00e1vac\u00ed anal\u00fdzu bank zohled\u0148uj\u00ed mezin\u00e1rodn\u00ed pravidla jednotliv\u00fdch&nbsp; finan\u010dn\u00edch&nbsp; skupin. Posledn\u00ed krit\u00e9rium se t\u00fdk\u00e1 pouze&nbsp; \u010desk\u00e9ho trhu a slou\u017e\u00ed pro hodnocen\u00ed bank z hlediska komunikace s ve\u0159ejnost\u00ed: srovn\u00e1v\u00e1 zp\u016fsob, jak\u00fdm informuj\u00ed o vlastn\u00edch&nbsp; klimatick\u00fdch c\u00edlech a s n\u00edm spojen\u00fdch opat\u0159en\u00edch v \u010desk\u00e9m jazyce &#8211; nap\u0159\u00edklad prost\u0159ednictv\u00edm tiskov\u00fdch a v\u00fdro\u010dn\u00edch zpr\u00e1v nebo na soci\u00e1ln\u00edch s\u00edt\u00edch a webov\u00fdch str\u00e1nk\u00e1ch.<\/p>\n\n<figure class=\"wp-block-image size-large\"><img loading=\"lazy\" decoding=\"async\" width=\"1024\" height=\"1024\" src=\"https:\/\/www.greenpeace.org\/static\/planet4-czech-republic-stateless\/2021\/06\/ff626847-jak_banky_chrani_klima-1024x1024.jpg\" alt=\"\" class=\"wp-image-14188\" srcset=\"https:\/\/www.greenpeace.org\/static\/planet4-czech-republic-stateless\/2021\/06\/ff626847-jak_banky_chrani_klima-1024x1024.jpg 1024w, https:\/\/www.greenpeace.org\/static\/planet4-czech-republic-stateless\/2021\/06\/ff626847-jak_banky_chrani_klima-300x300.jpg 300w, https:\/\/www.greenpeace.org\/static\/planet4-czech-republic-stateless\/2021\/06\/ff626847-jak_banky_chrani_klima-150x150.jpg 150w, https:\/\/www.greenpeace.org\/static\/planet4-czech-republic-stateless\/2021\/06\/ff626847-jak_banky_chrani_klima-768x768.jpg 768w, https:\/\/www.greenpeace.org\/static\/planet4-czech-republic-stateless\/2021\/06\/ff626847-jak_banky_chrani_klima-1536x1536.jpg 1536w, https:\/\/www.greenpeace.org\/static\/planet4-czech-republic-stateless\/2021\/06\/ff626847-jak_banky_chrani_klima-1366x1366.jpg 1366w, https:\/\/www.greenpeace.org\/static\/planet4-czech-republic-stateless\/2021\/06\/ff626847-jak_banky_chrani_klima-340x340.jpg 340w, https:\/\/www.greenpeace.org\/static\/planet4-czech-republic-stateless\/2021\/06\/ff626847-jak_banky_chrani_klima.jpg 1600w\" sizes=\"auto, (max-width: 1024px) 100vw, 1024px\" \/><\/figure>\n\n<p>V anal\u00fdze se nezab\u00fdv\u00e1me investicemi do zelen\u00fdch sektor\u016f \u010di portfoliem tzv. \u201czelen\u00fdch\u201d finan\u010dn\u00edch produkt\u016f a nezkoum\u00e1me ani, jak\u00e1 pravidla finan\u010dn\u00ed instituce uplat\u0148uj\u00ed v r\u00e1mci&nbsp; investi\u010dn\u00edho bankovnictv\u00ed (portfolia investi\u010dn\u00edch fond\u016f a dal\u0161\u00edch). Takt\u00e9\u017e jsme se nev\u011bnovali dal\u0161\u00edm oblastem, jako jsou nap\u0159\u00edklad investice do ropy, zemn\u00edho plynu, biomasy \u010di palmov\u00e9ho oleje, tedy sektor\u016fm, kter\u00e9 maj\u00ed rovn\u011b\u017e vliv na \u017eivotn\u00ed prost\u0159ed\u00ed a v sou\u010dasnosti jsou n\u011bkter\u00fdmi bankami z etick\u00fdch d\u016fvod\u016f omezeny.<\/p>\n\n<p><strong>Po\u010det bod\u016f: <\/strong><\/p>\n\n<ul class=\"wp-block-list\"><li>1 nedosta\u010duj\u00edc\u00ed<\/li><li>2 d\u00edl\u010d\u00ed progres<\/li><li>3 dobr\u00e9<\/li><\/ul>\n\n<figure class=\"wp-block-table\"><table><tbody><tr><td>&nbsp;ot\u00e1zka<\/td><td>body<\/td><td><strong>\u010cSOB (skupina KBC)<\/strong><\/td><\/tr><tr><td>A<\/td><td><br>3<\/td><td>Banka ji\u017e nov\u011b nep\u016fj\u010duje na uheln\u00e9 projekty a do konce roku 2021 kon\u010d\u00ed i s existuj\u00edc\u00edmi p\u016fj\u010dkami na jak\u00e9koliv uheln\u00e9 projekty. Detailn\u00ed pravidla byla aktualizov\u00e1na v dubnu 2021.&nbsp;<\/td><\/tr><tr><td>B<\/td><td>2<\/td><td>Banka po\u017eaduje od v\u0161ech uheln\u00fdch firem, aby do konce roku 2022 m\u011bly pl\u00e1n transformace s koncem uhl\u00ed nejpozd\u011bji do roku 2030. Pokud takov\u00fd pl\u00e1n nebudou m\u00edt, banka s firmami nebude d\u00e1le spolupracovat. Nicm\u00e9n\u011b specificky pro \u010ceskou republiky centr\u00e1la banky v pravidlech uv\u00e1d\u00ed ur\u010dit\u00e9 v\u00fdjimky, kter\u00e9 sni\u017euj\u00ed \u00fa\u010dinnost t\u011bchto pravidel.<\/td><\/tr><tr><td>C<\/td><td>3<\/td><td>V \u010cR si banka nechala postavit ekologick\u00fd kampus, do kter\u00e9ho se p\u0159est\u011bhovala. Skupina KBC m\u00e1 za c\u00edl&nbsp; kompletn\u011b opustit uheln\u00fd sektor do roku 2030, sn\u00ed\u017eit emise sklen\u00edkov\u00fdch plyn\u016f o&nbsp; 80 % do roku 2030 a pomoc\u00ed uhl\u00edkov\u00fdch kompenzac\u00ed (offsety) dos\u00e1hnout klimatick\u00e9 neutrality v roce 2021. <a href=\"https:\/\/newsroom.kbc.com\/kbc-takes-stock-after-a-years-collective-commitment-to-climate-action-and-sets-out-ambitious-ongoing-sustainability-engagement\">https:\/\/newsroom.kbc.com\/kbc-takes-stock-after-a-years-collective-commitment-to-climate-action-and-sets-out-ambitious-ongoing-sustainability-engagement<\/a>&nbsp;<\/td><\/tr><tr><td>D<\/td><td>3<\/td><td>Banka aktivn\u011b informuje ot\u00e1zk\u00e1ch \u017eivotn\u00edho prost\u0159ed\u00ed, klimatu i o omezen\u00ed uhl\u00ed a m\u00e1 p\u0159elo\u017een\u00e9 intern\u00ed sm\u011brnice. V \u010de\u0161tina ale chyb\u00ed informace o c\u00edlech klimatick\u00e9 neutrality a sni\u017eov\u00e1n\u00ed emis\u00ed a o nov\u00e9 intern\u00ed sm\u011brnici z dubna 2021.<\/td><\/tr><\/tbody><\/table><\/figure>\n\n<figure class=\"wp-block-table\"><table><tbody><tr><td>&nbsp;ot\u00e1zka<\/td><td>&nbsp;body<\/td><td><strong>\u010cesk\u00e1 spo\u0159itelna (skupina Erste)<\/strong>&nbsp;<\/td><\/tr><tr><td>A<\/td><td>3<\/td><td>Banka schv\u00e1lila v b\u0159eznu 2021<a href=\"https:\/\/www.erstegroup.com\/en\/news-media\/press-releases\/2021\/03\/10\/erste-group-to-phase-out-business-activities-in-thermal-coal-sector-by-2030\"> nov\u00e1 pravidla<\/a>, kter\u00e1 podporuj\u00ed investice do zelen\u00fdch sektor\u016f a na druhou stranu prakticky zakazuj\u00ed podporu investic v uheln\u00e9m sektoru nejen do nov\u00fdch projekt\u016f, ale i do rekonstrukc\u00ed uheln\u00e9 infrastruktury.&nbsp;<\/td><\/tr><tr><td>B<\/td><td>2<\/td><td>Podle ji\u017e zm\u00edn\u011bn\u00fdch pravidel bude banka omezovat spolupr\u00e1ci s energetick\u00fdmi firmami, kter\u00e9 nemaj\u00ed pl\u00e1n na konec uhl\u00ed do roku 2030. Nicm\u00e9n\u011b na tento pl\u00e1n d\u00e1v\u00e1 banka firm\u00e1m \u010das do roku 2023. Nav\u00edc pravidla umo\u017e\u0148uj\u00ed jist\u00e9 v\u00fdjimky pro firmy, u kter\u00fdch uhl\u00ed p\u0159edstavuje m\u00e9n\u011b ne\u017e 25 % obratu &#8211; do t\u00e9to kategorie spad\u00e1 i \u010cEZ.<\/td><\/tr><tr><td>C<\/td><td>2<\/td><td>Pozitivn\u011b lze hodnotit, \u017ee banka ohl\u00e1sila c\u00edl b\u00fdt v roce 2030 bez uhl\u00ed. Banka informuje o sni\u017eov\u00e1n\u00ed emis\u00ed v minulosti, ale nem\u00e1 dlouhodob\u00e9 c\u00edle sni\u017eov\u00e1n\u00ed emis\u00ed sklen\u00edkov\u00fdch plyn\u016f ani c\u00edl dosa\u017een\u00ed klimatick\u00e9 neutrality. Banka uv\u00e1d\u00ed<a href=\"https:\/\/www.csas.cz\/static_internet\/cs\/Redakce\/Ostatni\/Ostatni_IE\/Prilohy\/cs__nfr2019_web.pdf\"> ve zpr\u00e1v\u011b o trval\u00e9 udr\u017eitelnosti<\/a> c\u00edl sn\u00ed\u017eit emise mezi lety 2019 a 2021 o 5 % a fakt, \u017ee od roku 2011 sn\u00ed\u017eila uhl\u00edkovou stopu o v\u00edce ne\u017e \u00be.&nbsp;<\/td><\/tr><tr><td>D<\/td><td>1<\/td><td>V \u010de\u0161tin\u011b banka o \u017eivotn\u00edm prost\u0159ed\u00ed, klimatu \u010di omezen\u00edch pro uheln\u00fd sektor nenab\u00edz\u00ed t\u00e9m\u011b\u0159 \u017e\u00e1dn\u00e9 informace, pouze p\u00e1r dat ve zpr\u00e1v\u011b o trval\u00e9 udr\u017eitelnosti.<\/td><\/tr><\/tbody><\/table><\/figure>\n\n<figure class=\"wp-block-table\"><table><tbody><tr><td>&nbsp;ot\u00e1zka<\/td><td>body&nbsp;<\/td><td><strong>Komer\u010dn\u00ed banka (skupina Societe Generale)<\/strong><\/td><\/tr><tr><td>A<\/td><td>3<\/td><td>Banka ji\u017e nep\u016fj\u010duje na nov\u00e9 uheln\u00e9 projekty a odm\u00edt\u00e1 nov\u00e9 klienty z uheln\u00e9ho sektoru.<\/td><\/tr><tr><td>B<\/td><td>2<\/td><td>Podle<a href=\"https:\/\/www.kb.cz\/cs\/o-bance\/pro-media\/tiskove-zpravy-2021\/komercni-banka%E2%80%99s-commitment-to-reduce-its-exposure\"> pravidel<\/a> pro celou skupinu, zve\u0159ejn\u011bn\u00fdch v roce 2020, banka v sou\u010dasnosti odm\u00edt\u00e1 poskytovat finan\u010dn\u00ed slu\u017eby uheln\u00fdm firm\u00e1m, kter\u00e9 maj\u00ed v\u00edce ne\u017e 25 % sv\u00fdch v\u00fdnos\u016f z \u010dinnost\u00ed spojen\u00fdch s uheln\u00fdm sektorem. A do konce roku 2021 nebude poskytovat finan\u010dn\u00ed slu\u017eby \u017e\u00e1dn\u00fdm energetick\u00fdm firm\u00e1m, kter\u00e9 nemaj\u00ed pl\u00e1n skon\u010dit s uhl\u00edm nejpozd\u011bji do roku 2030. Bohu\u017eel i takto relativn\u011b p\u0159\u00edsn\u011b definovan\u00e1 pravidla umo\u017enila Komer\u010dn\u00ed bance pod\u00edlet se<a href=\"https:\/\/www.greenpeace.org\/czech\/clanek\/13302\/banky-se-postupne-pridavaji-k-ochrane-klimatu-presto-ale-daly-obri-pujcku-uhelne-firme-eph\/\"> <\/a>v roce 2021 <a href=\"https:\/\/www.greenpeace.org\/czech\/clanek\/13302\/banky-se-postupne-pridavaji-k-ochrane-klimatu-presto-ale-daly-obri-pujcku-uhelne-firme-eph\/\">na p\u016fj\u010dce energetick\u00e9 skupin\u011b EPH<\/a>, kter\u00e1 spoluvlastn\u00ed v N\u011bmecku ob\u0159\u00ed uheln\u00e9 elektr\u00e1rny, kter\u00e9 maj\u00ed produkovat emise sklen\u00edkov\u00fdch plyn\u016f i po roce 2030.<\/td><\/tr><tr><td>C<\/td><td>3<\/td><td>Banka m\u00e1 mezin\u00e1rodn\u00ed i n\u00e1rodn\u00ed pl\u00e1ny a c\u00edle na sni\u017eov\u00e1n\u00ed emis\u00ed sklen\u00edkov\u00fdch plyn\u016f. Celkov\u011b m\u00e1 c\u00edl dosa\u017een\u00ed klimatick\u00e9 neutrality do roku do roku 2026 pl\u00e1nuje b\u00fdt uhl\u00edkov\u011b neutr\u00e1ln\u00ed (s vyu\u017eit\u00edm uhl\u00edkov\u00fdch kompenzac\u00ed tzv. offset\u016f). Do roku 2030 chce banka celkov\u011b bez uhl\u00ed.<\/td><\/tr><tr><td>D<\/td><td>3<\/td><td>Banka obs\u00e1hle informuje snah\u00e1ch chr\u00e1nit \u017eivotn\u00edm prost\u0159ed\u00ed a klima na sv\u00fdch str\u00e1nk\u00e1ch a tak\u00e9 v podrobn\u00fdch zpr\u00e1v\u00e1ch o udr\u017eitelnosti. O omezen\u00edch, vztahuj\u00edc\u00edch se k uheln\u00e9mu sektoru, ji\u017e banka v \u010de\u0161tin\u011b informuje m\u00e9n\u011b proaktivn\u011b.<\/td><\/tr><\/tbody><\/table><\/figure>\n\n<figure class=\"wp-block-table\"><table><tbody><tr><td>&nbsp;ot\u00e1zka<\/td><td>&nbsp;body<\/td><td><strong>Unicredit<\/strong><\/td><\/tr><tr><td>A<\/td><td>3<\/td><td>Banka odm\u00edt\u00e1 financovat nov\u00e9 uheln\u00e9 projekty.<\/td><\/tr><tr><td>B<\/td><td>2<\/td><td>Banka v\u00fdrazn\u011b omezuje spolupr\u00e1ci s uheln\u00fdmi firmami, od nich\u017e vy\u017eaduje, aby m\u011bly do konce roku 2021 vypracovan\u00fd pl\u00e1n ukon\u010den\u00ed vyu\u017e\u00edv\u00e1n\u00ed uhl\u00ed nejpozd\u011bji do roku 2028. Bohu\u017eel i takto p\u0159\u00edsn\u011b definovan\u00e1 pravidla umo\u017enila bance Unicredit pod\u00edlet se<a href=\"https:\/\/www.greenpeace.org\/czech\/clanek\/13302\/banky-se-postupne-pridavaji-k-ochrane-klimatu-presto-ale-daly-obri-pujcku-uhelne-firme-eph\/\"> <\/a>v roce 2021 <a href=\"https:\/\/www.greenpeace.org\/czech\/clanek\/13302\/banky-se-postupne-pridavaji-k-ochrane-klimatu-presto-ale-daly-obri-pujcku-uhelne-firme-eph\/\">na ob\u0159\u00ed p\u016fj\u010de energetick\u00e9 skupin\u011b EPH,<\/a> kter\u00e1 spoluvlastn\u00ed v N\u011bmecku ob\u0159\u00ed uheln\u00e9 elektr\u00e1rny, kter\u00e9 maj\u00ed produkovat emise sklen\u00edkov\u00fdch plyn\u016f i po roce 2030.<\/td><\/tr><tr><td>C<\/td><td>2<\/td><td>Banka m\u00e1 c\u00edl sn\u00ed\u017een\u00ed emis\u00ed sklen\u00edkov\u00fdch plyn\u016f o 80 % mezi lety 2008 a 2030. V sou\u010dasnosti dos\u00e1hla sn\u00ed\u017een\u00ed m\u00ednus 60 %. C\u00edl klimatick\u00e9 neutrality banka nem\u00e1. Podobn\u011b jako jin\u00e9 banky chce b\u00fdt Unicredit v budoucnosti kompletn\u011b bez uhl\u00ed, a to ji\u017e od dva roky d\u0159\u00edve, tedy do roku 2028.&nbsp;<\/td><\/tr><tr><td>D<\/td><td>1<\/td><td>Banka o zelen\u00fdch t\u00e9matech v \u010de\u0161tin\u011b t\u00e9m\u011b\u0159 neinformuje, posledn\u00ed v\u00fdro\u010dn\u00ed zpr\u00e1va obsahuje informaci o \u017eivotn\u00edm prost\u0159ed\u00ed pouze na jedn\u00e9 t\u0159etin\u011b str\u00e1nky.<\/td><\/tr><\/tbody><\/table><\/figure>\n\n<figure class=\"wp-block-table\"><table><tbody><tr><td>&nbsp;ot\u00e1zka<\/td><td>body&nbsp;<\/td><td><strong>Raiffeisenbank<\/strong><\/td><\/tr><tr><td>A<\/td><td>3<\/td><td>Podle<a href=\"https:\/\/www.raiffeisen.al\/en\/our-news\/entry\/rbi-focus-on-renewable-energy-phase-out-of-thermal-coal\"> nov\u00fdch pravidel<\/a> z jara 2021 banka nep\u016fj\u010duje na nov\u00e9 uheln\u00e9 projekty.<\/td><\/tr><tr><td>B<\/td><td>2<\/td><td>Banka po\u017eaduje od uheln\u00fdch firem pl\u00e1n odchodu od uhl\u00ed do roku 2030. Nicm\u00e9n\u011b pro firmy s men\u0161\u00edm pod\u00edlem uhl\u00ed na v\u00fdnosech ne\u017e 25 % jsou pravidla m\u00e9n\u011b p\u0159\u00edsn\u00e1 a umo\u017e\u0148uj\u00ed obecn\u00e9 financov\u00e1n\u00ed. Nav\u00edc banka nezve\u0159ejnila p\u0159esn\u00e9 zn\u011bn\u00ed sv\u00fdch pravidel, a je tak obt\u00ed\u017en\u00e9 tato pravidla kontrolovat.<\/td><\/tr><tr><td>C<\/td><td>2<\/td><td>Banka m\u00e1 c\u00edl sn\u00ed\u017eit emise sklen\u00edkov\u00fdch plyn\u016f oproti roku 2011 o 40 % v roce 2030 a o 65 % v roce 2050. V roce 2020 byly emise ji\u017e m\u00ednus 35 % (oproti 2011). Banka nem\u00e1 c\u00edl klimatick\u00e9 neutrality.<\/td><\/tr><tr><td>D<\/td><td>1<\/td><td>Banka t\u00e9ma ochrany klimatu v \u010de\u0161tin\u011b t\u00e9m\u011b\u0159 nekomunikuje. Informace o omezen\u00ed financov\u00e1n\u00ed uhl\u00ed \u010desky nejsou k nalezen\u00ed.<\/td><\/tr><\/tbody><\/table><\/figure>\n\n<figure class=\"wp-block-table\"><table><tbody><tr><td>&nbsp;ot\u00e1zka<\/td><td>&nbsp;body<\/td><td><strong>Moneta Money Bank<\/strong><\/td><\/tr><tr><td>A<\/td><td>&#8211;<\/td><td>Dle vyj\u00e1d\u0159en\u00ed banky se vzhledem k zam\u011b\u0159en\u00ed na men\u0161\u00ed z\u00e1kazn\u00edky nenach\u00e1z\u00ed v portfoliu podnikatelsk\u00e1 aktivita z oblasti uheln\u00e9ho sektoru<\/td><\/tr><tr><td>B<\/td><td>&#8211;<\/td><td>Dle vyj\u00e1d\u0159en\u00ed banky se vzhledem k zam\u011b\u0159en\u00ed na men\u0161\u00ed z\u00e1kazn\u00edky nenach\u00e1z\u00ed v portfoliu podnikatelsk\u00e1 aktivita z oblasti uheln\u00e9ho sektoru<\/td><\/tr><tr><td>C<\/td><td>3<\/td><td>Banka sn\u00ed\u017eila emise v roce 2019 oproti roku 2016 o 58 % a hodl\u00e1 b\u00fdt do roku <em>2025 <\/em>uhl\u00edkov\u011b neutr\u00e1ln\u00ed v p\u0159\u00edm\u00fdch emis\u00edch.<\/td><\/tr><tr><td>D<\/td><td>3<\/td><td>Banka aktivn\u011b komunikuje o ochran\u011b klimatu a sv\u00fdch c\u00edlech v \u010de\u0161tin\u011b.&nbsp;<\/td><\/tr><\/tbody><\/table><\/figure>\n\n<figure class=\"wp-block-table\"><table><tbody><tr><td>&nbsp;ot\u00e1zka<\/td><td>body&nbsp;<\/td><td><strong>FIO Banka<\/strong><\/td><\/tr><tr><td>A<\/td><td>&#8211;<\/td><td>Banka nezve\u0159ej\u0148uje pravidla pro p\u016fj\u010dov\u00e1n\u00ed uheln\u00e9mu sektoru<\/td><\/tr><tr><td>B<\/td><td>&#8211;<\/td><td>Banka nezve\u0159ej\u0148uje pravidla pro p\u016fj\u010dov\u00e1n\u00ed uheln\u00e9mu sektoru<\/td><\/tr><tr><td>C<\/td><td>1<\/td><td>Banka nem\u00e1 \u017e\u00e1dn\u00e9 c\u00edle t\u00fdkaj\u00edc\u00ed se klimatu, \u017eivotn\u00edho prost\u0159ed\u00ed ani trval\u00e9 udr\u017eitelnosti.<\/td><\/tr><tr><td>D<\/td><td>1<\/td><td>O oblasti ochrany klimatu \u010di \u017eivotn\u00edho prost\u0159ed\u00ed banka neinformuje v \u017e\u00e1dn\u00e9m jazyce.<\/td><\/tr><\/tbody><\/table><\/figure>\n\n<figure class=\"wp-block-table\"><table><tbody><tr><td>&nbsp;ot\u00e1zka<\/td><td>body&nbsp;<\/td><td><strong>mBank<\/strong><\/td><\/tr><tr><td>A<\/td><td>3<\/td><td>Banka odm\u00edt\u00e1 financovat nov\u00e9 uheln\u00e9<a href=\"https:\/\/www.mbank.pl\/pdf\/relacje-inwestorskie\/mbank-sustainability-standards_eng.pdf\"> projekty.<\/a>&nbsp;<\/td><\/tr><tr><td>B<\/td><td>1<\/td><td>V roce 2019 banka zve\u0159ejnila nov\u00e1 pravidla, kter\u00e1 vylu\u010duj\u00ed p\u0159ij\u00edmat za nov\u00e9 klienty firmy, kter\u00e9 maj\u00ed v\u00edce jak 50 % elekt\u0159iny z uhl\u00ed. Sice banka odm\u00edt\u00e1 poskytovat finance na uheln\u00e9 projekty, &nbsp; nicm\u00e9n\u011b st\u00e1le z\u016fst\u00e1v\u00e1 finan\u010dn\u00edm partnerem existuj\u00edc\u00edch uheln\u00fdch firem v Polsku. Dle vyj\u00e1d\u0159en\u00ed banky se v \u010cR soust\u0159ed\u00ed na mal\u00e9 klienty a energetiku v\u016fbec nefinancuje.<\/td><\/tr><tr><td>C<\/td><td>1<\/td><td>Banka nem\u00e1 dohledateln\u00e9 \u017e\u00e1dn\u00e9 c\u00edle t\u00fdkaj\u00edc\u00ed se sni\u017eov\u00e1n\u00ed emis\u00ed a&nbsp; klimatu. Ve v\u00fdro\u010dn\u00ed zpr\u00e1v\u011b zve\u0159ej\u0148uje pouze ka\u017edoro\u010dn\u00ed emise sklen\u00edkov\u00fdch plyn\u016f.<\/td><\/tr><tr><td>D<\/td><td>1<\/td><td>O oblasti ochrany klimatu \u010di \u017eivotn\u00edho prost\u0159ed\u00ed a o intern\u00edch pravidlech banka \u010desky neinformuje.<\/td><\/tr><\/tbody><\/table><\/figure>\n\n<p>V prvn\u00ed des\u00edtce nejv\u011bt\u0161\u00edch bank je tak\u00e9 banka Airbank, ta se obecn\u011b k \u017eivotn\u00edmu prost\u0159ed\u00ed nevyjad\u0159uje,<a href=\"https:\/\/www.airbank.cz\/file-download\/vyrocni-zprava-2020.pdf\"> ve v\u00fdro\u010dn\u00ed zpr\u00e1v\u011b<\/a> se k odpov\u011bdnosti nehl\u00e1s\u00ed a uv\u00e1d\u011bj\u00ed: <em>Jeliko\u017e banka podnik\u00e1 v oblasti poskytov\u00e1n\u00ed finan\u010dn\u00edch slu\u017eeb, jej\u00ed kon\u00e1n\u00ed p\u0159\u00edmo neovliv\u0148uje \u017eivotn\u00ed prost\u0159ed\u00ed<\/em>. Dal\u0161\u00ed men\u0161\u00ed banka, Equa bank, pat\u0159\u00ed nov\u011b skupin\u011b Raiffeisen a m\u011bla by n\u00e1sledovat pravidla t\u00e9to skupiny.&nbsp;<\/p>\n<div class=\"EmptyMessage\">Block content is empty. Check the block&#8217;s settings or remove it.<\/div>","protected":false},"excerpt":{"rendered":"<p>K ochran\u011b klimatu se b\u011bhem posledn\u00edch let za\u010dal hl\u00e1sit tak\u00e9 finan\u010dn\u00ed sektor. Banky, investo\u0159i \u010di poji\u0161\u0165ovny deklaruj\u00ed, \u017ee cht\u011bj\u00ed sni\u017eovat emise a p\u0159estat podporovat nejv\u011bt\u0161\u00ed emitenty sklen\u00edkov\u00fdch plyn\u016f. Pod\u00edvali jsme&hellip;<\/p>\n","protected":false},"author":40,"featured_media":14190,"comment_status":"open","ping_status":"closed","sticky":false,"template":"","format":"standard","meta":{"ep_exclude_from_search":false,"p4_og_title":"","p4_og_description":"","p4_og_image":"","p4_og_image_id":"","p4_seo_canonical_url":"","p4_campaign_name":"not set","p4_local_project":"not set","p4_basket_name":"not set","p4_department":"","footnotes":""},"categories":[4],"tags":[20,22,25],"p4-page-type":[16],"class_list":["post-14186","post","type-post","status-publish","format-standard","has-post-thumbnail","hentry","category-energeticka-revoluce","tag-zmena-klimatu","tag-setrimeplanetu","tag-konec-doby-fosilni","p4-page-type-clanek"],"_links":{"self":[{"href":"https:\/\/www.greenpeace.org\/czech\/wp-json\/wp\/v2\/posts\/14186","targetHints":{"allow":["GET"]}}],"collection":[{"href":"https:\/\/www.greenpeace.org\/czech\/wp-json\/wp\/v2\/posts"}],"about":[{"href":"https:\/\/www.greenpeace.org\/czech\/wp-json\/wp\/v2\/types\/post"}],"author":[{"embeddable":true,"href":"https:\/\/www.greenpeace.org\/czech\/wp-json\/wp\/v2\/users\/40"}],"replies":[{"embeddable":true,"href":"https:\/\/www.greenpeace.org\/czech\/wp-json\/wp\/v2\/comments?post=14186"}],"version-history":[{"count":6,"href":"https:\/\/www.greenpeace.org\/czech\/wp-json\/wp\/v2\/posts\/14186\/revisions"}],"predecessor-version":[{"id":15372,"href":"https:\/\/www.greenpeace.org\/czech\/wp-json\/wp\/v2\/posts\/14186\/revisions\/15372"}],"wp:featuredmedia":[{"embeddable":true,"href":"https:\/\/www.greenpeace.org\/czech\/wp-json\/wp\/v2\/media\/14190"}],"wp:attachment":[{"href":"https:\/\/www.greenpeace.org\/czech\/wp-json\/wp\/v2\/media?parent=14186"}],"wp:term":[{"taxonomy":"category","embeddable":true,"href":"https:\/\/www.greenpeace.org\/czech\/wp-json\/wp\/v2\/categories?post=14186"},{"taxonomy":"post_tag","embeddable":true,"href":"https:\/\/www.greenpeace.org\/czech\/wp-json\/wp\/v2\/tags?post=14186"},{"taxonomy":"p4-page-type","embeddable":true,"href":"https:\/\/www.greenpeace.org\/czech\/wp-json\/wp\/v2\/p4-page-type?post=14186"}],"curies":[{"name":"wp","href":"https:\/\/api.w.org\/{rel}","templated":true}]}}