{"id":14280,"date":"2021-07-21T13:15:12","date_gmt":"2021-07-21T12:15:12","guid":{"rendered":"https:\/\/www.greenpeace.org\/czech\/?p=14280"},"modified":"2023-12-05T10:24:33","modified_gmt":"2023-12-05T09:24:33","slug":"greenpeace-predalo-mzp-petici-za-zachranu-bucin-v-krusnych-horach-podepsalo-ji-pres-10-tisic-lidi","status":"publish","type":"post","link":"https:\/\/www.greenpeace.org\/czech\/tiskova-zprava\/14280\/greenpeace-predalo-mzp-petici-za-zachranu-bucin-v-krusnych-horach-podepsalo-ji-pres-10-tisic-lidi\/","title":{"rendered":"Greenpeace p\u0159edalo M\u017dP petici za z\u00e1chranu bu\u010din  v Kru\u0161n\u00fdch hor\u00e1ch. Podepsalo ji p\u0159es 10 tis\u00edc lid\u00ed"},"content":{"rendered":"\n<p>Z\u00e1stupci organizace Greenpeace dnes r\u00e1no p\u0159edali petici za z\u00e1chranu unik\u00e1tn\u00edch bukov\u00fdch les\u016f v Kru\u0161n\u00fdch hor\u00e1ch na podatelnu Ministerstva \u017eivotn\u00edho prost\u0159ed\u00ed a na podatelnu \u00dasteck\u00e9ho kraje. P\u0159es opakovanou snahu se toti\u017e nepoda\u0159ilo vyjednat p\u0159ed\u00e1n\u00ed petice p\u0159\u00edmo do rukou ministra \u017eivotn\u00edho prost\u0159ed\u00ed Richarda Brabce \u010di hejtmana \u00dasteck\u00e9ho kraje Jana Schillera.<\/p>\n\n<p>Petice, kterou podepsalo p\u0159es 10 tis\u00edc lid\u00ed, vyz\u00fdv\u00e1 Krajsk\u00fd \u00fa\u0159ad \u00dasteck\u00e9ho kraje a Ministerstvo \u017eivotn\u00edho prost\u0159ed\u00ed k neprodlen\u00e9mu zastaven\u00ed intenzivn\u00edho k\u00e1cen\u00ed kv\u011btnat\u00fdch bu\u010din za\u0159azen\u00fdch do seznamu nejcenn\u011bj\u0161\u00ed evropsk\u00e9 p\u0159\u00edrody Natura 2000. Vz\u00e1cn\u00e9 a chr\u00e1n\u011bn\u00e9 \u017eivo\u010di\u0161n\u00e9 druhy, kter\u00e9 \u017eij\u00ed pouze v bukov\u00e9m lese, jsou ohro\u017eeny nejen masivn\u00edm k\u00e1cen\u00edm, ale tak\u00e9 v\u00fdsadbou nep\u016fvodn\u00edch d\u0159evin. Proto Greenpeace po\u017eaduje, aby byla cel\u00e1 oblast od Horn\u00edho Ji\u0159et\u00edna a\u017e po N\u00e1rodn\u00ed p\u0159\u00edrodn\u00ed rezervaci Jezerka vyhl\u00e1\u0161ena za jedno chr\u00e1n\u011bn\u00e9 \u00fazem\u00ed s bezz\u00e1sahov\u00fdm re\u017eimem, kde bude moci p\u0159\u00edroda v\u010detn\u011b mnoha chr\u00e1n\u011bn\u00fdch \u017eivo\u010dich\u016f neru\u0161en\u011b existovat. Pro velkou \u010d\u00e1st t\u011bchto druh\u016f jsou \u017eivotn\u011b d\u016fle\u017eit\u00e9 star\u00e9 odum\u00edraj\u00edc\u00ed stromy, kter\u00e9 jim poskytuj\u00ed nenahraditeln\u00e1 stanovi\u0161t\u011b a zdroj potravy. Star\u00e9 stromy s dutinami se v dostate\u010dn\u00e9m po\u010dtu vyskytuj\u00ed jen v chr\u00e1n\u011bn\u00fdch \u00fazem\u00edch, v nich\u017e je vylou\u010deno \u010di z\u00e1sadn\u011b omezeno lesnick\u00e9 hospoda\u0159en\u00ed.<\/p>\n\n<figure class=\"wp-block-image size-large\"><img loading=\"lazy\" decoding=\"async\" width=\"1024\" height=\"683\" src=\"https:\/\/www.greenpeace.org\/static\/planet4-czech-republic-stateless\/2021\/07\/bd5a055d-buciny-petice6-1-of-1-1024x683.jpg\" alt=\"\" class=\"wp-image-14281\" srcset=\"https:\/\/www.greenpeace.org\/static\/planet4-czech-republic-stateless\/2021\/07\/bd5a055d-buciny-petice6-1-of-1-1024x683.jpg 1024w, https:\/\/www.greenpeace.org\/static\/planet4-czech-republic-stateless\/2021\/07\/bd5a055d-buciny-petice6-1-of-1-300x200.jpg 300w, https:\/\/www.greenpeace.org\/static\/planet4-czech-republic-stateless\/2021\/07\/bd5a055d-buciny-petice6-1-of-1-768x512.jpg 768w, https:\/\/www.greenpeace.org\/static\/planet4-czech-republic-stateless\/2021\/07\/bd5a055d-buciny-petice6-1-of-1-1536x1024.jpg 1536w, https:\/\/www.greenpeace.org\/static\/planet4-czech-republic-stateless\/2021\/07\/bd5a055d-buciny-petice6-1-of-1-2048x1366.jpg 2048w, https:\/\/www.greenpeace.org\/static\/planet4-czech-republic-stateless\/2021\/07\/bd5a055d-buciny-petice6-1-of-1-510x340.jpg 510w\" sizes=\"auto, (max-width: 1024px) 100vw, 1024px\" \/><figcaption>P\u0159ed\u00e1v\u00e1n\u00ed petice za z\u00e1chranu bu\u010din v Kru\u0161n\u00fdch hor\u00e1ch. (c) Greenpeace &#8211; Barbora Sommers<\/figcaption><\/figure>\n\n<p>Spole\u010dnost I. H. Farm spojen\u00e1 s uhlobaronem Pavlem Tyka\u010dem m\u00edstn\u00ed bukov\u00fd les&nbsp; n\u011bkolik let holose\u010dn\u011b k\u00e1c\u00ed. Nyn\u00ed se chyst\u00e1 s krajem uzav\u0159\u00edt do konce \u010dervence smlouvu o ochran\u011b \u00fazem\u00ed. Nicm\u00e9n\u011b jedn\u00e1n\u00ed v tomto sm\u011bru prob\u00edhaj\u00ed u\u017e sedm let,&nbsp; a do\u0161lo tak k p\u0159ekro\u010den\u00ed z\u00e1konn\u00e9 lh\u016fty pro uzav\u0159en\u00ed dohody takov\u00e9ho typu, na co\u017e organizace Greenpeace upozornila ministra \u017eivotn\u00edho prost\u0159ed\u00ed Richarda Brabce, kter\u00fd tento stav ve sv\u00e9 rekci p\u0159e\u0161el bez vyvozen\u00ed jak\u00fdkoliv d\u016fsledk\u016f. \u201e<em>N\u00e1vrh dohody o ochran\u011b \u00fazem\u00ed, kterou nyn\u00ed Krajsk\u00fd \u00fa\u0159ad \u00dasteck\u00e9ho kraje \u00fadajn\u011b p\u0159ipravuje, nebyl dosud zve\u0159ejn\u011bn a nen\u00ed tak jasn\u00e9, jak\u00fdm zp\u016fsobem a v jak\u00e9 m\u00ed\u0159e by m\u011bla b\u00fdt ochrana bukov\u00fdch les\u016f zaji\u0161t\u011bna a jestli byl n\u00e1vrh p\u0159edem konzultov\u00e1n s odborn\u00edky na lesnictv\u00ed a ochranu p\u0159\u00edrody. Podle vyj\u00e1d\u0159en\u00ed \u010cesk\u00e1 inspekce \u017eivotn\u00edho prost\u0159ed\u00ed to bohu\u017eel zat\u00edm vypad\u00e1 tak, \u017ee by v bezz\u00e1sahov\u00e9m re\u017eimu ochrany bylo pouh\u00fdch 200 hektar\u016f lesa, co\u017e je \u017ealostn\u011b m\u00e1lo,\u201c&nbsp; <\/em>\u0159\u00edk\u00e1 Nikol Krej\u010dov\u00e1 z Greenpeace.<\/p>\n\n<p>K v\u011bt\u0161\u00ed ochran\u011b tohoto \u00fazem\u00ed nab\u00e1d\u00e1 \u010desk\u00e9 \u00fa\u0159ady i<a href=\"https:\/\/ekolist.cz\/cz\/publicistika\/nazory-a-komentare\/vedci-vyzva-k-ochrane-bucin-v-evl-vychodni-krusnohori\"> v\u00fdzva v\u011bdc\u016f, pod n\u00ed\u017e se podepsalo n\u011bkolik p\u0159edn\u00edch \u010desk\u00fdch p\u0159\u00edrodov\u011bdc\u016f a dv\u011b odborn\u00e9 v\u011bdeck\u00e9 organizace<\/a>. V d\u016fsledku t\u011b\u017eby hroz\u00ed ztr\u00e1ta biologick\u00e9 rozmanitosti, co\u017e je v p\u0159\u00edm\u00e9m rozporu se strategi\u00ed Evropsk\u00e9 komise, kter\u00e1 se naopak sna\u017e\u00ed o jej\u00ed zachov\u00e1n\u00ed. C\u00edlem, kter\u00fd p\u0159ijala i \u010cesk\u00e1 republika, je poskytnout ochranu nejm\u00e9n\u011b 30 % rozlohy sv\u00e9ho \u00fazem\u00ed, z \u010deho\u017e by 10 % m\u011blo b\u00fdt v re\u017eimu p\u0159\u00edsn\u00e9 ochrany, kter\u00fd vylu\u010duje jakoukoliv lidskou \u010dinnost naru\u0161uj\u00edc\u00ed samovoln\u00fd v\u00fdvoj p\u0159\u00edrody. <\/p>\n\n<p><em>\u201eChceme-li zastavit pokles biologick\u00e9 rozmanitosti evropsk\u00e9ho kontinentu, mus\u00edme vz\u00edt v\u00e1\u017en\u011b v\u00fdzvu EU k p\u0159\u00edsn\u00e9 ochran\u011b alespo\u0148 10 % \u00fazem\u00ed \u010cesk\u00e9 republiky a hledat cesty k jej\u00edmu napln\u011bn\u00ed. A\u010d o p\u0159\u00edrod\u011b nev\u00edme zdaleka v\u0161echno, odborn\u00fdch podklad\u016f zd\u016fraz\u0148uj\u00edc\u00edch nutnost podstatn\u00e9ho roz\u0161\u00ed\u0159en\u00ed rozlohy p\u0159\u00edsn\u011b chr\u00e1n\u011bn\u00fdch \u00fazem\u00ed ve st\u0159edn\u00ed Evrop\u011b pro uchov\u00e1n\u00ed biologick\u00e9 rozmanitosti je v\u00edce ne\u017e dostatek. Nyn\u00ed je na \u010dase, aby tuto skute\u010dnost vzaly v potaz i org\u00e1ny st\u00e1tn\u00ed spr\u00e1vy. Bu\u010diny v evropsky v\u00fdznamn\u00e9 lokalit\u011b V\u00fdchodn\u00ed Kru\u0161noho\u0159\u00ed s celkovou rozlohou p\u0159evy\u0161uj\u00edc\u00ed 8000 hektar\u016f p\u0159edstavuj\u00ed jeden z nejv\u011bt\u0161\u00edch ostrov\u016f bukov\u00fdch les\u016f u n\u00e1s. Tyto porosty host\u00ed \u0159adu celoevropsky vz\u00e1cn\u00fdch druh\u016f organism\u016f a z\u00e1rove\u0148 reprezentuj\u00ed typ vegetace, kter\u00fd by v podm\u00ednk\u00e1ch bez tis\u00edcilet\u00e9ho vlivu \u010dlov\u011bka pokr\u00fdval v\u011bt\u0161\u00ed \u010d\u00e1st krajiny st\u0159edn\u00ed Evropy. Z tohoto d\u016fvodu p\u0159edstavuj\u00ed velmi vhodnou lokalitu pro roz\u0161i\u0159ov\u00e1n\u00ed \u00fazem\u00ed s p\u0159\u00edsnou ochranou v \u010cR,\u201c<\/em>\u00a0 \u0159\u00edk\u00e1 Jan Hofmeister z Katedry ekologie lesa Fakulty lesnick\u00e9 a d\u0159eva\u0159sk\u00e9 \u010cesk\u00e9 zem\u011bd\u011blsk\u00e9 univerzity v Praze.<\/p>\n","protected":false},"excerpt":{"rendered":"<p>Z\u00e1stupci organizace Greenpeace dnes r\u00e1no p\u0159edali petici za z\u00e1chranu unik\u00e1tn\u00edch bukov\u00fdch les\u016f v Kru\u0161n\u00fdch hor\u00e1ch na podatelnu Ministerstva \u017eivotn\u00edho prost\u0159ed\u00ed a na podatelnu \u00dasteck\u00e9ho kraje. P\u0159es opakovanou snahu se toti\u017e&hellip;<\/p>\n","protected":false},"author":64,"featured_media":14281,"comment_status":"open","ping_status":"closed","sticky":false,"template":"","format":"standard","meta":{"ep_exclude_from_search":false,"p4_og_title":"","p4_og_description":"","p4_og_image":"","p4_og_image_id":"","p4_seo_canonical_url":"","p4_campaign_name":"not set","p4_local_project":"not set","p4_basket_name":"not set","p4_department":"","footnotes":""},"categories":[2],"tags":[17],"p4-page-type":[14],"class_list":["post-14280","post","type-post","status-publish","format-standard","has-post-thumbnail","hentry","category-priroda","tag-lesy-pralesy","p4-page-type-tiskova-zprava"],"_links":{"self":[{"href":"https:\/\/www.greenpeace.org\/czech\/wp-json\/wp\/v2\/posts\/14280","targetHints":{"allow":["GET"]}}],"collection":[{"href":"https:\/\/www.greenpeace.org\/czech\/wp-json\/wp\/v2\/posts"}],"about":[{"href":"https:\/\/www.greenpeace.org\/czech\/wp-json\/wp\/v2\/types\/post"}],"author":[{"embeddable":true,"href":"https:\/\/www.greenpeace.org\/czech\/wp-json\/wp\/v2\/users\/64"}],"replies":[{"embeddable":true,"href":"https:\/\/www.greenpeace.org\/czech\/wp-json\/wp\/v2\/comments?post=14280"}],"version-history":[{"count":3,"href":"https:\/\/www.greenpeace.org\/czech\/wp-json\/wp\/v2\/posts\/14280\/revisions"}],"predecessor-version":[{"id":14295,"href":"https:\/\/www.greenpeace.org\/czech\/wp-json\/wp\/v2\/posts\/14280\/revisions\/14295"}],"wp:featuredmedia":[{"embeddable":true,"href":"https:\/\/www.greenpeace.org\/czech\/wp-json\/wp\/v2\/media\/14281"}],"wp:attachment":[{"href":"https:\/\/www.greenpeace.org\/czech\/wp-json\/wp\/v2\/media?parent=14280"}],"wp:term":[{"taxonomy":"category","embeddable":true,"href":"https:\/\/www.greenpeace.org\/czech\/wp-json\/wp\/v2\/categories?post=14280"},{"taxonomy":"post_tag","embeddable":true,"href":"https:\/\/www.greenpeace.org\/czech\/wp-json\/wp\/v2\/tags?post=14280"},{"taxonomy":"p4-page-type","embeddable":true,"href":"https:\/\/www.greenpeace.org\/czech\/wp-json\/wp\/v2\/p4-page-type?post=14280"}],"curies":[{"name":"wp","href":"https:\/\/api.w.org\/{rel}","templated":true}]}}