{"id":14681,"date":"2021-09-06T10:17:49","date_gmt":"2021-09-06T09:17:49","guid":{"rendered":"https:\/\/www.greenpeace.org\/czech\/?p=14681"},"modified":"2021-09-06T10:22:28","modified_gmt":"2021-09-06T09:22:28","slug":"pocerady-vyjimka-zaloba","status":"publish","type":"post","link":"https:\/\/www.greenpeace.org\/czech\/tiskova-zprava\/14681\/pocerady-vyjimka-zaloba\/","title":{"rendered":"M\u017dP poru\u0161ilo z\u00e1kon a povolilo Po\u010derad\u016fm vypou\u0161t\u011bt v\u00edce rtuti. Ekologick\u00e9 organizace zva\u017euj\u00ed \u017ealobu"},"content":{"rendered":"\n<p>Ministerstvo \u017eivotn\u00edho prost\u0159ed\u00ed vydalo v z\u00e1v\u011bru uplynul\u00e9ho t\u00fddne rozhodnut\u00ed o odvol\u00e1n\u00edch ekologick\u00fdch organizac\u00ed proti v\u00fdjimce z <a href=\"https:\/\/eur-lex.europa.eu\/legal-content\/cs\/TXT\/?uri=CELEX%3A32017D1442\">emisn\u00edch limit\u016f<\/a> pro uhelnou elektr\u00e1rnu Po\u010derady. Rozhodnut\u00ed ministerstva zkr\u00e1tilo trv\u00e1n\u00ed v\u00fdjimky pro t\u0159i z p\u011bti blok\u016f elektr\u00e1rny do roku 2024 m\u00edsto p\u016fvodn\u00edho roku 2025. Potvrdilo v\u0161ak v\u00fdjimku umo\u017e\u0148uj\u00edc\u00ed vypou\u0161t\u011bt \u010dty\u0159n\u00e1sobn\u011b vy\u0161\u0161\u00ed mno\u017estv\u00ed rtuti, ne\u017e stanovuje nov\u00fd limit. Ekologick\u00e9 organizace pova\u017euj\u00ed omezen\u00ed v\u00fdjimky za kosmetick\u00e9 a ud\u011blen\u00ed v\u00fdjimky za nez\u00e1konn\u00e9 (samotn\u00e9 M\u017dP d\u0159\u00edve tvrdilo, \u017ee rozhodnut\u00ed o ud\u011blen\u00ed v\u00fdjimky p\u0159\u00edmo v r\u00e1mci rozhodnut\u00ed o odvol\u00e1n\u00ed nen\u00ed pr\u00e1vn\u011b mo\u017en\u00e9) a zva\u017euj\u00ed podat na rozhodnut\u00ed spr\u00e1vn\u00ed \u017ealobu k soudu.\u00a0\u00a0<\/p>\n\n<figure class=\"wp-block-image size-large\"><img loading=\"lazy\" decoding=\"async\" width=\"1024\" height=\"683\" src=\"https:\/\/www.greenpeace.org\/static\/planet4-czech-republic-stateless\/2019\/06\/e059f228-dsc2809_ibra_net-1024x683.jpg\" alt=\"\" class=\"wp-image-3670\" srcset=\"https:\/\/www.greenpeace.org\/static\/planet4-czech-republic-stateless\/2019\/06\/e059f228-dsc2809_ibra_net-1024x683.jpg 1024w, https:\/\/www.greenpeace.org\/static\/planet4-czech-republic-stateless\/2019\/06\/e059f228-dsc2809_ibra_net-300x200.jpg 300w, https:\/\/www.greenpeace.org\/static\/planet4-czech-republic-stateless\/2019\/06\/e059f228-dsc2809_ibra_net-768x512.jpg 768w, https:\/\/www.greenpeace.org\/static\/planet4-czech-republic-stateless\/2019\/06\/e059f228-dsc2809_ibra_net-510x340.jpg 510w, https:\/\/www.greenpeace.org\/static\/planet4-czech-republic-stateless\/2019\/06\/e059f228-dsc2809_ibra_net.jpg 1500w\" sizes=\"auto, (max-width: 1024px) 100vw, 1024px\" \/><figcaption>Elektr\u00e1rna Po\u010derady<div class=\"credit icon-left\"> \u00a9 (c) Greenpeace &#8211; Ibra Ibrahimovi\u010d<\/div><\/figcaption><\/figure>\n\n<p>Ekologick\u00e9 organizace pova\u017euj\u00ed ud\u011blen\u00ed v\u00fdjimky za selh\u00e1n\u00ed ministerstva v povinnosti chr\u00e1nit zdrav\u00ed a \u017eivotn\u00ed prost\u0159ed\u00ed a upozor\u0148uj\u00ed, \u017ee v p\u0159\u00edpad\u011b elektr\u00e1rny Chvaletice (kter\u00e1 p\u0159itom \u017e\u00e1dala o n\u011bco men\u0161\u00ed p\u0159ekro\u010den\u00ed limitu) <a href=\"https:\/\/www.greenpeace.org\/czech\/tiskova-zprava\/14431\/ekologicke-organizace-se-odvolaly-proti-vyjimce-pro-elektrarnu-chvaletice-mohla-by-vypustit-pres-1234-kilogramu-rtuti-nad-limit\/\">ji\u017e dvakr\u00e1t v\u00fdjimku zru\u0161ilo<\/a>. I to je podle nich d\u016fvodem k soudn\u00edmu p\u0159ezkumu rozhodnut\u00ed M\u017dP o Po\u010deradech. Sou\u010d\u00e1st\u00ed p\u0159\u00edpadn\u00e9 spr\u00e1vn\u00ed \u017ealoby by byl tak\u00e9 n\u00e1vrh na ud\u011blen\u00ed odkladn\u00e9ho \u00fa\u010dinku, kter\u00fd by b\u011bhem soudn\u00edho \u0159\u00edzen\u00ed zabr\u00e1nil \u0161kod\u00e1m na \u017eivotn\u00edm prost\u0159ed\u00ed a lidsk\u00e9m zdrav\u00ed. Pokud soud odkladn\u00fd \u00fa\u010dinek \u017ealob\u011b ud\u011bl\u00ed, v\u00fdjimka nenabude pr\u00e1vn\u00ed moci a\u017e do kone\u010dn\u00e9ho rozhodnut\u00ed soudu.<\/p>\n\n<p>Uheln\u00e9 elektr\u00e1rny mus\u00ed nov\u00e9 limity pro rtu\u0165 dle sm\u011brnice EU o pr\u016fmyslov\u00fdch emis\u00edch od 17. srpna bu\u010f plnit, nebo m\u00edt platnou v\u00fdjimku, jinak mus\u00ed provoz uzav\u0159\u00edt. Ministerstvo vydalo metodick\u00fd pokyn, podle n\u011bj\u017e mohou \u00fa\u0159ady po\u010dkat na dokon\u010den\u00ed \u0159\u00edzen\u00ed o v\u00fdjimce, pokud prob\u011bhne v \u0159\u00e1du n\u011bkolika t\u00fddn\u016f [3]. Elektr\u00e1rna Po\u010derady bude m\u00edt nyn\u00ed (alespo\u0148 do doby rozhodnut\u00ed soudu) platnou v\u00fdjimku. Naopak elektr\u00e1rna Chvaletice pravomocnou v\u00fdjimku nem\u00e1, a Krajsk\u00fd \u00fa\u0159ad Pardubick\u00e9ho kraje j\u00ed tak mus\u00ed p\u0159epsat nov\u00e9 limity do tzv. integrovan\u00e9ho povolen\u00ed. Pokud nespln\u00ed limity, tak mus\u00ed ukon\u010dit provoz.<\/p>\n\n<p>Odstaven\u00ed elektr\u00e1ren Po\u010derady a Chvaletice by neohrozilo z\u00e1sobov\u00e1n\u00ed zem\u011b elekt\u0159inou, loni toti\u017e dohromady vyrobily 6,6 TWh elekt\u0159iny, zat\u00edmco <a href=\"http:\/\/www.eru.cz\/documents\/10540\/6616306\/Ctvrtletni_zprava_2020_IV_Q.pdf\/ef32acbe-8093-4abd-a2cc-43ae3470bf96\">p\u0159ebytek (v\u00fdvoz) elekt\u0159iny \u010dinil 10,15 TWh<\/a>.<\/p>\n\n<p><strong>Luk\u00e1\u0161 Hr\u00e1bek, tiskov\u00fd mluv\u010d\u00ed Greenpeace \u010cR, \u0159\u00edk\u00e1:<\/strong><br><em>\u201c\u00da\u0159edn\u00edci ministerstva z\u0159ejm\u011b c\u00edtili, \u017ee ud\u011blen\u00e1 v\u00fdjimka pro elektr\u00e1rnu Po\u010derady je p\u0159\u00edli\u0161 benevolentn\u00ed, proto ji o n\u011bco zkr\u00e1tili, p\u0159esto\u017ee d\u0159\u00edve ministerstvo tvrdilo, \u017ee tento krok nen\u00ed z pr\u00e1vn\u00edho hlediska mo\u017en\u00fd. M\u00edsto toho, aby rozhodnut\u00ed zru\u0161ili a vr\u00e1tili v\u011bc krajsk\u00e9mu \u00fa\u0159adu jako v p\u0159\u00edpad\u011b elektr\u00e1rny Chvaletice, v\u0161ak v\u00fdjimku potvrdili v\u010detn\u011b p\u0159\u00edli\u0161 vysok\u00e9ho limitu pro vypou\u0161t\u011bn\u00ed \u0161kodliv\u00fdch l\u00e1tek. Rozhodnut\u00ed ministerstva je podivn\u00fd ko\u010dkopes, kter\u00fd p\u0159ich\u00e1z\u00ed n\u011bkolik t\u00fddn\u016f po datu, kdy m\u011bla elektr\u00e1rna za\u010d\u00edt plnit nov\u00e9 emisn\u00ed limity. Nab\u00edz\u00ed se tedy hypot\u00e9za, \u017ee ministerstvo \u0161lo v tomto p\u0159\u00edpad\u011b \u00famysln\u011b na ruku zne\u010di\u0161\u0165ovateli, aby nemusel omezit provoz elektr\u00e1rny. O spr\u00e1vnosti tohoto postupu by m\u011bl rozhodnout soud.\u201d<\/em><\/p>\n\n<p><strong>Ji\u0159\u00ed Ko\u017eelouh, vedouc\u00ed energetick\u00e9ho programu Hnut\u00ed DUHA, \u0159\u00edk\u00e1:<\/strong>\u00a0<br><em>\u201cPo tomto nez\u00e1konn\u00e9m rozhodnut\u00ed p\u0159estalo b\u00fdt jasn\u00e9, zda Ministerstvo \u017eivotn\u00edho prost\u0159ed\u00ed \u0159\u00edd\u00ed Richard Brabec nebo Pavel Tyka\u010d. Majiteli uheln\u00e9 elektr\u00e1rny Po\u010derady toti\u017e povolen\u00ed vypou\u0161t\u011bt \u010dty\u0159ikr\u00e1t v\u00edce rtuti ne\u017e stanovuje nov\u00fd evropsk\u00fd limit p\u0159esn\u011b pasuje do byznysu &#8211; m\u016f\u017ee d\u00e1l po\u0161kozovat zdrav\u00ed a neutr\u00e1cet za filtry. Budeme usilovat o to, aby pl\u00fdtvav\u00e1 a nepot\u0159ebn\u00e1 uheln\u00e1 elektr\u00e1rna Po\u010derady byla definitivn\u011b odstavena.\u201d\u00a0<\/em><\/p>\n\n<p><strong>Laura Ot\u00fdpkov\u00e1, pr\u00e1vni\u010dka Frank Bold, \u0159\u00edk\u00e1:<\/strong><br><em>\u201cJedn\u00e1 se o prvn\u00ed p\u0159\u00edpad, kdy by se \u0159\u00edzen\u00ed o v\u00fdjimce mohlo dostat a\u017e p\u0159ed spr\u00e1vn\u00ed soudy. Nen\u00ed to n\u00e1hodou &#8211; po\u017eadavky provozovatele na v\u00fd\u0161i v\u00fdjimky jsou jedny z nejvy\u0161\u0161\u00edch v \u010cR. Oproti jin\u00fdm \u0159\u00edzen\u00edm p\u0159itom provozovatel elektr\u00e1rny Po\u010derady neprojevil \u017e\u00e1dnou ochotu k \u00fastupk\u016fm a b\u011bhem \u0159\u00edzen\u00ed trval na nep\u0159im\u011b\u0159en\u011b vysok\u00e9m emisn\u00edm limitu.\u201d<\/em><\/p>\n","protected":false},"excerpt":{"rendered":"<p>Ministerstvo \u017eivotn\u00edho prost\u0159ed\u00ed vydalo v z\u00e1v\u011bru uplynul\u00e9ho t\u00fddne rozhodnut\u00ed o odvol\u00e1n\u00edch ekologick\u00fdch organizac\u00ed proti v\u00fdjimce z emisn\u00edch limit\u016f [1] pro uhelnou elektr\u00e1rnu Po\u010derady. Rozhodnut\u00ed ministerstva zkr\u00e1tilo trv\u00e1n\u00ed v\u00fdjimky pro t\u0159i&hellip;<\/p>\n","protected":false},"author":27,"featured_media":3670,"comment_status":"open","ping_status":"closed","sticky":false,"template":"","format":"standard","meta":{"ep_exclude_from_search":false,"p4_og_title":"","p4_og_description":"","p4_og_image":"","p4_og_image_id":"","p4_seo_canonical_url":"","p4_campaign_name":"not set","p4_local_project":"not set","p4_basket_name":"not set","p4_department":"","footnotes":""},"categories":[2],"tags":[19,25],"p4-page-type":[14],"class_list":["post-14681","post","type-post","status-publish","format-standard","has-post-thumbnail","hentry","category-priroda","tag-ovzdusi","tag-konec-doby-fosilni","p4-page-type-tiskova-zprava"],"_links":{"self":[{"href":"https:\/\/www.greenpeace.org\/czech\/wp-json\/wp\/v2\/posts\/14681","targetHints":{"allow":["GET"]}}],"collection":[{"href":"https:\/\/www.greenpeace.org\/czech\/wp-json\/wp\/v2\/posts"}],"about":[{"href":"https:\/\/www.greenpeace.org\/czech\/wp-json\/wp\/v2\/types\/post"}],"author":[{"embeddable":true,"href":"https:\/\/www.greenpeace.org\/czech\/wp-json\/wp\/v2\/users\/27"}],"replies":[{"embeddable":true,"href":"https:\/\/www.greenpeace.org\/czech\/wp-json\/wp\/v2\/comments?post=14681"}],"version-history":[{"count":3,"href":"https:\/\/www.greenpeace.org\/czech\/wp-json\/wp\/v2\/posts\/14681\/revisions"}],"predecessor-version":[{"id":14684,"href":"https:\/\/www.greenpeace.org\/czech\/wp-json\/wp\/v2\/posts\/14681\/revisions\/14684"}],"wp:featuredmedia":[{"embeddable":true,"href":"https:\/\/www.greenpeace.org\/czech\/wp-json\/wp\/v2\/media\/3670"}],"wp:attachment":[{"href":"https:\/\/www.greenpeace.org\/czech\/wp-json\/wp\/v2\/media?parent=14681"}],"wp:term":[{"taxonomy":"category","embeddable":true,"href":"https:\/\/www.greenpeace.org\/czech\/wp-json\/wp\/v2\/categories?post=14681"},{"taxonomy":"post_tag","embeddable":true,"href":"https:\/\/www.greenpeace.org\/czech\/wp-json\/wp\/v2\/tags?post=14681"},{"taxonomy":"p4-page-type","embeddable":true,"href":"https:\/\/www.greenpeace.org\/czech\/wp-json\/wp\/v2\/p4-page-type?post=14681"}],"curies":[{"name":"wp","href":"https:\/\/api.w.org\/{rel}","templated":true}]}}