{"id":14729,"date":"2021-09-01T12:49:27","date_gmt":"2021-09-01T11:49:27","guid":{"rendered":"https:\/\/www.greenpeace.org\/czech\/?p=14729"},"modified":"2021-09-09T12:33:53","modified_gmt":"2021-09-09T11:33:53","slug":"proc-je-prave-reseni-klimaticke-krize-nejdulezitejsi-tema-voleb","status":"publish","type":"post","link":"https:\/\/www.greenpeace.org\/czech\/clanek\/14729\/proc-je-prave-reseni-klimaticke-krize-nejdulezitejsi-tema-voleb\/","title":{"rendered":"Pro\u010d je pr\u00e1v\u011b \u0159e\u0161en\u00ed klimatick\u00e9 krize nejd\u016fle\u017eit\u011bj\u0161\u00ed t\u00e9ma voleb?"},"content":{"rendered":"\n<p>Kdy\u017e si projdete diskuze politik\u016f o tom, jak cht\u011bj\u00ed zm\u011bnit \u010ceskou republiku b\u011bhem n\u00e1sleduj\u00edc\u00edch \u010dty\u0159 let, jedno z\u00e1sadn\u00ed t\u00e9ma chyb\u00ed. Je j\u00edm \u0159e\u0161en\u00ed klimatick\u00e9 krize. Pro pln\u00e9 pochopen\u00ed t\u00e9to v\u00fdtky je ale t\u0159eba zm\u00ednit kontext a n\u011bkolik \u010d\u00edsel.&nbsp;<\/p>\n\n<p>V roce 2015 se \u010cesk\u00e1 republika p\u0159ipojila k Pa\u0159\u00ed\u017esk\u00e9 dohod\u011b, kter\u00e1 si klade za c\u00edl zabr\u00e1nit n\u00e1r\u016fstu pr\u016fm\u011brn\u00fdch glob\u00e1ln\u00edch teplot o v\u00edce jak +2&nbsp;\u00b0C, v ide\u00e1ln\u00edm p\u0159\u00edpad\u011b zastavit n\u00e1r\u016fst pod +1,5 \u00b0C. Vzhledem k fungov\u00e1n\u00ed atmosf\u00e9ry to znamen\u00e1, \u017ee mus\u00edme do roku 2050 dos\u00e1hnout uhl\u00edkov\u00e9 neutrality a sn\u00ed\u017eit na\u0161e emise na nulu. Nejde ale jen o rok 2050, abychom dos\u00e1hli nulov\u00fdch emis\u00ed, do roku 2030 pot\u0159ebujeme sn\u00ed\u017eit emise o 55 % &#8211; co\u017e je c\u00edl, ke kter\u00e9mu jsme se zav\u00e1zali v r\u00e1mci klimatick\u00e9 politiky Evropsk\u00e9 unie.&nbsp;<\/p>\n\n<p>D\u016fvody takov\u00fdch glob\u00e1ln\u00ed aktivit jsou nasnad\u011b. Ji\u017e nyn\u00ed jsme sv\u011bdky m\u011bn\u00edc\u00edho se klimatu a bez sn\u00ed\u017een\u00ed emis\u00ed se budou dopady jen a jen zhor\u0161ovat. Planeta samoz\u0159ejm\u011b za\u017eila za sv\u016fj v\u00fdvoj i dramati\u010dt\u011bj\u0161\u00ed zm\u011bny, ale v sou\u010dasnosti jde p\u0159edev\u0161\u00edm o n\u00e1s samotn\u00e9. P\u0159i st\u00e1le se zrychluj\u00edc\u00edm oteplov\u00e1n\u00ed, kter\u00e9 se bude bez sn\u00ed\u017een\u00ed emis\u00ed d\u00e1le prohlubovat, nem\u00e1 na\u0161e spole\u010dnost \u0161anci na dlouhodob\u011b udr\u017eiteln\u00fd rozvoj.&nbsp;<\/p>\n\n<p>Planet\u011b je vlastn\u011b jedno, zda emise sni\u017eovat budeme \u010di nikoli, ohro\u017een\u00ed jsme hlavn\u011b my a n\u00e1\u0161 zp\u016fsob \u017eivota. Na\u0161e ekonomika nem\u00e1 \u0161anci v takov\u00e9m prost\u0159ed\u00ed prosperovat, zem\u011bd\u011blstv\u00ed se bude muset z\u00e1sadn\u011b zm\u011bnit \u2013 bohu\u017eel k hor\u0161\u00edmu, na\u0161e svobody bude ohro\u017eovat nejen extr\u00e9mn\u00ed po\u010das\u00ed, ale i v\u00e1lky a migrace. Je vlastn\u011b v na\u0161em n\u00e1rodn\u00edm z\u00e1jmu, za\u010d\u00edt klimatickou krizi \u0159e\u0161it. Je s podivem, \u017ee politici, kter\u00fdm jde hlavn\u011b o \u201cna\u0161e n\u00e1rodn\u00ed z\u00e1jmy\u201d, takovou v\u011bc nech\u00e1pou.&nbsp;<\/p>\n\n<p>Nikdo netvrd\u00ed, \u017ee sni\u017eov\u00e1n\u00ed emis\u00ed bude snadn\u00e9, ale principy jejich sni\u017eov\u00e1n\u00ed jsou precizn\u011b pops\u00e1ny a m\u00e1me i velmi dobr\u00e9 podm\u00ednky k tomu, abychom splnili c\u00edle do roku 2030. Jak to ud\u011blat najdete podrobn\u011b pops\u00e1no na <a href=\"http:\/\/www.spoluproklima.cz\/\">www.spoluproklima.cz<\/a>.&nbsp;&nbsp;<\/p>\n\n<p>N\u00e1sleduj\u00edc\u00ed vl\u00e1da bude vlastn\u011b posledn\u00ed, kter\u00e1 tyto zm\u011bny m\u016f\u017ee nastartovat a zm\u011bnit na\u0161i zemi k lep\u0161\u00edmu. Po\u010d\u00edtejte toti\u017e s n\u00e1mi &#8211; do roku 2030 zb\u00fdv\u00e1 9 let, nov\u011b vznikl\u00e1 vl\u00e1da za\u010dne jednat a prosazovat svoje kroky na za\u010d\u00e1tku roku 2022 a m\u011bla by fungovat do roku 2025. A pak u\u017e tu zb\u00fdv\u00e1 jen jedno volebn\u00ed obdob\u00ed, kter\u00e9 ale na zm\u011bny prost\u011b neposta\u010d\u00ed.&nbsp;<\/p>\n\n<p>Programy politick\u00fdch stran, tedy pokud n\u011bjak\u00e9 programy v\u016fbec maj\u00ed, sice p\u0159edstavuj\u00ed programov\u00e9 priority, co zm\u011bnit v na\u0161\u00ed ekonomice, jak m\u011bnit \u0161kolstv\u00ed a spoustu dal\u0161\u00edho. Bez \u0159e\u0161en\u00ed klimatick\u00e9 krize jsou ale tyto kroky naprosto k ni\u010demu.&nbsp;<\/p>\n\n<p>Pokud si tak\u00e9 mysl\u00edte, \u017ee by politici m\u011bli za\u010d\u00edt pracovat na \u0159e\u0161en\u00ed klimatick\u00e9 krize, p\u0159ipojte se k na\u0161\u00ed v\u00fdzv\u011b na str\u00e1nce <a href=\"http:\/\/www.spoluproklima.cz\/\">www.spoluproklima.cz<\/a>, kde najdete i podrobn\u00fd popis, co v n\u00e1sleduj\u00edc\u00edch letech d\u011blat!&nbsp;<\/p>\n","protected":false},"excerpt":{"rendered":"<p>Kdy\u017e si projdete diskuze politik\u016f o tom, jak cht\u011bj\u00ed zm\u011bnit \u010ceskou republiku b\u011bhem n\u00e1sleduj\u00edc\u00edch \u010dty\u0159 let, jedno z\u00e1sadn\u00ed t\u00e9ma chyb\u00ed. Je j\u00edm \u0159e\u0161en\u00ed klimatick\u00e9 krize. Pro pln\u00e9 pochopen\u00ed t\u00e9to v\u00fdtky&hellip;<\/p>\n","protected":false},"author":31,"featured_media":14693,"comment_status":"open","ping_status":"closed","sticky":false,"template":"","format":"standard","meta":{"ep_exclude_from_search":false,"p4_og_title":"","p4_og_description":"","p4_og_image":"","p4_og_image_id":"","p4_seo_canonical_url":"","p4_campaign_name":"not set","p4_local_project":"not set","p4_basket_name":"not set","p4_department":"","footnotes":""},"categories":[4],"tags":[],"p4-page-type":[16],"class_list":["post-14729","post","type-post","status-publish","format-standard","has-post-thumbnail","hentry","category-energeticka-revoluce","p4-page-type-clanek"],"_links":{"self":[{"href":"https:\/\/www.greenpeace.org\/czech\/wp-json\/wp\/v2\/posts\/14729","targetHints":{"allow":["GET"]}}],"collection":[{"href":"https:\/\/www.greenpeace.org\/czech\/wp-json\/wp\/v2\/posts"}],"about":[{"href":"https:\/\/www.greenpeace.org\/czech\/wp-json\/wp\/v2\/types\/post"}],"author":[{"embeddable":true,"href":"https:\/\/www.greenpeace.org\/czech\/wp-json\/wp\/v2\/users\/31"}],"replies":[{"embeddable":true,"href":"https:\/\/www.greenpeace.org\/czech\/wp-json\/wp\/v2\/comments?post=14729"}],"version-history":[{"count":3,"href":"https:\/\/www.greenpeace.org\/czech\/wp-json\/wp\/v2\/posts\/14729\/revisions"}],"predecessor-version":[{"id":14758,"href":"https:\/\/www.greenpeace.org\/czech\/wp-json\/wp\/v2\/posts\/14729\/revisions\/14758"}],"wp:featuredmedia":[{"embeddable":true,"href":"https:\/\/www.greenpeace.org\/czech\/wp-json\/wp\/v2\/media\/14693"}],"wp:attachment":[{"href":"https:\/\/www.greenpeace.org\/czech\/wp-json\/wp\/v2\/media?parent=14729"}],"wp:term":[{"taxonomy":"category","embeddable":true,"href":"https:\/\/www.greenpeace.org\/czech\/wp-json\/wp\/v2\/categories?post=14729"},{"taxonomy":"post_tag","embeddable":true,"href":"https:\/\/www.greenpeace.org\/czech\/wp-json\/wp\/v2\/tags?post=14729"},{"taxonomy":"p4-page-type","embeddable":true,"href":"https:\/\/www.greenpeace.org\/czech\/wp-json\/wp\/v2\/p4-page-type?post=14729"}],"curies":[{"name":"wp","href":"https:\/\/api.w.org\/{rel}","templated":true}]}}