{"id":14732,"date":"2021-10-05T14:50:31","date_gmt":"2021-10-05T13:50:31","guid":{"rendered":"https:\/\/www.greenpeace.org\/czech\/?p=14732"},"modified":"2023-12-05T10:23:15","modified_gmt":"2023-12-05T09:23:15","slug":"koho-volit-hodnoceni-programu-politickych-stran","status":"publish","type":"post","link":"https:\/\/www.greenpeace.org\/czech\/clanek\/14732\/koho-volit-hodnoceni-programu-politickych-stran\/","title":{"rendered":"Kdo mysl\u00ed na p\u0159\u00edrodu? Anal\u00fdza program\u016f v ot\u00e1zk\u00e1ch \u017eivotn\u00edho prost\u0159ed\u00ed"},"content":{"rendered":"\n<h2 class=\"wp-block-heading\">Jak a koho jsme hodnotili<\/h2>\n\n<p>Experti a expertky ekologick\u00fdch organizac\u00ed sdru\u017een\u00fdch v asociaci Zelen\u00fd kruh pe\u010dliv\u011b prostudovali volebn\u00ed programy politick\u00fdch stran, hnut\u00ed a koalic (vybran\u00fdch a se\u0159azen\u00fdch dle volebn\u00edho modelu CVVM z \u010dervence 2021) a zam\u011b\u0159ili se na to, jak cht\u011bj\u00ed \u0159e\u0161it 14 z\u00e1sadn\u00edch probl\u00e9m\u016f a v\u00fdzev spojen\u00fdch se zm\u011bnou klimatu a \u017eivotn\u00edm prost\u0159ed\u00edm. <\/p>\n\n<h2 class=\"wp-block-heading\">Shrnut\u00ed v jednom odstavci<\/h2>\n\n<p><strong>Zelen\u00ed<\/strong> a <strong>Pir\u00e1ti<\/strong> se <strong>Starosty<\/strong> maj\u00ed jednozna\u010dn\u011b nejkomplexn\u011bj\u0161\u00ed a nejkonkr\u00e9tn\u011bj\u0161\u00ed volebn\u00ed programy z hlediska \u0159e\u0161en\u00ed zm\u011bny klimatu, napraven\u00ed neudr\u017eiteln\u00e9ho zem\u011bd\u011blstv\u00ed, modernizace energetiky a zlep\u0161en\u00ed prost\u0159ed\u00ed pro \u017eivot. Solidn\u00ed program pro ochranu klimatu a \u017eivotn\u00edho prost\u0159ed\u00ed maj\u00ed tak\u00e9 <strong>\u010cSSD<\/strong> a koalice <strong>SPOLU<\/strong>. Naopak koalice <strong>Trikolory<\/strong>, <strong>Svobodn\u00fdch<\/strong> a <strong>Soukromn\u00edk\u016f<\/strong> <strong>(TSS)<\/strong> a <strong>SPD<\/strong> navrhuj\u00ed ochranu \u017eivotn\u00edho prost\u0159ed\u00ed nejv\u00edce oslabit. O n\u011bco lep\u0161\u00ed, ale slab\u00e9 jsou programy <strong>KS\u010cM<\/strong>, <strong>ANO<\/strong> a <strong>P\u0159\u00edsahy<\/strong>.<\/p>\n<div data-render=\"planet4-blocks\/gallery\" data-attributes=\"{&quot;attributes&quot;:{&quot;gallery_block_description&quot;:&quot;Kr\\u00e1tk\\u00e9 hodnocen\\u00ed vybran\\u00fdch t\\u00e9mat!&quot;,&quot;multiple_image&quot;:&quot;14760,14761,14762,14763,14764,14765,14766,14768,14769&quot;,&quot;image_data&quot;:[{&quot;url&quot;:&quot;https:\\\/\\\/www.greenpeace.org\\\/static\\\/planet4-czech-republic-stateless\\\/2021\\\/09\\\/f8169f06-ano.jpg&quot;,&quot;focalPoint&quot;:{&quot;x&quot;:0.5,&quot;y&quot;:0.5},&quot;id&quot;:14760},{&quot;url&quot;:&quot;https:\\\/\\\/www.greenpeace.org\\\/static\\\/planet4-czech-republic-stateless\\\/2021\\\/09\\\/a068a4c2-cssd.jpg&quot;,&quot;focalPoint&quot;:{&quot;x&quot;:0.5,&quot;y&quot;:0.5},&quot;id&quot;:14761},{&quot;url&quot;:&quot;https:\\\/\\\/www.greenpeace.org\\\/static\\\/planet4-czech-republic-stateless\\\/2021\\\/09\\\/2de67907-ksc\\u030cm.jpg&quot;,&quot;focalPoint&quot;:{&quot;x&quot;:0.5,&quot;y&quot;:0.5},&quot;id&quot;:14762},{&quot;url&quot;:&quot;https:\\\/\\\/www.greenpeace.org\\\/static\\\/planet4-czech-republic-stateless\\\/2021\\\/09\\\/aa739372-pirati.jpg&quot;,&quot;focalPoint&quot;:{&quot;x&quot;:0.5,&quot;y&quot;:0.5},&quot;id&quot;:14763},{&quot;url&quot;:&quot;https:\\\/\\\/www.greenpeace.org\\\/static\\\/planet4-czech-republic-stateless\\\/2021\\\/09\\\/b8b02fed-prisaha.jpg&quot;,&quot;focalPoint&quot;:{&quot;x&quot;:0.5,&quot;y&quot;:0.5},&quot;id&quot;:14764},{&quot;url&quot;:&quot;https:\\\/\\\/www.greenpeace.org\\\/static\\\/planet4-czech-republic-stateless\\\/2021\\\/09\\\/609b6a40-spd.jpg&quot;,&quot;focalPoint&quot;:{&quot;x&quot;:0.5,&quot;y&quot;:0.5},&quot;id&quot;:14765},{&quot;url&quot;:&quot;https:\\\/\\\/www.greenpeace.org\\\/static\\\/planet4-czech-republic-stateless\\\/2021\\\/09\\\/ec682572-spolu.jpg&quot;,&quot;focalPoint&quot;:{&quot;x&quot;:0.5,&quot;y&quot;:0.5},&quot;id&quot;:14766},{&quot;url&quot;:&quot;https:\\\/\\\/www.greenpeace.org\\\/static\\\/planet4-czech-republic-stateless\\\/2021\\\/09\\\/42fcf5c6-trikolora.jpg&quot;,&quot;focalPoint&quot;:{&quot;x&quot;:0.5,&quot;y&quot;:0.5},&quot;id&quot;:14768},{&quot;url&quot;:&quot;https:\\\/\\\/www.greenpeace.org\\\/static\\\/planet4-czech-republic-stateless\\\/2021\\\/09\\\/cc425280-zeleni\\u0301.jpg&quot;,&quot;focalPoint&quot;:{&quot;x&quot;:0.5,&quot;y&quot;:0.5},&quot;id&quot;:14769}],&quot;gallery_block_style&quot;:0,&quot;gallery_block_title&quot;:&quot;&quot;,&quot;gallery_block_focus_points&quot;:&quot;&quot;,&quot;images&quot;:[{&quot;image_src&quot;:&quot;https:\\\/\\\/www.greenpeace.org\\\/static\\\/planet4-czech-republic-stateless\\\/2021\\\/09\\\/f8169f06-ano.jpg&quot;,&quot;image_srcset&quot;:&quot;https:\\\/\\\/www.greenpeace.org\\\/static\\\/planet4-czech-republic-stateless\\\/2021\\\/09\\\/f8169f06-ano.jpg 1200w, https:\\\/\\\/www.greenpeace.org\\\/static\\\/planet4-czech-republic-stateless\\\/2021\\\/09\\\/f8169f06-ano-300x300.jpg 300w, https:\\\/\\\/www.greenpeace.org\\\/static\\\/planet4-czech-republic-stateless\\\/2021\\\/09\\\/f8169f06-ano-1024x1024.jpg 1024w, https:\\\/\\\/www.greenpeace.org\\\/static\\\/planet4-czech-republic-stateless\\\/2021\\\/09\\\/f8169f06-ano-150x150.jpg 150w, https:\\\/\\\/www.greenpeace.org\\\/static\\\/planet4-czech-republic-stateless\\\/2021\\\/09\\\/f8169f06-ano-768x768.jpg 768w, https:\\\/\\\/www.greenpeace.org\\\/static\\\/planet4-czech-republic-stateless\\\/2021\\\/09\\\/f8169f06-ano-340x340.jpg 340w&quot;,&quot;image_sizes&quot;:false,&quot;alt_text&quot;:&quot;&quot;,&quot;caption&quot;:&quot;&quot;,&quot;focus_image&quot;:&quot;&quot;,&quot;credits&quot;:&quot;&quot;},{&quot;image_src&quot;:&quot;https:\\\/\\\/www.greenpeace.org\\\/static\\\/planet4-czech-republic-stateless\\\/2021\\\/09\\\/a068a4c2-cssd.jpg&quot;,&quot;image_srcset&quot;:&quot;https:\\\/\\\/www.greenpeace.org\\\/static\\\/planet4-czech-republic-stateless\\\/2021\\\/09\\\/a068a4c2-cssd.jpg 1200w, https:\\\/\\\/www.greenpeace.org\\\/static\\\/planet4-czech-republic-stateless\\\/2021\\\/09\\\/a068a4c2-cssd-300x300.jpg 300w, https:\\\/\\\/www.greenpeace.org\\\/static\\\/planet4-czech-republic-stateless\\\/2021\\\/09\\\/a068a4c2-cssd-1024x1024.jpg 1024w, https:\\\/\\\/www.greenpeace.org\\\/static\\\/planet4-czech-republic-stateless\\\/2021\\\/09\\\/a068a4c2-cssd-150x150.jpg 150w, https:\\\/\\\/www.greenpeace.org\\\/static\\\/planet4-czech-republic-stateless\\\/2021\\\/09\\\/a068a4c2-cssd-768x768.jpg 768w, https:\\\/\\\/www.greenpeace.org\\\/static\\\/planet4-czech-republic-stateless\\\/2021\\\/09\\\/a068a4c2-cssd-340x340.jpg 340w&quot;,&quot;image_sizes&quot;:false,&quot;alt_text&quot;:&quot;&quot;,&quot;caption&quot;:&quot;&quot;,&quot;focus_image&quot;:&quot;&quot;,&quot;credits&quot;:&quot;&quot;},{&quot;image_src&quot;:&quot;https:\\\/\\\/www.greenpeace.org\\\/static\\\/planet4-czech-republic-stateless\\\/2021\\\/09\\\/2de67907-ksc\\u030cm.jpg&quot;,&quot;image_srcset&quot;:&quot;https:\\\/\\\/www.greenpeace.org\\\/static\\\/planet4-czech-republic-stateless\\\/2021\\\/09\\\/2de67907-ksc\\u030cm.jpg 1200w, https:\\\/\\\/www.greenpeace.org\\\/static\\\/planet4-czech-republic-stateless\\\/2021\\\/09\\\/2de67907-ksc\\u030cm-300x300.jpg 300w, https:\\\/\\\/www.greenpeace.org\\\/static\\\/planet4-czech-republic-stateless\\\/2021\\\/09\\\/2de67907-ksc\\u030cm-1024x1024.jpg 1024w, https:\\\/\\\/www.greenpeace.org\\\/static\\\/planet4-czech-republic-stateless\\\/2021\\\/09\\\/2de67907-ksc\\u030cm-150x150.jpg 150w, https:\\\/\\\/www.greenpeace.org\\\/static\\\/planet4-czech-republic-stateless\\\/2021\\\/09\\\/2de67907-ksc\\u030cm-768x768.jpg 768w, https:\\\/\\\/www.greenpeace.org\\\/static\\\/planet4-czech-republic-stateless\\\/2021\\\/09\\\/2de67907-ksc\\u030cm-340x340.jpg 340w&quot;,&quot;image_sizes&quot;:false,&quot;alt_text&quot;:&quot;&quot;,&quot;caption&quot;:&quot;&quot;,&quot;focus_image&quot;:&quot;&quot;,&quot;credits&quot;:&quot;&quot;},{&quot;image_src&quot;:&quot;https:\\\/\\\/www.greenpeace.org\\\/static\\\/planet4-czech-republic-stateless\\\/2021\\\/09\\\/aa739372-pirati.jpg&quot;,&quot;image_srcset&quot;:&quot;https:\\\/\\\/www.greenpeace.org\\\/static\\\/planet4-czech-republic-stateless\\\/2021\\\/09\\\/aa739372-pirati.jpg 1200w, https:\\\/\\\/www.greenpeace.org\\\/static\\\/planet4-czech-republic-stateless\\\/2021\\\/09\\\/aa739372-pirati-300x300.jpg 300w, https:\\\/\\\/www.greenpeace.org\\\/static\\\/planet4-czech-republic-stateless\\\/2021\\\/09\\\/aa739372-pirati-1024x1024.jpg 1024w, https:\\\/\\\/www.greenpeace.org\\\/static\\\/planet4-czech-republic-stateless\\\/2021\\\/09\\\/aa739372-pirati-150x150.jpg 150w, https:\\\/\\\/www.greenpeace.org\\\/static\\\/planet4-czech-republic-stateless\\\/2021\\\/09\\\/aa739372-pirati-768x768.jpg 768w, https:\\\/\\\/www.greenpeace.org\\\/static\\\/planet4-czech-republic-stateless\\\/2021\\\/09\\\/aa739372-pirati-340x340.jpg 340w&quot;,&quot;image_sizes&quot;:false,&quot;alt_text&quot;:&quot;&quot;,&quot;caption&quot;:&quot;&quot;,&quot;focus_image&quot;:&quot;&quot;,&quot;credits&quot;:&quot;&quot;},{&quot;image_src&quot;:&quot;https:\\\/\\\/www.greenpeace.org\\\/static\\\/planet4-czech-republic-stateless\\\/2021\\\/09\\\/b8b02fed-prisaha.jpg&quot;,&quot;image_srcset&quot;:&quot;https:\\\/\\\/www.greenpeace.org\\\/static\\\/planet4-czech-republic-stateless\\\/2021\\\/09\\\/b8b02fed-prisaha.jpg 1200w, https:\\\/\\\/www.greenpeace.org\\\/static\\\/planet4-czech-republic-stateless\\\/2021\\\/09\\\/b8b02fed-prisaha-300x300.jpg 300w, https:\\\/\\\/www.greenpeace.org\\\/static\\\/planet4-czech-republic-stateless\\\/2021\\\/09\\\/b8b02fed-prisaha-1024x1024.jpg 1024w, https:\\\/\\\/www.greenpeace.org\\\/static\\\/planet4-czech-republic-stateless\\\/2021\\\/09\\\/b8b02fed-prisaha-150x150.jpg 150w, https:\\\/\\\/www.greenpeace.org\\\/static\\\/planet4-czech-republic-stateless\\\/2021\\\/09\\\/b8b02fed-prisaha-768x768.jpg 768w, https:\\\/\\\/www.greenpeace.org\\\/static\\\/planet4-czech-republic-stateless\\\/2021\\\/09\\\/b8b02fed-prisaha-340x340.jpg 340w&quot;,&quot;image_sizes&quot;:false,&quot;alt_text&quot;:&quot;&quot;,&quot;caption&quot;:&quot;&quot;,&quot;focus_image&quot;:&quot;&quot;,&quot;credits&quot;:&quot;&quot;},{&quot;image_src&quot;:&quot;https:\\\/\\\/www.greenpeace.org\\\/static\\\/planet4-czech-republic-stateless\\\/2021\\\/09\\\/609b6a40-spd.jpg&quot;,&quot;image_srcset&quot;:&quot;https:\\\/\\\/www.greenpeace.org\\\/static\\\/planet4-czech-republic-stateless\\\/2021\\\/09\\\/609b6a40-spd.jpg 1200w, https:\\\/\\\/www.greenpeace.org\\\/static\\\/planet4-czech-republic-stateless\\\/2021\\\/09\\\/609b6a40-spd-300x300.jpg 300w, https:\\\/\\\/www.greenpeace.org\\\/static\\\/planet4-czech-republic-stateless\\\/2021\\\/09\\\/609b6a40-spd-1024x1024.jpg 1024w, https:\\\/\\\/www.greenpeace.org\\\/static\\\/planet4-czech-republic-stateless\\\/2021\\\/09\\\/609b6a40-spd-150x150.jpg 150w, https:\\\/\\\/www.greenpeace.org\\\/static\\\/planet4-czech-republic-stateless\\\/2021\\\/09\\\/609b6a40-spd-768x768.jpg 768w, https:\\\/\\\/www.greenpeace.org\\\/static\\\/planet4-czech-republic-stateless\\\/2021\\\/09\\\/609b6a40-spd-340x340.jpg 340w&quot;,&quot;image_sizes&quot;:false,&quot;alt_text&quot;:&quot;&quot;,&quot;caption&quot;:&quot;&quot;,&quot;focus_image&quot;:&quot;&quot;,&quot;credits&quot;:&quot;&quot;},{&quot;image_src&quot;:&quot;https:\\\/\\\/www.greenpeace.org\\\/static\\\/planet4-czech-republic-stateless\\\/2021\\\/09\\\/ec682572-spolu.jpg&quot;,&quot;image_srcset&quot;:&quot;https:\\\/\\\/www.greenpeace.org\\\/static\\\/planet4-czech-republic-stateless\\\/2021\\\/09\\\/ec682572-spolu.jpg 1200w, https:\\\/\\\/www.greenpeace.org\\\/static\\\/planet4-czech-republic-stateless\\\/2021\\\/09\\\/ec682572-spolu-300x300.jpg 300w, https:\\\/\\\/www.greenpeace.org\\\/static\\\/planet4-czech-republic-stateless\\\/2021\\\/09\\\/ec682572-spolu-1024x1024.jpg 1024w, https:\\\/\\\/www.greenpeace.org\\\/static\\\/planet4-czech-republic-stateless\\\/2021\\\/09\\\/ec682572-spolu-150x150.jpg 150w, https:\\\/\\\/www.greenpeace.org\\\/static\\\/planet4-czech-republic-stateless\\\/2021\\\/09\\\/ec682572-spolu-768x768.jpg 768w, https:\\\/\\\/www.greenpeace.org\\\/static\\\/planet4-czech-republic-stateless\\\/2021\\\/09\\\/ec682572-spolu-340x340.jpg 340w&quot;,&quot;image_sizes&quot;:false,&quot;alt_text&quot;:&quot;&quot;,&quot;caption&quot;:&quot;&quot;,&quot;focus_image&quot;:&quot;&quot;,&quot;credits&quot;:&quot;&quot;},{&quot;image_src&quot;:&quot;https:\\\/\\\/www.greenpeace.org\\\/static\\\/planet4-czech-republic-stateless\\\/2021\\\/09\\\/42fcf5c6-trikolora.jpg&quot;,&quot;image_srcset&quot;:&quot;https:\\\/\\\/www.greenpeace.org\\\/static\\\/planet4-czech-republic-stateless\\\/2021\\\/09\\\/42fcf5c6-trikolora.jpg 1200w, https:\\\/\\\/www.greenpeace.org\\\/static\\\/planet4-czech-republic-stateless\\\/2021\\\/09\\\/42fcf5c6-trikolora-300x300.jpg 300w, https:\\\/\\\/www.greenpeace.org\\\/static\\\/planet4-czech-republic-stateless\\\/2021\\\/09\\\/42fcf5c6-trikolora-1024x1024.jpg 1024w, https:\\\/\\\/www.greenpeace.org\\\/static\\\/planet4-czech-republic-stateless\\\/2021\\\/09\\\/42fcf5c6-trikolora-150x150.jpg 150w, https:\\\/\\\/www.greenpeace.org\\\/static\\\/planet4-czech-republic-stateless\\\/2021\\\/09\\\/42fcf5c6-trikolora-768x768.jpg 768w, https:\\\/\\\/www.greenpeace.org\\\/static\\\/planet4-czech-republic-stateless\\\/2021\\\/09\\\/42fcf5c6-trikolora-340x340.jpg 340w&quot;,&quot;image_sizes&quot;:false,&quot;alt_text&quot;:&quot;&quot;,&quot;caption&quot;:&quot;&quot;,&quot;focus_image&quot;:&quot;&quot;,&quot;credits&quot;:&quot;&quot;},{&quot;image_src&quot;:&quot;https:\\\/\\\/www.greenpeace.org\\\/static\\\/planet4-czech-republic-stateless\\\/2021\\\/09\\\/cc425280-zeleni\\u0301.jpg&quot;,&quot;image_srcset&quot;:&quot;https:\\\/\\\/www.greenpeace.org\\\/static\\\/planet4-czech-republic-stateless\\\/2021\\\/09\\\/cc425280-zeleni\\u0301.jpg 1200w, https:\\\/\\\/www.greenpeace.org\\\/static\\\/planet4-czech-republic-stateless\\\/2021\\\/09\\\/cc425280-zeleni\\u0301-300x300.jpg 300w, https:\\\/\\\/www.greenpeace.org\\\/static\\\/planet4-czech-republic-stateless\\\/2021\\\/09\\\/cc425280-zeleni\\u0301-1024x1024.jpg 1024w, https:\\\/\\\/www.greenpeace.org\\\/static\\\/planet4-czech-republic-stateless\\\/2021\\\/09\\\/cc425280-zeleni\\u0301-150x150.jpg 150w, https:\\\/\\\/www.greenpeace.org\\\/static\\\/planet4-czech-republic-stateless\\\/2021\\\/09\\\/cc425280-zeleni\\u0301-768x768.jpg 768w, https:\\\/\\\/www.greenpeace.org\\\/static\\\/planet4-czech-republic-stateless\\\/2021\\\/09\\\/cc425280-zeleni\\u0301-340x340.jpg 340w&quot;,&quot;image_sizes&quot;:false,&quot;alt_text&quot;:&quot;&quot;,&quot;caption&quot;:&quot;&quot;,&quot;focus_image&quot;:&quot;&quot;,&quot;credits&quot;:&quot;&quot;}]}}\"><\/div>\n<p>St\u00e1hnout cel\u00e9 hodnocen\u00ed v <a href=\"http:\/\/act.gp\/volby21\">PDF.<\/a><\/p>\n\n<h2 class=\"wp-block-heading\">Podrobn\u00e9 hodnocen\u00ed podle t\u00e9mat<\/h2>\n\n<p><strong>OVZDU\u0160\u00cd<\/strong><\/p>\n\n<p>S konkr\u00e9tn\u00edmi n\u00e1vrhy na vy\u010di\u0161t\u011bn\u00ed ovzdu\u0161\u00ed p\u0159ich\u00e1z\u00ed pouze koalice Pir\u00e1t\u016f a STAN a Ze- len\u00ed, kte\u0159\u00ed cht\u011bj\u00ed zp\u0159\u00edsnit kontrolu a postihy za jeho zne\u010di\u0161\u0165ov\u00e1n\u00ed a naopak podporovat sni\u017eov\u00e1n\u00ed zne\u010di\u0161t\u011bn\u00ed. Celkem konkr\u00e9tn\u00ed je tak\u00e9 KS\u010cM a ANO (ov\u0161em jen v oblasti dom\u00e1c\u00edch kotl\u016f). \u010cSSD a SPOLU maj\u00ed pozitivn\u00ed, ale velmi obecn\u00fd p\u0159\u00edstup. Kroky ke zhor\u0161en\u00ed kvality ovzdu\u0161\u00ed pl\u00e1nuje pouze TSS.<\/p>\n\n<p><strong>ODPADY<\/strong><\/p>\n\n<p>\u00da\u010dinn\u00e1 \u0159e\u0161en\u00ed pro sni\u017eov\u00e1n\u00ed mno\u017estv\u00ed odpad\u016f (zejm\u00e9na pro minimalizaci vzniku p\u0159i v\u00fdrob\u011b a zaji\u0161t\u011bn\u00ed recyklace vyt\u0159\u00edd\u011bn\u00fdch surovin) p\u0159edstavila koalice Pir\u00e1t\u016f a STAN a Zelen\u00ed. O trochu obecn\u011bj\u0161\u00ed jsou ANO, \u010cSSD a SPD. SPOLU uv\u00e1d\u00ed jen obecnou podporu pro recyklaci a prevence vzniku odpad\u016f. KS\u010cM, P\u0159\u00edsaha a TSS se odpady nezab\u00fdvaj\u00ed.<\/p>\n\n<p><strong>ZDRAV\u00c9 LESY<\/strong><\/p>\n\n<p>Pir\u00e1ti se STAN, SPOLU, Zelen\u00ed a s men\u0161\u00edmi rezervami i \u010cSSD uv\u00e1d\u011bj\u00ed konkr\u00e9tn\u00ed \u0159e\u0161en\u00ed pro ozdraven\u00ed les\u016f, zejm\u00e9na p\u0159irozenou obnovu les\u016f v p\u0159\u00edrod\u011b bl\u00edzk\u00e9 skladb\u011b a zm\u011b- nu hlavn\u00edho zam\u011b\u0159en\u00ed st\u00e1tn\u00edch les\u016f z produkce d\u0159eva na ochranu p\u016fdy a rekreaci. V obecn\u00e9 rovin\u011b tyto zm\u011bny podporuj\u00ed i KS\u010cM a SPD. TSS alespo\u0148 podporuje pos\u00ed- len\u00ed postaven\u00ed vlastn\u00edk\u016f les\u016f v\u016f\u010di myslivc\u016fm. P\u0159\u00edsaha z\u016fst\u00e1v\u00e1 v t\u00e9to oblasti u zcela obecn\u00fdch fr\u00e1z\u00ed. Hnut\u00ed ANO deklaruje v\u00fdsadbu 350 milion\u016f strom\u016f v les\u00edch, jinak v\u016fbec nic. Samotn\u00e1 masivn\u00ed v\u00fdsadba je pro obnovu les\u016f negativn\u00ed, nebo\u0165 zdrav\u00e9 a odoln\u00e9 lesy mus\u00ed b\u00fdt zalo\u017eeny zejm\u00e9na na p\u0159irozen\u00e9 obnov\u011b.<\/p>\n<div data-render=\"planet4-blocks\/gallery\" data-attributes=\"{&quot;attributes&quot;:{&quot;gallery_block_description&quot;:&quot;Hodnocen\\u00ed stran - grafika&quot;,&quot;multiple_image&quot;:&quot;14735,14736,14737,14738,14739&quot;,&quot;image_data&quot;:[{&quot;url&quot;:&quot;https:\\\/\\\/www.greenpeace.org\\\/static\\\/planet4-czech-republic-stateless\\\/2021\\\/09\\\/c768e9f1-hodnoceni\\u0301-stan-15.jpg&quot;,&quot;focalPoint&quot;:{&quot;x&quot;:0.5,&quot;y&quot;:0.5},&quot;id&quot;:14735},{&quot;url&quot;:&quot;https:\\\/\\\/www.greenpeace.org\\\/static\\\/planet4-czech-republic-stateless\\\/2021\\\/09\\\/c3b37d24-hodnoceni\\u0301-stan-25.jpg&quot;,&quot;focalPoint&quot;:{&quot;x&quot;:0.5,&quot;y&quot;:0.5},&quot;id&quot;:14736},{&quot;url&quot;:&quot;https:\\\/\\\/www.greenpeace.org\\\/static\\\/planet4-czech-republic-stateless\\\/2021\\\/09\\\/66d43dd7-hodnoceni\\u0301-stan-35.jpg&quot;,&quot;focalPoint&quot;:{&quot;x&quot;:0.5,&quot;y&quot;:0.5},&quot;id&quot;:14737},{&quot;url&quot;:&quot;https:\\\/\\\/www.greenpeace.org\\\/static\\\/planet4-czech-republic-stateless\\\/2021\\\/09\\\/5e338e66-hodnoceni\\u0301-stan-45.jpg&quot;,&quot;focalPoint&quot;:{&quot;x&quot;:0.5,&quot;y&quot;:0.5},&quot;id&quot;:14738},{&quot;url&quot;:&quot;https:\\\/\\\/www.greenpeace.org\\\/static\\\/planet4-czech-republic-stateless\\\/2021\\\/09\\\/82a26270-hodnoceni\\u0301-stan-55.jpg&quot;,&quot;focalPoint&quot;:{&quot;x&quot;:0.5,&quot;y&quot;:0.5},&quot;id&quot;:14739}],&quot;className&quot;:&quot;is-style-grid&quot;,&quot;gallery_block_style&quot;:0,&quot;gallery_block_title&quot;:&quot;&quot;,&quot;gallery_block_focus_points&quot;:&quot;&quot;,&quot;images&quot;:[{&quot;image_src&quot;:&quot;https:\\\/\\\/www.greenpeace.org\\\/static\\\/planet4-czech-republic-stateless\\\/2021\\\/09\\\/c768e9f1-hodnoceni\\u0301-stan-15.jpg&quot;,&quot;image_srcset&quot;:&quot;https:\\\/\\\/www.greenpeace.org\\\/static\\\/planet4-czech-republic-stateless\\\/2021\\\/09\\\/c768e9f1-hodnoceni\\u0301-stan-15.jpg 1200w, https:\\\/\\\/www.greenpeace.org\\\/static\\\/planet4-czech-republic-stateless\\\/2021\\\/09\\\/c768e9f1-hodnoceni\\u0301-stan-15-300x300.jpg 300w, https:\\\/\\\/www.greenpeace.org\\\/static\\\/planet4-czech-republic-stateless\\\/2021\\\/09\\\/c768e9f1-hodnoceni\\u0301-stan-15-1024x1024.jpg 1024w, https:\\\/\\\/www.greenpeace.org\\\/static\\\/planet4-czech-republic-stateless\\\/2021\\\/09\\\/c768e9f1-hodnoceni\\u0301-stan-15-150x150.jpg 150w, https:\\\/\\\/www.greenpeace.org\\\/static\\\/planet4-czech-republic-stateless\\\/2021\\\/09\\\/c768e9f1-hodnoceni\\u0301-stan-15-768x768.jpg 768w, https:\\\/\\\/www.greenpeace.org\\\/static\\\/planet4-czech-republic-stateless\\\/2021\\\/09\\\/c768e9f1-hodnoceni\\u0301-stan-15-340x340.jpg 340w&quot;,&quot;image_sizes&quot;:false,&quot;alt_text&quot;:&quot;&quot;,&quot;caption&quot;:&quot;&quot;,&quot;focus_image&quot;:&quot;&quot;,&quot;credits&quot;:&quot;&quot;},{&quot;image_src&quot;:&quot;https:\\\/\\\/www.greenpeace.org\\\/static\\\/planet4-czech-republic-stateless\\\/2021\\\/09\\\/c3b37d24-hodnoceni\\u0301-stan-25.jpg&quot;,&quot;image_srcset&quot;:&quot;https:\\\/\\\/www.greenpeace.org\\\/static\\\/planet4-czech-republic-stateless\\\/2021\\\/09\\\/c3b37d24-hodnoceni\\u0301-stan-25.jpg 1200w, https:\\\/\\\/www.greenpeace.org\\\/static\\\/planet4-czech-republic-stateless\\\/2021\\\/09\\\/c3b37d24-hodnoceni\\u0301-stan-25-300x300.jpg 300w, https:\\\/\\\/www.greenpeace.org\\\/static\\\/planet4-czech-republic-stateless\\\/2021\\\/09\\\/c3b37d24-hodnoceni\\u0301-stan-25-1024x1024.jpg 1024w, https:\\\/\\\/www.greenpeace.org\\\/static\\\/planet4-czech-republic-stateless\\\/2021\\\/09\\\/c3b37d24-hodnoceni\\u0301-stan-25-150x150.jpg 150w, https:\\\/\\\/www.greenpeace.org\\\/static\\\/planet4-czech-republic-stateless\\\/2021\\\/09\\\/c3b37d24-hodnoceni\\u0301-stan-25-768x768.jpg 768w, https:\\\/\\\/www.greenpeace.org\\\/static\\\/planet4-czech-republic-stateless\\\/2021\\\/09\\\/c3b37d24-hodnoceni\\u0301-stan-25-340x340.jpg 340w&quot;,&quot;image_sizes&quot;:false,&quot;alt_text&quot;:&quot;&quot;,&quot;caption&quot;:&quot;&quot;,&quot;focus_image&quot;:&quot;&quot;,&quot;credits&quot;:&quot;&quot;},{&quot;image_src&quot;:&quot;https:\\\/\\\/www.greenpeace.org\\\/static\\\/planet4-czech-republic-stateless\\\/2021\\\/09\\\/66d43dd7-hodnoceni\\u0301-stan-35.jpg&quot;,&quot;image_srcset&quot;:&quot;https:\\\/\\\/www.greenpeace.org\\\/static\\\/planet4-czech-republic-stateless\\\/2021\\\/09\\\/66d43dd7-hodnoceni\\u0301-stan-35.jpg 1200w, https:\\\/\\\/www.greenpeace.org\\\/static\\\/planet4-czech-republic-stateless\\\/2021\\\/09\\\/66d43dd7-hodnoceni\\u0301-stan-35-300x300.jpg 300w, https:\\\/\\\/www.greenpeace.org\\\/static\\\/planet4-czech-republic-stateless\\\/2021\\\/09\\\/66d43dd7-hodnoceni\\u0301-stan-35-1024x1024.jpg 1024w, https:\\\/\\\/www.greenpeace.org\\\/static\\\/planet4-czech-republic-stateless\\\/2021\\\/09\\\/66d43dd7-hodnoceni\\u0301-stan-35-150x150.jpg 150w, https:\\\/\\\/www.greenpeace.org\\\/static\\\/planet4-czech-republic-stateless\\\/2021\\\/09\\\/66d43dd7-hodnoceni\\u0301-stan-35-768x768.jpg 768w, https:\\\/\\\/www.greenpeace.org\\\/static\\\/planet4-czech-republic-stateless\\\/2021\\\/09\\\/66d43dd7-hodnoceni\\u0301-stan-35-340x340.jpg 340w&quot;,&quot;image_sizes&quot;:false,&quot;alt_text&quot;:&quot;&quot;,&quot;caption&quot;:&quot;&quot;,&quot;focus_image&quot;:&quot;&quot;,&quot;credits&quot;:&quot;&quot;},{&quot;image_src&quot;:&quot;https:\\\/\\\/www.greenpeace.org\\\/static\\\/planet4-czech-republic-stateless\\\/2021\\\/09\\\/5e338e66-hodnoceni\\u0301-stan-45.jpg&quot;,&quot;image_srcset&quot;:&quot;https:\\\/\\\/www.greenpeace.org\\\/static\\\/planet4-czech-republic-stateless\\\/2021\\\/09\\\/5e338e66-hodnoceni\\u0301-stan-45.jpg 1200w, https:\\\/\\\/www.greenpeace.org\\\/static\\\/planet4-czech-republic-stateless\\\/2021\\\/09\\\/5e338e66-hodnoceni\\u0301-stan-45-300x300.jpg 300w, https:\\\/\\\/www.greenpeace.org\\\/static\\\/planet4-czech-republic-stateless\\\/2021\\\/09\\\/5e338e66-hodnoceni\\u0301-stan-45-1024x1024.jpg 1024w, https:\\\/\\\/www.greenpeace.org\\\/static\\\/planet4-czech-republic-stateless\\\/2021\\\/09\\\/5e338e66-hodnoceni\\u0301-stan-45-150x150.jpg 150w, https:\\\/\\\/www.greenpeace.org\\\/static\\\/planet4-czech-republic-stateless\\\/2021\\\/09\\\/5e338e66-hodnoceni\\u0301-stan-45-768x768.jpg 768w, https:\\\/\\\/www.greenpeace.org\\\/static\\\/planet4-czech-republic-stateless\\\/2021\\\/09\\\/5e338e66-hodnoceni\\u0301-stan-45-340x340.jpg 340w&quot;,&quot;image_sizes&quot;:false,&quot;alt_text&quot;:&quot;&quot;,&quot;caption&quot;:&quot;&quot;,&quot;focus_image&quot;:&quot;&quot;,&quot;credits&quot;:&quot;&quot;},{&quot;image_src&quot;:&quot;https:\\\/\\\/www.greenpeace.org\\\/static\\\/planet4-czech-republic-stateless\\\/2021\\\/09\\\/82a26270-hodnoceni\\u0301-stan-55.jpg&quot;,&quot;image_srcset&quot;:&quot;https:\\\/\\\/www.greenpeace.org\\\/static\\\/planet4-czech-republic-stateless\\\/2021\\\/09\\\/82a26270-hodnoceni\\u0301-stan-55.jpg 1200w, https:\\\/\\\/www.greenpeace.org\\\/static\\\/planet4-czech-republic-stateless\\\/2021\\\/09\\\/82a26270-hodnoceni\\u0301-stan-55-300x300.jpg 300w, https:\\\/\\\/www.greenpeace.org\\\/static\\\/planet4-czech-republic-stateless\\\/2021\\\/09\\\/82a26270-hodnoceni\\u0301-stan-55-1024x1024.jpg 1024w, https:\\\/\\\/www.greenpeace.org\\\/static\\\/planet4-czech-republic-stateless\\\/2021\\\/09\\\/82a26270-hodnoceni\\u0301-stan-55-150x150.jpg 150w, https:\\\/\\\/www.greenpeace.org\\\/static\\\/planet4-czech-republic-stateless\\\/2021\\\/09\\\/82a26270-hodnoceni\\u0301-stan-55-768x768.jpg 768w, https:\\\/\\\/www.greenpeace.org\\\/static\\\/planet4-czech-republic-stateless\\\/2021\\\/09\\\/82a26270-hodnoceni\\u0301-stan-55-340x340.jpg 340w&quot;,&quot;image_sizes&quot;:false,&quot;alt_text&quot;:&quot;&quot;,&quot;caption&quot;:&quot;&quot;,&quot;focus_image&quot;:&quot;&quot;,&quot;credits&quot;:&quot;&quot;}]}}\"><\/div>\n<p><strong>CHR\u00c1N\u011aN\u00c1 \u00daZEM\u00cd A DRUHY<\/strong><\/p>\n\n<p>Jasn\u00e9 kroky k roz\u0161\u00ed\u0159en\u00ed ochrany p\u0159\u00edrody na nov\u00e1 \u00fazem\u00ed deklaruje SPOLU (zejm\u00e9na vyhl\u00e1\u0161en\u00ed dvou nov\u00fdch n\u00e1rodn\u00edch park\u016f K\u0159ivokl\u00e1tsko a Soutok Moravy a Dyje), \u010cSSD a Zelen\u00ed to vid\u00ed podobn\u011b (jen v p\u0159\u00edpad\u011b Soutoku navrhuj\u00ed formu CHKO), ale zase jsou konkr\u00e9tn\u011bj\u0161\u00ed v ochran\u011b \u017eivo\u010di\u0161n\u00fdch druh\u016f a rostlin a slibuj\u00ed ochranu divok\u00e9 p\u0159\u00edrody i mimo n\u00e1rodn\u00ed parky. ANO slibuje n\u00e1rodn\u00ed park K\u0159ivokl\u00e1tsko a hned 2 CHKO (Soutok a Kru\u0161n\u00e9 hory), ale dal\u0161\u00ed opat\u0159en\u00ed na ochranu p\u0159\u00edrody neuv\u00e1d\u00ed. Trochu m\u00e9n\u011b konkr\u00e9tn\u00ed jsou Pir\u00e1ti a STAN. Ostatn\u00ed strany se chr\u00e1n\u011bn\u00fdmi \u00fazem\u00edmi a druhy nezab\u00fdvaj\u00ed nebo jen zcela obecn\u011b deklaruj\u00ed ochranu p\u0159\u00edrody a krajiny.<\/p>\n\n<p><strong>VODA V KRAJIN\u011a<\/strong><\/p>\n\n<p>Pir\u00e1ti se STAN, SPOLU a Zelen\u00ed maj\u00ed konkr\u00e9tn\u00ed propracovan\u00e1 \u0159e\u0161en\u00ed pro zadr\u017eov\u00e1n\u00ed vody v krajin\u011b, jako je revitalizace \u0159ek \u010di mok\u0159ad\u016f, zlep\u0161en\u00ed vsakov\u00e1n\u00ed vody ve m\u011bs- tech, ochrana proti zne\u010di\u0161\u0165ov\u00e1n\u00ed \u010di omezen\u00ed pesticid\u016f a hnojiv. M\u00edrn\u011b obecn\u011bj\u0161\u00ed, ale st\u00e1le kvalitn\u00ed program v t\u00e9to oblasti maj\u00ed \u010cSSD a KS\u010cM. Program P\u0159\u00edsahy je velmi obecn\u00fd, by\u0165 s n\u00e1znaky vst\u0159\u00edcnosti k \u0159e\u0161en\u00ed probl\u00e9m\u016f, SPD zmi\u0148uje opat\u0159en\u00ed sp\u00ed\u0161e v oblasti \u010distoty vody, ale prosazuje tak\u00e9 pro vodn\u00ed re\u017eim i ochranu p\u0159\u00edrody krajiny ni\u010div\u00fd kan\u00e1l Dunaj\u2013Odra\u2013Labe. ANO chce stav\u011bt n\u011bkolik velk\u00fdch p\u0159ehrad, ostatn\u00ed opat\u0159en\u00ed jsou sp\u00ed\u0161e drobn\u00e1 a obecn\u00e1, TSS k vod\u011b neuv\u00e1d\u00ed nic.<\/p>\n\n<p><strong>P\u016eDA A ZEM\u011aD\u011aLSTV\u00cd<\/strong><\/p>\n\n<p>V\u00fdznamn\u00e1 shoda mezi stranami panuje v ot\u00e1zce zm\u011bny p\u0159\u00edstupu k zem\u011bd\u011blsk\u00e9 krajin\u011b a p\u016fd\u011b. SPOLU, \u010cSSD, Pir\u00e1ti se STAN, Zelen\u00ed a do jist\u00e9 m\u00edry i KS\u010cM navrhuj\u00ed konkr\u00e9tn\u00ed \u0159e\u0161en\u00ed pro vracen\u00ed \u017eivota do krajiny, jako je povinnost minim\u00e1ln\u00edho pod\u00edlu zelen\u00fdch ploch na zem\u011bd\u011blsk\u00e9 p\u016fd\u011b, reforma zem\u011bd\u011blsk\u00fdch dotac\u00ed s d\u016frazem na ochranu p\u0159\u00edrody a krajiny, zdvojn\u00e1soben\u00ed pod\u00edlu ekologick\u00e9ho zem\u011bd\u011blstv\u00ed, revitalizace \u0159ek \u010di mok\u0159ad\u016f a tak podobn\u011b. SPD se obecn\u011b vymezuje proti evropsk\u00e9 zem\u011bd\u011blsk\u00e9 politice, ale z\u00e1rove\u0148 navrhuje d\u00edl\u010d\u00ed pozitivn\u00ed \u0159e\u0161en\u00ed. ANO p\u0159ich\u00e1z\u00ed s d\u00edl\u010d\u00edmi \u0159e\u0161en\u00edmi v technick\u00e9 oblasti, ale zcela pom\u00edj\u00ed pot\u0159ebn\u00e9 zm\u011bny krajinn\u00e9 struktury. Je\u0161t\u011b o n\u011bco obecn\u011bj\u0161\u00ed je TSS a P\u0159\u00edsaha z\u016fst\u00e1v\u00e1 jen u velmi obecn\u00fdch zm\u00ednek o pot\u0159eb\u011b ohledu- pln\u011bj\u0161\u00edho p\u0159\u00edstupu k p\u016fd\u011b a zadr\u017eov\u00e1n\u00ed vody v krajin\u011b.<\/p>\n\n<p><strong>KONEC UHL\u00cd A SPRAVEDLIV\u00c1 TRANSFORMACE<\/strong><\/p>\n\n<p>T\u00e9m\u011b\u0159 v\u0161echny strany akceptuj\u00ed odklon \u010cesk\u00e9 republiky od uhl\u00ed, v\u00fdjimkou je TSS navrhuj\u00edc\u00ed dot\u011b\u017een\u00ed z\u00e1sob uhl\u00ed a KS\u010cM, kter\u00e1 chce odklad term\u00ednu konce uhl\u00ed. Kon- kr\u00e9tn\u00ed term\u00edn konce uhl\u00ed v\u0161ak uv\u00e1d\u011bj\u00ed jen Zelen\u00ed (2030) a Pir\u00e1ti se STAN (2033). \u010cSSD nep\u0159\u00edmo mluv\u00ed o konci uhl\u00ed v roce 2030 (a v anket\u011b to potvrzuje explicitn\u011b) a stejn\u011b jako Pir\u00e1ti se STAN a Zelen\u00ed mysl\u00ed na spravedlivou transformaci uheln\u00fdch region\u016f. SPOLU z\u016fst\u00e1v\u00e1 na obecn\u00e9 \u00farovni, deklaruje podporu limit\u016fm t\u011b\u017eby a nahrazov\u00e1n\u00ed uhl\u00ed jin\u00fdmi zdroji a nezab\u00fdv\u00e1 se spravedlivou transformac\u00ed. ANO nazna\u010duje, \u017ee bude hledat cestu k rychlej\u0161\u00edmu odklonu od uhl\u00ed, ne\u017e je rok 2038, ale nic neslibuje. SPD a P\u0159\u00edsaha po\u010d\u00edtaj\u00ed se zav\u00edr\u00e1n\u00edm uheln\u00fdch elektr\u00e1ren, nesd\u011bluj\u00ed v\u0161ak detaily.<\/p>\n\n<p><strong>ENERGETICK\u00c1 EFEKTIVITA A \u00daSPORY<\/strong><\/p>\n\n<p>Zelen\u00ed, ANO a \u010cSSD p\u0159ich\u00e1zej\u00ed s konkr\u00e9tn\u011bj\u0161\u00edmi n\u00e1vrhy na pos\u00edlen\u00ed \u00faspor energie, zejm\u00e9na v budov\u00e1ch a zejm\u00e9na formou pos\u00edlen\u00ed dotac\u00ed a dal\u0161\u00edch finan\u010dn\u00edch mecha- nism\u016f. Obecn\u011b deklaruj\u00ed z\u00e1m\u011br podporovat \u00faspory energie koalice Pir\u00e1t\u016f a STAN a SPOLU. SPD, P\u0159\u00edsaha a TSS se \u00fasporami energie nezab\u00fdvaj\u00ed. KS\u010cM p\u0159edkl\u00e1d\u00e1 d\u00edl\u010d\u00ed negativn\u00ed n\u00e1vrh p\u0159esunu financov\u00e1n\u00ed \u00faspor z Ministerstva \u017eivotn\u00edho prost\u0159ed\u00ed (kde rozd\u011blov\u00e1n\u00ed pen\u011bz na \u00faspory relativn\u011b funguje) na Ministerstvo pro m\u00edstn\u00ed rozvoj (kde to nefunguje).<\/p>\n\n<p><strong>OBNOVITELN\u00c9 ZDROJE ENERGIE<\/strong><\/p>\n\n<p>Konkr\u00e9tn\u00ed n\u00e1vrhy na rozvoj obnoviteln\u00fdch zdroj\u016f (zejm\u00e9na vyu\u017eit\u00ed ob\u0159\u00edho Moderni- za\u010dn\u00edho fondu nebo zru\u0161en\u00ed bari\u00e9r pro sd\u00edlenou a komunitn\u00ed energetiku) p\u0159edkl\u00e1- daj\u00ed \u010cSSD, SPOLU, Zelen\u00ed a Pir\u00e1ti se STAN. \u010cSSD nav\u00edc mluv\u00ed o pot\u0159eb\u011b zcela nov\u00e9 energetick\u00e9 koncepce s d\u016frazem na pln\u011bn\u00ed dekarboniza\u010dn\u00edch c\u00edl\u016f 2030 i uhl\u00edkov\u00e9 neutrality 2050. ANO p\u0159ich\u00e1z\u00ed s velmi ambici\u00f3zn\u00edm c\u00edlem ztrojn\u00e1soben\u00ed v\u00fdkonu OZE do roku 2025, ale neuv\u00e1d\u00ed, jak\u00e9 pro to prosad\u00ed n\u00e1stroje. Obecn\u011b pozitivn\u00ed je v ob- lasti obnoviteln\u00fdch zdroj\u016f tak\u00e9 KS\u010cM. P\u0159\u00edsaha a TSS pouze konstatuj\u00ed, \u017ee maj\u00ed m\u00edsto v energetick\u00e9m mixu. SPD odm\u00edt\u00e1 syst\u00e9m dotac\u00ed na obnoviteln\u00e9 zdroje.<\/p>\n\n<p><strong>JADERN\u00c1 ENERGETIKA<\/strong><\/p>\n\n<p>S v\u00fdjimkou Zelen\u00fdch ostatn\u00ed strany spojuje podpora rozvoje jadern\u00e9 energetiky v \u010cR, jen \u010cSSD k t\u00e9to ot\u00e1zce v programu zcela ml\u010d\u00ed. P\u0159\u00edsaha a koalice Pir\u00e1t\u016f a STAN z\u016f- st\u00e1vaj\u00ed na obecn\u00e9 \u00farovni. Konkr\u00e9tn\u011bj\u0161\u00ed podporu v\u00fdstavb\u011b nov\u00fdch reaktor\u016f projevuje SPOLU a TSS. KS\u010cM a SPD nav\u00edc odm\u00edtaj\u00ed vylou\u010den\u00ed firem z Ruska a \u010c\u00edny a SPD hodl\u00e1 naprosto nerealisticky do roku 2038 nav\u00fd\u0161it v\u00fdkon jadern\u00e9 energetiky na dvojn\u00e1sobek. ANO chce d\u00e1l tla\u010dit tendr na v\u00fdstavbu nov\u00e9ho reaktoru v Dukovanech a za\u010d\u00edt p\u0159ipravovat i v\u00fdstavbu nov\u00fdch blok\u016f v Temel\u00edn\u011b.<\/p>\n\n<p><strong>DOPRAVA<\/strong><\/p>\n\n<p>V oblasti dopravy panuje v\u00fdznamn\u00e1 neshoda mezi stranami. Zcela konkr\u00e9tn\u00ed opat\u0159en\u00ed pro sn\u00ed\u017een\u00ed zat\u00ed\u017een\u00ed m\u011bst auty \u010di d\u00e1lnic kamiony nab\u00edzej\u00ed Zelen\u00ed. O n\u011bco obecn\u011bj\u0161\u00ed \u0159e\u0161en\u00ed p\u0159edkl\u00e1daj\u00ed Pir\u00e1ti se STAN a KS\u010cM, ob\u011b v\u0161ak jasn\u011b zam\u011b\u0159en\u00e1 na podporu \u0161etrn\u00fdch forem dopravy a omezen\u00ed zbyte\u010dn\u00e9ho p\u0159ev\u00e1\u017een\u00ed zbo\u017e\u00ed a lid\u00ed. U ANO, SPO- LU, SPD a \u010cSSD dominuje v konkr\u00e9tn\u00edch n\u00e1vrz\u00edch sp\u00ed\u0161e d\u016fraz na d\u00e1lnice, roz\u0161\u00ed\u0159en\u00ed leti\u0161t\u011b, ale tak\u00e9 \u017eeleznice. TSS krom\u011b podpory v\u00fdstavby d\u00e1lnic za ka\u017edou cenu tak\u00e9 oponuje ekologick\u00fdm opat\u0159en\u00edm v doprav\u011b \u2013 jako jsou podpora elektromobility nebo ekologick\u00e9 dan\u011b.<\/p>\n\n<p><strong>T\u011a\u017dBA SUROVIN<\/strong><\/p>\n\n<p>Ot\u00e1zkami t\u011b\u017eby surovin na na\u0161em \u00fazem\u00ed nebo v zahrani\u010d\u00ed se strany nezab\u00fdvaj\u00ed ani v obecn\u00e9 rovin\u011b. Jedin\u00e9 relativn\u011b konkr\u00e9tn\u00ed n\u00e1vrhy p\u0159in\u00e1\u0161\u00ed koalice Pir\u00e1t\u016f a STAN.<\/p>\n\n<p><strong>\u00da\u010cAST OB\u010cAN\u016e P\u0158I POVOLOV\u00c1N\u00cd STAVEBN\u00cdCH Z\u00c1M\u011aR\u016e<\/strong><\/p>\n\n<p>Jedin\u011b Zelen\u00ed uv\u00e1d\u011bj\u00ed konkr\u00e9tn\u00ed zp\u016fsob, jak zajistit vr\u00e1cen\u00ed \u00fa\u010dasti ob\u010dan\u016f do rozho- dov\u00e1n\u00ed o stavebn\u00edch z\u00e1m\u011brech a dal\u0161\u00edch projektech v jejich okol\u00ed. Pir\u00e1ti a STAN to konkr\u00e9tn\u011b tak\u00e9 slibuj\u00ed, ale chyb\u00ed explicitn\u00ed z\u00e1vazek, co se jak zm\u011bn\u00ed. V obecn\u00e9 rovin\u011b pos\u00edlen\u00ed \u00fa\u010dasti ve\u0159ejnosti slibuje je\u0161t\u011b KS\u010cM. Ostatn\u00ed strany se t\u00edmto probl\u00e9mem ve sv\u00fdch programech nezab\u00fdvaj\u00ed.<\/p>\n\n<p><strong>KLIMATICK\u00c1 POLITIKA (N\u00c1RODN\u00cd, EU, MEZIN\u00c1RODN\u00cd)<\/strong><\/p>\n\n<p>V celkov\u00e9m pojet\u00ed klimatick\u00e9 politiky se odr\u00e1\u017e\u00ed mal\u00fd d\u016fraz politick\u00fdch stran na Evropskou a mezin\u00e1rodn\u00ed agendu, tak\u017ee \u017e\u00e1dn\u00e1 ze stran nem\u00e1 vy\u010derp\u00e1vaj\u00edc\u00ed n\u00e1vrh konkr\u00e9tn\u00edch krok\u016f. \u017d\u00e1dn\u00e1 strana tak\u00e9 nezmi\u0148uje konkr\u00e9tn\u00ed term\u00edn dosa\u017een\u00ed klimatick\u00e9 neutrality \u010cR. D\u00edl\u010d\u00ed konkr\u00e9tn\u00ed n\u00e1vrhy v\u0161ak p\u0159edkl\u00e1daj\u00ed voli\u010d\u016fm a voli\u010dk\u00e1m Zelen\u00ed, Pir\u00e1ti se STAN a \u010cSSD, kte\u0159\u00ed tak\u00e9 jasn\u011b deklaruj\u00ed podporu evropsk\u00e9 klimatick\u00e9 politice. SPOLU cel- kem jasn\u011b hodnot\u00ed Evropskou zelenou dohodu jako p\u0159\u00edle\u017eitost, ale nevyjad\u0159uje svoje postoje k d\u00edl\u010d\u00edm ot\u00e1zk\u00e1m (jako je zv\u00fd\u0161en\u00ed n\u00e1rodn\u00edch c\u00edl\u016f pro emise \u010di \u010distou energii a \u00faspory). KS\u010cM a P\u0159\u00edsaha z\u016fst\u00e1vaj\u00ed na obecn\u00e9 \u00farovni, ale podporuj\u00ed klimatickou a ekologickou politiku. Pouze SPD a TSS vyjad\u0159uj\u00ed jednozna\u010dn\u00fd odpor k Evropsk\u00e9 zelen\u00e9 dohod\u011b a navrhuj\u00ed odstoupit od mezin\u00e1rodn\u00edch klimatick\u00fdch z\u00e1vazk\u016f. Hnut\u00ed ANO se v r\u00e9torick\u00e9 rovin\u011b bl\u00ed\u017e\u00ed SPD a TSS, kdy\u017e ozna\u010duje klimatickou politiku za \u201eekologick\u00e9 b\u011bsn\u011bn\u00ed\u201c, na druhou stranu deklaruj\u00ed z\u00e1jem naplnit mezin\u00e1rodn\u00ed dohody (nap\u0159\u00edklad Pa\u0159\u00ed\u017eskou klimatickou dohodu).<\/p>\n\n<p>St\u00e1hnout podrobn\u00e9 hodnocen\u00ed v <a href=\"http:\/\/act.gp\/volby21\">PDF.<\/a><\/p>\n\n<h2 class=\"wp-block-heading\">Z\u00e1v\u011br<\/h2>\n\n<p>\u010cesk\u00e9 politick\u00e9 strany od posledn\u00edch voleb, pod tlakem prohlubuj\u00edc\u00ed se klimatick\u00e9 krize, zezelenaly. Priorit\u00e1m ochrany p\u0159\u00edrody a \u0159e\u0161en\u00ed klimatick\u00e9 krize jsou nejbl\u00ed\u017ee Zelen\u00ed, ale velmi se jim p\u0159ibl\u00ed\u017eili Pir\u00e1ti se STANem.  Nav\u00edc se zd\u00e1, \u017ee ub\u00fdv\u00e1 radik\u00e1ln\u00edch odp\u016frc\u016f ekologie. I d\u0159\u00edve antiekologick\u00e1 ODS podepsala solidn\u00ed zelen\u00fd program koalice SPOLU. Z program\u016f vypl\u00fdv\u00e1, \u017ee politick\u00e9 strany reaguj\u00ed na rostouc\u00ed z\u00e1jem \u010cech\u016f a \u010ce\u0161ek o ochranu \u017eivotn\u00edho prost\u0159ed\u00ed a \u0159e\u0161en\u00ed zm\u011bny klimatu. <\/p>\n\n<p>Pokud n\u00e1m chcete pomoci usilovat o pln\u011bn\u00ed z\u00e1vazk\u016f v\u0161ech stran, napi\u0161te kandid\u00e1tk\u00e1m a kandid\u00e1t\u016fm do poslaneck\u00e9 sn\u011bmovny a uka\u017ete jim, \u017ee v\u00e1m z\u00e1le\u017e\u00ed na p\u0159\u00edrod\u011b. <\/p>\n\n<div class=\"wp-block-buttons aligncenter is-layout-flex wp-block-buttons-is-layout-flex\">\n<div class=\"wp-block-button is-style-cta\"><a class=\"wp-block-button__link\" href=\"https:\/\/www.spoluproklima.cz\/napis-kandidatum\/\" target=\"_blank\" rel=\"noreferrer noopener\">Napsat kandid\u00e1t\u016fm<\/a><\/div>\n<\/div>\n\n<p><\/p>\n<div class=\"EmptyMessage\">Block content is empty. Check the block&#8217;s settings or remove it.<\/div>","protected":false},"excerpt":{"rendered":"<p>Experti a expertky ekologick\u00fdch organizac\u00ed sdru\u017een\u00fdch v asociaci Zelen\u00fd kruh pe\u010dliv\u011b prostudovali volebn\u00ed programy politick\u00fdch stran, hnut\u00ed a koalic (vybran\u00fdch a se\u0159azen\u00fdch dle volebn\u00edho modelu CVVM z \u010dervence 2021) a&hellip;<\/p>\n","protected":false},"author":31,"featured_media":14727,"comment_status":"open","ping_status":"closed","sticky":false,"template":"","format":"standard","meta":{"ep_exclude_from_search":false,"p4_og_title":"","p4_og_description":"","p4_og_image":"","p4_og_image_id":"","p4_seo_canonical_url":"","p4_campaign_name":"not set","p4_local_project":"not set","p4_basket_name":"not set","p4_department":"","footnotes":""},"categories":[2],"tags":[20,24],"p4-page-type":[16],"class_list":["post-14732","post","type-post","status-publish","format-standard","has-post-thumbnail","hentry","category-priroda","tag-zmena-klimatu","tag-aktivni-spolecnost","p4-page-type-clanek"],"_links":{"self":[{"href":"https:\/\/www.greenpeace.org\/czech\/wp-json\/wp\/v2\/posts\/14732","targetHints":{"allow":["GET"]}}],"collection":[{"href":"https:\/\/www.greenpeace.org\/czech\/wp-json\/wp\/v2\/posts"}],"about":[{"href":"https:\/\/www.greenpeace.org\/czech\/wp-json\/wp\/v2\/types\/post"}],"author":[{"embeddable":true,"href":"https:\/\/www.greenpeace.org\/czech\/wp-json\/wp\/v2\/users\/31"}],"replies":[{"embeddable":true,"href":"https:\/\/www.greenpeace.org\/czech\/wp-json\/wp\/v2\/comments?post=14732"}],"version-history":[{"count":16,"href":"https:\/\/www.greenpeace.org\/czech\/wp-json\/wp\/v2\/posts\/14732\/revisions"}],"predecessor-version":[{"id":15346,"href":"https:\/\/www.greenpeace.org\/czech\/wp-json\/wp\/v2\/posts\/14732\/revisions\/15346"}],"wp:featuredmedia":[{"embeddable":true,"href":"https:\/\/www.greenpeace.org\/czech\/wp-json\/wp\/v2\/media\/14727"}],"wp:attachment":[{"href":"https:\/\/www.greenpeace.org\/czech\/wp-json\/wp\/v2\/media?parent=14732"}],"wp:term":[{"taxonomy":"category","embeddable":true,"href":"https:\/\/www.greenpeace.org\/czech\/wp-json\/wp\/v2\/categories?post=14732"},{"taxonomy":"post_tag","embeddable":true,"href":"https:\/\/www.greenpeace.org\/czech\/wp-json\/wp\/v2\/tags?post=14732"},{"taxonomy":"p4-page-type","embeddable":true,"href":"https:\/\/www.greenpeace.org\/czech\/wp-json\/wp\/v2\/p4-page-type?post=14732"}],"curies":[{"name":"wp","href":"https:\/\/api.w.org\/{rel}","templated":true}]}}