{"id":14826,"date":"2021-09-27T10:03:00","date_gmt":"2021-09-27T09:03:00","guid":{"rendered":"https:\/\/www.greenpeace.org\/czech\/?p=14826"},"modified":"2021-09-29T10:06:13","modified_gmt":"2021-09-29T09:06:13","slug":"vlada-rozsirila-vysluhove-prispevky-pro-horniky-zaslouzi-si-je-vsak-i-lide-z-elektraren","status":"publish","type":"post","link":"https:\/\/www.greenpeace.org\/czech\/tiskova-zprava\/14826\/vlada-rozsirila-vysluhove-prispevky-pro-horniky-zaslouzi-si-je-vsak-i-lide-z-elektraren\/","title":{"rendered":"Vl\u00e1da roz\u0161\u00ed\u0159ila v\u00fdsluhov\u00e9 p\u0159\u00edsp\u011bvky pro horn\u00edky. Zaslou\u017e\u00ed si je v\u0161ak i lid\u00e9 z elektr\u00e1ren"},"content":{"rendered":"\n<p>Vl\u00e1da dnes schv\u00e1lila roz\u0161\u00ed\u0159en\u00ed speci\u00e1ln\u00edho v\u00fdsluhov\u00e9ho p\u0159\u00edsp\u011bvku pro pracovn\u00edky a pracovnice z firem Vr\u0161ansk\u00e1 uheln\u00e1 a Severo\u010desk\u00e9 doly, kte\u0159\u00ed p\u0159ijdou kv\u016fli \u00fatlumu t\u011b\u017eby a spalov\u00e1n\u00ed uhl\u00ed o pr\u00e1ci. Podobn\u00fd p\u0159\u00edsp\u011bvek vl\u00e1da schv\u00e1lila u\u017e v roce 2016 pro zam\u011bstnance povrchov\u00e9ho velkolomu \u010ceskoslovensk\u00e9 arm\u00e1dy, kter\u00fd ukon\u010d\u00ed t\u011b\u017ebu v roce 2024, a\u017e naraz\u00ed na platn\u00e9 t\u011b\u017eebn\u00ed limity. V \u0159\u00edjnu minul\u00e9ho roku vl\u00e1da obnovila p\u0159\u00edsp\u011bvek i pro zam\u011bstnance spole\u010dnosti OKD, kter\u00e1 tak\u00e9 pl\u00e1nuje konec t\u011b\u017eby a v loni v listopadu i pro lidi ze Sokolovsk\u00e9 uheln\u00e9.<\/p>\n\n<p>Hnut\u00ed DUHA, Centrum pro dopravu a energetiku a Greenpeace v\u00edtaj\u00ed roz\u0161\u00ed\u0159en\u00ed p\u0159\u00edjemc\u016f p\u0159\u00edsp\u011bvku, proto\u017ee si podle nich lid\u00e9 z Vr\u0161ansk\u00e9 uheln\u00e9 a Severo\u010desk\u00fdch dol\u016f takovou z\u00e1chrannou s\u00ed\u0165 zaslou\u017e\u00ed. Tentokr\u00e1t do\u0161lo k roz\u0161\u00ed\u0159en\u00ed okruhu p\u0159\u00edjemc\u016f p\u0159\u00edsp\u011bvku s p\u0159edstihem, nikoli a\u017e v krizov\u00e9 situaci \u010di zp\u011btn\u011b, jako tomu bylo u Sokolovsk\u00e9 uheln\u00e9 minul\u00fd rok. Z\u00e1stupci ekologick\u00fdch organizac\u00ed z\u00e1rove\u0148 kritizuj\u00ed, \u017ee vl\u00e1da st\u00e1le zapom\u00edn\u00e1 na zam\u011bstnance a zam\u011bstnankyn\u011b z uheln\u00fdch elektr\u00e1ren a tepl\u00e1ren. Rychl\u00e9 zav\u00edr\u00e1n\u00ed elektr\u00e1ren a velkolom\u016f bude znamenat ztr\u00e1tu pracovn\u00edch m\u00edst na relativn\u011b mal\u00fdch \u00fazem\u00edch, kde je ji\u017e dnes nadpr\u016fm\u011brn\u00e1 m\u00edra nezam\u011bstnanosti a ni\u017e\u0161\u00ed \u017eivotn\u00ed \u00farove\u0148 ne\u017e v ostatn\u00edch regionech. <\/p>\n\n<figure class=\"wp-block-image size-large\"><img loading=\"lazy\" decoding=\"async\" width=\"1024\" height=\"683\" src=\"https:\/\/www.greenpeace.org\/static\/planet4-czech-republic-stateless\/2018\/10\/1ea88ade-dsc2833_hd_limity-jsme-my-e1561125406885-1024x683.jpg\" alt=\"\" class=\"wp-image-1523\" srcset=\"https:\/\/www.greenpeace.org\/static\/planet4-czech-republic-stateless\/2018\/10\/1ea88ade-dsc2833_hd_limity-jsme-my-e1561125406885-1024x683.jpg 1024w, https:\/\/www.greenpeace.org\/static\/planet4-czech-republic-stateless\/2018\/10\/1ea88ade-dsc2833_hd_limity-jsme-my-e1561125406885-300x200.jpg 300w, https:\/\/www.greenpeace.org\/static\/planet4-czech-republic-stateless\/2018\/10\/1ea88ade-dsc2833_hd_limity-jsme-my-e1561125406885-768x512.jpg 768w, https:\/\/www.greenpeace.org\/static\/planet4-czech-republic-stateless\/2018\/10\/1ea88ade-dsc2833_hd_limity-jsme-my-e1561125406885-510x340.jpg 510w, https:\/\/www.greenpeace.org\/static\/planet4-czech-republic-stateless\/2018\/10\/1ea88ade-dsc2833_hd_limity-jsme-my-e1561125406885.jpg 1620w\" sizes=\"auto, (max-width: 1024px) 100vw, 1024px\" \/><figcaption>V\u00fdsluhov\u00e9 p\u0159\u00edsp\u011bvky nyn\u00ed dostanou i zam\u011bstnanci velkolomu B\u00edlina.<div class=\"credit icon-left\"> \u00a9 Greenpeace &#8211; Ibra Ibrahimovi\u010d<\/div><\/figcaption><\/figure>\n\n<p>Z\u00e1chrann\u00e1 s\u00ed\u0165 nav\u00edc podle organizac\u00ed nebude fungovat, pokud vl\u00e1da z\u00e1rove\u0148 nenastartuje investice do pr\u016fmyslov\u00fdch odv\u011btv\u00ed s vysokou p\u0159idanou hodnotou, kter\u00e9 jsou v souladu s c\u00edlem klimatick\u00e9 neutrality, tvorby nov\u00fdch pracovn\u00edch m\u00edst a investice do vzd\u011bl\u00e1v\u00e1n\u00ed a rekvalifikace b\u00fdval\u00fdch zam\u011bstnanc\u016f uheln\u00e9ho pr\u016fmyslu.<\/p>\n\n<p><strong>Ji\u0159\u00ed Ko\u017eelouh, vedouc\u00ed energetick\u00e9ho programu Hnut\u00ed DUHA, k tomu \u0159\u00edk\u00e1:<br><\/strong><em>\u201cRozhodnut\u00ed vl\u00e1dy v\u00edt\u00e1me. Vl\u00e1da v\u0161ak st\u00e1le ignoruje, \u017ee je\u0161t\u011b rychlej\u0161\u00ed \u00fabytek pracovn\u00edch m\u00edst se o\u010dek\u00e1v\u00e1 v uheln\u00fdch elektr\u00e1rn\u00e1ch a tepl\u00e1rn\u00e1ch. I kdy\u017e n\u011bkter\u00e9 uheln\u00e9 zdroje p\u0159ejdou na plyn, tak po\u010det pracovn\u00edch m\u00edst pot\u0159ebn\u00fdch pro obsluhu plynov\u00e9ho zdroje klesne na desetinu, mo\u017en\u00e1 i v\u00edce. I energetici si tedy z\u00e1chrannou s\u00ed\u0165 zaslou\u017e\u00ed. Ale hlavn\u011b je pot\u0159eba rozb\u011bhnout rozb\u011bhnout masivn\u00ed p\u0159em\u011bnu energetiky na obnoviteln\u00e9 zdroje, kde zku\u0161en\u00ed technici a energetici najdou d\u016fstojn\u00e9 uplatn\u011bn\u00ed a vzniknou i p\u0159\u00edle\u017eitosti pro dal\u0161\u00ed obyvatele a obyvatelky uheln\u00fdch kraj\u016f.\u201d<br><\/em><br><strong>Jan Rovensk\u00fd z Greenpeace \u0159\u00edk\u00e1:<br><\/strong><em>&#8222;Vl\u00e1da se vydala spr\u00e1vn\u00fdm sm\u011brem, &nbsp;za co\u017e zaslou\u017e\u00ed pochvalu, ale z\u016fstala bohu\u017eel na p\u016fl cesty &#8211; na zam\u011bstnance elektr\u00e1ren dopadne rychl\u00fd konec uhl\u00ed \u00fapln\u011b stejn\u011b, &nbsp;jako na zam\u011bstnance velkolom\u016f. Budeme proto budouc\u00ed vl\u00e1du p\u0159esv\u011bd\u010dovat, aby p\u0159\u00edsp\u011bvek roz\u0161\u00ed\u0159ila i na n\u011b.&#8220;<br><\/em><br><strong>Kristina Zindulkov\u00e1 z Centra pro dopravu a energetiku \u0159\u00edk\u00e1:<br><\/strong><em>&#8222;V\u00fdsluhov\u00e9&nbsp;p\u0159\u00edsp\u011bvky jsou dobr\u00fdm z\u00e1kladem podp\u016frn\u00fdch opat\u0159en\u00ed pro zam\u011bstnance uheln\u00e9ho pr\u016fmyslu, t\u00edm to ale nesm\u00ed skon\u010dit. Pro \u00fasp\u011b\u0161nou transformaci je pot\u0159eba vytvo\u0159it programy pro rekvalifikaci a asistenci p\u0159i zm\u011bn\u011b zam\u011bstn\u00e1n\u00ed, zmapovat pracovn\u00ed trh a nastartovat takov\u00e9 projekty, kter\u00e9 vytvo\u0159\u00ed kvalitn\u00ed pracovn\u00ed m\u00edsta vhodn\u00e1 pro propu\u0161t\u011bn\u00e9 zam\u011bstnance. To se neobejde bez p\u0159\u00edm\u00e9ho zapojen\u00ed horn\u00edk\u016f, energetik\u016f i zam\u011bstnanc\u016f nav\u00e1zan\u00fdch odv\u011btv\u00ed &#8211; bez konzultace s nimi nelze o\u010dek\u00e1vat, \u017ee vl\u00e1da \u010di samospr\u00e1vy vytvo\u0159\u00ed programy, kter\u00e9 se potkaj\u00ed s pot\u0159ebami zam\u011bstnanc\u016f.\u201d &nbsp;<\/em><\/p>\n","protected":false},"excerpt":{"rendered":"<p>Vl\u00e1da dnes schv\u00e1lila roz\u0161\u00ed\u0159en\u00ed speci\u00e1ln\u00edho v\u00fdsluhov\u00e9ho p\u0159\u00edsp\u011bvku pro pracovn\u00edky a pracovnice z firem Vr\u0161ansk\u00e1 uheln\u00e1 a Severo\u010desk\u00e9 doly, kte\u0159\u00ed p\u0159ijdou kv\u016fli \u00fatlumu t\u011b\u017eby a spalov\u00e1n\u00ed uhl\u00ed o pr\u00e1ci. <\/p>\n","protected":false},"author":27,"featured_media":1523,"comment_status":"open","ping_status":"closed","sticky":false,"template":"","format":"standard","meta":{"ep_exclude_from_search":false,"p4_og_title":"","p4_og_description":"","p4_og_image":"","p4_og_image_id":"","p4_seo_canonical_url":"","p4_campaign_name":"not set","p4_local_project":"not set","p4_basket_name":"not set","p4_department":"","footnotes":""},"categories":[4],"tags":[25],"p4-page-type":[14],"class_list":["post-14826","post","type-post","status-publish","format-standard","has-post-thumbnail","hentry","category-energeticka-revoluce","tag-konec-doby-fosilni","p4-page-type-tiskova-zprava"],"_links":{"self":[{"href":"https:\/\/www.greenpeace.org\/czech\/wp-json\/wp\/v2\/posts\/14826","targetHints":{"allow":["GET"]}}],"collection":[{"href":"https:\/\/www.greenpeace.org\/czech\/wp-json\/wp\/v2\/posts"}],"about":[{"href":"https:\/\/www.greenpeace.org\/czech\/wp-json\/wp\/v2\/types\/post"}],"author":[{"embeddable":true,"href":"https:\/\/www.greenpeace.org\/czech\/wp-json\/wp\/v2\/users\/27"}],"replies":[{"embeddable":true,"href":"https:\/\/www.greenpeace.org\/czech\/wp-json\/wp\/v2\/comments?post=14826"}],"version-history":[{"count":2,"href":"https:\/\/www.greenpeace.org\/czech\/wp-json\/wp\/v2\/posts\/14826\/revisions"}],"predecessor-version":[{"id":14828,"href":"https:\/\/www.greenpeace.org\/czech\/wp-json\/wp\/v2\/posts\/14826\/revisions\/14828"}],"wp:featuredmedia":[{"embeddable":true,"href":"https:\/\/www.greenpeace.org\/czech\/wp-json\/wp\/v2\/media\/1523"}],"wp:attachment":[{"href":"https:\/\/www.greenpeace.org\/czech\/wp-json\/wp\/v2\/media?parent=14826"}],"wp:term":[{"taxonomy":"category","embeddable":true,"href":"https:\/\/www.greenpeace.org\/czech\/wp-json\/wp\/v2\/categories?post=14826"},{"taxonomy":"post_tag","embeddable":true,"href":"https:\/\/www.greenpeace.org\/czech\/wp-json\/wp\/v2\/tags?post=14826"},{"taxonomy":"p4-page-type","embeddable":true,"href":"https:\/\/www.greenpeace.org\/czech\/wp-json\/wp\/v2\/p4-page-type?post=14826"}],"curies":[{"name":"wp","href":"https:\/\/api.w.org\/{rel}","templated":true}]}}