{"id":14848,"date":"2021-10-05T09:15:50","date_gmt":"2021-10-05T08:15:50","guid":{"rendered":"https:\/\/www.greenpeace.org\/czech\/?p=14848"},"modified":"2021-12-01T13:30:19","modified_gmt":"2021-12-01T12:30:19","slug":"volte-pro-planetu-vyzyvaji-plodkova-polakova-cristovao-a-dalsi-zname-osobnosti-na-ikonickych-fotkach","status":"publish","type":"post","link":"https:\/\/www.greenpeace.org\/czech\/tiskova-zprava\/14848\/volte-pro-planetu-vyzyvaji-plodkova-polakova-cristovao-a-dalsi-zname-osobnosti-na-ikonickych-fotkach\/","title":{"rendered":"\u201eVolte pro planetu,\u201c vyz\u00fdvaj\u00ed Plodkov\u00e1, Pol\u00e1kov\u00e1, Cristovao a dal\u0161\u00ed zn\u00e1m\u00e9 osobnosti na ikonick\u00fdch fotk\u00e1ch"},"content":{"rendered":"\n<p>Ji\u017e tento t\u00fdden se konaj\u00ed parlamentn\u00ed volby a voli\u010di v nich budou rozhodovat mimo jin\u00e9 o tom, jak bude \u010cesk\u00e1 republika p\u0159istupovat ke zm\u011bn\u011b klimatu a ochran\u011b \u017eivotn\u00edho prost\u0159ed\u00ed. Neziskov\u00e1 organizace Greenpeace se proto spojila se zn\u00e1mou fotografkou Al\u017eb\u011btou Jungrovou a se sedmi osobnostmi kulturn\u00edho a ve\u0159ejn\u00e9ho \u017eivota a spole\u010dn\u011b vyz\u00fdvaj\u00ed, aby \u0161li lid\u00e9 k volb\u00e1m a sv\u016fj hlas dali politik\u016fm, kte\u0159\u00ed ot\u00e1zku ochrany klimatu a p\u0159\u00edrody slibuj\u00ed zodpov\u011bdn\u011b \u0159e\u0161it.<\/p>\n\n<figure class=\"wp-block-image size-large\"><img loading=\"lazy\" decoding=\"async\" width=\"13500\" height=\"9000\" src=\"https:\/\/www.greenpeace.org\/static\/planet4-czech-republic-stateless\/2021\/10\/a7049aa9-finalejana1_11zon.jpg\" alt=\"\" class=\"wp-image-14856\"\/><\/figure>\n\n<p>Do kampa\u0148ov\u00e9ho projektu Greenpeace \u201cVol\u00edm pro planetu\u201d se zapojili here\u010dky Jana Plodkov\u00e1, B\u00e1ra Pol\u00e1kov\u00e1 a B\u00e1ra J\u00e1nov\u00e1, violoncellistka Terezie Kovalov\u00e1, ekonom Tom\u00e1\u0161 Sedl\u00e1\u010dek, zp\u011bv\u00e1k Ben Cristovao a herec Jan Cina. Ti v\u0161ichni figuruj\u00ed v obrazov\u00fdch p\u0159\u00edb\u011bz\u00edch fotografky Al\u017eb\u011bty Jungrov\u00e9, kter\u00e9 vznikaly na m\u00edstech souvisej\u00edc\u00edch se zm\u011bnou klimatu a destrukc\u00ed \u017eivotn\u00edho prost\u0159ed\u00ed &#8211; v uheln\u00e9m dole, na odkali\u0161ti uheln\u00e9 elektr\u00e1rny, u toxick\u00e9ho jezera i v les\u00edch zasa\u017een\u00fdch po\u017e\u00e1rem a k\u016frovcovou kalamitou.&nbsp;<\/p>\n\n<p>Fotografie ukazuj\u00ed kontrast \u017eivota a \u201cmrtv\u00e9\u201d krajiny a upozor\u0148uj\u00ed na nal\u00e9havost situace. D\u016fle\u017eit\u00fdm krokem, kter\u00fd k \u0159e\u0161en\u00ed m\u016f\u017ee v\u00e9st, jsou leto\u0161n\u00ed parlamentn\u00ed volby, kdy maj\u00ed lid\u00e9 mo\u017enost p\u0159isp\u011bt k&nbsp; syst\u00e9mov\u00fdm zm\u011bn\u00e1m. Zn\u00e1m\u00e9 osobnosti proto v t\u011bchto dnech apeluj\u00ed na soci\u00e1ln\u00edch s\u00edt\u00edch na sv\u00e9 fanou\u0161ky, aby \u0161li k volb\u00e1m, volili pro planetu a podepsali v\u00fdzvu budouc\u00ed vl\u00e1d\u011b <a rel=\"noreferrer noopener\" href=\"http:\/\/www.spoluproklima.cz\/\" target=\"_blank\">www.spoluproklima.cz<\/a>.&nbsp;<\/p>\n<div data-render=\"planet4-blocks\/gallery\" data-attributes=\"{&quot;attributes&quot;:{&quot;gallery_block_title&quot;:&quot;Vol\\u00edm pro planetu&quot;,&quot;multiple_image&quot;:&quot;14901,14903,14904,14902,14900,14905,14906,14914,14907,14913,14908,14909,14912,14917,14910,14915,14911,14916&quot;,&quot;image_data&quot;:[{&quot;url&quot;:&quot;https:\\\/\\\/www.greenpeace.org\\\/static\\\/planet4-czech-republic-stateless\\\/2021\\\/10\\\/f1011f6c-finalben-1-scaled.jpg&quot;,&quot;focalPoint&quot;:{&quot;x&quot;:0.5,&quot;y&quot;:0.5},&quot;id&quot;:14901},{&quot;url&quot;:&quot;https:\\\/\\\/www.greenpeace.org\\\/static\\\/planet4-czech-republic-stateless\\\/2021\\\/10\\\/7e33315f-finaleben-1.jpg&quot;,&quot;focalPoint&quot;:{&quot;x&quot;:0.5,&quot;y&quot;:0.5},&quot;id&quot;:14903},{&quot;url&quot;:&quot;https:\\\/\\\/www.greenpeace.org\\\/static\\\/planet4-czech-republic-stateless\\\/2021\\\/10\\\/0857a505-finaleben2-min-1.jpg&quot;,&quot;focalPoint&quot;:{&quot;x&quot;:0.5,&quot;y&quot;:0.5},&quot;id&quot;:14904},{&quot;url&quot;:&quot;https:\\\/\\\/www.greenpeace.org\\\/static\\\/planet4-czech-republic-stateless\\\/2021\\\/10\\\/27a4711b-finalebarapolakova1b-1-scaled.jpg&quot;,&quot;focalPoint&quot;:{&quot;x&quot;:0.5,&quot;y&quot;:0.5},&quot;id&quot;:14902},{&quot;url&quot;:&quot;https:\\\/\\\/www.greenpeace.org\\\/static\\\/planet4-czech-republic-stateless\\\/2021\\\/10\\\/075754bb-finalbarborajandova-2.jpg&quot;,&quot;focalPoint&quot;:{&quot;x&quot;:0.5,&quot;y&quot;:0.5},&quot;id&quot;:14900},{&quot;url&quot;:&quot;https:\\\/\\\/www.greenpeace.org\\\/static\\\/planet4-czech-republic-stateless\\\/2021\\\/10\\\/7d51d5cc-finalecina-1-scaled.jpg&quot;,&quot;focalPoint&quot;:{&quot;x&quot;:0.5,&quot;y&quot;:0.5},&quot;id&quot;:14905},{&quot;url&quot;:&quot;https:\\\/\\\/www.greenpeace.org\\\/static\\\/planet4-czech-republic-stateless\\\/2021\\\/10\\\/1157823d-finalecina1-1.jpg&quot;,&quot;focalPoint&quot;:{&quot;x&quot;:0.5,&quot;y&quot;:0.5},&quot;id&quot;:14906},{&quot;url&quot;:&quot;https:\\\/\\\/www.greenpeace.org\\\/static\\\/planet4-czech-republic-stateless\\\/2021\\\/10\\\/6229c9e8-finaljancina-min.jpg&quot;,&quot;focalPoint&quot;:{&quot;x&quot;:0.5,&quot;y&quot;:0.5},&quot;id&quot;:14914},{&quot;url&quot;:&quot;https:\\\/\\\/www.greenpeace.org\\\/static\\\/planet4-czech-republic-stateless\\\/2021\\\/10\\\/332f4ceb-finalejana-scaled.jpg&quot;,&quot;focalPoint&quot;:{&quot;x&quot;:0.5,&quot;y&quot;:0.5},&quot;id&quot;:14907},{&quot;url&quot;:&quot;https:\\\/\\\/www.greenpeace.org\\\/static\\\/planet4-czech-republic-stateless\\\/2021\\\/10\\\/31a072b3-finaljanaplodkovaa-min.jpg&quot;,&quot;focalPoint&quot;:{&quot;x&quot;:0.5,&quot;y&quot;:0.5},&quot;id&quot;:14913},{&quot;url&quot;:&quot;https:\\\/\\\/www.greenpeace.org\\\/static\\\/planet4-czech-republic-stateless\\\/2021\\\/10\\\/f9d1a5fd-finalejana1_11zon-scaled.jpg&quot;,&quot;focalPoint&quot;:{&quot;x&quot;:0.5,&quot;y&quot;:0.5},&quot;id&quot;:14908},{&quot;url&quot;:&quot;https:\\\/\\\/www.greenpeace.org\\\/static\\\/planet4-czech-republic-stateless\\\/2021\\\/10\\\/b71ff0b2-finalejana2-min-1.jpg&quot;,&quot;focalPoint&quot;:{&quot;x&quot;:0.5,&quot;y&quot;:0.5},&quot;id&quot;:14909},{&quot;url&quot;:&quot;https:\\\/\\\/www.greenpeace.org\\\/static\\\/planet4-czech-republic-stateless\\\/2021\\\/10\\\/69028f51-finaletomas1-1-scaled.jpg&quot;,&quot;focalPoint&quot;:{&quot;x&quot;:0.5,&quot;y&quot;:0.5},&quot;id&quot;:14912},{&quot;url&quot;:&quot;https:\\\/\\\/www.greenpeace.org\\\/static\\\/planet4-czech-republic-stateless\\\/2021\\\/10\\\/c3600fbe-finaltomassedlacek-min.jpg&quot;,&quot;focalPoint&quot;:{&quot;x&quot;:0.5,&quot;y&quot;:0.5},&quot;id&quot;:14917},{&quot;url&quot;:&quot;https:\\\/\\\/www.greenpeace.org\\\/static\\\/planet4-czech-republic-stateless\\\/2021\\\/10\\\/ce3b5f68-finaletereza10-1.jpg&quot;,&quot;focalPoint&quot;:{&quot;x&quot;:0.5,&quot;y&quot;:0.5},&quot;id&quot;:14910},{&quot;url&quot;:&quot;https:\\\/\\\/www.greenpeace.org\\\/static\\\/planet4-czech-republic-stateless\\\/2021\\\/10\\\/b782a09d-finaltereziekovalovaa_11zon.jpg&quot;,&quot;focalPoint&quot;:{&quot;x&quot;:0.5,&quot;y&quot;:0.5},&quot;id&quot;:14915},{&quot;url&quot;:&quot;https:\\\/\\\/www.greenpeace.org\\\/static\\\/planet4-czech-republic-stateless\\\/2021\\\/10\\\/ee4ab07b-finaleterka_11zon-scaled.jpg&quot;,&quot;focalPoint&quot;:{&quot;x&quot;:0.5,&quot;y&quot;:0.5},&quot;id&quot;:14911},{&quot;url&quot;:&quot;https:\\\/\\\/www.greenpeace.org\\\/static\\\/planet4-czech-republic-stateless\\\/2021\\\/10\\\/36ae1ce9-finaltereziekovalova-min-1.jpg&quot;,&quot;focalPoint&quot;:{&quot;x&quot;:0.5,&quot;y&quot;:0.5},&quot;id&quot;:14916}],&quot;gallery_block_style&quot;:0,&quot;gallery_block_description&quot;:&quot;&quot;,&quot;gallery_block_focus_points&quot;:&quot;&quot;,&quot;images&quot;:[{&quot;image_src&quot;:&quot;https:\\\/\\\/www.greenpeace.org\\\/static\\\/planet4-czech-republic-stateless\\\/2021\\\/10\\\/f1011f6c-finalben-1-scaled.jpg&quot;,&quot;image_srcset&quot;:&quot;https:\\\/\\\/www.greenpeace.org\\\/static\\\/planet4-czech-republic-stateless\\\/2021\\\/10\\\/f1011f6c-finalben-1-scaled.jpg 2560w, https:\\\/\\\/www.greenpeace.org\\\/static\\\/planet4-czech-republic-stateless\\\/2021\\\/10\\\/f1011f6c-finalben-1-300x200.jpg 300w, https:\\\/\\\/www.greenpeace.org\\\/static\\\/planet4-czech-republic-stateless\\\/2021\\\/10\\\/f1011f6c-finalben-1-1024x683.jpg 1024w, https:\\\/\\\/www.greenpeace.org\\\/static\\\/planet4-czech-republic-stateless\\\/2021\\\/10\\\/f1011f6c-finalben-1-768x512.jpg 768w, https:\\\/\\\/www.greenpeace.org\\\/static\\\/planet4-czech-republic-stateless\\\/2021\\\/10\\\/f1011f6c-finalben-1-1536x1024.jpg 1536w, https:\\\/\\\/www.greenpeace.org\\\/static\\\/planet4-czech-republic-stateless\\\/2021\\\/10\\\/f1011f6c-finalben-1-2048x1366.jpg 2048w, https:\\\/\\\/www.greenpeace.org\\\/static\\\/planet4-czech-republic-stateless\\\/2021\\\/10\\\/f1011f6c-finalben-1-510x340.jpg 510w&quot;,&quot;image_sizes&quot;:false,&quot;alt_text&quot;:&quot;&quot;,&quot;caption&quot;:&quot;Zp\\u011bv\\u00e1k Ben Cristovao&quot;,&quot;focus_image&quot;:&quot;&quot;,&quot;credits&quot;:&quot;&quot;},{&quot;image_src&quot;:&quot;https:\\\/\\\/www.greenpeace.org\\\/static\\\/planet4-czech-republic-stateless\\\/2021\\\/10\\\/7e33315f-finaleben-1.jpg&quot;,&quot;image_srcset&quot;:&quot;https:\\\/\\\/www.greenpeace.org\\\/static\\\/planet4-czech-republic-stateless\\\/2021\\\/10\\\/7e33315f-finaleben-1.jpg 2064w, https:\\\/\\\/www.greenpeace.org\\\/static\\\/planet4-czech-republic-stateless\\\/2021\\\/10\\\/7e33315f-finaleben-1-300x200.jpg 300w, https:\\\/\\\/www.greenpeace.org\\\/static\\\/planet4-czech-republic-stateless\\\/2021\\\/10\\\/7e33315f-finaleben-1-1024x683.jpg 1024w, https:\\\/\\\/www.greenpeace.org\\\/static\\\/planet4-czech-republic-stateless\\\/2021\\\/10\\\/7e33315f-finaleben-1-768x512.jpg 768w, https:\\\/\\\/www.greenpeace.org\\\/static\\\/planet4-czech-republic-stateless\\\/2021\\\/10\\\/7e33315f-finaleben-1-1536x1024.jpg 1536w, https:\\\/\\\/www.greenpeace.org\\\/static\\\/planet4-czech-republic-stateless\\\/2021\\\/10\\\/7e33315f-finaleben-1-2048x1366.jpg 2048w, https:\\\/\\\/www.greenpeace.org\\\/static\\\/planet4-czech-republic-stateless\\\/2021\\\/10\\\/7e33315f-finaleben-1-510x340.jpg 510w&quot;,&quot;image_sizes&quot;:false,&quot;alt_text&quot;:&quot;&quot;,&quot;caption&quot;:&quot;Zp\\u011bv\\u00e1k Ben Cristovao&quot;,&quot;focus_image&quot;:&quot;&quot;,&quot;credits&quot;:&quot;&quot;},{&quot;image_src&quot;:&quot;https:\\\/\\\/www.greenpeace.org\\\/static\\\/planet4-czech-republic-stateless\\\/2021\\\/10\\\/0857a505-finaleben2-min-1.jpg&quot;,&quot;image_srcset&quot;:&quot;https:\\\/\\\/www.greenpeace.org\\\/static\\\/planet4-czech-republic-stateless\\\/2021\\\/10\\\/0857a505-finaleben2-min-1.jpg 2064w, https:\\\/\\\/www.greenpeace.org\\\/static\\\/planet4-czech-republic-stateless\\\/2021\\\/10\\\/0857a505-finaleben2-min-1-300x200.jpg 300w, https:\\\/\\\/www.greenpeace.org\\\/static\\\/planet4-czech-republic-stateless\\\/2021\\\/10\\\/0857a505-finaleben2-min-1-1024x683.jpg 1024w, https:\\\/\\\/www.greenpeace.org\\\/static\\\/planet4-czech-republic-stateless\\\/2021\\\/10\\\/0857a505-finaleben2-min-1-768x512.jpg 768w, https:\\\/\\\/www.greenpeace.org\\\/static\\\/planet4-czech-republic-stateless\\\/2021\\\/10\\\/0857a505-finaleben2-min-1-1536x1024.jpg 1536w, https:\\\/\\\/www.greenpeace.org\\\/static\\\/planet4-czech-republic-stateless\\\/2021\\\/10\\\/0857a505-finaleben2-min-1-2048x1366.jpg 2048w, https:\\\/\\\/www.greenpeace.org\\\/static\\\/planet4-czech-republic-stateless\\\/2021\\\/10\\\/0857a505-finaleben2-min-1-510x340.jpg 510w&quot;,&quot;image_sizes&quot;:false,&quot;alt_text&quot;:&quot;&quot;,&quot;caption&quot;:&quot;Zp\\u011bv\\u00e1k Ben Cristovao&quot;,&quot;focus_image&quot;:&quot;&quot;,&quot;credits&quot;:&quot;&quot;},{&quot;image_src&quot;:&quot;https:\\\/\\\/www.greenpeace.org\\\/static\\\/planet4-czech-republic-stateless\\\/2021\\\/10\\\/27a4711b-finalebarapolakova1b-1-scaled.jpg&quot;,&quot;image_srcset&quot;:&quot;https:\\\/\\\/www.greenpeace.org\\\/static\\\/planet4-czech-republic-stateless\\\/2021\\\/10\\\/27a4711b-finalebarapolakova1b-1-scaled.jpg 2560w, https:\\\/\\\/www.greenpeace.org\\\/static\\\/planet4-czech-republic-stateless\\\/2021\\\/10\\\/27a4711b-finalebarapolakova1b-1-300x200.jpg 300w, https:\\\/\\\/www.greenpeace.org\\\/static\\\/planet4-czech-republic-stateless\\\/2021\\\/10\\\/27a4711b-finalebarapolakova1b-1-1024x683.jpg 1024w, https:\\\/\\\/www.greenpeace.org\\\/static\\\/planet4-czech-republic-stateless\\\/2021\\\/10\\\/27a4711b-finalebarapolakova1b-1-768x512.jpg 768w, https:\\\/\\\/www.greenpeace.org\\\/static\\\/planet4-czech-republic-stateless\\\/2021\\\/10\\\/27a4711b-finalebarapolakova1b-1-1536x1024.jpg 1536w, https:\\\/\\\/www.greenpeace.org\\\/static\\\/planet4-czech-republic-stateless\\\/2021\\\/10\\\/27a4711b-finalebarapolakova1b-1-2048x1366.jpg 2048w, https:\\\/\\\/www.greenpeace.org\\\/static\\\/planet4-czech-republic-stateless\\\/2021\\\/10\\\/27a4711b-finalebarapolakova1b-1-510x340.jpg 510w&quot;,&quot;image_sizes&quot;:false,&quot;alt_text&quot;:&quot;&quot;,&quot;caption&quot;:&quot;Here\\u010dka a zp\\u011bva\\u010dka Barbora Pol\\u00e1kov\\u00e1&quot;,&quot;focus_image&quot;:&quot;&quot;,&quot;credits&quot;:&quot;&quot;},{&quot;image_src&quot;:&quot;https:\\\/\\\/www.greenpeace.org\\\/static\\\/planet4-czech-republic-stateless\\\/2021\\\/10\\\/075754bb-finalbarborajandova-2.jpg&quot;,&quot;image_srcset&quot;:&quot;https:\\\/\\\/www.greenpeace.org\\\/static\\\/planet4-czech-republic-stateless\\\/2021\\\/10\\\/075754bb-finalbarborajandova-2.jpg 2064w, https:\\\/\\\/www.greenpeace.org\\\/static\\\/planet4-czech-republic-stateless\\\/2021\\\/10\\\/075754bb-finalbarborajandova-2-300x200.jpg 300w, https:\\\/\\\/www.greenpeace.org\\\/static\\\/planet4-czech-republic-stateless\\\/2021\\\/10\\\/075754bb-finalbarborajandova-2-1024x683.jpg 1024w, https:\\\/\\\/www.greenpeace.org\\\/static\\\/planet4-czech-republic-stateless\\\/2021\\\/10\\\/075754bb-finalbarborajandova-2-768x512.jpg 768w, https:\\\/\\\/www.greenpeace.org\\\/static\\\/planet4-czech-republic-stateless\\\/2021\\\/10\\\/075754bb-finalbarborajandova-2-1536x1024.jpg 1536w, https:\\\/\\\/www.greenpeace.org\\\/static\\\/planet4-czech-republic-stateless\\\/2021\\\/10\\\/075754bb-finalbarborajandova-2-2048x1366.jpg 2048w, https:\\\/\\\/www.greenpeace.org\\\/static\\\/planet4-czech-republic-stateless\\\/2021\\\/10\\\/075754bb-finalbarborajandova-2-510x340.jpg 510w&quot;,&quot;image_sizes&quot;:false,&quot;alt_text&quot;:&quot;&quot;,&quot;caption&quot;:&quot;Here\\u010dka Barbora J\\u00e1nov\\u00e1&quot;,&quot;focus_image&quot;:&quot;&quot;,&quot;credits&quot;:&quot;&quot;},{&quot;image_src&quot;:&quot;https:\\\/\\\/www.greenpeace.org\\\/static\\\/planet4-czech-republic-stateless\\\/2021\\\/10\\\/7d51d5cc-finalecina-1-scaled.jpg&quot;,&quot;image_srcset&quot;:&quot;https:\\\/\\\/www.greenpeace.org\\\/static\\\/planet4-czech-republic-stateless\\\/2021\\\/10\\\/7d51d5cc-finalecina-1-scaled.jpg 2560w, https:\\\/\\\/www.greenpeace.org\\\/static\\\/planet4-czech-republic-stateless\\\/2021\\\/10\\\/7d51d5cc-finalecina-1-300x200.jpg 300w, https:\\\/\\\/www.greenpeace.org\\\/static\\\/planet4-czech-republic-stateless\\\/2021\\\/10\\\/7d51d5cc-finalecina-1-1024x683.jpg 1024w, https:\\\/\\\/www.greenpeace.org\\\/static\\\/planet4-czech-republic-stateless\\\/2021\\\/10\\\/7d51d5cc-finalecina-1-768x512.jpg 768w, https:\\\/\\\/www.greenpeace.org\\\/static\\\/planet4-czech-republic-stateless\\\/2021\\\/10\\\/7d51d5cc-finalecina-1-1536x1024.jpg 1536w, https:\\\/\\\/www.greenpeace.org\\\/static\\\/planet4-czech-republic-stateless\\\/2021\\\/10\\\/7d51d5cc-finalecina-1-2048x1366.jpg 2048w, https:\\\/\\\/www.greenpeace.org\\\/static\\\/planet4-czech-republic-stateless\\\/2021\\\/10\\\/7d51d5cc-finalecina-1-510x340.jpg 510w&quot;,&quot;image_sizes&quot;:false,&quot;alt_text&quot;:&quot;&quot;,&quot;caption&quot;:&quot;Herec Jan Cina&quot;,&quot;focus_image&quot;:&quot;&quot;,&quot;credits&quot;:&quot;&quot;},{&quot;image_src&quot;:&quot;https:\\\/\\\/www.greenpeace.org\\\/static\\\/planet4-czech-republic-stateless\\\/2021\\\/10\\\/1157823d-finalecina1-1.jpg&quot;,&quot;image_srcset&quot;:&quot;https:\\\/\\\/www.greenpeace.org\\\/static\\\/planet4-czech-republic-stateless\\\/2021\\\/10\\\/1157823d-finalecina1-1.jpg 2064w, https:\\\/\\\/www.greenpeace.org\\\/static\\\/planet4-czech-republic-stateless\\\/2021\\\/10\\\/1157823d-finalecina1-1-300x200.jpg 300w, https:\\\/\\\/www.greenpeace.org\\\/static\\\/planet4-czech-republic-stateless\\\/2021\\\/10\\\/1157823d-finalecina1-1-1024x683.jpg 1024w, https:\\\/\\\/www.greenpeace.org\\\/static\\\/planet4-czech-republic-stateless\\\/2021\\\/10\\\/1157823d-finalecina1-1-768x512.jpg 768w, https:\\\/\\\/www.greenpeace.org\\\/static\\\/planet4-czech-republic-stateless\\\/2021\\\/10\\\/1157823d-finalecina1-1-1536x1024.jpg 1536w, https:\\\/\\\/www.greenpeace.org\\\/static\\\/planet4-czech-republic-stateless\\\/2021\\\/10\\\/1157823d-finalecina1-1-2048x1366.jpg 2048w, https:\\\/\\\/www.greenpeace.org\\\/static\\\/planet4-czech-republic-stateless\\\/2021\\\/10\\\/1157823d-finalecina1-1-510x340.jpg 510w&quot;,&quot;image_sizes&quot;:false,&quot;alt_text&quot;:&quot;&quot;,&quot;caption&quot;:&quot;Herec Jan Cina&quot;,&quot;focus_image&quot;:&quot;&quot;,&quot;credits&quot;:&quot;&quot;},{&quot;image_src&quot;:&quot;https:\\\/\\\/www.greenpeace.org\\\/static\\\/planet4-czech-republic-stateless\\\/2021\\\/10\\\/6229c9e8-finaljancina-min.jpg&quot;,&quot;image_srcset&quot;:&quot;https:\\\/\\\/www.greenpeace.org\\\/static\\\/planet4-czech-republic-stateless\\\/2021\\\/10\\\/6229c9e8-finaljancina-min.jpg 2064w, https:\\\/\\\/www.greenpeace.org\\\/static\\\/planet4-czech-republic-stateless\\\/2021\\\/10\\\/6229c9e8-finaljancina-min-300x200.jpg 300w, https:\\\/\\\/www.greenpeace.org\\\/static\\\/planet4-czech-republic-stateless\\\/2021\\\/10\\\/6229c9e8-finaljancina-min-1024x683.jpg 1024w, https:\\\/\\\/www.greenpeace.org\\\/static\\\/planet4-czech-republic-stateless\\\/2021\\\/10\\\/6229c9e8-finaljancina-min-768x512.jpg 768w, https:\\\/\\\/www.greenpeace.org\\\/static\\\/planet4-czech-republic-stateless\\\/2021\\\/10\\\/6229c9e8-finaljancina-min-1536x1024.jpg 1536w, https:\\\/\\\/www.greenpeace.org\\\/static\\\/planet4-czech-republic-stateless\\\/2021\\\/10\\\/6229c9e8-finaljancina-min-2048x1366.jpg 2048w, https:\\\/\\\/www.greenpeace.org\\\/static\\\/planet4-czech-republic-stateless\\\/2021\\\/10\\\/6229c9e8-finaljancina-min-510x340.jpg 510w&quot;,&quot;image_sizes&quot;:false,&quot;alt_text&quot;:&quot;&quot;,&quot;caption&quot;:&quot;Herec Jan Cina&quot;,&quot;focus_image&quot;:&quot;&quot;,&quot;credits&quot;:&quot;&quot;},{&quot;image_src&quot;:&quot;https:\\\/\\\/www.greenpeace.org\\\/static\\\/planet4-czech-republic-stateless\\\/2021\\\/10\\\/332f4ceb-finalejana-scaled.jpg&quot;,&quot;image_srcset&quot;:&quot;https:\\\/\\\/www.greenpeace.org\\\/static\\\/planet4-czech-republic-stateless\\\/2021\\\/10\\\/332f4ceb-finalejana-scaled.jpg 2560w, https:\\\/\\\/www.greenpeace.org\\\/static\\\/planet4-czech-republic-stateless\\\/2021\\\/10\\\/332f4ceb-finalejana-300x200.jpg 300w, https:\\\/\\\/www.greenpeace.org\\\/static\\\/planet4-czech-republic-stateless\\\/2021\\\/10\\\/332f4ceb-finalejana-1024x683.jpg 1024w, https:\\\/\\\/www.greenpeace.org\\\/static\\\/planet4-czech-republic-stateless\\\/2021\\\/10\\\/332f4ceb-finalejana-768x512.jpg 768w, https:\\\/\\\/www.greenpeace.org\\\/static\\\/planet4-czech-republic-stateless\\\/2021\\\/10\\\/332f4ceb-finalejana-1536x1024.jpg 1536w, https:\\\/\\\/www.greenpeace.org\\\/static\\\/planet4-czech-republic-stateless\\\/2021\\\/10\\\/332f4ceb-finalejana-2048x1366.jpg 2048w, https:\\\/\\\/www.greenpeace.org\\\/static\\\/planet4-czech-republic-stateless\\\/2021\\\/10\\\/332f4ceb-finalejana-510x340.jpg 510w&quot;,&quot;image_sizes&quot;:false,&quot;alt_text&quot;:&quot;&quot;,&quot;caption&quot;:&quot;Here\\u010dka Jana Plodkov\\u00e1&quot;,&quot;focus_image&quot;:&quot;&quot;,&quot;credits&quot;:&quot;&quot;},{&quot;image_src&quot;:&quot;https:\\\/\\\/www.greenpeace.org\\\/static\\\/planet4-czech-republic-stateless\\\/2021\\\/10\\\/31a072b3-finaljanaplodkovaa-min.jpg&quot;,&quot;image_srcset&quot;:&quot;https:\\\/\\\/www.greenpeace.org\\\/static\\\/planet4-czech-republic-stateless\\\/2021\\\/10\\\/31a072b3-finaljanaplodkovaa-min.jpg 2064w, https:\\\/\\\/www.greenpeace.org\\\/static\\\/planet4-czech-republic-stateless\\\/2021\\\/10\\\/31a072b3-finaljanaplodkovaa-min-300x200.jpg 300w, https:\\\/\\\/www.greenpeace.org\\\/static\\\/planet4-czech-republic-stateless\\\/2021\\\/10\\\/31a072b3-finaljanaplodkovaa-min-1024x683.jpg 1024w, https:\\\/\\\/www.greenpeace.org\\\/static\\\/planet4-czech-republic-stateless\\\/2021\\\/10\\\/31a072b3-finaljanaplodkovaa-min-768x512.jpg 768w, https:\\\/\\\/www.greenpeace.org\\\/static\\\/planet4-czech-republic-stateless\\\/2021\\\/10\\\/31a072b3-finaljanaplodkovaa-min-1536x1024.jpg 1536w, https:\\\/\\\/www.greenpeace.org\\\/static\\\/planet4-czech-republic-stateless\\\/2021\\\/10\\\/31a072b3-finaljanaplodkovaa-min-2048x1366.jpg 2048w, https:\\\/\\\/www.greenpeace.org\\\/static\\\/planet4-czech-republic-stateless\\\/2021\\\/10\\\/31a072b3-finaljanaplodkovaa-min-510x340.jpg 510w&quot;,&quot;image_sizes&quot;:false,&quot;alt_text&quot;:&quot;&quot;,&quot;caption&quot;:&quot;Here\\u010dka Jana Plodkov\\u00e1&quot;,&quot;focus_image&quot;:&quot;&quot;,&quot;credits&quot;:&quot;&quot;},{&quot;image_src&quot;:&quot;https:\\\/\\\/www.greenpeace.org\\\/static\\\/planet4-czech-republic-stateless\\\/2021\\\/10\\\/f9d1a5fd-finalejana1_11zon-scaled.jpg&quot;,&quot;image_srcset&quot;:&quot;https:\\\/\\\/www.greenpeace.org\\\/static\\\/planet4-czech-republic-stateless\\\/2021\\\/10\\\/f9d1a5fd-finalejana1_11zon-scaled.jpg 2560w, https:\\\/\\\/www.greenpeace.org\\\/static\\\/planet4-czech-republic-stateless\\\/2021\\\/10\\\/f9d1a5fd-finalejana1_11zon-300x200.jpg 300w, https:\\\/\\\/www.greenpeace.org\\\/static\\\/planet4-czech-republic-stateless\\\/2021\\\/10\\\/f9d1a5fd-finalejana1_11zon-1024x683.jpg 1024w, https:\\\/\\\/www.greenpeace.org\\\/static\\\/planet4-czech-republic-stateless\\\/2021\\\/10\\\/f9d1a5fd-finalejana1_11zon-768x512.jpg 768w, https:\\\/\\\/www.greenpeace.org\\\/static\\\/planet4-czech-republic-stateless\\\/2021\\\/10\\\/f9d1a5fd-finalejana1_11zon-1536x1024.jpg 1536w, https:\\\/\\\/www.greenpeace.org\\\/static\\\/planet4-czech-republic-stateless\\\/2021\\\/10\\\/f9d1a5fd-finalejana1_11zon-2048x1366.jpg 2048w, https:\\\/\\\/www.greenpeace.org\\\/static\\\/planet4-czech-republic-stateless\\\/2021\\\/10\\\/f9d1a5fd-finalejana1_11zon-510x340.jpg 510w&quot;,&quot;image_sizes&quot;:false,&quot;alt_text&quot;:&quot;&quot;,&quot;caption&quot;:&quot;Here\\u010dka Jana Plodkov\\u00e1&quot;,&quot;focus_image&quot;:&quot;&quot;,&quot;credits&quot;:&quot;&quot;},{&quot;image_src&quot;:&quot;https:\\\/\\\/www.greenpeace.org\\\/static\\\/planet4-czech-republic-stateless\\\/2021\\\/10\\\/b71ff0b2-finalejana2-min-1.jpg&quot;,&quot;image_srcset&quot;:&quot;https:\\\/\\\/www.greenpeace.org\\\/static\\\/planet4-czech-republic-stateless\\\/2021\\\/10\\\/b71ff0b2-finalejana2-min-1.jpg 2064w, https:\\\/\\\/www.greenpeace.org\\\/static\\\/planet4-czech-republic-stateless\\\/2021\\\/10\\\/b71ff0b2-finalejana2-min-1-300x200.jpg 300w, https:\\\/\\\/www.greenpeace.org\\\/static\\\/planet4-czech-republic-stateless\\\/2021\\\/10\\\/b71ff0b2-finalejana2-min-1-1024x683.jpg 1024w, https:\\\/\\\/www.greenpeace.org\\\/static\\\/planet4-czech-republic-stateless\\\/2021\\\/10\\\/b71ff0b2-finalejana2-min-1-768x512.jpg 768w, https:\\\/\\\/www.greenpeace.org\\\/static\\\/planet4-czech-republic-stateless\\\/2021\\\/10\\\/b71ff0b2-finalejana2-min-1-1536x1024.jpg 1536w, https:\\\/\\\/www.greenpeace.org\\\/static\\\/planet4-czech-republic-stateless\\\/2021\\\/10\\\/b71ff0b2-finalejana2-min-1-2048x1366.jpg 2048w, https:\\\/\\\/www.greenpeace.org\\\/static\\\/planet4-czech-republic-stateless\\\/2021\\\/10\\\/b71ff0b2-finalejana2-min-1-510x340.jpg 510w&quot;,&quot;image_sizes&quot;:false,&quot;alt_text&quot;:&quot;&quot;,&quot;caption&quot;:&quot;Here\\u010dka Jana Plodkov\\u00e1&quot;,&quot;focus_image&quot;:&quot;&quot;,&quot;credits&quot;:&quot;&quot;},{&quot;image_src&quot;:&quot;https:\\\/\\\/www.greenpeace.org\\\/static\\\/planet4-czech-republic-stateless\\\/2021\\\/10\\\/69028f51-finaletomas1-1-scaled.jpg&quot;,&quot;image_srcset&quot;:&quot;https:\\\/\\\/www.greenpeace.org\\\/static\\\/planet4-czech-republic-stateless\\\/2021\\\/10\\\/69028f51-finaletomas1-1-scaled.jpg 2560w, https:\\\/\\\/www.greenpeace.org\\\/static\\\/planet4-czech-republic-stateless\\\/2021\\\/10\\\/69028f51-finaletomas1-1-300x200.jpg 300w, https:\\\/\\\/www.greenpeace.org\\\/static\\\/planet4-czech-republic-stateless\\\/2021\\\/10\\\/69028f51-finaletomas1-1-1024x683.jpg 1024w, https:\\\/\\\/www.greenpeace.org\\\/static\\\/planet4-czech-republic-stateless\\\/2021\\\/10\\\/69028f51-finaletomas1-1-768x512.jpg 768w, https:\\\/\\\/www.greenpeace.org\\\/static\\\/planet4-czech-republic-stateless\\\/2021\\\/10\\\/69028f51-finaletomas1-1-1536x1024.jpg 1536w, https:\\\/\\\/www.greenpeace.org\\\/static\\\/planet4-czech-republic-stateless\\\/2021\\\/10\\\/69028f51-finaletomas1-1-2048x1366.jpg 2048w, https:\\\/\\\/www.greenpeace.org\\\/static\\\/planet4-czech-republic-stateless\\\/2021\\\/10\\\/69028f51-finaletomas1-1-510x340.jpg 510w&quot;,&quot;image_sizes&quot;:false,&quot;alt_text&quot;:&quot;&quot;,&quot;caption&quot;:&quot;Ekonom Tom\\u00e1\\u0161 Sedl\\u00e1\\u010dek&quot;,&quot;focus_image&quot;:&quot;&quot;,&quot;credits&quot;:&quot;&quot;},{&quot;image_src&quot;:&quot;https:\\\/\\\/www.greenpeace.org\\\/static\\\/planet4-czech-republic-stateless\\\/2021\\\/10\\\/c3600fbe-finaltomassedlacek-min.jpg&quot;,&quot;image_srcset&quot;:&quot;https:\\\/\\\/www.greenpeace.org\\\/static\\\/planet4-czech-republic-stateless\\\/2021\\\/10\\\/c3600fbe-finaltomassedlacek-min.jpg 2064w, https:\\\/\\\/www.greenpeace.org\\\/static\\\/planet4-czech-republic-stateless\\\/2021\\\/10\\\/c3600fbe-finaltomassedlacek-min-300x200.jpg 300w, https:\\\/\\\/www.greenpeace.org\\\/static\\\/planet4-czech-republic-stateless\\\/2021\\\/10\\\/c3600fbe-finaltomassedlacek-min-1024x683.jpg 1024w, https:\\\/\\\/www.greenpeace.org\\\/static\\\/planet4-czech-republic-stateless\\\/2021\\\/10\\\/c3600fbe-finaltomassedlacek-min-768x512.jpg 768w, https:\\\/\\\/www.greenpeace.org\\\/static\\\/planet4-czech-republic-stateless\\\/2021\\\/10\\\/c3600fbe-finaltomassedlacek-min-1536x1024.jpg 1536w, https:\\\/\\\/www.greenpeace.org\\\/static\\\/planet4-czech-republic-stateless\\\/2021\\\/10\\\/c3600fbe-finaltomassedlacek-min-2048x1366.jpg 2048w, https:\\\/\\\/www.greenpeace.org\\\/static\\\/planet4-czech-republic-stateless\\\/2021\\\/10\\\/c3600fbe-finaltomassedlacek-min-510x340.jpg 510w&quot;,&quot;image_sizes&quot;:false,&quot;alt_text&quot;:&quot;&quot;,&quot;caption&quot;:&quot;Ekonom Tom\\u00e1\\u0161 Sedl\\u00e1\\u010dek&quot;,&quot;focus_image&quot;:&quot;&quot;,&quot;credits&quot;:&quot;&quot;},{&quot;image_src&quot;:&quot;https:\\\/\\\/www.greenpeace.org\\\/static\\\/planet4-czech-republic-stateless\\\/2021\\\/10\\\/ce3b5f68-finaletereza10-1.jpg&quot;,&quot;image_srcset&quot;:&quot;https:\\\/\\\/www.greenpeace.org\\\/static\\\/planet4-czech-republic-stateless\\\/2021\\\/10\\\/ce3b5f68-finaletereza10-1.jpg 2064w, https:\\\/\\\/www.greenpeace.org\\\/static\\\/planet4-czech-republic-stateless\\\/2021\\\/10\\\/ce3b5f68-finaletereza10-1-300x200.jpg 300w, https:\\\/\\\/www.greenpeace.org\\\/static\\\/planet4-czech-republic-stateless\\\/2021\\\/10\\\/ce3b5f68-finaletereza10-1-1024x683.jpg 1024w, https:\\\/\\\/www.greenpeace.org\\\/static\\\/planet4-czech-republic-stateless\\\/2021\\\/10\\\/ce3b5f68-finaletereza10-1-768x512.jpg 768w, https:\\\/\\\/www.greenpeace.org\\\/static\\\/planet4-czech-republic-stateless\\\/2021\\\/10\\\/ce3b5f68-finaletereza10-1-1536x1024.jpg 1536w, https:\\\/\\\/www.greenpeace.org\\\/static\\\/planet4-czech-republic-stateless\\\/2021\\\/10\\\/ce3b5f68-finaletereza10-1-2048x1366.jpg 2048w, https:\\\/\\\/www.greenpeace.org\\\/static\\\/planet4-czech-republic-stateless\\\/2021\\\/10\\\/ce3b5f68-finaletereza10-1-510x340.jpg 510w&quot;,&quot;image_sizes&quot;:false,&quot;alt_text&quot;:&quot;&quot;,&quot;caption&quot;:&quot;Violoncellistka Terezie Kovalov\\u00e1&quot;,&quot;focus_image&quot;:&quot;&quot;,&quot;credits&quot;:&quot;&quot;},{&quot;image_src&quot;:&quot;https:\\\/\\\/www.greenpeace.org\\\/static\\\/planet4-czech-republic-stateless\\\/2021\\\/10\\\/b782a09d-finaltereziekovalovaa_11zon.jpg&quot;,&quot;image_srcset&quot;:&quot;https:\\\/\\\/www.greenpeace.org\\\/static\\\/planet4-czech-republic-stateless\\\/2021\\\/10\\\/b782a09d-finaltereziekovalovaa_11zon.jpg 2064w, https:\\\/\\\/www.greenpeace.org\\\/static\\\/planet4-czech-republic-stateless\\\/2021\\\/10\\\/b782a09d-finaltereziekovalovaa_11zon-300x200.jpg 300w, https:\\\/\\\/www.greenpeace.org\\\/static\\\/planet4-czech-republic-stateless\\\/2021\\\/10\\\/b782a09d-finaltereziekovalovaa_11zon-1024x683.jpg 1024w, https:\\\/\\\/www.greenpeace.org\\\/static\\\/planet4-czech-republic-stateless\\\/2021\\\/10\\\/b782a09d-finaltereziekovalovaa_11zon-768x512.jpg 768w, https:\\\/\\\/www.greenpeace.org\\\/static\\\/planet4-czech-republic-stateless\\\/2021\\\/10\\\/b782a09d-finaltereziekovalovaa_11zon-1536x1024.jpg 1536w, https:\\\/\\\/www.greenpeace.org\\\/static\\\/planet4-czech-republic-stateless\\\/2021\\\/10\\\/b782a09d-finaltereziekovalovaa_11zon-2048x1366.jpg 2048w, https:\\\/\\\/www.greenpeace.org\\\/static\\\/planet4-czech-republic-stateless\\\/2021\\\/10\\\/b782a09d-finaltereziekovalovaa_11zon-510x340.jpg 510w&quot;,&quot;image_sizes&quot;:false,&quot;alt_text&quot;:&quot;&quot;,&quot;caption&quot;:&quot;Violoncellistka Terezie Kovalov\\u00e1&quot;,&quot;focus_image&quot;:&quot;&quot;,&quot;credits&quot;:&quot;&quot;},{&quot;image_src&quot;:&quot;https:\\\/\\\/www.greenpeace.org\\\/static\\\/planet4-czech-republic-stateless\\\/2021\\\/10\\\/ee4ab07b-finaleterka_11zon-scaled.jpg&quot;,&quot;image_srcset&quot;:&quot;https:\\\/\\\/www.greenpeace.org\\\/static\\\/planet4-czech-republic-stateless\\\/2021\\\/10\\\/ee4ab07b-finaleterka_11zon-scaled.jpg 2560w, https:\\\/\\\/www.greenpeace.org\\\/static\\\/planet4-czech-republic-stateless\\\/2021\\\/10\\\/ee4ab07b-finaleterka_11zon-300x200.jpg 300w, https:\\\/\\\/www.greenpeace.org\\\/static\\\/planet4-czech-republic-stateless\\\/2021\\\/10\\\/ee4ab07b-finaleterka_11zon-1024x683.jpg 1024w, https:\\\/\\\/www.greenpeace.org\\\/static\\\/planet4-czech-republic-stateless\\\/2021\\\/10\\\/ee4ab07b-finaleterka_11zon-768x512.jpg 768w, https:\\\/\\\/www.greenpeace.org\\\/static\\\/planet4-czech-republic-stateless\\\/2021\\\/10\\\/ee4ab07b-finaleterka_11zon-1536x1024.jpg 1536w, https:\\\/\\\/www.greenpeace.org\\\/static\\\/planet4-czech-republic-stateless\\\/2021\\\/10\\\/ee4ab07b-finaleterka_11zon-2048x1366.jpg 2048w, https:\\\/\\\/www.greenpeace.org\\\/static\\\/planet4-czech-republic-stateless\\\/2021\\\/10\\\/ee4ab07b-finaleterka_11zon-510x340.jpg 510w&quot;,&quot;image_sizes&quot;:false,&quot;alt_text&quot;:&quot;&quot;,&quot;caption&quot;:&quot;Violoncellistka Terezie Kovalov\\u00e1&quot;,&quot;focus_image&quot;:&quot;&quot;,&quot;credits&quot;:&quot;&quot;},{&quot;image_src&quot;:&quot;https:\\\/\\\/www.greenpeace.org\\\/static\\\/planet4-czech-republic-stateless\\\/2021\\\/10\\\/36ae1ce9-finaltereziekovalova-min-1.jpg&quot;,&quot;image_srcset&quot;:&quot;https:\\\/\\\/www.greenpeace.org\\\/static\\\/planet4-czech-republic-stateless\\\/2021\\\/10\\\/36ae1ce9-finaltereziekovalova-min-1.jpg 2064w, https:\\\/\\\/www.greenpeace.org\\\/static\\\/planet4-czech-republic-stateless\\\/2021\\\/10\\\/36ae1ce9-finaltereziekovalova-min-1-300x200.jpg 300w, https:\\\/\\\/www.greenpeace.org\\\/static\\\/planet4-czech-republic-stateless\\\/2021\\\/10\\\/36ae1ce9-finaltereziekovalova-min-1-1024x683.jpg 1024w, https:\\\/\\\/www.greenpeace.org\\\/static\\\/planet4-czech-republic-stateless\\\/2021\\\/10\\\/36ae1ce9-finaltereziekovalova-min-1-768x512.jpg 768w, https:\\\/\\\/www.greenpeace.org\\\/static\\\/planet4-czech-republic-stateless\\\/2021\\\/10\\\/36ae1ce9-finaltereziekovalova-min-1-1536x1024.jpg 1536w, https:\\\/\\\/www.greenpeace.org\\\/static\\\/planet4-czech-republic-stateless\\\/2021\\\/10\\\/36ae1ce9-finaltereziekovalova-min-1-2048x1366.jpg 2048w, https:\\\/\\\/www.greenpeace.org\\\/static\\\/planet4-czech-republic-stateless\\\/2021\\\/10\\\/36ae1ce9-finaltereziekovalova-min-1-510x340.jpg 510w&quot;,&quot;image_sizes&quot;:false,&quot;alt_text&quot;:&quot;&quot;,&quot;caption&quot;:&quot;Violoncellistka Terezie Kovalov\\u00e1&quot;,&quot;focus_image&quot;:&quot;&quot;,&quot;credits&quot;:&quot;&quot;}]}}\"><\/div>\n<div class=\"wp-block-group is-layout-flow wp-block-group-is-layout-flow\"><div class=\"wp-block-group__inner-container\"><\/div><\/div>\n\n<p><strong>Ivana \u010cesnek Marcinov\u00e1 z Greenpeace \u0159\u00edk\u00e1:<\/strong><br><em>\u201cBudouc\u00ed \u010desk\u00e1 vl\u00e1da, a\u0165 bude jak\u00e1koli, bude muset za\u010d\u00edt pracovat na \u0159e\u0161en\u00ed klimatick\u00e9 krize. Realita klimatick\u00e9 zm\u011bny o po\u017eadavky na jej\u00ed \u0159e\u0161en\u00ed d\u00e1vaj\u00ed jasn\u00e9 zad\u00e1n\u00ed, kter\u00e9 jsme se zav\u00e1zali plnit jak na evropsk\u00e9, tak glob\u00e1ln\u00ed \u00farovni. Relativn\u011b jednodu\u0161e lze sn\u00ed\u017eit na\u0161e emise sklen\u00edkov\u00fdch plyn\u016f do roku 2030 o 55 %, c\u00edle pro rok 2050 budou nepochybn\u011b obt\u00ed\u017en\u011bj\u0161\u00ed. Technologie m\u00e1me k dispozici, tla\u010d\u00ed n\u00e1\u0161 \u010das. Do roku 2030 zb\u00fdv\u00e1 8,5 roku. Bez odvahy a akce to ov\u0161em nep\u016fjde. Proto je t\u0159eba volit tak, aby budouc\u00ed vl\u00e1da m\u011bla \u0159e\u0161en\u00ed klimatick\u00e9 krize jako prioritu.\u201d&nbsp;<\/em><\/p>\n\n<p><strong>Fotografka Al\u017ebeta Jungrov\u00e1 \u0159\u00edk\u00e1:<\/strong><br><em>\u201cOchranu klimatu a planety bychom m\u011bli \u0159e\u0161it d\u0159\u00edv, ne\u017e bude \u00fapln\u011b pozd\u011b. Kdy\u017e za\u010dneme ka\u017ed\u00fd u sebe, mal\u00fdmi v\u011bcmi, zm\u011bn\u00edme to. Nejsem schopn\u00e1 zav\u0159\u00edt uhelnou elektr\u00e1rnu nebo d\u016fl, to nen\u00ed v sil\u00e1ch jednotlivce. Jako fotografka ale m\u016f\u017eu t\u00e9mata otev\u00edrat a upozor\u0148ovat na n\u011b. T\u0159eba motivovat lidi, aby \u0161li k volb\u00e1m a dali hlas politik\u016fm, kte\u0159\u00ed budou klimatickou krizi na \u00farovni syst\u00e9mu \u0159e\u0161it. To je pr\u00e1v\u011b ta mal\u00e1, ale stra\u0161n\u011b d\u016fle\u017eit\u00e1 v\u011bc, kterou v tuhle chv\u00edli m\u016f\u017eeme ud\u011blat v\u0161ichni.\u201d<\/em><\/p>\n\n<figure class=\"wp-block-image size-large\"><img loading=\"lazy\" decoding=\"async\" width=\"1024\" height=\"683\" src=\"https:\/\/www.greenpeace.org\/static\/planet4-czech-republic-stateless\/2021\/10\/4f0e2f7d-finaltomassedlacek-min-1024x683.jpg\" alt=\"\" class=\"wp-image-14849\" srcset=\"https:\/\/www.greenpeace.org\/static\/planet4-czech-republic-stateless\/2021\/10\/4f0e2f7d-finaltomassedlacek-min-1024x683.jpg 1024w, https:\/\/www.greenpeace.org\/static\/planet4-czech-republic-stateless\/2021\/10\/4f0e2f7d-finaltomassedlacek-min-300x200.jpg 300w, https:\/\/www.greenpeace.org\/static\/planet4-czech-republic-stateless\/2021\/10\/4f0e2f7d-finaltomassedlacek-min-768x512.jpg 768w, https:\/\/www.greenpeace.org\/static\/planet4-czech-republic-stateless\/2021\/10\/4f0e2f7d-finaltomassedlacek-min-1536x1024.jpg 1536w, https:\/\/www.greenpeace.org\/static\/planet4-czech-republic-stateless\/2021\/10\/4f0e2f7d-finaltomassedlacek-min-510x340.jpg 510w\" sizes=\"auto, (max-width: 1024px) 100vw, 1024px\" \/><\/figure>\n\n<p><strong>Ekonom Tom\u00e1\u0161 Sedl\u00e1\u010dek \u0159\u00edk\u00e1:<\/strong><br><em>\u201cVzpom\u00edn\u00e1te, jak na\u0161e zem\u011b vypadala p\u0159ed t\u0159iceti lety? K tomu, abyste si zruinovali p\u016fdu pod nohama a vzduch kolem sebe, nepot\u0159ebujete kapitalismus ani demokracii. Ekonomick\u00fd kolaps jde ruku v ruce s t\u00edm ekologick\u00fdm, jak jsme vid\u011bli na konci komunismu. Naopak zem\u011b ekologick\u00e9 &#8211; typu Sever Evropy &#8211; jsou i na \u0161pici ekonomick\u00e9. Pokro\u010dil\u00e1 ekologie jde ruku v ruce s pokro\u010dilou ekonomi\u00ed, jak je na jejich p\u0159\u00edkladu vid\u011bt. Poj\u010fme i my p\u0159etvo\u0159it na\u0161\u00ed ekonomiku z t\u011b\u017ekoton\u00e1\u017en\u00edho Mordoru na tu elf\u00ed, kter\u00e1 na\u0161lapuje zlehka a um\u00ed vytv\u00e1\u0159et hodnoty n\u011b\u010d\u00edm jin\u00fdm ne\u017e ni\u010den\u00edm \u017eivota &#8211; p\u0159\u00edrod\u011b i n\u00e1m. Na politick\u00e9 sc\u00e9n\u011b nem\u00e1 smysl volit my\u0161lenky, kter\u00e9 z n\u00e1s cht\u011bj\u00ed ud\u011blat Mordor. Green Deal je velik\u00e1 p\u0159\u00edle\u017eitost pro na\u0161i zemi se rozlou\u010dit z d\u011bdictv\u00edm \u0161pinav\u00e9ho pr\u016fmyslu.\u201d<\/em><\/p>\n\n<figure class=\"wp-block-image size-large\"><img loading=\"lazy\" decoding=\"async\" width=\"13500\" height=\"9000\" src=\"https:\/\/www.greenpeace.org\/static\/planet4-czech-republic-stateless\/2021\/10\/5544d08a-finalebarapolakova1b-1.jpg\" alt=\"\" class=\"wp-image-14850\"\/><\/figure>\n\n<p><strong>Here\u010dka a zp\u011bva\u010dka B\u00e1ra Pol\u00e1kov\u00e1 \u0159\u00edk\u00e1:<\/strong><br><em>\u201cV\u011b\u0159\u00edm, \u017ee jak\u00e1koliv kampa\u0148, kter\u00e1 vede k tomu, aby obohacovala a roz\u0161i\u0159ovala obzory lid\u00ed, kte\u0159\u00ed se zm\u011bnou klimatu tolik nezab\u00fdvaj\u00ed, je\u0161t\u011b nad n\u00ed nep\u0159em\u00fd\u0161leli, je u\u017eite\u010dn\u00e1 a d\u016fle\u017eit\u00e1. \u010c\u00edm v\u00edc n\u00e1s toti\u017e bude, t\u00edm sp\u00ed\u0161 se m\u016f\u017ee n\u011bco zm\u011bnit.\u201d<\/em><\/p>\n\n<figure class=\"wp-block-image size-large\"><img loading=\"lazy\" decoding=\"async\" width=\"1024\" height=\"683\" src=\"https:\/\/www.greenpeace.org\/static\/planet4-czech-republic-stateless\/2021\/10\/766dffb0-finaleben-1-1024x683.jpg\" alt=\"\" class=\"wp-image-14851\" srcset=\"https:\/\/www.greenpeace.org\/static\/planet4-czech-republic-stateless\/2021\/10\/766dffb0-finaleben-1-1024x683.jpg 1024w, https:\/\/www.greenpeace.org\/static\/planet4-czech-republic-stateless\/2021\/10\/766dffb0-finaleben-1-300x200.jpg 300w, https:\/\/www.greenpeace.org\/static\/planet4-czech-republic-stateless\/2021\/10\/766dffb0-finaleben-1-768x512.jpg 768w, https:\/\/www.greenpeace.org\/static\/planet4-czech-republic-stateless\/2021\/10\/766dffb0-finaleben-1-1536x1024.jpg 1536w, https:\/\/www.greenpeace.org\/static\/planet4-czech-republic-stateless\/2021\/10\/766dffb0-finaleben-1-510x340.jpg 510w\" sizes=\"auto, (max-width: 1024px) 100vw, 1024px\" \/><\/figure>\n\n<p><strong>Zp\u011bv\u00e1k Ben Cristovao \u0159\u00edk\u00e1:<\/strong><br><em>\u201cTrouf\u00e1m si odhadnout, \u017ee j\u00e1 je\u0161t\u011b p\u0159\u00edrodu za\u017eiju skoro takovou, jakou pamatuju, ale dal\u0161\u00ed generace jsou v ot\u00e1zce. A tak krom\u011b zm\u011bn v j\u00eddeln\u00ed\u010dku a \u017eivotn\u00edm stylu bojuju na r\u016fzn\u00fdch front\u00e1ch. Nic ale bohu\u017eel nem\u00e1 takovou s\u00edlu jako z\u00e1kon a s n\u00edm politici. Zkou\u0161\u00edm tedy spolu s p\u00e1r stejn\u011b sm\u00fd\u0161lej\u00edc\u00edmi lidmi dal\u0161\u00ed cestu, proto\u017ee je\u0161t\u011b nen\u00ed pozd\u011b to v\u0161echno zvr\u00e1tit.\u201d<\/em><\/p>\n\n<figure class=\"wp-block-image size-large\"><img loading=\"lazy\" decoding=\"async\" width=\"1024\" height=\"683\" src=\"https:\/\/www.greenpeace.org\/static\/planet4-czech-republic-stateless\/2021\/10\/53cef253-finaljancina-min-1024x683.jpg\" alt=\"\" class=\"wp-image-14852\" srcset=\"https:\/\/www.greenpeace.org\/static\/planet4-czech-republic-stateless\/2021\/10\/53cef253-finaljancina-min-1024x683.jpg 1024w, https:\/\/www.greenpeace.org\/static\/planet4-czech-republic-stateless\/2021\/10\/53cef253-finaljancina-min-300x200.jpg 300w, https:\/\/www.greenpeace.org\/static\/planet4-czech-republic-stateless\/2021\/10\/53cef253-finaljancina-min-768x512.jpg 768w, https:\/\/www.greenpeace.org\/static\/planet4-czech-republic-stateless\/2021\/10\/53cef253-finaljancina-min-1536x1024.jpg 1536w, https:\/\/www.greenpeace.org\/static\/planet4-czech-republic-stateless\/2021\/10\/53cef253-finaljancina-min-510x340.jpg 510w\" sizes=\"auto, (max-width: 1024px) 100vw, 1024px\" \/><\/figure>\n\n<p><br><strong>Herec Jan Cina \u0159\u00edk\u00e1:<\/strong><em>\u201cPlanetu m\u00e1me jenom jednu a je n\u00e1s v\u0161ech.&nbsp;Je dobr\u00e9 se o ni starat, p\u0159em\u00fd\u0161let o n\u00ed, \u017e\u00edt s n\u00ed v souladu.&nbsp;Greenpeace si tohle dlouhodob\u011b uv\u011bdomuje a \u010d\u00edm v\u00edc n\u00e1s bude, t\u00edm l\u00edp pro n\u00e1s pro v\u0161echny.&nbsp;Proto jsem se r\u00e1d p\u0159ipojil k t\u00e9hle v\u00fdzv\u011b.\u201d&nbsp;<\/em><\/p>\n\n<figure class=\"wp-block-image size-large\"><img loading=\"lazy\" decoding=\"async\" width=\"13500\" height=\"9000\" src=\"https:\/\/www.greenpeace.org\/static\/planet4-czech-republic-stateless\/2021\/10\/63353df0-finalejana.jpg\" alt=\"\" class=\"wp-image-14853\"\/><\/figure>\n\n<p><strong>Here\u010dka Jana Plodkov\u00e1 \u0159\u00edk\u00e1:<\/strong><br><em>\u201cV\u0161echno se v\u0161\u00edm souvis\u00ed. Pokud n\u011bco neud\u011bl\u00e1me se zm\u011bnou klimatu, m\u016f\u017eeme p\u0159ij\u00edt o to, co m\u00e1me v\u0161ichni tolik r\u00e1di. O p\u0159\u00edrodu. P\u0159\u00edroda nen\u00ed samoz\u0159ejmost. Je to p\u0159\u00edtel, kter\u00fd je v\u017edy p\u0159ipraven mi poskytnout svoji n\u00e1ru\u010d, p\u0159\u00edtel, kter\u00fd m\u011b inspiruje, uklid\u0148uje, harmonizuje. Je neodd\u011blitelnou sou\u010d\u00e1st\u00ed m\u00e9ho \u017eivota. A nejen m\u00e9ho, ale i v\u0161eho \u017eiv\u00e9ho. Je to domov. A o ten p\u0159ij\u00edt nechci.&#8220;<\/em><\/p>\n\n<figure class=\"wp-block-image size-large\"><img loading=\"lazy\" decoding=\"async\" width=\"1024\" height=\"683\" src=\"https:\/\/www.greenpeace.org\/static\/planet4-czech-republic-stateless\/2021\/10\/3a593cef-finalbarborajandova-2-1024x683.jpg\" alt=\"\" class=\"wp-image-14854\" srcset=\"https:\/\/www.greenpeace.org\/static\/planet4-czech-republic-stateless\/2021\/10\/3a593cef-finalbarborajandova-2-1024x683.jpg 1024w, https:\/\/www.greenpeace.org\/static\/planet4-czech-republic-stateless\/2021\/10\/3a593cef-finalbarborajandova-2-300x200.jpg 300w, https:\/\/www.greenpeace.org\/static\/planet4-czech-republic-stateless\/2021\/10\/3a593cef-finalbarborajandova-2-768x512.jpg 768w, https:\/\/www.greenpeace.org\/static\/planet4-czech-republic-stateless\/2021\/10\/3a593cef-finalbarborajandova-2-1536x1024.jpg 1536w, https:\/\/www.greenpeace.org\/static\/planet4-czech-republic-stateless\/2021\/10\/3a593cef-finalbarborajandova-2-510x340.jpg 510w\" sizes=\"auto, (max-width: 1024px) 100vw, 1024px\" \/><\/figure>\n\n<p><strong>Here\u010dka B\u00e1ra J\u00e1nov\u00e1 \u0159\u00edk\u00e1:<\/strong><br><em>\u201cOchrana klimatu a p\u0159\u00edrody jde ruku v ruce s p\u00e9\u010d\u00ed o lidsk\u00e9 psychick\u00e9 i fyzick\u00e9 zdrav\u00ed. Sna\u017e\u00edm se tuto l\u00e1sku k p\u0159\u00edrod\u011b \u0161\u00ed\u0159it a v lidech probouzet. Je to n\u00e1\u0161 spole\u010dn\u00fd p\u0159\u00edb\u011bh, kter\u00fd tu p\u00ed\u0161eme a v\u011b\u0159\u00edm, \u017ee v\u0161ichni chceme \u0161\u0165astn\u00fd konec. Proto jsem do t\u00e9to kampan\u011b \u0161la a byla jsem moc r\u00e1da, kdy\u017e m\u011b z Greenpeace oslovili. I kdy\u017e temn\u00e9 s\u00edly moment\u00e1ln\u011b v\u00edt\u011bz\u00ed, v\u011b\u0159\u00edm, \u017ee p\u0159\u00edliv sv\u011btla u\u017e se bl\u00ed\u017e\u00ed.\u201d<\/em><\/p>\n\n<figure class=\"wp-block-image size-large\"><img loading=\"lazy\" decoding=\"async\" width=\"1024\" height=\"683\" src=\"https:\/\/www.greenpeace.org\/static\/planet4-czech-republic-stateless\/2021\/10\/ddb1c56c-finaletereza10-1-1024x683.jpg\" alt=\"\" class=\"wp-image-14855\" srcset=\"https:\/\/www.greenpeace.org\/static\/planet4-czech-republic-stateless\/2021\/10\/ddb1c56c-finaletereza10-1-1024x683.jpg 1024w, https:\/\/www.greenpeace.org\/static\/planet4-czech-republic-stateless\/2021\/10\/ddb1c56c-finaletereza10-1-300x200.jpg 300w, https:\/\/www.greenpeace.org\/static\/planet4-czech-republic-stateless\/2021\/10\/ddb1c56c-finaletereza10-1-768x512.jpg 768w, https:\/\/www.greenpeace.org\/static\/planet4-czech-republic-stateless\/2021\/10\/ddb1c56c-finaletereza10-1-1536x1024.jpg 1536w, https:\/\/www.greenpeace.org\/static\/planet4-czech-republic-stateless\/2021\/10\/ddb1c56c-finaletereza10-1-510x340.jpg 510w\" sizes=\"auto, (max-width: 1024px) 100vw, 1024px\" \/><\/figure>\n\n<p><strong>Violoncellistka Terezie Kovalov\u00e1 \u0159\u00edk\u00e1:<\/strong><br><em>\u201cA\u010d milujeme sv\u016fj n\u00e1rod a jsme patrioti, na to, jak se vyko\u0159is\u0165uje na\u0161e zem\u011b, u\u017e n\u00e1m nesta\u010d\u00ed pozornost. Kdy\u017e u\u017e jsme tak hrd\u00ed na tu na\u0161i zemi, je t\u0159eba tomu pohl\u00e9dnout zp\u0159\u00edma do o\u010d\u00ed a starat se o krajinu tak, aby n\u00e1m d\u00e1vala prostor k \u017eivotu i nad\u00e1le, proto\u017ee bez funguj\u00edc\u00edho ekosyst\u00e9mu se m\u016f\u017eeme j\u00edt akor\u00e1t tak klouzat.\u201d<\/em><\/p>\n<div class=\"EmptyMessage\">Block content is empty. Check the block&#8217;s settings or remove it.<\/div>","protected":false},"excerpt":{"rendered":"<p>Neziskov\u00e1 organizace Greenpeace se spojila se zn\u00e1mou fotografkou Al\u017eb\u011btou Jungrovou a se sedmi osobnostmi kulturn\u00edho a ve\u0159ejn\u00e9ho \u017eivota a spole\u010dn\u011b vyz\u00fdvaj\u00ed, aby \u0161li lid\u00e9 k volb\u00e1m a sv\u016fj hlas dali politik\u016fm, kte\u0159\u00ed ot\u00e1zku ochrany klimatu a p\u0159\u00edrody slibuj\u00ed zodpov\u011bdn\u011b \u0159e\u0161it.<\/p>\n","protected":false},"author":27,"featured_media":14856,"comment_status":"open","ping_status":"closed","sticky":false,"template":"","format":"standard","meta":{"ep_exclude_from_search":false,"p4_og_title":"","p4_og_description":"","p4_og_image":"","p4_og_image_id":"","p4_seo_canonical_url":"","p4_campaign_name":"not set","p4_local_project":"not set","p4_basket_name":"not set","p4_department":"","footnotes":""},"categories":[3],"tags":[17,19,20,24,25],"p4-page-type":[14],"class_list":["post-14848","post","type-post","status-publish","format-standard","has-post-thumbnail","hentry","category-nas-svet","tag-lesy-pralesy","tag-ovzdusi","tag-zmena-klimatu","tag-aktivni-spolecnost","tag-konec-doby-fosilni","p4-page-type-tiskova-zprava"],"_links":{"self":[{"href":"https:\/\/www.greenpeace.org\/czech\/wp-json\/wp\/v2\/posts\/14848","targetHints":{"allow":["GET"]}}],"collection":[{"href":"https:\/\/www.greenpeace.org\/czech\/wp-json\/wp\/v2\/posts"}],"about":[{"href":"https:\/\/www.greenpeace.org\/czech\/wp-json\/wp\/v2\/types\/post"}],"author":[{"embeddable":true,"href":"https:\/\/www.greenpeace.org\/czech\/wp-json\/wp\/v2\/users\/27"}],"replies":[{"embeddable":true,"href":"https:\/\/www.greenpeace.org\/czech\/wp-json\/wp\/v2\/comments?post=14848"}],"version-history":[{"count":6,"href":"https:\/\/www.greenpeace.org\/czech\/wp-json\/wp\/v2\/posts\/14848\/revisions"}],"predecessor-version":[{"id":15347,"href":"https:\/\/www.greenpeace.org\/czech\/wp-json\/wp\/v2\/posts\/14848\/revisions\/15347"}],"wp:featuredmedia":[{"embeddable":true,"href":"https:\/\/www.greenpeace.org\/czech\/wp-json\/wp\/v2\/media\/14856"}],"wp:attachment":[{"href":"https:\/\/www.greenpeace.org\/czech\/wp-json\/wp\/v2\/media?parent=14848"}],"wp:term":[{"taxonomy":"category","embeddable":true,"href":"https:\/\/www.greenpeace.org\/czech\/wp-json\/wp\/v2\/categories?post=14848"},{"taxonomy":"post_tag","embeddable":true,"href":"https:\/\/www.greenpeace.org\/czech\/wp-json\/wp\/v2\/tags?post=14848"},{"taxonomy":"p4-page-type","embeddable":true,"href":"https:\/\/www.greenpeace.org\/czech\/wp-json\/wp\/v2\/p4-page-type?post=14848"}],"curies":[{"name":"wp","href":"https:\/\/api.w.org\/{rel}","templated":true}]}}