{"id":15022,"date":"2021-10-14T14:48:43","date_gmt":"2021-10-14T13:48:43","guid":{"rendered":"https:\/\/www.greenpeace.org\/czech\/?p=15022"},"modified":"2021-10-14T14:48:45","modified_gmt":"2021-10-14T13:48:45","slug":"polsko-ve-vyjednavani-o-dole-turow-sazi-na-kamaradicky-z-ods","status":"publish","type":"post","link":"https:\/\/www.greenpeace.org\/czech\/clanek\/15022\/polsko-ve-vyjednavani-o-dole-turow-sazi-na-kamaradicky-z-ods\/","title":{"rendered":"Polsko ve vyjedn\u00e1v\u00e1n\u00ed o dole Tur\u00f3w s\u00e1z\u00ed na kamar\u00e1d\u00ed\u010dky z ODS"},"content":{"rendered":"\n<p><strong>Polsk\u00e1 m\u00e9dia se neshodnou, zda por\u00e1\u017eka Andreje Babi\u0161e a jeho strany v parlamentn\u00edch\u00a0 volb\u00e1ch je dobrou nebo \u0161patnou zpr\u00e1vou. Zat\u00edmco n\u011bkter\u00e1 upozor\u0148uj\u00ed na to, \u017ee po volb\u00e1ch se m\u016f\u017ee dlouhou dobu vyjedn\u00e1vat o nov\u00e9 koalici a \u017ee bude je\u0161t\u011b trvat, ne\u017e v\u016fbec bude jasn\u00e9, s k\u00fdm bude polsk\u00e1 strana o Tur\u00f3wu jednat, jin\u00e1 sr\u0161\u00ed optimismem, \u017ee nov\u00e1 vl\u00e1da Polsku v ot\u00e1zce Tur\u00f3wa vyjde vst\u0159\u00edc. Velk\u00e1 o\u010dek\u00e1v\u00e1n\u00ed od nov\u00e9 koalice m\u00e1 i vl\u00e1dnouc\u00ed strana Pr\u00e1vo a spravedlnost, p\u0159edev\u0161\u00edm d\u00edky dobr\u00fdm vztah\u016fm s p\u0159edstaviteli ODS, s nimi\u017e sed\u00ed v evropsk\u00e9m parlamentu ve stejn\u00e9 konzervativn\u00ed frakci.<\/strong><\/p>\n\n<p>N\u00e1m\u011bstek ministra zahrani\u010d\u00ed Pawe\u0142 Jab\u0142o\u0144ski uvedl pro port\u00e1l wPolityce.pl, \u017ee vkl\u00e1d\u00e1 do nov\u00e9 vl\u00e1dy velk\u00e9 nad\u011bje a \u017ee spolupr\u00e1ce s n\u00ed bude je\u0161t\u011b intenzivn\u011bj\u0161\u00ed ne\u017e dosud. \u201cJe to koalice, v n\u00ed\u017e nejv\u011bt\u0161\u00ed strana &#8211; ODS &#8211; je na\u0161\u00edm partnerem v Evrop\u011b,\u201d \u0159ekl. V podobn\u00e9m duchu se ji\u017e na konci z\u00e1\u0159\u00ed vyj\u00e1d\u0159il i europoslanec ODS Jan Zahradil na Twitteru: \u201cPokud bude m\u00edt ODS\u2069 po volb\u00e1ch vl\u00e1dn\u00ed zodpov\u011bdnost, dos\u00e1hneme oboustrann\u011b p\u0159ijateln\u00e9 dohody. S polskou vl\u00e1dn\u00ed stranou PiS jsme \u010dleny stejn\u00e9 evropsk\u00e9 politick\u00e9 rodiny, p\u016fjde n\u00e1m to l\u00e9pe ne\u017e Babi\u0161ovi.\u201d Ned\u00e1 se sice p\u0159edpokl\u00e1dat, \u017ee by se dohoda o pokra\u010duj\u00edc\u00ed t\u011b\u017eb\u011b \u010di p\u0159\u00edmo o sta\u017een\u00ed \u010desk\u00e9 \u017ealoby upekla v europarlamentu, i kdy\u017e je jasn\u00e9, \u017ee pr\u00e1v\u011b tam se bude Pr\u00e1vo a spravedlnost sna\u017eit svou agendu tla\u010dit. N\u011bkter\u00e1 polsk\u00e1 m\u00e9dia tak\u00e9 spekuluj\u00ed, \u017ee pro uheln\u00e9 Polsko by bylo lep\u0161\u00ed, kdyby ministerstvo \u017eivotn\u00edho prost\u0159ed\u00ed, kter\u00e9 za d\u016fl Tur\u00f3w odpov\u00edd\u00e1, obsadil nominant z ODS, ne\u017e kdyby p\u0159ipadlo liber\u00e1ln\u00edm Pir\u00e1t\u016fm \u010di Starost\u016fm.<\/p>\n\n<figure class=\"wp-block-image size-large\"><img loading=\"lazy\" decoding=\"async\" width=\"1024\" height=\"681\" src=\"https:\/\/www.greenpeace.org\/static\/planet4-czech-republic-stateless\/2021\/10\/08b28a59-2021_09_30_gp_mzp_turow_2400px-5878-1024x681.jpg\" alt=\"\" class=\"wp-image-14840\" srcset=\"https:\/\/www.greenpeace.org\/static\/planet4-czech-republic-stateless\/2021\/10\/08b28a59-2021_09_30_gp_mzp_turow_2400px-5878-1024x681.jpg 1024w, https:\/\/www.greenpeace.org\/static\/planet4-czech-republic-stateless\/2021\/10\/08b28a59-2021_09_30_gp_mzp_turow_2400px-5878-300x200.jpg 300w, https:\/\/www.greenpeace.org\/static\/planet4-czech-republic-stateless\/2021\/10\/08b28a59-2021_09_30_gp_mzp_turow_2400px-5878-768x511.jpg 768w, https:\/\/www.greenpeace.org\/static\/planet4-czech-republic-stateless\/2021\/10\/08b28a59-2021_09_30_gp_mzp_turow_2400px-5878-1536x1022.jpg 1536w, https:\/\/www.greenpeace.org\/static\/planet4-czech-republic-stateless\/2021\/10\/08b28a59-2021_09_30_gp_mzp_turow_2400px-5878-2048x1363.jpg 2048w, https:\/\/www.greenpeace.org\/static\/planet4-czech-republic-stateless\/2021\/10\/08b28a59-2021_09_30_gp_mzp_turow_2400px-5878-510x340.jpg 510w\" sizes=\"auto, (max-width: 1024px) 100vw, 1024px\" \/><figcaption>Vzkaz Greenpeace z\u016fstav\u00e1 stejn\u00fd, jen te\u010f m\u00ed\u0159\u00ed sp\u00ed\u0161e na politiky ODS. (c) Greenpeace &#8211; Petr Zewlakk Vrabec<\/figcaption><\/figure>\n\n<p>Polsk\u00e1 debata o dole Tur\u00f3w je dlouhodob\u011b pok\u0159iven\u00e1 a zkreslen\u00e1. V \u00favah\u00e1ch o budoucnosti \u010desko-polsk\u00e9ho vyjedn\u00e1v\u00e1n\u00ed tak nap\u0159\u00edklad moc nezazn\u00edv\u00e1, \u017ee Babi\u0161 a jeho minist\u0159i, kte\u0159\u00ed na polsk\u00fd d\u016fl podali \u017ealobu a kte\u0159\u00ed o n\u011bm ne\u00fasp\u011b\u0161n\u011b vyjedn\u00e1vali, nevystupovali ani tak ze svoj\u00ed vlastn\u00ed iniciativy, jako sp\u00ed\u0161e na p\u0159\u00e1n\u00ed Libereck\u00e9ho kraje, kde v koalici spolu sed\u00ed nejen Starostov\u00e9 a Pir\u00e1ti, ale i ODS, a kde je n\u00e1m\u011bstkem hejtmana starosta Fr\u00fddlantu za ODS Dan Ramzer. P\u0159edstavitel\u00e9 v\u0161ech t\u011bchto stran si sice p\u0159ej\u00ed vyjednat s Polskem dohodu, ale zjevn\u011b za jin\u00fdch podm\u00ednek, ne\u017e jak\u00e9 si Polsko p\u0159edstavuje. Pol\u0161t\u00ed politici by tak na sv\u00e9 europarlamentn\u00ed kamar\u00e1d\u00ed\u010dky z ODS a na obnoven\u00ed spolupr\u00e1ce v r\u00e1mci V4 nem\u011bli moc s\u00e1zet, aby pak nebyli zklaman\u00ed. Nen\u00ed toti\u017e tak jist\u00e9, \u017ee se jim poda\u0159\u00ed prosadit rychl\u00e9 v\u00edt\u011bzstv\u00ed polsk\u00fdch n\u00e1rodn\u00edch z\u00e1jm\u016f.&nbsp;<\/p>\n\n<p>Jist\u00e9 naopak v\u00edcem\u00e9n\u011b je, \u017ee Babi\u0161ova vl\u00e1da, p\u0159esto\u017ee je\u0161t\u011b form\u00e1ln\u011b povl\u00e1dne mo\u017en\u00e1 i n\u011bkolik m\u011bs\u00edc\u016f, u\u017e s Polskem vyjedn\u00e1vat nebude. Polsk\u00e1 strana premi\u00e9ra odepsala je\u0161t\u011b p\u0159ed volbami, a dost mo\u017en\u00e1 tak\u00e9 kv\u016fli jeho kauze Pandora Papers. Po jej\u00edm zve\u0159ejn\u011bn\u00ed se to toti\u017e v polsk\u00fdch m\u00e9di\u00edch hem\u017eilo \u010dl\u00e1nky, kter\u00e9 osobu Babi\u0161e spojovali jak s podez\u0159el\u00fdmi finan\u010dn\u00edmi machinacemi, tak s vyjedn\u00e1v\u00e1n\u00edm o dole Tur\u00f3w. Ten \u010desk\u00fd premi\u00e9r, kter\u00fd cht\u011bl s Polskem uzav\u0159\u00edt \u201cnev\u00fdhodnou\u201d smlouvu, tak\u00e9 \u0161melil s majetkem p\u0159es da\u0148ov\u00e9 r\u00e1je. A uzav\u00edrat dohodu s takov\u00fdm \u010dlov\u011bkem, bylo pro polskou stranu p\u0159ed volbami toxick\u00e9.<\/p>\n\n<figure class=\"wp-block-image size-large\"><img loading=\"lazy\" decoding=\"async\" width=\"1024\" height=\"683\" src=\"https:\/\/www.greenpeace.org\/static\/planet4-czech-republic-stateless\/2020\/08\/ae959e18-2019_05_26_gp_turow_zewlakk-3038-1024x683.jpg\" alt=\"\" class=\"wp-image-11269\" srcset=\"https:\/\/www.greenpeace.org\/static\/planet4-czech-republic-stateless\/2020\/08\/ae959e18-2019_05_26_gp_turow_zewlakk-3038-1024x683.jpg 1024w, https:\/\/www.greenpeace.org\/static\/planet4-czech-republic-stateless\/2020\/08\/ae959e18-2019_05_26_gp_turow_zewlakk-3038-300x200.jpg 300w, https:\/\/www.greenpeace.org\/static\/planet4-czech-republic-stateless\/2020\/08\/ae959e18-2019_05_26_gp_turow_zewlakk-3038-768x512.jpg 768w, https:\/\/www.greenpeace.org\/static\/planet4-czech-republic-stateless\/2020\/08\/ae959e18-2019_05_26_gp_turow_zewlakk-3038-1536x1025.jpg 1536w, https:\/\/www.greenpeace.org\/static\/planet4-czech-republic-stateless\/2020\/08\/ae959e18-2019_05_26_gp_turow_zewlakk-3038-510x340.jpg 510w, https:\/\/www.greenpeace.org\/static\/planet4-czech-republic-stateless\/2020\/08\/ae959e18-2019_05_26_gp_turow_zewlakk-3038.jpg 1920w\" sizes=\"auto, (max-width: 1024px) 100vw, 1024px\" \/><figcaption>D\u016fl Tur\u00f3w (c) Greenpeace &#8211; Petr Zewlakk Vrabec<\/figcaption><\/figure>\n\n<p>Je to paradox. Celou dobu ekologick\u00e9 organizace i m\u00edstn\u00ed lid\u00e9 z Liberecka upozor\u0148ovali na to, \u017ee u jednac\u00edho stolu je pr\u00e1v\u011b polsk\u00e1 vl\u00e1da ten toxick\u00fd partner, kter\u00e9mu se ned\u00e1 v\u011b\u0159it. A byla k tomu \u0159ada d\u016fvod\u016f. Polsk\u00e1 t\u011b\u017eebn\u00ed spole\u010dnost PGE i polsk\u00e9 \u00fa\u0159ady dlouhodob\u011b odm\u00edtaly, \u017ee by t\u011b\u017eba m\u011bla na \u010desk\u00e9 \u00fazem\u00ed negativn\u00ed vliv, o roz\u0161i\u0159ov\u00e1n\u00ed dolu prakticky neinformovala, naopak informace tajila, s p\u0159eshrani\u010dn\u00edm procesem vyhodnocen\u00ed vliv\u016f na \u017eivotn\u00ed prost\u0159ed\u00ed se vypo\u0159\u00e1dala jen form\u00e1ln\u011b, n\u00e1mitky \u010desk\u00e9 vl\u00e1dy a ob\u010dan\u016f ignorovala a nakonec vydala nez\u00e1konn\u00e9 povolen\u00ed, kter\u00fdm \u010deskou ve\u0159ejnost a jej\u00ed z\u00e1jmy \u00fapln\u011b obe\u0161la. N\u00e1sledn\u011b s \u010ceskem jednala jen velmi vla\u017en\u011b a jen kv\u016fli hrozb\u011b p\u0159\u00edpadn\u00e9 \u017ealoby k Soudn\u00edmu dvoru EU. Rozhovory nikam nevedly a \u010cesko \u017ealobu skute\u010dn\u011b podalo.\u00a0<\/p>\n\n<p>Kdy\u017e evropsk\u00fd soud vydal p\u0159edb\u011b\u017en\u00e9 opat\u0159en\u00ed, podle kter\u00e9ho se t\u011b\u017eba v dole mus\u00ed zastavit, Polsko odm\u00edtlo soud poslechnout. A kdy\u017e soud stanovil pokuty ve v\u00fd\u0161i p\u016fl milionu eur za ka\u017ed\u00fd den pokra\u010duj\u00edc\u00ed ileg\u00e1ln\u00ed t\u011b\u017eby, polsk\u00e1 vl\u00e1da je odm\u00edtla platit. Nam\u00edsto toho vedli pol\u0161t\u00ed politici a spole\u010dnost PGE svatou v\u00e1lku ve jm\u00e9nu uhl\u00ed proti \u010cesku a proti Evropsk\u00e9 unii, kter\u00e1 byla pln\u00e1 l\u017e\u00ed, manipulac\u00ed a dezinformac\u00ed. Takov\u00fd p\u0159\u00edstup d\u016fv\u011bru nevzbuzuje.&nbsp;<\/p>\n\n<p>Nedok\u00e1\u017eu \u0159\u00edci, zda je p\u0159ipravovan\u00e1 smlouva v sou\u010dasn\u00e9 podob\u011b dobr\u00e1 \u010di \u0161patn\u00e1. Text smlouvy toti\u017e nezn\u00e1me a po\u0159\u00e1d je p\u0159ed ve\u0159ejnost\u00ed utajov\u00e1n, nav\u00edc u podobn\u00fdch smluv se \u010f\u00e1bel \u010dasto skr\u00fdv\u00e1 v detailu, tak\u017ee je pot\u0159eba tuto smlouvu zve\u0159ejnit a podrobit d\u016fkladn\u00e9 anal\u00fdze. Jist\u00e9 ov\u0161em je, \u017ee v situaci, kdy Polsko odm\u00edt\u00e1 respektovat unijn\u00ed legislativu a rozhodnut\u00ed soudu, je p\u0159ed\u010dasn\u00e9 p\u0159em\u00fd\u0161let o podpisu jak\u00e9koli smlouvy, nato\u017epak o sta\u017een\u00ed \u017ealoby na d\u016fl Tur\u00f3w. V sou\u010dasnosti toti\u017e \u010cesk\u00e1 republika nem\u00e1 \u017e\u00e1dnou garanci toho, \u017ee by Polsko n\u011bjakou dohodu, by\u0165 sebel\u00e9pe napsanou a vyjednanou, skute\u010dn\u011b plnilo. P\u0159ed dv\u011bma t\u00fddny nav\u00edc p\u0159i\u0161ly zpr\u00e1vy od \u010desk\u00fdch vyjednava\u010d\u016f, \u017ee Polsko chce m\u00edt mo\u017enost smlouvu o dole Tur\u00f3w vypov\u011bd\u011bt u\u017e po dvou letech, tak\u017ee to vypad\u00e1, \u017ee ani nechce, aby smlouva platila dlouhodob\u011b.\u00a0<\/p>\n\n<figure class=\"wp-block-image size-large\"><img loading=\"lazy\" decoding=\"async\" width=\"1024\" height=\"681\" src=\"https:\/\/www.greenpeace.org\/static\/planet4-czech-republic-stateless\/2021\/10\/ad9fd64a-dsc5889-1-1024x681.jpg\" alt=\"\" class=\"wp-image-15023\" srcset=\"https:\/\/www.greenpeace.org\/static\/planet4-czech-republic-stateless\/2021\/10\/ad9fd64a-dsc5889-1-1024x681.jpg 1024w, https:\/\/www.greenpeace.org\/static\/planet4-czech-republic-stateless\/2021\/10\/ad9fd64a-dsc5889-1-300x200.jpg 300w, https:\/\/www.greenpeace.org\/static\/planet4-czech-republic-stateless\/2021\/10\/ad9fd64a-dsc5889-1-768x511.jpg 768w, https:\/\/www.greenpeace.org\/static\/planet4-czech-republic-stateless\/2021\/10\/ad9fd64a-dsc5889-1-510x340.jpg 510w, https:\/\/www.greenpeace.org\/static\/planet4-czech-republic-stateless\/2021\/10\/ad9fd64a-dsc5889-1.jpg 1201w\" sizes=\"auto, (max-width: 1024px) 100vw, 1024px\" \/><figcaption>Michael Martin z V\u00e1clavic u vysychaj\u00edc\u00ed studny. (c) Greenpeace &#8211; Karel \u0160uster<\/figcaption><\/figure>\n\n<p>D\u016fl Tur\u00f3w le\u017e\u00ed p\u0159\u00edmo na \u010desko-n\u011bmecko-polsk\u00fdch hranic\u00edch a nejhor\u0161\u00ed dopady m\u00e1 pr\u00e1v\u011b na \u010desk\u00e9 \u00fazem\u00ed, proto\u017ee z n\u011bj t\u011b\u017eba od\u010derp\u00e1v\u00e1 vodu. Hroz\u00ed tak, \u017ee des\u00edtky tis\u00edc lid\u00ed v Libereck\u00e9m kraji p\u0159ijdou o p\u0159\u00edstup k pitn\u00e9 vod\u011b. Nejbli\u017e\u0161\u00ed \u010desk\u00e9 obce Uheln\u00e1 a V\u00e1clavice se ji\u017e n\u011bkolik let pot\u00fdkaj\u00ed s neb\u00fdval\u00fdm \u00fabytkem podzemn\u00ed vody. Vysychaj\u00ed studny i potoky, a n\u011bkdy se tak v jeden den nem\u016f\u017ee vysprchovat cel\u00e1 rodina, nebo se rodiny musej\u00ed rozhodovat mezi myt\u00edm n\u00e1dob\u00ed a osobn\u00ed hygienou. Ztr\u00e1ta vody je z\u0159eteln\u00e1 i v krajin\u011b. P\u0159ibli\u017euj\u00edc\u00ed se t\u011b\u017eba v\u0161ak zp\u016fsobuje tak\u00e9 pokles ter\u00e9nu, nadm\u011brn\u00fd hluk, sv\u011bteln\u00fd smog a zne\u010di\u0161t\u011bn\u00ed ovzdu\u0161\u00ed. Dal\u0161\u00ed t\u011b\u017eba a spalov\u00e1n\u00ed uhl\u00ed v komplexu Tur\u00f3w tak\u00e9 prohlubuje sou\u010dasnou klimatickou krizi a odporuje evropsk\u00fdm klimatick\u00fdm c\u00edl\u016fm.\u00a0<\/p>\n\n<p>Jak\u00e9koli dal\u0161\u00ed vyjedn\u00e1v\u00e1n\u00ed s na\u0161\u00edm severn\u00edm sousedem by m\u011blo nejen po\u0159\u00e1dn\u011b o\u0161et\u0159it, aby Polsko smlouvu dodr\u017eovalo dlouhodob\u011b, ale m\u011blo by rozhodn\u011b po\u017eadovat i omezen\u00ed t\u011b\u017eby sm\u011brem k \u010desk\u00e9 hranici a jej\u00ed co nejrychlej\u0161\u00ed ukon\u010den\u00ed. Klimatickou krizi toti\u017e zastav\u00ed jen konec spalov\u00e1n\u00ed fosiln\u00edch paliv. Jedin\u00fdm spr\u00e1vn\u00fdm \u0159e\u0161en\u00edm cel\u00e9 situace je spravedliv\u00e1 transformace regionu kolem dolu Tur\u00f3w, kter\u00e1 krom\u011b p\u0159echodu na obnoviteln\u00e9 zdroje energie zajist\u00ed i novou pr\u00e1ci pro st\u00e1vaj\u00edc\u00ed zam\u011bstnance uheln\u00e9ho komplexu. Na transformaci m\u00e1 Polsko k dispozici miliardy eur z fond\u016f EU, ale pokud bude trvat na pokra\u010dov\u00e1n\u00ed t\u011b\u017eby v Tur\u00f3w\u011b a\u017e do roku 2044, nep\u016fjde z nich do problematick\u00e9ho turowsk\u00e9ho regionu v\u016fbec nic.\u00a0<\/p>\n\n<p><em>Ps\u00e1no pro A2larm.cz<\/em><\/p>\n","protected":false},"excerpt":{"rendered":"<p>Polsk\u00e1 m\u00e9dia se neshodnou, zda por\u00e1\u017eka Andreje Babi\u0161e a jeho strany v parlamentn\u00edch\u00a0 volb\u00e1ch je dobrou nebo \u0161patnou zpr\u00e1vou. Zat\u00edmco n\u011bkter\u00e1 upozor\u0148uj\u00ed na to, \u017ee po volb\u00e1ch se m\u016f\u017ee dlouhou&hellip;<\/p>\n","protected":false},"author":27,"featured_media":14840,"comment_status":"open","ping_status":"closed","sticky":false,"template":"","format":"standard","meta":{"ep_exclude_from_search":false,"p4_og_title":"","p4_og_description":"","p4_og_image":"","p4_og_image_id":"","p4_seo_canonical_url":"","p4_campaign_name":"not set","p4_local_project":"not set","p4_basket_name":"not set","p4_department":"","footnotes":""},"categories":[4],"tags":[25],"p4-page-type":[16],"class_list":["post-15022","post","type-post","status-publish","format-standard","has-post-thumbnail","hentry","category-energeticka-revoluce","tag-konec-doby-fosilni","p4-page-type-clanek"],"_links":{"self":[{"href":"https:\/\/www.greenpeace.org\/czech\/wp-json\/wp\/v2\/posts\/15022","targetHints":{"allow":["GET"]}}],"collection":[{"href":"https:\/\/www.greenpeace.org\/czech\/wp-json\/wp\/v2\/posts"}],"about":[{"href":"https:\/\/www.greenpeace.org\/czech\/wp-json\/wp\/v2\/types\/post"}],"author":[{"embeddable":true,"href":"https:\/\/www.greenpeace.org\/czech\/wp-json\/wp\/v2\/users\/27"}],"replies":[{"embeddable":true,"href":"https:\/\/www.greenpeace.org\/czech\/wp-json\/wp\/v2\/comments?post=15022"}],"version-history":[{"count":1,"href":"https:\/\/www.greenpeace.org\/czech\/wp-json\/wp\/v2\/posts\/15022\/revisions"}],"predecessor-version":[{"id":15024,"href":"https:\/\/www.greenpeace.org\/czech\/wp-json\/wp\/v2\/posts\/15022\/revisions\/15024"}],"wp:featuredmedia":[{"embeddable":true,"href":"https:\/\/www.greenpeace.org\/czech\/wp-json\/wp\/v2\/media\/14840"}],"wp:attachment":[{"href":"https:\/\/www.greenpeace.org\/czech\/wp-json\/wp\/v2\/media?parent=15022"}],"wp:term":[{"taxonomy":"category","embeddable":true,"href":"https:\/\/www.greenpeace.org\/czech\/wp-json\/wp\/v2\/categories?post=15022"},{"taxonomy":"post_tag","embeddable":true,"href":"https:\/\/www.greenpeace.org\/czech\/wp-json\/wp\/v2\/tags?post=15022"},{"taxonomy":"p4-page-type","embeddable":true,"href":"https:\/\/www.greenpeace.org\/czech\/wp-json\/wp\/v2\/p4-page-type?post=15022"}],"curies":[{"name":"wp","href":"https:\/\/api.w.org\/{rel}","templated":true}]}}