{"id":16201,"date":"2022-02-22T21:11:13","date_gmt":"2022-02-22T20:11:13","guid":{"rendered":"https:\/\/www.greenpeace.org\/czech\/?p=16201"},"modified":"2022-02-22T21:16:15","modified_gmt":"2022-02-22T20:16:15","slug":"co-delat-kdyz-vam-prijde-ucet-za-elektrinu-ci-plyn-na-ktery-nemate-penize","status":"publish","type":"post","link":"https:\/\/www.greenpeace.org\/czech\/clanek\/16201\/co-delat-kdyz-vam-prijde-ucet-za-elektrinu-ci-plyn-na-ktery-nemate-penize\/","title":{"rendered":"Co d\u011blat, kdy\u017e v\u00e1m p\u0159ijde \u00fa\u010det za elekt\u0159inu \u010di plyn, na kter\u00fd nem\u00e1te pen\u00edze?"},"content":{"rendered":"\n<p>Zemn\u00ed plyn je v posledn\u00edch m\u011bs\u00edc\u00edch extr\u00e9mn\u011b drah\u00fd a vyt\u00e1hl do z\u00e1vratn\u00fdch v\u00fd\u0161in i ceny silov\u00e9 elekt\u0159iny. Zdra\u017een\u00ed se v leto\u0161n\u00edm roce dotkne t\u00e9m\u011b\u0159 ka\u017ed\u00e9ho z n\u00e1s a dostane do probl\u00e9m\u016f p\u0159edev\u0161\u00edm lidi v d\u016fchodu a samo\u017eivitele a samo\u017eivitelky. Podle studie spole\u010dnosti PAQ Research sociologa Dana Prokopa se zvednou v\u00fddaje na energie u pr\u016fm\u011brn\u00e9 \u010desk\u00e9 dom\u00e1cnosti o 943 korun m\u011bs\u00ed\u010dn\u011b, a v\u00fddaje na bydlen\u00ed tak budou tvo\u0159it v pr\u016fm\u011bru 33 % p\u0159\u00edjm\u016f, zat\u00edmco p\u0159ed energetickou kriz\u00ed to bylo 29 %. U n\u00edzkop\u0159\u00edjmov\u00fdch dom\u00e1cnost\u00ed se ov\u0161em mohou vy\u0161plhat a\u017e na 60 % jejich rozpo\u010dtu.  <\/p>\n\n<p>Sou\u010dasn\u00e1 vl\u00e1da Petra Fialy chce, aby pomoc byla adresn\u00e1 a aby ji dostali ti, kte\u0159\u00ed ji opravdu pot\u0159ebuj\u00ed, a proto &#8211; pokud se v\u00e1m zvednou n\u00e1klady na energie na ne\u00fanosnou mez &#8211; mus\u00edte se o p\u0159\u00edsp\u011bvek od st\u00e1tu sami p\u0159ihl\u00e1sit. <\/p>\n\n<figure class=\"wp-block-image size-full\"><img loading=\"lazy\" decoding=\"async\" width=\"640\" height=\"376\" src=\"https:\/\/www.greenpeace.org\/static\/planet4-czech-republic-stateless\/2021\/11\/92f5959c-trifazovy_elektromer.jpg\" alt=\"\" class=\"wp-image-15238\" srcset=\"https:\/\/www.greenpeace.org\/static\/planet4-czech-republic-stateless\/2021\/11\/92f5959c-trifazovy_elektromer.jpg 640w, https:\/\/www.greenpeace.org\/static\/planet4-czech-republic-stateless\/2021\/11\/92f5959c-trifazovy_elektromer-300x176.jpg 300w, https:\/\/www.greenpeace.org\/static\/planet4-czech-republic-stateless\/2021\/11\/92f5959c-trifazovy_elektromer-510x300.jpg 510w\" sizes=\"auto, (max-width: 640px) 100vw, 640px\" \/><figcaption>Elektrom\u011br (c) Wikimedia Commons<\/figcaption><\/figure>\n\n<p>Na v\u00fdb\u011br jsou <a href=\"https:\/\/www.uradprace.cz\/-\/s-rustem-cen-za-energie-muze-pomoci-up--1\">dva st\u00e1tn\u00ed p\u0159\u00edsp\u011bvky<\/a> &#8211; jeden jednor\u00e1zov\u00fd a jeden dlouhodob\u00fd. O oba se \u017e\u00e1d\u00e1 na \u00fa\u0159adu pr\u00e1ce. V p\u0159\u00edpad\u011b, \u017ee v\u00e1m p\u0159ijde vy\u00fa\u010dtov\u00e1n\u00ed, na kter\u00e9 nem\u00e1te, nebo se ocitnete v re\u017eimu dodavatele posledn\u00ed instance, m\u016f\u017eete si za\u017e\u00e1dat o <strong>d\u00e1vku mimo\u0159\u00e1dn\u00e9 okam\u017eit\u00e9 pomoci<\/strong>, p\u0159\u00edpadn\u011b o doplatek na bydlen\u00ed. <\/p>\n\n<p>Pokud m\u00e1te probl\u00e9m platit za energie dlouhodob\u011b, proto\u017ee m\u00e1te p\u0159\u00edli\u0161 vysok\u00e9 z\u00e1lohy, kter\u00e9 si nem\u016f\u017eete dovolit, m\u016f\u017eete za\u017e\u00e1dat o <strong>p\u0159\u00edsp\u011bvek na bydlen\u00ed<\/strong>. Zde mus\u00edte splnit t\u0159i podm\u00ednky: <\/p>\n\n<ul class=\"wp-block-list\"><li>Bydl\u00edte v byt\u011b na z\u00e1klad\u011b n\u00e1jemn\u00ed smlouvy, podn\u00e1jemn\u00ed smlouvy, slu\u017eebnosti (v\u011bcn\u00e9ho b\u0159emene) nebo jste vlastn\u00edkem bytu nebo domu, pop\u0159. jste \u010dlenem bytov\u00e9ho dru\u017estva.<\/li><li>Na \u00fahradu n\u00e1klad\u016f na bydlen\u00ed pot\u0159ebujete v\u00edce ne\u017e 30 % va\u0161ich p\u0159\u00edjm\u016f (v Praze 35 %).<\/li><li>30 % va\u0161ich p\u0159\u00edjm\u016f (v Praze 35 %) je ni\u017e\u0161\u00edch ne\u017e tzv. normativn\u00ed n\u00e1klady na bydlen\u00ed.<\/li><\/ul>\n\n<p>M\u016f\u017eete si tak\u00e9 zkusit vyplnit <a href=\"https:\/\/www.energetickyprispevek.cz\/web\/prispevek\/orientacni-vypocet-prispevku-na-bydleni\">orienta\u010dn\u00ed kalkula\u010dku<\/a>, abyste zjistili, zda na p\u0159\u00edsp\u011bvek na bydlen\u00ed dos\u00e1hnete. Bohu\u017eel \u017e\u00e1dost o p\u0159\u00edsp\u011bvek na bydlen\u00ed je v tuto chv\u00edli zbyte\u010dn\u011b slo\u017eit\u00e1. Jak si za\u017e\u00e1dat o p\u0159\u00edsp\u011bvek, si m\u016f\u017eete prohl\u00e9dnout v tomto videu: <\/p>\n\n<figure class=\"wp-block-embed is-type-video is-provider-youtube wp-block-embed-youtube\"><div class=\"wp-block-embed__wrapper\">\nhttps:\/\/www.youtube.com\/watch?v=duoLksbgstI\n<\/div><\/figure>\n\n<p>Podle dat \u00da\u0159adu pr\u00e1ce si o p\u0159\u00edsp\u011bvek na bydlen\u00ed za\u017e\u00e1dalo zhruba 20 tis\u00edc nov\u00fdch dom\u00e1cnost\u00ed. To je ov\u0161em pom\u011brn\u011b m\u00e1lo, kdy\u017e uv\u00e1\u017e\u00edme, \u017ee do re\u017eimu dodavatele posledn\u00ed instance spadlo po krachu mnoh\u00fdch alternativn\u00edch dodavatel\u016f energi\u00ed, v\u010detn\u011b toho nejv\u011bt\u0161\u00edho &#8211; Bohemia Energy &#8211; zhruba milion odb\u011brn\u00fdch m\u00edst a odhaduje se, \u017ee polovina z toho jsou dom\u00e1cnosti. Nezb\u00fdv\u00e1 doufat, \u017ee lid\u00ed, ke kter\u00fdm se dostane pot\u0159ebn\u00e1 pomoc, bude p\u0159ib\u00fdvat s t\u00edm, jak budou lidem v pr\u016fb\u011bhu roku chodit vy\u00fa\u010dtov\u00e1n\u00ed za energie. Je tak\u00e9 v\u00edce ne\u017e \u017e\u00e1douc\u00ed, aby \u00fa\u0159ady pr\u00e1ce \u010di \u010cesk\u00e1 spr\u00e1va soci\u00e1ln\u00edho zabezpe\u010den\u00ed aktivn\u011b oslovovaly lidi, u kter\u00fdch je \u0161ance, \u017ee p\u0159\u00edsp\u011bvek na energie pot\u0159ebuj\u00ed.<\/p>\n","protected":false},"excerpt":{"rendered":"<p>Zemn\u00ed plyn je v posledn\u00edch m\u011bs\u00edc\u00edch extr\u00e9mn\u011b drah\u00fd a vyt\u00e1hl do z\u00e1vratn\u00fdch v\u00fd\u0161in i ceny silov\u00e9 elekt\u0159iny. Zdra\u017een\u00ed se v leto\u0161n\u00edm roce dotkne t\u00e9m\u011b\u0159 ka\u017ed\u00e9ho z n\u00e1s a dostane do probl\u00e9m\u016f p\u0159edev\u0161\u00edm lidi v d\u016fchodu a samo\u017eivitele a samo\u017eivitelky. <\/p>\n","protected":false},"author":27,"featured_media":15238,"comment_status":"open","ping_status":"closed","sticky":false,"template":"","format":"standard","meta":{"ep_exclude_from_search":false,"p4_og_title":"","p4_og_description":"","p4_og_image":"","p4_og_image_id":"","p4_seo_canonical_url":"","p4_campaign_name":"not set","p4_local_project":"not set","p4_basket_name":"not set","p4_department":"","footnotes":""},"categories":[3],"tags":[25],"p4-page-type":[16],"class_list":["post-16201","post","type-post","status-publish","format-standard","has-post-thumbnail","hentry","category-nas-svet","tag-konec-doby-fosilni","p4-page-type-clanek"],"_links":{"self":[{"href":"https:\/\/www.greenpeace.org\/czech\/wp-json\/wp\/v2\/posts\/16201","targetHints":{"allow":["GET"]}}],"collection":[{"href":"https:\/\/www.greenpeace.org\/czech\/wp-json\/wp\/v2\/posts"}],"about":[{"href":"https:\/\/www.greenpeace.org\/czech\/wp-json\/wp\/v2\/types\/post"}],"author":[{"embeddable":true,"href":"https:\/\/www.greenpeace.org\/czech\/wp-json\/wp\/v2\/users\/27"}],"replies":[{"embeddable":true,"href":"https:\/\/www.greenpeace.org\/czech\/wp-json\/wp\/v2\/comments?post=16201"}],"version-history":[{"count":5,"href":"https:\/\/www.greenpeace.org\/czech\/wp-json\/wp\/v2\/posts\/16201\/revisions"}],"predecessor-version":[{"id":16206,"href":"https:\/\/www.greenpeace.org\/czech\/wp-json\/wp\/v2\/posts\/16201\/revisions\/16206"}],"wp:featuredmedia":[{"embeddable":true,"href":"https:\/\/www.greenpeace.org\/czech\/wp-json\/wp\/v2\/media\/15238"}],"wp:attachment":[{"href":"https:\/\/www.greenpeace.org\/czech\/wp-json\/wp\/v2\/media?parent=16201"}],"wp:term":[{"taxonomy":"category","embeddable":true,"href":"https:\/\/www.greenpeace.org\/czech\/wp-json\/wp\/v2\/categories?post=16201"},{"taxonomy":"post_tag","embeddable":true,"href":"https:\/\/www.greenpeace.org\/czech\/wp-json\/wp\/v2\/tags?post=16201"},{"taxonomy":"p4-page-type","embeddable":true,"href":"https:\/\/www.greenpeace.org\/czech\/wp-json\/wp\/v2\/p4-page-type?post=16201"}],"curies":[{"name":"wp","href":"https:\/\/api.w.org\/{rel}","templated":true}]}}